{"id":72924,"date":"2026-02-03T17:09:12","date_gmt":"2026-02-03T20:09:12","guid":{"rendered":"https:\/\/redept.com.br\/blogosfera\/mais-alunos-da-escola-publica-na-unicamp-conheca-o-perfil-dos-aprovados\/"},"modified":"2026-02-03T17:09:12","modified_gmt":"2026-02-03T20:09:12","slug":"mais-alunos-da-escola-publica-na-unicamp-conheca-o-perfil-dos-aprovados","status":"publish","type":"post","link":"https:\/\/redept.com.br\/blogosfera\/mais-alunos-da-escola-publica-na-unicamp-conheca-o-perfil-dos-aprovados\/","title":{"rendered":"Mais alunos da escola p\u00fablica na Unicamp: conhe\u00e7a o perfil dos aprovados"},"content":{"rendered":"<p>Pela primeira vez, quase metade dos convocados na primeira chamada do <strong>vestibular Unicamp 2026<\/strong> vem de escolas estaduais e municipais: 49,5% dos 3.600 aprovados, o equivalente a 1.781 estudantes. No ano passado, esse \u00edndice era de 46%. Saiba os detalhes na <strong><a href=\"https:\/\/tvtnews.com.br\/\">TVT News<\/a><\/strong>.<\/p>\n<p>Os dados, divulgados pela <a href=\"https:\/\/unicamp.br\/noticias\/2026\/02\/03\/495-dos-aprovados-no-vestibular-unicamp-2026-vieram-do-ensino-medio-publico\/\" target=\"_blank\" rel=\"noreferrer noopener nofollow\">Comiss\u00e3o Permanente para os Vestibulares (Comvest)<\/a>, indicam um fortalecimento das pol\u00edticas de inclus\u00e3o social e da diversidade no campus, resultado da combina\u00e7\u00e3o de diferentes formas de ingresso, como o vestibular tradicional, o Enem-Unicamp, o ProFis, o Vestibular Ind\u00edgena e as Vagas Ol\u00edmpicas.<\/p>\n<h2>Escola p\u00fablica ganha espa\u00e7o<\/h2>\n<p>O crescimento da participa\u00e7\u00e3o de alunos da rede p\u00fablica \u00e9 considerado o principal marco desta edi\u00e7\u00e3o. Segundo o diretor da Comvest, Jos\u00e9 Alves de Freitas Neto, o avan\u00e7o ainda est\u00e1 abaixo do potencial, j\u00e1 que cerca de 85% dos estudantes do ensino m\u00e9dio brasileiro v\u00eam da escola p\u00fablica, mas representa uma tend\u00eancia consistente de amplia\u00e7\u00e3o do acesso.<\/p>\n<p>A estrat\u00e9gia da universidade tem sido diversificar as portas de entrada e aproximar o vestibular da realidade desses estudantes, reduzindo desigualdades hist\u00f3ricas.<\/p>\n<h2>Mais diversidade \u00e9tnico-racial e cotas trans<\/h2>\n<p>A presen\u00e7a de candidatos pretos, pardos e ind\u00edgenas (PPI) tamb\u00e9m cresceu levemente, passando de 35,4% para 35,7% dos convocados, totalizando 1.285 estudantes.<\/p>\n<p>Outra novidade hist\u00f3rica \u00e9 a implementa\u00e7\u00e3o das cotas para pessoas trans, aprovadas pelo Conselho Universit\u00e1rio e aplicadas na modalidade Enem-Unicamp. J\u00e1 na primeira chamada, 61 candidatos trans garantiram vaga em diferentes cursos, tanto vindos de escolas p\u00fablicas quanto privadas.<\/p>\n<p>A medida coloca a Unicamp entre as primeiras universidades do pa\u00eds a adotar esse tipo de pol\u00edtica afirmativa.<\/p>\n<h2>Perfil socioecon\u00f4mico<\/h2>\n<p>Os indicadores sociais mostram estabilidade no perfil de vulnerabilidade dos aprovados. Estudantes com renda familiar de at\u00e9 cinco sal\u00e1rios m\u00ednimos representam 37,7% do total (1.358 pessoas). J\u00e1 os candidatos isentos da taxa de inscri\u00e7\u00e3o, grupo com maior fragilidade econ\u00f4mica, somam 12% dos convocados, percentual pr\u00f3ximo ao do ano anterior.<\/p>\n<p>As mulheres correspondem a 45,7% dos aprovados, enquanto estudantes de outros estados representam 14,7% das vagas.<\/p>\n<h2>Prepara\u00e7\u00e3o desde o ensino m\u00e9dio<\/h2>\n<p>A universidade tamb\u00e9m investe em a\u00e7\u00f5es de aproxima\u00e7\u00e3o com a rede p\u00fablica. Um dos exemplos \u00e9 o projeto Cria Unicamp, que oferece aulas e palestras gratuitas aos s\u00e1bados para alunos do ensino m\u00e9dio da regi\u00e3o de Campinas, Limeira e Piracicaba, al\u00e9m de transmiss\u00f5es online.<\/p>\n<p>Os n\u00fameros se traduzem em trajet\u00f3rias de supera\u00e7\u00e3o. Wesley Cassimiro, aprovado em Medicina, cresceu na periferia de S\u00e3o Paulo e destaca que pol\u00edticas como o Programa de A\u00e7\u00e3o Afirmativa e Inclus\u00e3o Social (PAAIS) e os aux\u00edlios de perman\u00eancia foram decisivos para que pudesse disputar a vaga em condi\u00e7\u00f5es mais justas.<\/p>\n<blockquote>\n<p>\u201cA aprova\u00e7\u00e3o representa uma supera\u00e7\u00e3o pessoal muito significativa. Ser um homem negro, vindo de um lugar perif\u00e9rico e sempre dependente do esfor\u00e7o pessoal para atingir objetivos maiores na vida \u00e9 uma coisa muito dif\u00edcil e conquistar essa vaga na Unicamp me torna um ilustre exemplo de que a educa\u00e7\u00e3o sempre vence\u201d, afirmou Wesley.<\/p>\n<\/blockquote>\n<p>Para a pr\u00f3-reitora de Gradua\u00e7\u00e3o, M\u00f4nica Cotta, ampliar a diversidade \u00e9 tamb\u00e9m fortalecer a produ\u00e7\u00e3o de conhecimento. J\u00e1 o diretor da Comvest, Jos\u00e9 Alves de Freitas Neto, defende que a conviv\u00eancia entre diferentes origens sociais \u00e9 fundamental para reduzir desigualdades e estimular o di\u00e1logo dentro da universidade.<\/p>\n<p>\u201cPelo vestibular, que \u00e9 a principal forma de ingresso na Unicamp, nota-se que h\u00e1 o acesso de todos os p\u00fablicos, sejam oriundos de escolas p\u00fablicas ou privadas. O desenho para o qual o ingresso tem apontado \u00e9 a conviv\u00eancia dos estudantes de v\u00e1rios perfis no interior da Unicamp. N\u00e3o h\u00e1 possibilidade de sairmos de uma sociedade altamente polarizada, como a atual, se n\u00e3o for pelo respeito e pelo di\u00e1logo entre os diferentes. Nesse sentido, a Unicamp permite, por meio dos seus sistemas de acesso, que tenhamos uma universidade mais diversa e mais complexa e por isso mais enriquecedora para a produ\u00e7\u00e3o de novos conhecimentos\u201d, refor\u00e7ou Freitas Neto.<\/p>\n<p>Com quase metade das vagas ocupadas por egressos da rede p\u00fablica, novas cotas sociais e m\u00faltiplas formas de ingresso, o processo seletivo de 2026 demonstra que a Unicamp quer continuar sendo uma institui\u00e7\u00e3o com mais representatividade. O desafio agora, segundo a gest\u00e3o, \u00e9 manter e ampliar esse movimento, garantindo n\u00e3o apenas o acesso, mas tamb\u00e9m a perman\u00eancia dos estudantes no ensino superior.<\/p>\n<\/p>\n<h2>Leia mais not\u00edcias na TVT News<\/h2>\n<ul>\n<li><a href=\"https:\/\/tvtnews.com.br\/fim-da-escala-6x1-e-prioridade-do-governo-em-2026\/\">Fim da escala 6\u00d71 \u00e9 prioridade do governo em 2026<\/a><\/li>\n<li><a href=\"https:\/\/tvtnews.com.br\/confira-como-fazer-a-inscricao-no-fies-2026\/\">Fies inscri\u00e7\u00e3o 2026 est\u00e1 aberta, confira como fazer<\/a><\/li>\n<li><a href=\"https:\/\/tvtnews.com.br\/resultado-prouni-2026-confira-bolsas-de-estudo\/\">Resultado Prouni 2026: confira a primeira chamada de bolsas Prouni<\/a><\/li>\n<\/ul>\n<p>The post <a rel=\"nofollow\" href=\"https:\/\/tvtnews.com.br\/mais-alunos-escola-publica-unicamp-conheca-perfil\/\">Mais alunos da escola p\u00fablica na Unicamp: conhe\u00e7a o perfil dos aprovados<\/a> appeared first on <a rel=\"nofollow\" href=\"https:\/\/tvtnews.com.br\/\">TVT News<\/a>.<\/p>\n<!-- Begin Yuzo --><div class='yuzo_related_post style-1'  data-version='5.12.89'><!-- without result --><div class='yuzo_clearfixed yuzo__title yuzo__title'><h3>Related Post<\/h3><\/div>\n\t\t\t\t\t\t  <div class=\"relatedthumb \" style=\"width:125px;float:left;overflow:hidden;\">  \n\t\t\t\t\t\t\t  \n\t\t\t\t\t\t\t  <a  href=\"https:\/\/redept.com.br\/blogosfera\/janja-vai-receber-familiares-de-julieta-hernandez-em-brasilia\/\"  >\n\t\t\t\t\t\t\t\t\t  <div class=\"yuzo-img-wrap \" style=\"width: 125px;height:90px;\">\n\t\t\t\t\t\t\t\t\t\t\n\t\t\t\t\t\t\t\t\t\t<div class=\"yuzo-img\" style=\"background:url('https:\/\/redept.org\/blogosfera\/wp-content\/plugins\/yuzo-related-post\/assets\/images\/default.png') 50% 50% no-repeat;width: 125px;height:90px;margin-bottom: 5px;background-size: cover; \"><\/div>\n\t\t\t\t\t\t\t\t\t  <\/div>\n\t\t\t\t\t\t\t\t\t  \n\t\t\t\t\t\t\t\t   <span class=\"yuzo__text--title\" style=\"font-size:13px;\">Janja vai receber familiares de Julieta Hern\u00e1ndez ...<\/span>\n\t\t\t\t\t\t\t  \n\t\t\t\t\t\t\t  \n\t\t\t\t\t\t\t  <\/a>\n\n\t\t\t\t\t\t  <\/div>\n\t\t\t\t\t\t  <div class=\"relatedthumb \" style=\"width:125px;float:left;overflow:hidden;\">  \n\t\t\t\t\t\t\t  \n\t\t\t\t\t\t\t  <a  href=\"https:\/\/redept.com.br\/blogosfera\/fim-da-escala-6x1-e-arma-de-lula-para-expor-congresso-conservador-diz-cientista-politico\/\"  >\n\t\t\t\t\t\t\t\t\t  <div class=\"yuzo-img-wrap \" style=\"width: 125px;height:90px;\">\n\t\t\t\t\t\t\t\t\t\t\n\t\t\t\t\t\t\t\t\t\t<div class=\"yuzo-img\" style=\"background:url('https:\/\/redept.org\/blogosfera\/wp-content\/plugins\/yuzo-related-post\/assets\/images\/default.png') 50% 50% no-repeat;width: 125px;height:90px;margin-bottom: 5px;background-size: cover; \"><\/div>\n\t\t\t\t\t\t\t\t\t  <\/div>\n\t\t\t\t\t\t\t\t\t  \n\t\t\t\t\t\t\t\t   <span class=\"yuzo__text--title\" style=\"font-size:13px;\">Fim da escala 6\u00d71 \u00e9 arma de Lula para expor Congre...<\/span>\n\t\t\t\t\t\t\t  \n\t\t\t\t\t\t\t  \n\t\t\t\t\t\t\t  <\/a>\n\n\t\t\t\t\t\t  <\/div>\n\t\t\t\t\t\t  <div class=\"relatedthumb \" style=\"width:125px;float:left;overflow:hidden;\">  \n\t\t\t\t\t\t\t  \n\t\t\t\t\t\t\t  <a  href=\"https:\/\/redept.com.br\/blogosfera\/10-de-dezembro-e-dia-internacional-dos-direitos-humanos\/\"  >\n\t\t\t\t\t\t\t\t\t  <div class=\"yuzo-img-wrap \" style=\"width: 125px;height:90px;\">\n\t\t\t\t\t\t\t\t\t\t\n\t\t\t\t\t\t\t\t\t\t<div class=\"yuzo-img\" style=\"background:url('https:\/\/redept.com.br\/blogosfera\/wp-content\/uploads\/2024\/12\/instituto-marielle-franco-150x150.jpg') 50% 50% no-repeat;width: 125px;height:90px;margin-bottom: 5px;background-size: cover; \"><\/div>\n\t\t\t\t\t\t\t\t\t  <\/div>\n\t\t\t\t\t\t\t\t\t  \n\t\t\t\t\t\t\t\t   <span class=\"yuzo__text--title\" style=\"font-size:13px;\">10 de dezembro \u00e9 Dia Internacional dos Direitos Hu...<\/span>\n\t\t\t\t\t\t\t  \n\t\t\t\t\t\t\t  \n\t\t\t\t\t\t\t  <\/a>\n\n\t\t\t\t\t\t  <\/div>\n\t\t\t\t\t\t  <div class=\"relatedthumb \" style=\"width:125px;float:left;overflow:hidden;\">  \n\t\t\t\t\t\t\t  \n\t\t\t\t\t\t\t  <a  href=\"https:\/\/redept.com.br\/blogosfera\/rede-estadual-de-ensino-do-ceara-continua-com-matriculas-abertas-para-novos-alunos\/\"  >\n\t\t\t\t\t\t\t\t\t  <div class=\"yuzo-img-wrap \" style=\"width: 125px;height:90px;\">\n\t\t\t\t\t\t\t\t\t\t\n\t\t\t\t\t\t\t\t\t\t<div class=\"yuzo-img\" style=\"background:url('https:\/\/redept.org\/blogosfera\/wp-content\/plugins\/yuzo-related-post\/assets\/images\/default.png') 50% 50% no-repeat;width: 125px;height:90px;margin-bottom: 5px;background-size: cover; \"><\/div>\n\t\t\t\t\t\t\t\t\t  <\/div>\n\t\t\t\t\t\t\t\t\t  \n\t\t\t\t\t\t\t\t   <span class=\"yuzo__text--title\" style=\"font-size:13px;\">Rede Estadual de Ensino do Cear\u00e1 continua com matr...<\/span>\n\t\t\t\t\t\t\t  \n\t\t\t\t\t\t\t  \n\t\t\t\t\t\t\t  <\/a>\n\n\t\t\t\t\t\t  <\/div>\n<\/div> <script>\n\t\t\t\t\t\t  jQuery(document).ready(function( $ ){\n\t\t\t\t\t\t\t\/\/jQuery('.yuzo_related_post').equalizer({ overflow : 'relatedthumb' });\n\t\t\t\t\t\t\tjQuery('.yuzo_related_post .yuzo_wraps').equalizer({ columns : '> div' });\n\t\t\t\t\t\t   })\n\t\t\t\t\t\t  <\/script> <!-- End Yuzo :) -->","protected":false},"excerpt":{"rendered":"<p>Pela primeira vez, quase metade dos convocados na primeira chamada do vestibular Unicamp 2026 vem de escolas estaduais e municipais: 49,5% dos 3.600 aprovados, o equivalente a 1.781 estudantes. No ano passado, esse \u00edndice era de 46%. Saiba os detalhes na TVT News. Os dados, divulgados pela Comiss\u00e3o Permanente para os Vestibulares (Comvest), indicam um [&hellip;]<\/p>\n","protected":false},"author":2,"featured_media":0,"comment_status":"open","ping_status":"closed","sticky":false,"template":"","format":"standard","meta":{"fifu_image_url":"","fifu_image_alt":"","footnotes":""},"categories":[489,95,2915,1416],"tags":[],"class_list":["post-72924","post","type-post","status-publish","format-standard","hentry","category-destaque-pequeno","category-educacao","category-unicamp","category-vestibular"],"_links":{"self":[{"href":"https:\/\/redept.com.br\/blogosfera\/wp-json\/wp\/v2\/posts\/72924","targetHints":{"allow":["GET"]}}],"collection":[{"href":"https:\/\/redept.com.br\/blogosfera\/wp-json\/wp\/v2\/posts"}],"about":[{"href":"https:\/\/redept.com.br\/blogosfera\/wp-json\/wp\/v2\/types\/post"}],"author":[{"embeddable":true,"href":"https:\/\/redept.com.br\/blogosfera\/wp-json\/wp\/v2\/users\/2"}],"replies":[{"embeddable":true,"href":"https:\/\/redept.com.br\/blogosfera\/wp-json\/wp\/v2\/comments?post=72924"}],"version-history":[{"count":0,"href":"https:\/\/redept.com.br\/blogosfera\/wp-json\/wp\/v2\/posts\/72924\/revisions"}],"wp:attachment":[{"href":"https:\/\/redept.com.br\/blogosfera\/wp-json\/wp\/v2\/media?parent=72924"}],"wp:term":[{"taxonomy":"category","embeddable":true,"href":"https:\/\/redept.com.br\/blogosfera\/wp-json\/wp\/v2\/categories?post=72924"},{"taxonomy":"post_tag","embeddable":true,"href":"https:\/\/redept.com.br\/blogosfera\/wp-json\/wp\/v2\/tags?post=72924"}],"curies":[{"name":"wp","href":"https:\/\/api.w.org\/{rel}","templated":true}]}}