{"id":72965,"date":"2026-02-03T23:37:01","date_gmt":"2026-02-04T02:37:01","guid":{"rendered":"https:\/\/redept.com.br\/blogosfera\/luta-dos-estudantes-da-ufpb-conquista-a-reducao-do-ru-mais-caro-do-brasil\/"},"modified":"2026-02-03T23:37:01","modified_gmt":"2026-02-04T02:37:01","slug":"luta-dos-estudantes-da-ufpb-conquista-a-reducao-do-ru-mais-caro-do-brasil","status":"publish","type":"post","link":"https:\/\/redept.com.br\/blogosfera\/luta-dos-estudantes-da-ufpb-conquista-a-reducao-do-ru-mais-caro-do-brasil\/","title":{"rendered":"Luta dos estudantes da UFPB conquista a redu\u00e7\u00e3o do RU mais caro do Brasil"},"content":{"rendered":"<p><img fetchpriority=\"high\" width=\"1440\" height=\"1920\"src=\"https:\/\/redept.com.br\/blogosfera\/wp-content\/uploads\/2026\/02\/luta-PB.jpeg\" alt=\"\" link_thumbnail=\"\" decoding=\"async\" srcset=\"https:\/\/redept.com.br\/blogosfera\/wp-content\/uploads\/2026\/02\/luta-PB.jpeg 1440w, https:\/\/averdade.org.br\/wp-content\/uploads\/2026\/02\/luta-PB-263x350.jpeg 263w, https:\/\/averdade.org.br\/wp-content\/uploads\/2026\/02\/luta-PB-768x1024.jpeg 768w, https:\/\/averdade.org.br\/wp-content\/uploads\/2026\/02\/luta-PB-188x250.jpeg 188w, https:\/\/averdade.org.br\/wp-content\/uploads\/2026\/02\/luta-PB-1152x1536.jpeg 1152w, https:\/\/averdade.org.br\/wp-content\/uploads\/2026\/02\/luta-PB-150x200.jpeg 150w, https:\/\/averdade.org.br\/wp-content\/uploads\/2026\/02\/luta-PB-300x400.jpeg 300w, https:\/\/averdade.org.br\/wp-content\/uploads\/2026\/02\/luta-PB-696x928.jpeg 696w, https:\/\/averdade.org.br\/wp-content\/uploads\/2026\/02\/luta-PB-1068x1424.jpeg 1068w\" sizes=\"(max-width: 1440px) 100vw, 1440px\"><\/p>\n<p><strong>Ap\u00f3s anos de luta <\/strong><strong>organizada, o movimento Correnteza junto aos estudantes da Universidade Federal da Para\u00edba (UFPB) conquistaram a redu\u00e7\u00e3o de 60% no valor da refei\u00e7\u00e3o no Restaurante Universit\u00e1rio. <\/strong><\/p>\n<p><strong>Martone Viana e Isabele Ribeiro| Para\u00edba<\/strong><\/p>\n<hr>\n<p><strong>EDUCA\u00c7\u00c3O- <\/strong>Uma vit\u00f3ria hist\u00f3rica marcou o in\u00edcio do semestre 2025.2 para os estudantes da Universidade Federal da Para\u00edba (UFPB). O pre\u00e7o do Restaurante Universit\u00e1rio (RU), que havia se tornado o mais caro do pa\u00eds em agosto e chegado \u00e0 tarifa de R$ 17,33, foi reduzido para R$ 6,93 ap\u00f3s uma longa e organizada mobiliza\u00e7\u00e3o estudantil. A conquista \u00e9 fruto de uma trajet\u00f3ria de lutas que incluiu abaixo-assinados, debates, ocupa\u00e7\u00f5es de espa\u00e7os e a press\u00e3o constante por meio de peti\u00e7\u00f5es em assembleias para audi\u00eancias p\u00fablicas com a reitoria.<\/p>\n<p>A luta por um bandej\u00e3o acess\u00edvel n\u00e3o foi um ato isolado, mas parte da atua\u00e7\u00e3o do Movimento Correnteza, que se consolidou como a principal for\u00e7a de oposi\u00e7\u00e3o dentro da Uni\u00e3o Nacional dos Estudantes (UNE). Em \u00e2mbito nacional, o Correnteza tem crescido cada vez mais \u2013 um aumento de 40% em seu n\u00famero de delegados no \u00faltimo congresso \u2013 e defende bandeiras como o fim da pol\u00edtica fiscal que asfixia as universidades, a amplia\u00e7\u00e3o da assist\u00eancia estudantil e, centralmente, a garantia de alimenta\u00e7\u00e3o gratuita e o passe livre para os estudantes no transporte coletivo.<\/p>\n<p><strong>O RU da UFPB e a crise na assist\u00eancia estudantil <\/strong><\/p>\n<p>O problema do RU da UFPB n\u00e3o \u00e9 de hoje. Desde 2022, quando ap\u00f3s muita luta conseguimos a reabertura do restaurante com o custo de R$ 10,00, o Movimento Correnteza veio denunciando o valor abusivo das refei\u00e7\u00f5es. Se naquela \u00e9poca o valor j\u00e1 estava alto e sob a interven\u00e7\u00e3o na Reitoria, o que n\u00e3o imagin\u00e1vamos era que o pre\u00e7o continuaria aumentando:\u00a0 primeiro para R$15,01 e posteriormente para R$ 17,33.<\/p>\n<p>De todos os valores que o RU j\u00e1 obteve, o de R$ 17,33 era o que mais afrontava e escancarava a precariza\u00e7\u00e3o da educa\u00e7\u00e3o p\u00fablica e de qualidade. Mesmo quando consegu\u00edamos nos alimentar, nos depar\u00e1vamos com larvas e pino de panela na comida. Houve, inclusive, a intoxica\u00e7\u00e3o alimentar de pelo menos 300 alunos que comeram no restaurante no mesmo per\u00edodo.<\/p>\n<p>A UFPB perdeu, nos \u00faltimos 10 anos, mais de R$ 200 milh\u00f5es de reais em or\u00e7amento. S\u00f3 no comparativo entre 2024 e 2025, houve uma redu\u00e7\u00e3o de 4,68%, o que representa R$ 2.167.787,00 a menos no PNAES e R$ 930.853,00 a menos em bolsas acad\u00eamicas. Esses cortes atingem diretamente as pol\u00edticas de perman\u00eancia e o combate \u00e0 evas\u00e3o estudantil. Ao mesmo tempo, a universidade virou ref\u00e9m das emendas parlamentares, que aumentaram 373%, tornando o or\u00e7amento cada vez mais dependente das negocia\u00e7\u00f5es pol\u00edticas no Congresso e sob sua influ\u00eancia na indica\u00e7\u00e3o de cargos e pol\u00edticas educacionais.<\/p>\n<p><strong>Quem luta conquista! <\/strong><\/p>\n<p>A organiza\u00e7\u00e3o pela redu\u00e7\u00e3o do pre\u00e7o do RU come\u00e7ou h\u00e1 mais de tr\u00eas anos com a coleta de assinaturas, demonstrando numericamente a insatisfa\u00e7\u00e3o geral. Os abaixo-assinados deram lugar a debates intensos, onde se discutiam n\u00e3o apenas o pre\u00e7o da refei\u00e7\u00e3o, mas o modelo de gest\u00e3o da universidade. Aos poucos, a luta dos estudantes ganhou corpo e voz, saindo dos grupos de conversa e tomando os espa\u00e7os f\u00edsicos da institui\u00e7\u00e3o. A t\u00e1tica se intensificou com ocupa\u00e7\u00f5es, um ato de resist\u00eancia e press\u00e3o direta que visava n\u00e3o apenas chamar a aten\u00e7\u00e3o, mas for\u00e7ar um di\u00e1logo concreto com a administra\u00e7\u00e3o da universidade.<\/p>\n<p>Nesse sentido, a redu\u00e7\u00e3o para R$ 6,93 \u00e9 mais do que um al\u00edvio no or\u00e7amento mensal dos estudantes; \u00e9 a comprova\u00e7\u00e3o de que a organiza\u00e7\u00e3o coletiva \u00e9 eficaz. A pauta do RU se mostrou indissoci\u00e1vel de outras reivindica\u00e7\u00f5es da assist\u00eancia estudantil e os estudantes continuam se organizando pelo aumento no valor das bolsas e recomposi\u00e7\u00e3o or\u00e7ament\u00e1ria da UFPB.<\/p>\n<p>A mensagem que fica \u00e9 n\u00edtida: quando os estudantes se unem, a mudan\u00e7a \u00e9 poss\u00edvel. A batalha pelo bandej\u00e3o na UFPB se tornou um cap\u00edtulo inspirador na luta nacional por uma universidade verdadeiramente p\u00fablica, gratuita e acess\u00edvel a todos.<\/p>\n<!-- Begin Yuzo --><div class='yuzo_related_post style-1'  data-version='5.12.89'><!-- without result --><div class='yuzo_clearfixed yuzo__title yuzo__title'><h3>Related Post<\/h3><\/div>\n\t\t\t\t\t\t  <div class=\"relatedthumb \" style=\"width:125px;float:left;overflow:hidden;\">  \n\t\t\t\t\t\t\t  \n\t\t\t\t\t\t\t  <a  href=\"https:\/\/redept.com.br\/blogosfera\/na-india-a-surpreendente-revolta-das-baratas\/\"  >\n\t\t\t\t\t\t\t\t\t  <div class=\"yuzo-img-wrap \" style=\"width: 125px;height:90px;\">\n\t\t\t\t\t\t\t\t\t\t\n\t\t\t\t\t\t\t\t\t\t<div class=\"yuzo-img\" style=\"background:url('https:\/\/redept.com.br\/blogosfera\/wp-content\/uploads\/2026\/07\/photo_5136443396535815519_y-150x150.jpg') 50% 50% no-repeat;width: 125px;height:90px;margin-bottom: 5px;background-size: cover; \"><\/div>\n\t\t\t\t\t\t\t\t\t  <\/div>\n\t\t\t\t\t\t\t\t\t  \n\t\t\t\t\t\t\t\t   <span class=\"yuzo__text--title\" style=\"font-size:13px;\">Na \u00cdndia, a surpreendente Revolta das Baratas<\/span>\n\t\t\t\t\t\t\t  \n\t\t\t\t\t\t\t  \n\t\t\t\t\t\t\t  <\/a>\n\n\t\t\t\t\t\t  <\/div>\n\t\t\t\t\t\t  <div class=\"relatedthumb \" style=\"width:125px;float:left;overflow:hidden;\">  \n\t\t\t\t\t\t\t  \n\t\t\t\t\t\t\t  <a  href=\"https:\/\/redept.com.br\/blogosfera\/bolivia-o-que-diz-o-decreto-supremo-5503-de-rodrigo-paz-que-motiva-protestos-no-pais\/\"  >\n\t\t\t\t\t\t\t\t\t  <div class=\"yuzo-img-wrap \" style=\"width: 125px;height:90px;\">\n\t\t\t\t\t\t\t\t\t\t\n\t\t\t\t\t\t\t\t\t\t<div class=\"yuzo-img\" style=\"background:url('https:\/\/redept.org\/blogosfera\/wp-content\/plugins\/yuzo-related-post\/assets\/images\/default.png') 50% 50% no-repeat;width: 125px;height:90px;margin-bottom: 5px;background-size: cover; \"><\/div>\n\t\t\t\t\t\t\t\t\t  <\/div>\n\t\t\t\t\t\t\t\t\t  \n\t\t\t\t\t\t\t\t   <span class=\"yuzo__text--title\" style=\"font-size:13px;\">Bol\u00edvia: o que diz o Decreto Supremo 5503, de Rodr...<\/span>\n\t\t\t\t\t\t\t  \n\t\t\t\t\t\t\t  \n\t\t\t\t\t\t\t  <\/a>\n\n\t\t\t\t\t\t  <\/div>\n\t\t\t\t\t\t  <div class=\"relatedthumb \" style=\"width:125px;float:left;overflow:hidden;\">  \n\t\t\t\t\t\t\t  \n\t\t\t\t\t\t\t  <a  href=\"https:\/\/redept.com.br\/blogosfera\/protecao-a-aliados-e-ausencia-de-fatos-novos-pf-ve-delacao-de-vorcaro-como-defensiva-e-calculo-politico\/\"  >\n\t\t\t\t\t\t\t\t\t  <div class=\"yuzo-img-wrap \" style=\"width: 125px;height:90px;\">\n\t\t\t\t\t\t\t\t\t\t\n\t\t\t\t\t\t\t\t\t\t<div class=\"yuzo-img\" style=\"background:url('https:\/\/redept.org\/blogosfera\/wp-content\/plugins\/yuzo-related-post\/assets\/images\/default.png') 50% 50% no-repeat;width: 125px;height:90px;margin-bottom: 5px;background-size: cover; \"><\/div>\n\t\t\t\t\t\t\t\t\t  <\/div>\n\t\t\t\t\t\t\t\t\t  \n\t\t\t\t\t\t\t\t   <span class=\"yuzo__text--title\" style=\"font-size:13px;\">Prote\u00e7\u00e3o a aliados e aus\u00eancia de fatos novos: PF v...<\/span>\n\t\t\t\t\t\t\t  \n\t\t\t\t\t\t\t  \n\t\t\t\t\t\t\t  <\/a>\n\n\t\t\t\t\t\t  <\/div>\n\t\t\t\t\t\t  <div class=\"relatedthumb \" style=\"width:125px;float:left;overflow:hidden;\">  \n\t\t\t\t\t\t\t  \n\t\t\t\t\t\t\t  <a  href=\"https:\/\/redept.com.br\/blogosfera\/artistas-lancam-manifesto-contra-tentativa-de-privatizacao-da-usina-do-gasometro-nesta-sexta-feira-31\/\"  >\n\t\t\t\t\t\t\t\t\t  <div class=\"yuzo-img-wrap \" style=\"width: 125px;height:90px;\">\n\t\t\t\t\t\t\t\t\t\t\n\t\t\t\t\t\t\t\t\t\t<div class=\"yuzo-img\" style=\"background:url('https:\/\/redept.com.br\/blogosfera\/wp-content\/uploads\/2025\/07\/image--19-150x150.png') 50% 50% no-repeat;width: 125px;height:90px;margin-bottom: 5px;background-size: cover; \"><\/div>\n\t\t\t\t\t\t\t\t\t  <\/div>\n\t\t\t\t\t\t\t\t\t  \n\t\t\t\t\t\t\t\t   <span class=\"yuzo__text--title\" style=\"font-size:13px;\">Artistas lan\u00e7am manifesto contra tentativa de priv...<\/span>\n\t\t\t\t\t\t\t  \n\t\t\t\t\t\t\t  \n\t\t\t\t\t\t\t  <\/a>\n\n\t\t\t\t\t\t  <\/div>\n<\/div> <script>\n\t\t\t\t\t\t  jQuery(document).ready(function( $ ){\n\t\t\t\t\t\t\t\/\/jQuery('.yuzo_related_post').equalizer({ overflow : 'relatedthumb' });\n\t\t\t\t\t\t\tjQuery('.yuzo_related_post .yuzo_wraps').equalizer({ columns : '> div' });\n\t\t\t\t\t\t   })\n\t\t\t\t\t\t  <\/script> <!-- End Yuzo :) -->","protected":false},"excerpt":{"rendered":"<p><img decoding=\"async\" width=\"1440\" height=\"1920\" src=\"https:\/\/averdade.org.br\/wp-content\/uploads\/2026\/02\/luta-PB.jpeg\" alt=\"\">Ap\u00f3s anos de luta organizada, o movimento Correnteza junto aos estudantes da Universidade Federal da Para\u00edba (UFPB) conquistaram a redu\u00e7\u00e3o de 60% no valor da refei\u00e7\u00e3o no Restaurante Universit\u00e1rio. Martone Viana e Isabele Ribeiro| Para\u00edba EDUCA\u00c7\u00c3O- Uma vit\u00f3ria hist\u00f3rica marcou o in\u00edcio do semestre 2025.2 para os estudantes da Universidade Federal da Para\u00edba (UFPB). O [\u2026]<\/p>\n","protected":false},"author":2,"featured_media":72966,"comment_status":"open","ping_status":"closed","sticky":false,"template":"","format":"standard","meta":{"fifu_image_url":"","fifu_image_alt":"","footnotes":""},"categories":[7106,95,67,1203,968,1205,180,51],"tags":[],"class_list":["post-72965","post","type-post","status-publish","format-standard","has-post-thumbnail","hentry","category-direito-a-educacao","category-educacao","category-juventude","category-movimento-correnteza","category-paraiba","category-ufpb","category-ujr","category-ultimas-noticias"],"_links":{"self":[{"href":"https:\/\/redept.com.br\/blogosfera\/wp-json\/wp\/v2\/posts\/72965","targetHints":{"allow":["GET"]}}],"collection":[{"href":"https:\/\/redept.com.br\/blogosfera\/wp-json\/wp\/v2\/posts"}],"about":[{"href":"https:\/\/redept.com.br\/blogosfera\/wp-json\/wp\/v2\/types\/post"}],"author":[{"embeddable":true,"href":"https:\/\/redept.com.br\/blogosfera\/wp-json\/wp\/v2\/users\/2"}],"replies":[{"embeddable":true,"href":"https:\/\/redept.com.br\/blogosfera\/wp-json\/wp\/v2\/comments?post=72965"}],"version-history":[{"count":0,"href":"https:\/\/redept.com.br\/blogosfera\/wp-json\/wp\/v2\/posts\/72965\/revisions"}],"wp:featuredmedia":[{"embeddable":true,"href":"https:\/\/redept.com.br\/blogosfera\/wp-json\/wp\/v2\/media\/72966"}],"wp:attachment":[{"href":"https:\/\/redept.com.br\/blogosfera\/wp-json\/wp\/v2\/media?parent=72965"}],"wp:term":[{"taxonomy":"category","embeddable":true,"href":"https:\/\/redept.com.br\/blogosfera\/wp-json\/wp\/v2\/categories?post=72965"},{"taxonomy":"post_tag","embeddable":true,"href":"https:\/\/redept.com.br\/blogosfera\/wp-json\/wp\/v2\/tags?post=72965"}],"curies":[{"name":"wp","href":"https:\/\/api.w.org\/{rel}","templated":true}]}}