{"id":72968,"date":"2026-02-03T13:30:02","date_gmt":"2026-02-03T16:30:02","guid":{"rendered":"https:\/\/redept.com.br\/blogosfera\/justica-da-franca-realiza-busca-na-sede-do-x-e-convoca-elon-musk-para-depor\/"},"modified":"2026-02-03T13:30:02","modified_gmt":"2026-02-03T16:30:02","slug":"justica-da-franca-realiza-busca-na-sede-do-x-e-convoca-elon-musk-para-depor","status":"publish","type":"post","link":"https:\/\/redept.com.br\/blogosfera\/justica-da-franca-realiza-busca-na-sede-do-x-e-convoca-elon-musk-para-depor\/","title":{"rendered":"Justi\u00e7a da Fran\u00e7a realiza busca na sede do X e convoca Elon Musk para depor"},"content":{"rendered":"<p>Uma opera\u00e7\u00e3o de busca e apreens\u00e3o foi realizada nesta ter\u00e7a-feira (03\/02) na sede francesa da plataforma X, rede social do bilion\u00e1rio Elon Musk, como parte de uma investiga\u00e7\u00e3o conduzida pelo Minist\u00e9rio P\u00fablico de Paris.<\/p>\n<p>A investiga\u00e7\u00e3o, aberta no in\u00edcio de 2025, examina suspeitas de uso indevido do algoritmo da plataforma para interfer\u00eancia estrangeira e outras infra\u00e7\u00f5es graves. A a\u00e7\u00e3o contou com o apoio da Europol e da se\u00e7\u00e3o especializada em crimes cibern\u00e9ticos da pol\u00edcia francesa.<\/p>\n<p>Segundo a Promotoria de Paris, as investiga\u00e7\u00f5es tiveram seu escopo ampliado para incluir o funcionamento da\u00a0 pol\u00eamica ferramenta de intelig\u00eancia artificial Grok, integrada ao X, que vitimou dezenas de mulheres e menores ao facilitar e permitir a manipula\u00e7\u00e3o de fotos de usu\u00e1rios reais na plataforma.<\/p>\n<p>\u201cIntima\u00e7\u00f5es para entrevistas volunt\u00e1rias em 20 de abril de 2026, em Paris, foram enviadas a Elon Musk e Linda Yaccarino, em sua qualidade de administradores da Plataforma X na \u00e9poca dos fatos\u201d, informou a procuradora da Rep\u00fablica de Paris, Laure Beccuau. Yaccarino foi diretora-executiva durante dois anos da empresa, deixando o cargo em julho do ano passado. Tamb\u00e9m foram chamados a depor, como testemunhas, funcion\u00e1rios do X.<\/p>\n<figure aria-describedby=\"caption-attachment-243651\"><img loading=\"lazy\" loading=\"lazy\" decoding=\"async\"src=\"https:\/\/redept.com.br\/blogosfera\/wp-content\/uploads\/2026\/02\/fd86e0f6-4ad5-4195-9609-abfac808ca46-captura-de-tela-2025-01-20-as-224930.webp\" alt=\"\" width=\"800\" height=\"489\" srcset=\"https:\/\/redept.com.br\/blogosfera\/wp-content\/uploads\/2026\/02\/fd86e0f6-4ad5-4195-9609-abfac808ca46-captura-de-tela-2025-01-20-as-224930.webp 800w, https:\/\/operamundi.uol.com.br\/wp-content\/uploads\/2026\/01\/fd86e0f6-4ad5-4195-9609-abfac808ca46-captura-de-tela-2025-01-20-as-22.49.30-300x183.webp 300w, https:\/\/operamundi.uol.com.br\/wp-content\/uploads\/2026\/01\/fd86e0f6-4ad5-4195-9609-abfac808ca46-captura-de-tela-2025-01-20-as-22.49.30-768x469.webp 768w, https:\/\/operamundi.uol.com.br\/wp-content\/uploads\/2026\/01\/fd86e0f6-4ad5-4195-9609-abfac808ca46-captura-de-tela-2025-01-20-as-22.49.30-150x92.webp 150w, https:\/\/operamundi.uol.com.br\/wp-content\/uploads\/2026\/01\/fd86e0f6-4ad5-4195-9609-abfac808ca46-captura-de-tela-2025-01-20-as-22.49.30-750x458.webp 750w\" sizes=\"auto, (max-width: 800px) 100vw, 800px\"><figcaption>Justi\u00e7a da Fran\u00e7a realiza busca na sede do X e convoca Elon Musk para depor<br \/>RS\/Fotos P\u00fablicas<\/figcaption><\/figure>\n<h3>As investiga\u00e7\u00f5es<\/h3>\n<p>As investiga\u00e7\u00f5es contra a empresa do bilion\u00e1rio ocorrem desde o ano passado, quando o deputado \u00c9ric Bothorel apresentou uma den\u00fancia ao Minist\u00e9rio P\u00fablico franc\u00eas, alegando que algoritmos tendenciosos do X poderiam ter distorcido o funcionamento de um sistema automatizado de processamento de dados, prejudicando o seu funcionamento.<\/p>\n<p>Segundo o Minist\u00e9rio P\u00fablico, ao longo das apura\u00e7\u00f5es, o inqu\u00e9rito foi progressivamente ampliado para investigar administra\u00e7\u00e3o il\u00edcita da rede, extra\u00e7\u00e3o fraudulenta de dados, manipula\u00e7\u00e3o de sistemas automatizados e falsifica\u00e7\u00e3o de processos algor\u00edtmicos.<\/p>\n<p>Al\u00e9m da cumplicidade dos administradores do X com crimes relacionados \u00e0 produ\u00e7\u00e3o e difus\u00e3o, em larga escala, de imagens er\u00f3ticas de menores e deepfakes com conte\u00fado sexual, de material negacionista, incluindo, contesta\u00e7\u00e3o de crimes contra a humanidade.<\/p>\n<p>Em nota divulgada nas redes sociais, a Promotoria destacou que a condu\u00e7\u00e3o da investiga\u00e7\u00e3o \u201cse inscreve, neste momento, em uma abordagem construtiva, com o objetivo de garantir, ao final, a conformidade da plataforma X com as leis francesas, na medida em que ela opera em territ\u00f3rio nacional\u201d.<\/p>\n<p>O Minist\u00e9rio P\u00fablico franc\u00eas tamb\u00e9m anunciou que deixar\u00e1 de utilizar a pr\u00f3pria plataforma e comunicou aos usu\u00e1rios que \u201cvoc\u00eas nos encontrar\u00e3o no LinkedIn e no Instagram\u201d.<\/p>\n<p>At\u00e9 o momento, nem Musk, nem o X, comentaram as buscas e intimida\u00e7\u00e3o pela Justi\u00e7a francesa.<\/p>\n<p>O post Justi\u00e7a da Fran\u00e7a realiza busca na sede do X e convoca Elon Musk para depor apareceu primeiro em Opera Mundi.<\/p>\n<!-- Begin Yuzo --><div class='yuzo_related_post style-1'  data-version='5.12.89'><!-- without result --><div class='yuzo_clearfixed yuzo__title yuzo__title'><h3>Related Post<\/h3><\/div>\n\t\t\t\t\t\t  <div class=\"relatedthumb \" style=\"width:125px;float:left;overflow:hidden;\">  \n\t\t\t\t\t\t\t  \n\t\t\t\t\t\t\t  <a  href=\"https:\/\/redept.com.br\/blogosfera\/comissao-especial-sobre-mortos-e-desaparecidos-politicos-cumpre-agenda-em-pernambuco\/\"  >\n\t\t\t\t\t\t\t\t\t  <div class=\"yuzo-img-wrap \" style=\"width: 125px;height:90px;\">\n\t\t\t\t\t\t\t\t\t\t\n\t\t\t\t\t\t\t\t\t\t<div class=\"yuzo-img\" style=\"background:url('https:\/\/redept.com.br\/blogosfera\/wp-content\/uploads\/2025\/02\/2b64b708-2c1c-4675-afea-adfee4534536-150x150.jpeg') 50% 50% no-repeat;width: 125px;height:90px;margin-bottom: 5px;background-size: cover; \"><\/div>\n\t\t\t\t\t\t\t\t\t  <\/div>\n\t\t\t\t\t\t\t\t\t  \n\t\t\t\t\t\t\t\t   <span class=\"yuzo__text--title\" style=\"font-size:13px;\">Comiss\u00e3o Especial sobre Mortos e Desaparecidos Pol...<\/span>\n\t\t\t\t\t\t\t  \n\t\t\t\t\t\t\t  \n\t\t\t\t\t\t\t  <\/a>\n\n\t\t\t\t\t\t  <\/div>\n\t\t\t\t\t\t  <div class=\"relatedthumb \" style=\"width:125px;float:left;overflow:hidden;\">  \n\t\t\t\t\t\t\t  \n\t\t\t\t\t\t\t  <a  href=\"https:\/\/redept.com.br\/blogosfera\/eua-podem-tentar-mas-confianca-da-russia-nunca-sera-retomada-dizem-analistas\/\"  >\n\t\t\t\t\t\t\t\t\t  <div class=\"yuzo-img-wrap \" style=\"width: 125px;height:90px;\">\n\t\t\t\t\t\t\t\t\t\t\n\t\t\t\t\t\t\t\t\t\t<div class=\"yuzo-img\" style=\"background:url('https:\/\/redept.com.br\/blogosfera\/wp-content\/uploads\/2025\/02\/15850810_03A713A28443A1209_1920x0_80_0_0_4b1a6d939c32d34811ea3f8175c3caa0.jpg-150x150.webp') 50% 50% no-repeat;width: 125px;height:90px;margin-bottom: 5px;background-size: cover; \"><\/div>\n\t\t\t\t\t\t\t\t\t  <\/div>\n\t\t\t\t\t\t\t\t\t  \n\t\t\t\t\t\t\t\t   <span class=\"yuzo__text--title\" style=\"font-size:13px;\">EUA podem tentar, mas confian\u00e7a da R\u00fassia \u2018nunca s...<\/span>\n\t\t\t\t\t\t\t  \n\t\t\t\t\t\t\t  \n\t\t\t\t\t\t\t  <\/a>\n\n\t\t\t\t\t\t  <\/div>\n\t\t\t\t\t\t  <div class=\"relatedthumb \" style=\"width:125px;float:left;overflow:hidden;\">  \n\t\t\t\t\t\t\t  \n\t\t\t\t\t\t\t  <a  href=\"https:\/\/redept.com.br\/blogosfera\/haroldo-ceravolo-deixa-direcao-de-opera-mundi\/\"  >\n\t\t\t\t\t\t\t\t\t  <div class=\"yuzo-img-wrap \" style=\"width: 125px;height:90px;\">\n\t\t\t\t\t\t\t\t\t\t\n\t\t\t\t\t\t\t\t\t\t<div class=\"yuzo-img\" style=\"background:url('https:\/\/redept.org\/blogosfera\/wp-content\/plugins\/yuzo-related-post\/assets\/images\/default.png') 50% 50% no-repeat;width: 125px;height:90px;margin-bottom: 5px;background-size: cover; \"><\/div>\n\t\t\t\t\t\t\t\t\t  <\/div>\n\t\t\t\t\t\t\t\t\t  \n\t\t\t\t\t\t\t\t   <span class=\"yuzo__text--title\" style=\"font-size:13px;\">Haroldo Ceravolo deixa dire\u00e7\u00e3o de Opera Mundi<\/span>\n\t\t\t\t\t\t\t  \n\t\t\t\t\t\t\t  \n\t\t\t\t\t\t\t  <\/a>\n\n\t\t\t\t\t\t  <\/div>\n\t\t\t\t\t\t  <div class=\"relatedthumb \" style=\"width:125px;float:left;overflow:hidden;\">  \n\t\t\t\t\t\t\t  \n\t\t\t\t\t\t\t  <a  href=\"https:\/\/redept.com.br\/blogosfera\/porco-e-clonado-para-doacao-de-orgaos-ao-sus\/\"  >\n\t\t\t\t\t\t\t\t\t  <div class=\"yuzo-img-wrap \" style=\"width: 125px;height:90px;\">\n\t\t\t\t\t\t\t\t\t\t\n\t\t\t\t\t\t\t\t\t\t<div class=\"yuzo-img\" style=\"background:url('https:\/\/redept.com.br\/blogosfera\/wp-content\/uploads\/2026\/04\/Captura-de-tela-2026-04-23-171106-e1776975159534-150x150.png') 50% 50% no-repeat;width: 125px;height:90px;margin-bottom: 5px;background-size: cover; \"><\/div>\n\t\t\t\t\t\t\t\t\t  <\/div>\n\t\t\t\t\t\t\t\t\t  \n\t\t\t\t\t\t\t\t   <span class=\"yuzo__text--title\" style=\"font-size:13px;\">Porco \u00e9 clonado para doa\u00e7\u00e3o de \u00f3rg\u00e3os ao SUS<\/span>\n\t\t\t\t\t\t\t  \n\t\t\t\t\t\t\t  \n\t\t\t\t\t\t\t  <\/a>\n\n\t\t\t\t\t\t  <\/div>\n<\/div> <script>\n\t\t\t\t\t\t  jQuery(document).ready(function( $ ){\n\t\t\t\t\t\t\t\/\/jQuery('.yuzo_related_post').equalizer({ overflow : 'relatedthumb' });\n\t\t\t\t\t\t\tjQuery('.yuzo_related_post .yuzo_wraps').equalizer({ columns : '> div' });\n\t\t\t\t\t\t   })\n\t\t\t\t\t\t  <\/script> <!-- End Yuzo :) -->","protected":false},"excerpt":{"rendered":"<p>Uma opera\u00e7\u00e3o de busca e apreens\u00e3o foi realizada nesta ter\u00e7a-feira (03\/02) na sede francesa da plataforma X, rede social do bilion\u00e1rio Elon Musk, como parte de uma investiga\u00e7\u00e3o conduzida pelo Minist\u00e9rio P\u00fablico de Paris. A investiga\u00e7\u00e3o, aberta no in\u00edcio de 2025, examina suspeitas de uso indevido do algoritmo da plataforma para interfer\u00eancia estrangeira e outras [\u2026]<\/p>\n<p>O post <a href=\"https:\/\/operamundi.uol.com.br\/ciencia-e-tecnologia\/justica-da-franca-realiza-busca-na-sede-do-x-e-convoca-elon-musk-para-depor\/\">Justi\u00e7a da Fran\u00e7a realiza busca na sede do X e convoca Elon Musk para depor<\/a> apareceu primeiro em <a href=\"https:\/\/operamundi.uol.com.br\/\">Opera Mundi<\/a>.<\/p>\n","protected":false},"author":2,"featured_media":72969,"comment_status":"closed","ping_status":"closed","sticky":false,"template":"","format":"standard","meta":{"fifu_image_url":"","fifu_image_alt":"","footnotes":""},"categories":[677,776,40,6218,34987,34988,34989],"tags":[],"class_list":["post-72968","post","type-post","status-publish","format-standard","has-post-thumbnail","hentry","category-ciencia-e-tecnologia","category-elon-musk","category-europa","category-grok","category-imagens-eroticas-de-menores","category-investigacao-x","category-ministerio-publico-da-franca"],"_links":{"self":[{"href":"https:\/\/redept.com.br\/blogosfera\/wp-json\/wp\/v2\/posts\/72968","targetHints":{"allow":["GET"]}}],"collection":[{"href":"https:\/\/redept.com.br\/blogosfera\/wp-json\/wp\/v2\/posts"}],"about":[{"href":"https:\/\/redept.com.br\/blogosfera\/wp-json\/wp\/v2\/types\/post"}],"author":[{"embeddable":true,"href":"https:\/\/redept.com.br\/blogosfera\/wp-json\/wp\/v2\/users\/2"}],"replies":[{"embeddable":true,"href":"https:\/\/redept.com.br\/blogosfera\/wp-json\/wp\/v2\/comments?post=72968"}],"version-history":[{"count":0,"href":"https:\/\/redept.com.br\/blogosfera\/wp-json\/wp\/v2\/posts\/72968\/revisions"}],"wp:featuredmedia":[{"embeddable":true,"href":"https:\/\/redept.com.br\/blogosfera\/wp-json\/wp\/v2\/media\/72969"}],"wp:attachment":[{"href":"https:\/\/redept.com.br\/blogosfera\/wp-json\/wp\/v2\/media?parent=72968"}],"wp:term":[{"taxonomy":"category","embeddable":true,"href":"https:\/\/redept.com.br\/blogosfera\/wp-json\/wp\/v2\/categories?post=72968"},{"taxonomy":"post_tag","embeddable":true,"href":"https:\/\/redept.com.br\/blogosfera\/wp-json\/wp\/v2\/tags?post=72968"}],"curies":[{"name":"wp","href":"https:\/\/api.w.org\/{rel}","templated":true}]}}