{"id":72981,"date":"2026-02-03T17:46:35","date_gmt":"2026-02-03T20:46:35","guid":{"rendered":"https:\/\/redept.com.br\/blogosfera\/petro-encontra-trump-a-portas-fechadas-e-publica-mensagem-enigmatica-percorremos-a-historia-mas-sempre-ha-um-muro\/"},"modified":"2026-02-03T17:46:35","modified_gmt":"2026-02-03T20:46:35","slug":"petro-encontra-trump-a-portas-fechadas-e-publica-mensagem-enigmatica-percorremos-a-historia-mas-sempre-ha-um-muro","status":"publish","type":"post","link":"https:\/\/redept.com.br\/blogosfera\/petro-encontra-trump-a-portas-fechadas-e-publica-mensagem-enigmatica-percorremos-a-historia-mas-sempre-ha-um-muro\/","title":{"rendered":"Petro encontra Trump a portas fechadas e publica mensagem enigm\u00e1tica: \u2018percorremos a hist\u00f3ria, mas sempre h\u00e1 um muro\u2019"},"content":{"rendered":"<p>Os presidentes da Col\u00f4mbia, Gustavo Petro, e dos Estados Unidos, Donald Trump, se reuniram nesta ter\u00e7a-feira (03\/02) na Casa Branca, em Washington, em encontro bilateral acompanhado pelas c\u00fapulas diplom\u00e1ticas de ambos os pa\u00edses.<\/p>\n<p>Ap\u00f3s o encontro, que durou cerca de duas horas, o presidente colombiano publicou uma mensagem em suas redes sociais. \u201cAndamos pelo corredor dos presidentes estadunidenses (na Casa Branca); na Casa de Nari\u00f1o (pal\u00e1cio presidencial da Col\u00f4mbia) tamb\u00e9m tem um; percorremos a hist\u00f3ria, mas sempre h\u00e1 um muro, e no final, como isso continua?\u201d, indagou.<\/p>\n<p>Al\u00e9m disso, o mandat\u00e1rio sul-americano publicou uma foto do encontro entre os dois, junta a qual \u00e9 poss\u00edvel leu uma dedicat\u00f3ria escrita por Trump: \u201cGustavo, uma honra. Eu amo a Col\u00f4mbia\u201d.<\/p>\n<p>O presidente dos Estados Unidos, ao menos nas primeiras horas ap\u00f3s o encontro, n\u00e3o emitiu declara\u00e7\u00f5es em suas redes. Tampouco houve uma coletiva em conjunto entre os dois mandat\u00e1rios, como costuma acontecer em bilaterais do tipo.<\/p>\n<p>No entanto, as contas oficiais da Casa Branca publicaram diversas fotos da reuni\u00e3o e de outros momentos da visita de Petro \u00e0 sede presidencial norte-americana.<\/p>\n<p>Nas imagens, sobretudo as do momento da reuni\u00e3o, \u00e9 poss\u00edvel observar que a delega\u00e7\u00e3o colombiana, encabe\u00e7ada pelo presidente Petro, tamb\u00e9m contou com a ministra das Rela\u00e7\u00f5es Exteriores, Rosa Yolanda Villavicencio. J\u00e1 o anfitri\u00e3o estadunidense foi acompanhado pelo vice-presidente J.D. Vance e pelo secret\u00e1rio de Estado, Marco Rubio.<\/p>\n<p>Em comunicado difundido antes do encontro, a Casa Branca descreveu o evento como \u201cuma oportunidade para amenizar as diverg\u00eancias e reconstruir os la\u00e7os bilaterais\u201d.<\/p>\n<h3>Tens\u00f5es<\/h3>\n<p>Petro e Trump vinham trocando ataques verbais desde o retorno do l\u00edder de extrema direita ao poder nos Estados Unidos, em janeiro de 2025.<\/p>\n<p>No auge da tens\u00e3o, Trump acusou seu hom\u00f3logo de supostamente chefiar uma rede internacional de narcotr\u00e1fico \u2013 sem apresentar provas a respeito.<\/p>\n<p>Por sua parte, Petro acusou Trump e os Estados Unidos de serem \u201cc\u00famplices\u201d do genoc\u00eddio cometido por Israel na Faixa de Gaza e criticou as amea\u00e7as feitas a pa\u00edses da Am\u00e9rica Latina, especialmente \u00e0 Venezuela.<\/p>\n<figure aria-describedby=\"caption-attachment-245419\"><img fetchpriority=\"high\" decoding=\"async\"src=\"https:\/\/redept.com.br\/blogosfera\/wp-content\/uploads\/2026\/02\/petrump.jpg\" alt=\"\" width=\"1024\" height=\"683\" srcset=\"https:\/\/redept.com.br\/blogosfera\/wp-content\/uploads\/2026\/02\/petrump.jpg 1024w, https:\/\/operamundi.uol.com.br\/wp-content\/uploads\/2026\/02\/petrump-300x200.jpg 300w, https:\/\/operamundi.uol.com.br\/wp-content\/uploads\/2026\/02\/petrump-768x512.jpg 768w, https:\/\/operamundi.uol.com.br\/wp-content\/uploads\/2026\/02\/petrump-150x100.jpg 150w, https:\/\/operamundi.uol.com.br\/wp-content\/uploads\/2026\/02\/petrump-750x500.jpg 750w\" sizes=\"(max-width: 1024px) 100vw, 1024px\"><figcaption>Presidentes da Col\u00f4mbia e dos Estados Unidos, durante reuni\u00e3o em Washington <br \/>Casa Branca<\/figcaption><\/figure>\n<h3>Reuni\u00e3o<\/h3>\n<p>Ap\u00f3s a invas\u00e3o norte-americana a Caracas, no dia 3 de janeiro, quando as for\u00e7as militares dos Estados Unidos sequestraram o presidente venezuelano Nicol\u00e1s Maduro e sua esposa, Cilia Flores, o mandat\u00e1rio colombiano criticou Trump por \u201ctentar se apoderar do petr\u00f3leo\u201d do pa\u00eds sul-americano. Dias depois, o estadunidense amea\u00e7ou com realizar opera\u00e7\u00e3o semelhante na Col\u00f4mbia.<\/p>\n<p>No entanto, as tens\u00f5es diminu\u00edram quatro dias depois, quando ocorreu a primeira liga\u00e7\u00e3o telef\u00f4nica entre os dois l\u00edderes. Horas depois, foi anunciada a visita oficial de Petro a Washington, realizada nesta ter\u00e7a.<\/p>\n<p>Ademais, o encontro acontece em um contexto marcado, tamb\u00e9m, pela proximidade de um intenso processo eleitoral na Col\u00f4mbia, que ter\u00e1 in\u00edcio com as elei\u00e7\u00f5es legislativas, marcadas para o dia 8 de mar\u00e7o, na qual se escolher\u00e3o 103 senadores e 183 deputados; e que se encerra com as presidenciais, cujo primeiro turno ser\u00e1 em 31 de maio e o segundo turno, se necess\u00e1rio, acontecer\u00e1 em 21 de junho.<\/p>\n<p>Com informa\u00e7\u00f5es de <em>CNN<\/em> e <em>Al Jazeera<\/em>.<\/p>\n<p>O post Petro encontra Trump a portas fechadas e publica mensagem enigm\u00e1tica: \u2018percorremos a hist\u00f3ria, mas sempre h\u00e1 um muro\u2019 apareceu primeiro em Opera Mundi.<\/p>\n<!-- Begin Yuzo --><div class='yuzo_related_post style-1'  data-version='5.12.89'><!-- without result --><div class='yuzo_clearfixed yuzo__title yuzo__title'><h3>Related Post<\/h3><\/div>\n\t\t\t\t\t\t  <div class=\"relatedthumb \" style=\"width:125px;float:left;overflow:hidden;\">  \n\t\t\t\t\t\t\t  \n\t\t\t\t\t\t\t  <a  href=\"https:\/\/redept.com.br\/blogosfera\/o-real-motivo-das-lagrimas-fake-do-estrambotico-malafaia\/\"  >\n\t\t\t\t\t\t\t\t\t  <div class=\"yuzo-img-wrap \" style=\"width: 125px;height:90px;\">\n\t\t\t\t\t\t\t\t\t\t\n\t\t\t\t\t\t\t\t\t\t<div class=\"yuzo-img\" style=\"background:url('https:\/\/redept.org\/blogosfera\/wp-content\/plugins\/yuzo-related-post\/assets\/images\/default.png') 50% 50% no-repeat;width: 125px;height:90px;margin-bottom: 5px;background-size: cover; \"><\/div>\n\t\t\t\t\t\t\t\t\t  <\/div>\n\t\t\t\t\t\t\t\t\t  \n\t\t\t\t\t\t\t\t   <span class=\"yuzo__text--title\" style=\"font-size:13px;\">O real motivo das l\u00e1grimas fake do estramb\u00f3tico Ma...<\/span>\n\t\t\t\t\t\t\t  \n\t\t\t\t\t\t\t  \n\t\t\t\t\t\t\t  <\/a>\n\n\t\t\t\t\t\t  <\/div>\n\t\t\t\t\t\t  <div class=\"relatedthumb \" style=\"width:125px;float:left;overflow:hidden;\">  \n\t\t\t\t\t\t\t  \n\t\t\t\t\t\t\t  <a  href=\"https:\/\/www.pragmatismopolitico.com.br\/2025\/09\/charlie-kirk-pediu-para-trump-punir-o-brasil-por-conta-do-julgamento-de-jair-bolsonaro-no-stf.html\"  >\n\t\t\t\t\t\t\t\t\t  <div class=\"yuzo-img-wrap \" style=\"width: 125px;height:90px;\">\n\t\t\t\t\t\t\t\t\t\t\n\t\t\t\t\t\t\t\t\t\t<div class=\"yuzo-img\" style=\"background:url('https:\/\/www.pragmatismopolitico.com.br\/wp-content\/uploads\/2025\/09\/charlie-1.jpg') 50% 50% no-repeat;width: 125px;height:90px;margin-bottom: 5px;background-size: cover; \"><\/div>\n\t\t\t\t\t\t\t\t\t  <\/div>\n\t\t\t\t\t\t\t\t\t  \n\t\t\t\t\t\t\t\t   <span class=\"yuzo__text--title\" style=\"font-size:13px;\">Charlie Kirk pediu para Trump \u201cpunir o Brasil\u201d por...<\/span>\n\t\t\t\t\t\t\t  \n\t\t\t\t\t\t\t  \n\t\t\t\t\t\t\t  <\/a>\n\n\t\t\t\t\t\t  <\/div>\n\t\t\t\t\t\t  <div class=\"relatedthumb \" style=\"width:125px;float:left;overflow:hidden;\">  \n\t\t\t\t\t\t\t  \n\t\t\t\t\t\t\t  <a  href=\"https:\/\/redept.com.br\/blogosfera\/romaria-da-terra-homenageia-vitimas-das-enchentes-e-pede-acao-urgente-contra-crise-climatica\/\"  >\n\t\t\t\t\t\t\t\t\t  <div class=\"yuzo-img-wrap \" style=\"width: 125px;height:90px;\">\n\t\t\t\t\t\t\t\t\t\t\n\t\t\t\t\t\t\t\t\t\t<div class=\"yuzo-img\" style=\"background:url('https:\/\/redept.org\/blogosfera\/wp-content\/plugins\/yuzo-related-post\/assets\/images\/default.png') 50% 50% no-repeat;width: 125px;height:90px;margin-bottom: 5px;background-size: cover; \"><\/div>\n\t\t\t\t\t\t\t\t\t  <\/div>\n\t\t\t\t\t\t\t\t\t  \n\t\t\t\t\t\t\t\t   <span class=\"yuzo__text--title\" style=\"font-size:13px;\">Romaria da Terra homenageia v\u00edtimas das enchentes ...<\/span>\n\t\t\t\t\t\t\t  \n\t\t\t\t\t\t\t  \n\t\t\t\t\t\t\t  <\/a>\n\n\t\t\t\t\t\t  <\/div>\n\t\t\t\t\t\t  <div class=\"relatedthumb \" style=\"width:125px;float:left;overflow:hidden;\">  \n\t\t\t\t\t\t\t  \n\t\t\t\t\t\t\t  <a  href=\"https:\/\/redept.com.br\/blogosfera\/em-evento-no-rs-presidente-no-bndes-destaca-repasse-de-r-40-bilhoes-apos-enchentes\/\"  >\n\t\t\t\t\t\t\t\t\t  <div class=\"yuzo-img-wrap \" style=\"width: 125px;height:90px;\">\n\t\t\t\t\t\t\t\t\t\t\n\t\t\t\t\t\t\t\t\t\t<div class=\"yuzo-img\" style=\"background:url('https:\/\/redept.org\/blogosfera\/wp-content\/plugins\/yuzo-related-post\/assets\/images\/default.png') 50% 50% no-repeat;width: 125px;height:90px;margin-bottom: 5px;background-size: cover; \"><\/div>\n\t\t\t\t\t\t\t\t\t  <\/div>\n\t\t\t\t\t\t\t\t\t  \n\t\t\t\t\t\t\t\t   <span class=\"yuzo__text--title\" style=\"font-size:13px;\">Em evento no RS, Presidente no BNDES destaca repas...<\/span>\n\t\t\t\t\t\t\t  \n\t\t\t\t\t\t\t  \n\t\t\t\t\t\t\t  <\/a>\n\n\t\t\t\t\t\t  <\/div>\n<\/div> <script>\n\t\t\t\t\t\t  jQuery(document).ready(function( $ ){\n\t\t\t\t\t\t\t\/\/jQuery('.yuzo_related_post').equalizer({ overflow : 'relatedthumb' });\n\t\t\t\t\t\t\tjQuery('.yuzo_related_post .yuzo_wraps').equalizer({ columns : '> div' });\n\t\t\t\t\t\t   })\n\t\t\t\t\t\t  <\/script> <!-- End Yuzo :) -->","protected":false},"excerpt":{"rendered":"<p>Os presidentes da Col\u00f4mbia, Gustavo Petro, e dos Estados Unidos, Donald Trump, se reuniram nesta ter\u00e7a-feira (03\/02) na Casa Branca, em Washington, em encontro bilateral acompanhado pelas c\u00fapulas diplom\u00e1ticas de ambos os pa\u00edses. Ap\u00f3s o encontro, que durou cerca de duas horas, o presidente colombiano publicou uma mensagem em suas redes sociais. \u201cAndamos pelo corredor [\u2026]<\/p>\n<p>O post <a href=\"https:\/\/operamundi.uol.com.br\/america-latina\/petro-encontra-trump-a-portas-fechadas-e-publica-mensagem-enigmatica-percorremos-a-historia-mas-sempre-ha-um-muro\/\">Petro encontra Trump a portas fechadas e publica mensagem enigm\u00e1tica: \u2018percorremos a hist\u00f3ria, mas sempre h\u00e1 um muro\u2019<\/a> apareceu primeiro em <a href=\"https:\/\/operamundi.uol.com.br\/\">Opera Mundi<\/a>.<\/p>\n","protected":false},"author":2,"featured_media":72982,"comment_status":"closed","ping_status":"closed","sticky":false,"template":"","format":"standard","meta":{"fifu_image_url":"","fifu_image_alt":"","footnotes":""},"categories":[347,10157,1787,394,9,52,325,2953,25,5521,3508,54,1453,1049],"tags":[],"class_list":["post-72981","post","type-post","status-publish","format-standard","has-post-thumbnail","hentry","category-america-latina","category-cilia-flores","category-colombia","category-estados-unidos","category-eua","category-gaza","category-genocidio","category-gustavo-petro","category-israel","category-maduro","category-marco-rubio","category-palestina","category-trump","category-venezuela"],"_links":{"self":[{"href":"https:\/\/redept.com.br\/blogosfera\/wp-json\/wp\/v2\/posts\/72981","targetHints":{"allow":["GET"]}}],"collection":[{"href":"https:\/\/redept.com.br\/blogosfera\/wp-json\/wp\/v2\/posts"}],"about":[{"href":"https:\/\/redept.com.br\/blogosfera\/wp-json\/wp\/v2\/types\/post"}],"author":[{"embeddable":true,"href":"https:\/\/redept.com.br\/blogosfera\/wp-json\/wp\/v2\/users\/2"}],"replies":[{"embeddable":true,"href":"https:\/\/redept.com.br\/blogosfera\/wp-json\/wp\/v2\/comments?post=72981"}],"version-history":[{"count":0,"href":"https:\/\/redept.com.br\/blogosfera\/wp-json\/wp\/v2\/posts\/72981\/revisions"}],"wp:featuredmedia":[{"embeddable":true,"href":"https:\/\/redept.com.br\/blogosfera\/wp-json\/wp\/v2\/media\/72982"}],"wp:attachment":[{"href":"https:\/\/redept.com.br\/blogosfera\/wp-json\/wp\/v2\/media?parent=72981"}],"wp:term":[{"taxonomy":"category","embeddable":true,"href":"https:\/\/redept.com.br\/blogosfera\/wp-json\/wp\/v2\/categories?post=72981"},{"taxonomy":"post_tag","embeddable":true,"href":"https:\/\/redept.com.br\/blogosfera\/wp-json\/wp\/v2\/tags?post=72981"}],"curies":[{"name":"wp","href":"https:\/\/api.w.org\/{rel}","templated":true}]}}