{"id":72983,"date":"2026-02-03T18:17:46","date_gmt":"2026-02-03T21:17:46","guid":{"rendered":"https:\/\/redept.com.br\/blogosfera\/eua-derrubam-drone-de-vigilancia-iraniano-no-golfo-persico\/"},"modified":"2026-02-03T18:17:46","modified_gmt":"2026-02-03T21:17:46","slug":"eua-derrubam-drone-de-vigilancia-iraniano-no-golfo-persico","status":"publish","type":"post","link":"https:\/\/redept.com.br\/blogosfera\/eua-derrubam-drone-de-vigilancia-iraniano-no-golfo-persico\/","title":{"rendered":"EUA derrubam drone de vigil\u00e2ncia iraniano no Golfo P\u00e9rsico"},"content":{"rendered":"<p>Um drone de vigil\u00e2ncia do Ir\u00e3 que se aproximou do USS Abraham Lincoln, porta-avi\u00f5es norte-americano, foi derrubado pelo Ex\u00e9rcito dos Estados Unidos nesta ter\u00e7a-feira (03\/02), segundo a ag\u00eancia <em>Reuters.<\/em><\/p>\n<p>A informa\u00e7\u00e3o foi confirmadaem comunicado divulgado pelo Ex\u00e9rcito dos Estados Unidos, e tamb\u00e9m pela porta-voz da Casa Branca, Karoline Leavitt, em entrevista ao canal de not\u00edcias <em>Fox News<\/em>.<\/p>\n<p>Segundo comunicado divulgado pelo Ex\u00e9rcito norte-americano, um ca\u00e7a F-35C do USS Abraham Lincoln derrubou um drone iraniano ap\u00f3s a\u00e7\u00e3o \u201cem leg\u00edtima defesa, para proteger o porta-avi\u00f5es e a tripula\u00e7\u00e3o a bordo\u201d.<\/p>\n<p>A nota da entidade militar norte-americana foi assinada pelo porta-voz do Comando Central de Ex\u00e9rcito dos Estados Unidos, capit\u00e3o Tim Hawkins.<\/p>\n<h3>Outro lado<\/h3>\n<p>De acordo com ve\u00edculos notici\u00e1rios iranianos o drone concluiu uma \u201cmiss\u00e3o de vigil\u00e2ncia em \u00e1gua internacionais\u201d.<\/p>\n<p>Em janeiro, o presidente dos Estados Unidos, Donald Trump, anunciou que iria enviar um navio para a costa do Ir\u00e3, em meio \u00e0 tens\u00e3o entre os dois pa\u00edses em raz\u00e3o de um acordo de n\u00e3o prolifera\u00e7\u00e3o de armamentos nucleares.<\/p>\n<p>O Ir\u00e3, no entanto, diverge dos termos do acordo, que exigem o fim do enriquecimento de ur\u00e2nio. Teer\u00e3 afirma que o programa nuclear tem fins pac\u00edficos, enquanto autoridades norte-americanas sustentam que o enriquecimento pode ser utilizado na produ\u00e7\u00e3o de armas nucleares.<\/p>\n<figure aria-describedby=\"caption-attachment-245417\"><img fetchpriority=\"high\" fetchpriority=\"high\" decoding=\"async\"src=\"https:\/\/redept.com.br\/blogosfera\/wp-content\/uploads\/2026\/02\/clipboard_02-03-2026_04-1.jpg\" alt=\"\" width=\"800\" height=\"533\" srcset=\"https:\/\/redept.com.br\/blogosfera\/wp-content\/uploads\/2026\/02\/clipboard_02-03-2026_04-1.jpg 800w, https:\/\/operamundi.uol.com.br\/wp-content\/uploads\/2026\/02\/clipboard_02-03-2026_04-1-300x200.jpg 300w, https:\/\/operamundi.uol.com.br\/wp-content\/uploads\/2026\/02\/clipboard_02-03-2026_04-1-768x512.jpg 768w, https:\/\/operamundi.uol.com.br\/wp-content\/uploads\/2026\/02\/clipboard_02-03-2026_04-1-150x100.jpg 150w, https:\/\/operamundi.uol.com.br\/wp-content\/uploads\/2026\/02\/clipboard_02-03-2026_04-1-750x500.jpg 750w\" sizes=\"(max-width: 800px) 100vw, 800px\"><figcaption>Segundo o porta-voz do Comando Central dos EUA, capit\u00e3o Tim Hawkins o ca\u00e7a abateu o drone \u201cem leg\u00edtima defesa\u201d <br \/>U.S. Navy \/ X<\/figcaption><\/figure>\n<h3>Tens\u00e3o na regi\u00e3o<\/h3>\n<p>Vale ressaltar que os recentes incidentes no Golfo P\u00e9rsico elevaram a tens\u00e3o na regi\u00e3o, interrompendo um breve per\u00edodo de al\u00edvio ap\u00f3s sinais de reaproxima\u00e7\u00e3o entre Estados Unidos e Ir\u00e3.<\/p>\n<p>Nesse contexto, estava previsto para esta sexta-feira (06\/02) um encontro entre delega\u00e7\u00f5es dos dois pa\u00edses, embora a escalada recente de tens\u00f5es e a press\u00e3o pol\u00edtica interna em ambos os lados coloquem a realiza\u00e7\u00e3o da reuni\u00e3o em d\u00favida, segundo relatos da imprensa \u00e1rabe e norte-americana.<\/p>\n<p>Ainda nesta ter\u00e7a-feira, o site norte-americano <em>Axios<\/em> afirmou que autoridades iranianas planejam mudar o local da reuni\u00e3o para Om\u00e3, pa\u00eds que sediou negocia\u00e7\u00f5es entre representantes dos dois pa\u00edses no ano passado.<\/p>\n<p>Segundo a publica\u00e7\u00e3o, o Ir\u00e3 tamb\u00e9m defende vetar a presen\u00e7a de representantes de outras na\u00e7\u00f5es, como a Turquia e monarquias do Golfo.<\/p>\n<p>O post EUA derrubam drone de vigil\u00e2ncia iraniano no Golfo P\u00e9rsico apareceu primeiro em Opera Mundi.<\/p>\n<!-- Begin Yuzo --><div class='yuzo_related_post style-1'  data-version='5.12.89'><!-- without result --><div class='yuzo_clearfixed yuzo__title yuzo__title'><h3>Related Post<\/h3><\/div>\n\t\t\t\t\t\t  <div class=\"relatedthumb \" style=\"width:125px;float:left;overflow:hidden;\">  \n\t\t\t\t\t\t\t  \n\t\t\t\t\t\t\t  <a  href=\"https:\/\/redept.com.br\/blogosfera\/norte-americano-robert-francis-prevost-e-eleito-o-267o-papa\/\"  >\n\t\t\t\t\t\t\t\t\t  <div class=\"yuzo-img-wrap \" style=\"width: 125px;height:90px;\">\n\t\t\t\t\t\t\t\t\t\t\n\t\t\t\t\t\t\t\t\t\t<div class=\"yuzo-img\" style=\"background:url('https:\/\/redept.org\/blogosfera\/wp-content\/plugins\/yuzo-related-post\/assets\/images\/default.png') 50% 50% no-repeat;width: 125px;height:90px;margin-bottom: 5px;background-size: cover; \"><\/div>\n\t\t\t\t\t\t\t\t\t  <\/div>\n\t\t\t\t\t\t\t\t\t  \n\t\t\t\t\t\t\t\t   <span class=\"yuzo__text--title\" style=\"font-size:13px;\">Norte-americano Robert Francis Prevost \u00e9 eleito o ...<\/span>\n\t\t\t\t\t\t\t  \n\t\t\t\t\t\t\t  \n\t\t\t\t\t\t\t  <\/a>\n\n\t\t\t\t\t\t  <\/div>\n\t\t\t\t\t\t  <div class=\"relatedthumb \" style=\"width:125px;float:left;overflow:hidden;\">  \n\t\t\t\t\t\t\t  \n\t\t\t\t\t\t\t  <a  href=\"https:\/\/redept.com.br\/blogosfera\/daniel-alves-acusa-ex-mulher-de-retirar-r-7-milhoes-de-suas-contas-durante-prisao\/\"  >\n\t\t\t\t\t\t\t\t\t  <div class=\"yuzo-img-wrap \" style=\"width: 125px;height:90px;\">\n\t\t\t\t\t\t\t\t\t\t\n\t\t\t\t\t\t\t\t\t\t<div class=\"yuzo-img\" style=\"background:url('https:\/\/redept.com.br\/blogosfera\/wp-content\/uploads\/2025\/11\/jujusali-150x150.webp') 50% 50% no-repeat;width: 125px;height:90px;margin-bottom: 5px;background-size: cover; \"><\/div>\n\t\t\t\t\t\t\t\t\t  <\/div>\n\t\t\t\t\t\t\t\t\t  \n\t\t\t\t\t\t\t\t   <span class=\"yuzo__text--title\" style=\"font-size:13px;\">Daniel Alves acusa ex-mulher de retirar R$ 7 milh\u00f5...<\/span>\n\t\t\t\t\t\t\t  \n\t\t\t\t\t\t\t  \n\t\t\t\t\t\t\t  <\/a>\n\n\t\t\t\t\t\t  <\/div>\n\t\t\t\t\t\t  <div class=\"relatedthumb \" style=\"width:125px;float:left;overflow:hidden;\">  \n\t\t\t\t\t\t\t  \n\t\t\t\t\t\t\t  <a  href=\"https:\/\/redept.com.br\/blogosfera\/deputados-exigem-investigacao-sobre-gravacoes-ilegais-no-maranhao\/\"  >\n\t\t\t\t\t\t\t\t\t  <div class=\"yuzo-img-wrap \" style=\"width: 125px;height:90px;\">\n\t\t\t\t\t\t\t\t\t\t\n\t\t\t\t\t\t\t\t\t\t<div class=\"yuzo-img\" style=\"background:url('https:\/\/redept.com.br\/blogosfera\/wp-content\/uploads\/2025\/10\/Marcio-Jerry-e-Rubens-Pereira-Jr_-suspeita-de-grampo-no-Maranhao_Foto_Camara-dos-Deputados_reproducao-150x150.png') 50% 50% no-repeat;width: 125px;height:90px;margin-bottom: 5px;background-size: cover; \"><\/div>\n\t\t\t\t\t\t\t\t\t  <\/div>\n\t\t\t\t\t\t\t\t\t  \n\t\t\t\t\t\t\t\t   <span class=\"yuzo__text--title\" style=\"font-size:13px;\">Deputados exigem investiga\u00e7\u00e3o sobre grava\u00e7\u00f5es ileg...<\/span>\n\t\t\t\t\t\t\t  \n\t\t\t\t\t\t\t  \n\t\t\t\t\t\t\t  <\/a>\n\n\t\t\t\t\t\t  <\/div>\n\t\t\t\t\t\t  <div class=\"relatedthumb \" style=\"width:125px;float:left;overflow:hidden;\">  \n\t\t\t\t\t\t\t  \n\t\t\t\t\t\t\t  <a  href=\"https:\/\/redept.com.br\/blogosfera\/onda-de-calor-segue-ate-quarta-12-no-rio-grande-do-sul-sensacao-termica-pode-chegar-a-50oc\/\"  >\n\t\t\t\t\t\t\t\t\t  <div class=\"yuzo-img-wrap \" style=\"width: 125px;height:90px;\">\n\t\t\t\t\t\t\t\t\t\t\n\t\t\t\t\t\t\t\t\t\t<div class=\"yuzo-img\" style=\"background:url('https:\/\/redept.org\/blogosfera\/wp-content\/plugins\/yuzo-related-post\/assets\/images\/default.png') 50% 50% no-repeat;width: 125px;height:90px;margin-bottom: 5px;background-size: cover; \"><\/div>\n\t\t\t\t\t\t\t\t\t  <\/div>\n\t\t\t\t\t\t\t\t\t  \n\t\t\t\t\t\t\t\t   <span class=\"yuzo__text--title\" style=\"font-size:13px;\">Onda de calor segue at\u00e9 quarta (12) no Rio Grande ...<\/span>\n\t\t\t\t\t\t\t  \n\t\t\t\t\t\t\t  \n\t\t\t\t\t\t\t  <\/a>\n\n\t\t\t\t\t\t  <\/div>\n<\/div> <script>\n\t\t\t\t\t\t  jQuery(document).ready(function( $ ){\n\t\t\t\t\t\t\t\/\/jQuery('.yuzo_related_post').equalizer({ overflow : 'relatedthumb' });\n\t\t\t\t\t\t\tjQuery('.yuzo_related_post .yuzo_wraps').equalizer({ columns : '> div' });\n\t\t\t\t\t\t   })\n\t\t\t\t\t\t  <\/script> <!-- End Yuzo :) -->","protected":false},"excerpt":{"rendered":"<p>Um drone de vigil\u00e2ncia do Ir\u00e3 que se aproximou do USS Abraham Lincoln, porta-avi\u00f5es norte-americano, foi derrubado pelo Ex\u00e9rcito dos Estados Unidos nesta ter\u00e7a-feira (03\/02), segundo a ag\u00eancia Reuters. A informa\u00e7\u00e3o foi confirmadaem comunicado divulgado pelo Ex\u00e9rcito dos Estados Unidos, e tamb\u00e9m pela porta-voz da Casa Branca, Karoline Leavitt, em entrevista ao canal de not\u00edcias [\u2026]<\/p>\n<p>O post <a href=\"https:\/\/operamundi.uol.com.br\/estados-unidos\/eua-derrubam-drone-de-vigilancia-iraniano-no-golfo-persico\/\">EUA derrubam drone de vigil\u00e2ncia iraniano no Golfo P\u00e9rsico<\/a> apareceu primeiro em <a href=\"https:\/\/operamundi.uol.com.br\/\">Opera Mundi<\/a>.<\/p>\n","protected":false},"author":2,"featured_media":72984,"comment_status":"closed","ping_status":"closed","sticky":false,"template":"","format":"standard","meta":{"fifu_image_url":"","fifu_image_alt":"","footnotes":""},"categories":[394],"tags":[],"class_list":["post-72983","post","type-post","status-publish","format-standard","has-post-thumbnail","hentry","category-estados-unidos"],"_links":{"self":[{"href":"https:\/\/redept.com.br\/blogosfera\/wp-json\/wp\/v2\/posts\/72983","targetHints":{"allow":["GET"]}}],"collection":[{"href":"https:\/\/redept.com.br\/blogosfera\/wp-json\/wp\/v2\/posts"}],"about":[{"href":"https:\/\/redept.com.br\/blogosfera\/wp-json\/wp\/v2\/types\/post"}],"author":[{"embeddable":true,"href":"https:\/\/redept.com.br\/blogosfera\/wp-json\/wp\/v2\/users\/2"}],"replies":[{"embeddable":true,"href":"https:\/\/redept.com.br\/blogosfera\/wp-json\/wp\/v2\/comments?post=72983"}],"version-history":[{"count":0,"href":"https:\/\/redept.com.br\/blogosfera\/wp-json\/wp\/v2\/posts\/72983\/revisions"}],"wp:featuredmedia":[{"embeddable":true,"href":"https:\/\/redept.com.br\/blogosfera\/wp-json\/wp\/v2\/media\/72984"}],"wp:attachment":[{"href":"https:\/\/redept.com.br\/blogosfera\/wp-json\/wp\/v2\/media?parent=72983"}],"wp:term":[{"taxonomy":"category","embeddable":true,"href":"https:\/\/redept.com.br\/blogosfera\/wp-json\/wp\/v2\/categories?post=72983"},{"taxonomy":"post_tag","embeddable":true,"href":"https:\/\/redept.com.br\/blogosfera\/wp-json\/wp\/v2\/tags?post=72983"}],"curies":[{"name":"wp","href":"https:\/\/api.w.org\/{rel}","templated":true}]}}