{"id":73062,"date":"2026-02-04T14:26:27","date_gmt":"2026-02-04T17:26:27","guid":{"rendered":"https:\/\/redept.com.br\/blogosfera\/master-prisao-de-ex-gestor-expoe-fraude-em-fundos-da-rioprevidencia\/"},"modified":"2026-02-04T14:26:27","modified_gmt":"2026-02-04T17:26:27","slug":"master-prisao-de-ex-gestor-expoe-fraude-em-fundos-da-rioprevidencia","status":"publish","type":"post","link":"https:\/\/redept.com.br\/blogosfera\/master-prisao-de-ex-gestor-expoe-fraude-em-fundos-da-rioprevidencia\/","title":{"rendered":"Master: Pris\u00e3o de ex-gestor exp\u00f5e fraude em fundos da Rioprevid\u00eancia"},"content":{"rendered":"<p><img loading=\"lazy\" width=\"1024\" height=\"613\"src=\"https:\/\/redept.com.br\/blogosfera\/wp-content\/uploads\/2026\/02\/Tania-RegoAgencia-Brasil-Versao-em-audio.webp\" alt=\"\" decoding=\"async\" loading=\"lazy\" srcset=\"https:\/\/vermelho.org.br\/wp-content\/uploads\/2026\/02\/Tania-RegoAgencia-Brasil-Versao-em-audio-1024x613.webp 1024w, https:\/\/vermelho.org.br\/wp-content\/uploads\/2026\/02\/Tania-RegoAgencia-Brasil-Versao-em-audio-300x179.webp 300w, https:\/\/vermelho.org.br\/wp-content\/uploads\/2026\/02\/Tania-RegoAgencia-Brasil-Versao-em-audio-768x459.webp 768w, https:\/\/redept.com.br\/blogosfera\/wp-content\/uploads\/2026\/02\/Tania-RegoAgencia-Brasil-Versao-em-audio.webp 1170w\" sizes=\"auto, (max-width: 1024px) 100vw, 1024px\"><\/p>\n<p>A Pol\u00edcia Federal (PF) deu um passo decisivo na desarticula\u00e7\u00e3o de um esquema que drenou recursos de fundos de previd\u00eancia p\u00fablica em todo o Brasil. No \u00faltimo dia 3 de fevereiro, a segunda fase da Opera\u00e7\u00e3o Barco de Papel resultou na pris\u00e3o preventiva de Deivis Marcon Antunes, ex-presidente do Rioprevid\u00eancia. A deten\u00e7\u00e3o ocorreu na Via Dutra, em Itatiaia (RJ), logo ap\u00f3s o ex-gestor retornar de uma viagem aos Estados Unidos.<\/p>\n<p>A medida judicial foi motivada por ind\u00edcios claros de obstru\u00e7\u00e3o de justi\u00e7a. Segundo as investiga\u00e7\u00f5es, Antunes teria tentado destruir provas digitais e ocultar patrim\u00f4nio \u2014 incluindo ve\u00edculos de luxo \u2014 imediatamente ap\u00f3s a primeira fase da opera\u00e7\u00e3o, ocorrida em janeiro. A acusa\u00e7\u00e3o central reside na aplica\u00e7\u00e3o irregular de R$ 970 milh\u00f5es do fundo fluminense em Letras Financeiras do Banco Master, investimento que sequer contava com a prote\u00e7\u00e3o do Fundo Garantidor de Cr\u00e9ditos (FGC). O Banco Master sofreu liquida\u00e7\u00e3o extrajudicial pelo Banco Central em novembro do ano passado.<\/p>\n<p><strong>Uma fraude de alcance nacional<\/strong><\/p>\n<p>O preju\u00edzo, no entanto, n\u00e3o se restringe ao Rio de Janeiro. A investiga\u00e7\u00e3o aponta que o modelo de neg\u00f3cio do Banco Master baseava-se em cooptar gestores de Regimes Pr\u00f3prios de Previd\u00eancia Social (RPPS) para negociar t\u00edtulos sem lastro real.<\/p>\n<p>Pelo menos 18 fundos de pens\u00e3o de servidores p\u00fablicos foram identificados com exposi\u00e7\u00e3o aos pap\u00e9is podres do Master, totalizando quase R$ 2 bilh\u00f5es em investimentos de alto risco. Entre as institui\u00e7\u00f5es atingidas, destaca-se o fundo de Imbituva (PR), que comprometeu metade de suas reservas em pap\u00e9is do banco, ignorando normas internas de risco. Investiga\u00e7\u00f5es preliminares tamb\u00e9m apontam aportes suspeitos no Amazonprev, no Macei\u00f3 Previd\u00eancia e na previd\u00eancia estadual de Goi\u00e1s.<\/p>\n<p><strong>O \u201cImp\u00e9rio de Papel\u201d de Daniel Vorcaro<\/strong><\/p>\n<p>O rombo nas previd\u00eancias p\u00fablicas \u00e9 apenas uma face dos crimes atribu\u00eddos ao banqueiro Daniel Vorcaro, controlador do Master e alvo principal da Opera\u00e7\u00e3o Compliance Zero. A lista de suspeitas inclui: <strong>gest\u00e3o fraudulenta e temer\u00e1ria<\/strong> de institui\u00e7\u00e3o financeira; <strong>desvio de recursos p\u00fablicos<\/strong> e corrup\u00e7\u00e3o passiva; <strong>lavagem de dinheiro<\/strong> mediante sofisticada blindagem patrimonial familiar; <strong>falsidade ideol\u00f3gica e documental<\/strong> para a cria\u00e7\u00e3o de ativos inexistentes; <strong>indu\u00e7\u00e3o ao erro<\/strong> de \u00f3rg\u00e3os de fiscaliza\u00e7\u00e3o, como o Banco Central e a CVM; al\u00e9m de <strong>obstru\u00e7\u00e3o de justi\u00e7a<\/strong> e associa\u00e7\u00e3o criminosa.<\/p>\n<p>As investiga\u00e7\u00f5es do Supremo Tribunal Federal (STF) e da PF estimam que o banco operava com ativos inflados artificialmente, chegando a R$ 17 bilh\u00f5es em cr\u00e9ditos inexistentes. A estrat\u00e9gia consistia em vender carteiras de cr\u00e9dito \u201cpodres\u201d ou fict\u00edcias para outras institui\u00e7\u00f5es, como o BRB (Banco de Bras\u00edlia), simulando uma sa\u00fade financeira inexistente para sustentar a expans\u00e3o do grupo.<\/p>\n<p><strong>Andamento no STF e instabilidade institucional<\/strong><\/p>\n<p>O processo tramita no Supremo Tribunal Federal sob a relatoria do ministro Dias Toffoli. Em janeiro de 2026, Toffoli retirou o sigilo de depoimentos e acarea\u00e7\u00f5es cruciais, incluindo o confronto de vers\u00f5es entre Vorcaro e o ex-presidente do BRB, Paulo Henrique Costa.<\/p>\n<p>Atualmente, Daniel Vorcaro cumpre medidas cautelares e utiliza tornozeleira eletr\u00f4nica, ap\u00f3s ter sido preso e posteriormente solto no final de 2025. Embora a defesa do banqueiro negue as irregularidades, o cerco jur\u00eddico se fecha: inspe\u00e7\u00f5es do Banco Central confirmam que, enquanto o banco declarava bilh\u00f5es em lucros cont\u00e1beis, possu\u00eda apenas R$ 4 milh\u00f5es em caixa real no momento da quebra.<\/p>\n<p>O post <a href=\"https:\/\/vermelho.org.br\/2026\/02\/04\/master-prisao-de-ex-gestor-expoe-fraude-em-fundos-da-rioprevidencia\/\">Master: Pris\u00e3o de ex-gestor exp\u00f5e fraude em fundos da Rioprevid\u00eancia<\/a> apareceu primeiro em <a href=\"https:\/\/vermelho.org.br\/\">Vermelho<\/a>.<\/p>\n<!-- Begin Yuzo --><div class='yuzo_related_post style-1'  data-version='5.12.89'><!-- without result --><div class='yuzo_clearfixed yuzo__title yuzo__title'><h3>Related Post<\/h3><\/div>\n\t\t\t\t\t\t  <div class=\"relatedthumb \" style=\"width:125px;float:left;overflow:hidden;\">  \n\t\t\t\t\t\t\t  \n\t\t\t\t\t\t\t  <a  href=\"https:\/\/redept.com.br\/blogosfera\/cineasta-brasileira-segue-detida-nos-eua\/\"  >\n\t\t\t\t\t\t\t\t\t  <div class=\"yuzo-img-wrap \" style=\"width: 125px;height:90px;\">\n\t\t\t\t\t\t\t\t\t\t\n\t\t\t\t\t\t\t\t\t\t<div class=\"yuzo-img\" style=\"background:url('https:\/\/redept.com.br\/blogosfera\/wp-content\/uploads\/2025\/10\/barbara_cineasta-2-150x150.jpeg') 50% 50% no-repeat;width: 125px;height:90px;margin-bottom: 5px;background-size: cover; \"><\/div>\n\t\t\t\t\t\t\t\t\t  <\/div>\n\t\t\t\t\t\t\t\t\t  \n\t\t\t\t\t\t\t\t   <span class=\"yuzo__text--title\" style=\"font-size:13px;\">Cineasta brasileira segue detida nos EUA<\/span>\n\t\t\t\t\t\t\t  \n\t\t\t\t\t\t\t  \n\t\t\t\t\t\t\t  <\/a>\n\n\t\t\t\t\t\t  <\/div>\n\t\t\t\t\t\t  <div class=\"relatedthumb \" style=\"width:125px;float:left;overflow:hidden;\">  \n\t\t\t\t\t\t\t  \n\t\t\t\t\t\t\t  <a  href=\"https:\/\/redept.com.br\/blogosfera\/tudo-nas-bets-e-pensado-para-viciar-alerta-psicologo-altay-de-souza\/\"  >\n\t\t\t\t\t\t\t\t\t  <div class=\"yuzo-img-wrap \" style=\"width: 125px;height:90px;\">\n\t\t\t\t\t\t\t\t\t\t\n\t\t\t\t\t\t\t\t\t\t<div class=\"yuzo-img\" style=\"background:url('https:\/\/redept.org\/blogosfera\/wp-content\/plugins\/yuzo-related-post\/assets\/images\/default.png') 50% 50% no-repeat;width: 125px;height:90px;margin-bottom: 5px;background-size: cover; \"><\/div>\n\t\t\t\t\t\t\t\t\t  <\/div>\n\t\t\t\t\t\t\t\t\t  \n\t\t\t\t\t\t\t\t   <span class=\"yuzo__text--title\" style=\"font-size:13px;\">Tudo nas bets \u00e9 pensado para viciar, alerta psic\u00f3l...<\/span>\n\t\t\t\t\t\t\t  \n\t\t\t\t\t\t\t  \n\t\t\t\t\t\t\t  <\/a>\n\n\t\t\t\t\t\t  <\/div>\n\t\t\t\t\t\t  <div class=\"relatedthumb \" style=\"width:125px;float:left;overflow:hidden;\">  \n\t\t\t\t\t\t\t  \n\t\t\t\t\t\t\t  <a  href=\"https:\/\/redept.com.br\/blogosfera\/milei-barra-imprensa-na-casa-rosada-e-acusa-jornalistas-de-espionagem\/\"  >\n\t\t\t\t\t\t\t\t\t  <div class=\"yuzo-img-wrap \" style=\"width: 125px;height:90px;\">\n\t\t\t\t\t\t\t\t\t\t\n\t\t\t\t\t\t\t\t\t\t<div class=\"yuzo-img\" style=\"background:url('https:\/\/redept.org\/blogosfera\/wp-content\/plugins\/yuzo-related-post\/assets\/images\/default.png') 50% 50% no-repeat;width: 125px;height:90px;margin-bottom: 5px;background-size: cover; \"><\/div>\n\t\t\t\t\t\t\t\t\t  <\/div>\n\t\t\t\t\t\t\t\t\t  \n\t\t\t\t\t\t\t\t   <span class=\"yuzo__text--title\" style=\"font-size:13px;\">Milei barra imprensa na Casa Rosada e acusa jornal...<\/span>\n\t\t\t\t\t\t\t  \n\t\t\t\t\t\t\t  \n\t\t\t\t\t\t\t  <\/a>\n\n\t\t\t\t\t\t  <\/div>\n\t\t\t\t\t\t  <div class=\"relatedthumb \" style=\"width:125px;float:left;overflow:hidden;\">  \n\t\t\t\t\t\t\t  \n\t\t\t\t\t\t\t  <a  href=\"https:\/\/redept.com.br\/blogosfera\/nao-troque-o-certo-pelo-duvidoso\/\"  >\n\t\t\t\t\t\t\t\t\t  <div class=\"yuzo-img-wrap \" style=\"width: 125px;height:90px;\">\n\t\t\t\t\t\t\t\t\t\t\n\t\t\t\t\t\t\t\t\t\t<div class=\"yuzo-img\" style=\"background:url('https:\/\/redept.org\/blogosfera\/wp-content\/plugins\/yuzo-related-post\/assets\/images\/default.png') 50% 50% no-repeat;width: 125px;height:90px;margin-bottom: 5px;background-size: cover; \"><\/div>\n\t\t\t\t\t\t\t\t\t  <\/div>\n\t\t\t\t\t\t\t\t\t  \n\t\t\t\t\t\t\t\t   <span class=\"yuzo__text--title\" style=\"font-size:13px;\">N\u00e3o troque o certo pelo duvidoso<\/span>\n\t\t\t\t\t\t\t  \n\t\t\t\t\t\t\t  \n\t\t\t\t\t\t\t  <\/a>\n\n\t\t\t\t\t\t  <\/div>\n<\/div> <script>\n\t\t\t\t\t\t  jQuery(document).ready(function( $ ){\n\t\t\t\t\t\t\t\/\/jQuery('.yuzo_related_post').equalizer({ overflow : 'relatedthumb' });\n\t\t\t\t\t\t\tjQuery('.yuzo_related_post .yuzo_wraps').equalizer({ columns : '> div' });\n\t\t\t\t\t\t   })\n\t\t\t\t\t\t  <\/script> <!-- End Yuzo :) -->","protected":false},"excerpt":{"rendered":"<p>A Pol\u00edcia Federal (PF) deu um passo decisivo na desarticula\u00e7\u00e3o de um esquema que drenou recursos de fundos de previd\u00eancia p\u00fablica em todo o Brasil. No \u00faltimo dia 3 de fevereiro, a segunda fase da Opera\u00e7\u00e3o Barco de Papel resultou na pris\u00e3o preventiva de Deivis Marcon Antunes, ex-presidente do Rioprevid\u00eancia. A deten\u00e7\u00e3o ocorreu na Via [&hellip;]<\/p>\n","protected":false},"author":2,"featured_media":0,"comment_status":"open","ping_status":"closed","sticky":false,"template":"","format":"standard","meta":{"fifu_image_url":"","fifu_image_alt":"","footnotes":""},"categories":[17810,2207,16650,30544,29742,288,34025,1764,35030,30665],"tags":[],"class_list":["post-73062","post","type-post","status-publish","format-standard","hentry","category-banco-master","category-corrupcao","category-crimes-financeiros","category-daniel-vorcaro","category-fraude-previdenciaria","category-justica","category-operacao-barco-de-papel","category-policia-federal","category-previdencia-publica","category-rioprevidencia"],"_links":{"self":[{"href":"https:\/\/redept.com.br\/blogosfera\/wp-json\/wp\/v2\/posts\/73062","targetHints":{"allow":["GET"]}}],"collection":[{"href":"https:\/\/redept.com.br\/blogosfera\/wp-json\/wp\/v2\/posts"}],"about":[{"href":"https:\/\/redept.com.br\/blogosfera\/wp-json\/wp\/v2\/types\/post"}],"author":[{"embeddable":true,"href":"https:\/\/redept.com.br\/blogosfera\/wp-json\/wp\/v2\/users\/2"}],"replies":[{"embeddable":true,"href":"https:\/\/redept.com.br\/blogosfera\/wp-json\/wp\/v2\/comments?post=73062"}],"version-history":[{"count":0,"href":"https:\/\/redept.com.br\/blogosfera\/wp-json\/wp\/v2\/posts\/73062\/revisions"}],"wp:attachment":[{"href":"https:\/\/redept.com.br\/blogosfera\/wp-json\/wp\/v2\/media?parent=73062"}],"wp:term":[{"taxonomy":"category","embeddable":true,"href":"https:\/\/redept.com.br\/blogosfera\/wp-json\/wp\/v2\/categories?post=73062"},{"taxonomy":"post_tag","embeddable":true,"href":"https:\/\/redept.com.br\/blogosfera\/wp-json\/wp\/v2\/tags?post=73062"}],"curies":[{"name":"wp","href":"https:\/\/api.w.org\/{rel}","templated":true}]}}