{"id":73240,"date":"2026-02-05T14:46:27","date_gmt":"2026-02-05T17:46:27","guid":{"rendered":"https:\/\/redept.com.br\/blogosfera\/letalidade-policial-cresce-em-17-estados-e-expoe-crise-no-modelo-de-seguranca-publica\/"},"modified":"2026-02-05T14:46:27","modified_gmt":"2026-02-05T17:46:27","slug":"letalidade-policial-cresce-em-17-estados-e-expoe-crise-no-modelo-de-seguranca-publica","status":"publish","type":"post","link":"https:\/\/redept.com.br\/blogosfera\/letalidade-policial-cresce-em-17-estados-e-expoe-crise-no-modelo-de-seguranca-publica\/","title":{"rendered":"Letalidade policial cresce em 17 estados e exp\u00f5e crise no modelo de seguran\u00e7a p\u00fablica"},"content":{"rendered":"<p><img fetchpriority=\"high\" width=\"1024\" height=\"613\"src=\"https:\/\/redept.com.br\/blogosfera\/wp-content\/uploads\/2026\/02\/Tania-RegoAgencia-Brasil.webp\" alt=\"\" decoding=\"async\" srcset=\"https:\/\/vermelho.org.br\/wp-content\/uploads\/2026\/02\/\u00a9-Tania-RegoAgencia-Brasil-1024x613.webp 1024w, https:\/\/vermelho.org.br\/wp-content\/uploads\/2026\/02\/\u00a9-Tania-RegoAgencia-Brasil-300x179.webp 300w, https:\/\/vermelho.org.br\/wp-content\/uploads\/2026\/02\/\u00a9-Tania-RegoAgencia-Brasil-768x459.webp 768w, https:\/\/redept.com.br\/blogosfera\/wp-content\/uploads\/2026\/02\/Tania-RegoAgencia-Brasil.webp 1170w\" sizes=\"(max-width: 1024px) 100vw, 1024px\"><\/p>\n<p>O Brasil encerrou o ano de 2025 com um paradoxo estat\u00edstico que desafia gestores p\u00fablicos e especialistas em seguran\u00e7a. De acordo com o levantamento consolidado pelo Sistema Nacional de Informa\u00e7\u00f5es de Seguran\u00e7a P\u00fablica (Sinesp), divulgado pelo Minist\u00e9rio da Justi\u00e7a e Seguran\u00e7a P\u00fablica (MJSP) na ter\u00e7a-feira (3), a letalidade policial interrompeu a trajet\u00f3ria de queda e registrou uma alta de <strong>4,5%<\/strong>. Foram <strong>6.519 v\u00edtimas<\/strong> de interven\u00e7\u00f5es policiais, consolidando uma m\u00e9dia de <strong>18 mortes di\u00e1rias<\/strong>. Os n\u00fameros s\u00e3o <strong>originados obrigatoriamente nos estados<\/strong>, respons\u00e1veis pela Seguran\u00e7a P\u00fablica. Por isso, s\u00e3o as Secretarias de Seguran\u00e7a P\u00fablica estaduais alimentam o sistema <strong>Sinesp<\/strong> (Sistema Nacional de Informa\u00e7\u00f5es de Seguran\u00e7a P\u00fablica).  <\/p>\n<p>Para o professor Ignacio Cano, pesquisador e especialista em seguran\u00e7a p\u00fablica, a publicidade desses n\u00fameros representa um marco institucional. \u201cEm primeiro lugar, \u00e9 positivo que finalmente o Minist\u00e9rio da Justi\u00e7a tenha dados oficiais sobre a letalidade policial. Durante muitos anos, esses dados eram elaborados exclusivamente pelo F\u00f3rum Brasileiro de Seguran\u00e7a P\u00fablica porque o governo federal resistia a correr o risco pol\u00edtico de divulgar dados oficiais\u201d, pondera.<\/p>\n<p><strong>O Mapa da Letalidade e a Vontade Pol\u00edtica<\/strong><\/p>\n<p>O fen\u00f4meno n\u00e3o \u00e9 isolado geograficamente, mas revela nuances pol\u00edticas e regionais. As regi\u00f5es Norte e Nordeste apresentaram as altas percentuais mais alarmantes. Rond\u00f4nia viu o n\u00famero de mortes saltar de 8 para 47 (488%), enquanto o Maranh\u00e3o registrou alta de 87%.<\/p>\n<p>No topo da lista em n\u00fameros absolutos, a Bahia mant\u00e9m a lideran\u00e7a nacional com 1.569 \u00f3bitos. Entretanto, o professor Cano destaca que o crescimento em estados como S\u00e3o Paulo (835 mortes) e Rio de Janeiro (798) obedece a uma l\u00f3gica espec\u00edfica. \u201cEst\u00e3o em alta tanto o Rio quanto S\u00e3o Paulo, que fazem parte de um projeto pol\u00edtico que tem na letalidade policial um de seus componentes\u201d, afirma o pesquisador, referindo-se \u00e0 ideologia que valida o confronto como ferramenta de propaganda pol\u00edtica.<\/p>\n<p>Cano tamb\u00e9m alerta para o olhar proporcional: embora estados menores tenham n\u00fameros absolutos baixos, a incid\u00eancia por habitante \u00e9 cr\u00edtica. \u201c\u00c9 preciso ter cuidado com a letalidade em estados que t\u00eam menos popula\u00e7\u00e3o, mas que proporcionalmente s\u00e3o exemplos do uso abusivo da for\u00e7a, como \u00e9 o caso do Amap\u00e1\u201d, explica. O Amap\u00e1 registrou em 2025 uma taxa de 17,11 mortes por 100 mil habitantes, a maior do pa\u00eds.<\/p>\n<p><strong>Transpar\u00eancia e Obriga\u00e7\u00f5es Internacionais<\/strong><\/p>\n<p>A divulga\u00e7\u00e3o dos dados pelo Sinesp atende tamb\u00e9m a press\u00f5es externas. Cano recorda que a senten\u00e7a da Corte Interamericana de Direitos Humanos sobre o caso \u201cNova Bras\u00edlia\u201d imp\u00f5e ao Estado brasileiro a obriga\u00e7\u00e3o de publicar um relat\u00f3rio anual sobre letalidade policial. \u201cEnfim, agora pelo menos temos algum dado oficial. Mas o Estado brasileiro tem a obriga\u00e7\u00e3o de elaborar e publicar esse relat\u00f3rio anual detalhado\u201d, refor\u00e7a. <\/p>\n<p>O caso  \u201cNova Bras\u00edlia\u201d ocorreu no Complexo do Alem\u00e3o (RJ), entre 1994 e 1995, quando duas incurs\u00f5es policiais resultaram na morte de <strong>26 homens<\/strong> e na <strong>viol\u00eancia sexual<\/strong> contra tr\u00eas mulheres. As investiga\u00e7\u00f5es internas foram marcadas por omiss\u00f5es e ningu\u00e9m foi punido por d\u00e9cadas.<\/p>\n<p><strong>O recorte racial e a vulnerabilidade<\/strong><\/p>\n<p>A letalidade policial no Brasil continua a ter cor e endere\u00e7o. An\u00e1lises da Human Rights Watch indicam que a popula\u00e7\u00e3o negra representa cerca de 86% das v\u00edtimas. Em 2025, um cidad\u00e3o negro teve <strong>3,5 vezes mais chances<\/strong> de ser morto pela pol\u00edcia do que um branco, evidenciando que o racismo estrutural permanece como um filtro na aplica\u00e7\u00e3o da for\u00e7a letal.<\/p>\n<p>A cultura da viol\u00eancia tamb\u00e9m se manifesta no tecido social atrav\u00e9s do g\u00eanero: o Brasil atingiu o recorde de 1.470 feminic\u00eddios em 2025. Embora as din\u00e2micas e as motiva\u00e7\u00f5es sejam distintas, especialistas apontam que a \u2018l\u00f3gica da elimina\u00e7\u00e3o\u2019 e o racismo estrutural unem os indicadores, e colocam a mulher negra no centro da vulnerabilidade, seja como alvo direto do feminic\u00eddio, seja como a principal atingida pelas consequ\u00eancias da viol\u00eancia policial nas periferias.<\/p>\n<p><strong>Prote\u00e7\u00e3o e sa\u00fade mental dos agentes<\/strong><\/p>\n<p>Em contrapartida ao aumento das mortes de civis, os indicadores de vitimiza\u00e7\u00e3o policial apresentaram melhora. As mortes de agentes de seguran\u00e7a ca\u00edram 9,4% (183 casos), e os suic\u00eddios entre policiais recuaram 5,4%. Entretanto, os n\u00fameros ainda s\u00e3o preocupantes. Um policial tira a pr\u00f3pria vida a cada tr\u00eas dias no pa\u00eds, reflexo da exposi\u00e7\u00e3o cont\u00ednua a um modelo de policiamento baseado no estresse do combate.<\/p>\n<p>Para analistas de seguran\u00e7a p\u00fablica, a manuten\u00e7\u00e3o desses \u00edndices revela uma pol\u00edtica de seguran\u00e7a que prioriza o confronto em detrimento da intelig\u00eancia. O desafio para 2026 ser\u00e1 equilibrar a queda dos indicadores de criminalidade comum \u2014 que ca\u00edram entre 10% e 19% em crimes patrimoniais \u2014 sem que o Estado se torne o principal agente de viol\u00eancia nas periferias brasileiras. Como resume o professor Cano, a transpar\u00eancia atual \u00e9 o primeiro passo para uma fiscaliza\u00e7\u00e3o que de fato interrompa o ciclo de mortes.<\/p>\n<p>O post <a href=\"https:\/\/vermelho.org.br\/2026\/02\/05\/letalidade-policial-cresce-em-17-estados-e-expoe-crise-no-modelo-de-seguranca-publica\/\">Letalidade policial cresce em 17 estados e exp\u00f5e crise no modelo de seguran\u00e7a p\u00fablica<\/a> apareceu primeiro em <a href=\"https:\/\/vermelho.org.br\/\">Vermelho<\/a>.<\/p>\n<!-- Begin Yuzo --><div class='yuzo_related_post style-1'  data-version='5.12.89'><!-- without result --><div class='yuzo_clearfixed yuzo__title yuzo__title'><h3>Related Post<\/h3><\/div>\n\t\t\t\t\t\t  <div class=\"relatedthumb \" style=\"width:125px;float:left;overflow:hidden;\">  \n\t\t\t\t\t\t\t  \n\t\t\t\t\t\t\t  <a  href=\"https:\/\/redept.com.br\/blogosfera\/fpa-apresenta-a-publicacao-internacional\/\"  >\n\t\t\t\t\t\t\t\t\t  <div class=\"yuzo-img-wrap \" style=\"width: 125px;height:90px;\">\n\t\t\t\t\t\t\t\t\t\t\n\t\t\t\t\t\t\t\t\t\t<div class=\"yuzo-img\" style=\"background:url('https:\/\/redept.org\/blogosfera\/wp-content\/plugins\/yuzo-related-post\/assets\/images\/default.png') 50% 50% no-repeat;width: 125px;height:90px;margin-bottom: 5px;background-size: cover; \"><\/div>\n\t\t\t\t\t\t\t\t\t  <\/div>\n\t\t\t\t\t\t\t\t\t  \n\t\t\t\t\t\t\t\t   <span class=\"yuzo__text--title\" style=\"font-size:13px;\">FPA apresenta a publica\u00e7\u00e3o \u2018Internacional\u2019<\/span>\n\t\t\t\t\t\t\t  \n\t\t\t\t\t\t\t  \n\t\t\t\t\t\t\t  <\/a>\n\n\t\t\t\t\t\t  <\/div>\n\t\t\t\t\t\t  <div class=\"relatedthumb \" style=\"width:125px;float:left;overflow:hidden;\">  \n\t\t\t\t\t\t\t  \n\t\t\t\t\t\t\t  <a  href=\"https:\/\/redept.com.br\/blogosfera\/lula-busca-reaproximacao-com-forcas-armadas-em-almoco-no-alvorada\/\"  >\n\t\t\t\t\t\t\t\t\t  <div class=\"yuzo-img-wrap \" style=\"width: 125px;height:90px;\">\n\t\t\t\t\t\t\t\t\t\t\n\t\t\t\t\t\t\t\t\t\t<div class=\"yuzo-img\" style=\"background:url('https:\/\/redept.com.br\/blogosfera\/wp-content\/uploads\/2025\/09\/Lula-7-de-setembro-Ricardo-Stuckert-1-150x150.jpg') 50% 50% no-repeat;width: 125px;height:90px;margin-bottom: 5px;background-size: cover; \"><\/div>\n\t\t\t\t\t\t\t\t\t  <\/div>\n\t\t\t\t\t\t\t\t\t  \n\t\t\t\t\t\t\t\t   <span class=\"yuzo__text--title\" style=\"font-size:13px;\">Lula busca reaproxima\u00e7\u00e3o com For\u00e7as Armadas em alm...<\/span>\n\t\t\t\t\t\t\t  \n\t\t\t\t\t\t\t  \n\t\t\t\t\t\t\t  <\/a>\n\n\t\t\t\t\t\t  <\/div>\n\t\t\t\t\t\t  <div class=\"relatedthumb \" style=\"width:125px;float:left;overflow:hidden;\">  \n\t\t\t\t\t\t\t  \n\t\t\t\t\t\t\t  <a  href=\"https:\/\/redept.com.br\/blogosfera\/china-supera-marca-anterior-e-inaugura-nova-ponte-mais-alta-do-mundo\/\"  >\n\t\t\t\t\t\t\t\t\t  <div class=\"yuzo-img-wrap \" style=\"width: 125px;height:90px;\">\n\t\t\t\t\t\t\t\t\t\t\n\t\t\t\t\t\t\t\t\t\t<div class=\"yuzo-img\" style=\"background:url('https:\/\/redept.com.br\/blogosfera\/wp-content\/uploads\/2025\/09\/4c0ccd9a-1ecc-4f58-91be-5ba2e37cea4a-150x150.jpg') 50% 50% no-repeat;width: 125px;height:90px;margin-bottom: 5px;background-size: cover; \"><\/div>\n\t\t\t\t\t\t\t\t\t  <\/div>\n\t\t\t\t\t\t\t\t\t  \n\t\t\t\t\t\t\t\t   <span class=\"yuzo__text--title\" style=\"font-size:13px;\">China supera marca anterior e inaugura nova ponte ...<\/span>\n\t\t\t\t\t\t\t  \n\t\t\t\t\t\t\t  \n\t\t\t\t\t\t\t  <\/a>\n\n\t\t\t\t\t\t  <\/div>\n\t\t\t\t\t\t  <div class=\"relatedthumb \" style=\"width:125px;float:left;overflow:hidden;\">  \n\t\t\t\t\t\t\t  \n\t\t\t\t\t\t\t  <a  href=\"https:\/\/www.pragmatismopolitico.com.br\/2025\/07\/estrategias-eficazes-para-aquisicao-de-clientes-no-mercado-de-sportsbook.html\"  >\n\t\t\t\t\t\t\t\t\t  <div class=\"yuzo-img-wrap \" style=\"width: 125px;height:90px;\">\n\t\t\t\t\t\t\t\t\t\t\n\t\t\t\t\t\t\t\t\t\t<div class=\"yuzo-img\" style=\"background:url('https:\/\/www.pragmatismopolitico.com.br\/wp-content\/uploads\/2025\/07\/mercadow-1.jpg') 50% 50% no-repeat;width: 125px;height:90px;margin-bottom: 5px;background-size: cover; \"><\/div>\n\t\t\t\t\t\t\t\t\t  <\/div>\n\t\t\t\t\t\t\t\t\t  \n\t\t\t\t\t\t\t\t   <span class=\"yuzo__text--title\" style=\"font-size:13px;\">Estrat\u00e9gias Eficazes para Aquisi\u00e7\u00e3o de Clientes no...<\/span>\n\t\t\t\t\t\t\t  \n\t\t\t\t\t\t\t  \n\t\t\t\t\t\t\t  <\/a>\n\n\t\t\t\t\t\t  <\/div>\n<\/div> <script>\n\t\t\t\t\t\t  jQuery(document).ready(function( $ ){\n\t\t\t\t\t\t\t\/\/jQuery('.yuzo_related_post').equalizer({ overflow : 'relatedthumb' });\n\t\t\t\t\t\t\tjQuery('.yuzo_related_post .yuzo_wraps').equalizer({ columns : '> div' });\n\t\t\t\t\t\t   })\n\t\t\t\t\t\t  <\/script> <!-- End Yuzo :) -->","protected":false},"excerpt":{"rendered":"<p>O Brasil encerrou o ano de 2025 com um paradoxo estat\u00edstico que desafia gestores p\u00fablicos e especialistas em seguran\u00e7a. De acordo com o levantamento consolidado pelo Sistema Nacional de Informa\u00e7\u00f5es de Seguran\u00e7a P\u00fablica (Sinesp), divulgado pelo Minist\u00e9rio da Justi\u00e7a e Seguran\u00e7a P\u00fablica (MJSP) na ter\u00e7a-feira (3), a letalidade policial interrompeu a trajet\u00f3ria de queda e [&hellip;]<\/p>\n","protected":false},"author":2,"featured_media":0,"comment_status":"open","ping_status":"closed","sticky":false,"template":"","format":"standard","meta":{"fifu_image_url":"","fifu_image_alt":"","footnotes":""},"categories":[1434,2950,73,5135,506],"tags":[],"class_list":["post-73240","post","type-post","status-publish","format-standard","hentry","category-letalidade-policial","category-mjsp","category-seguranca-publica","category-sinesp","category-violencia-policial"],"_links":{"self":[{"href":"https:\/\/redept.com.br\/blogosfera\/wp-json\/wp\/v2\/posts\/73240","targetHints":{"allow":["GET"]}}],"collection":[{"href":"https:\/\/redept.com.br\/blogosfera\/wp-json\/wp\/v2\/posts"}],"about":[{"href":"https:\/\/redept.com.br\/blogosfera\/wp-json\/wp\/v2\/types\/post"}],"author":[{"embeddable":true,"href":"https:\/\/redept.com.br\/blogosfera\/wp-json\/wp\/v2\/users\/2"}],"replies":[{"embeddable":true,"href":"https:\/\/redept.com.br\/blogosfera\/wp-json\/wp\/v2\/comments?post=73240"}],"version-history":[{"count":0,"href":"https:\/\/redept.com.br\/blogosfera\/wp-json\/wp\/v2\/posts\/73240\/revisions"}],"wp:attachment":[{"href":"https:\/\/redept.com.br\/blogosfera\/wp-json\/wp\/v2\/media?parent=73240"}],"wp:term":[{"taxonomy":"category","embeddable":true,"href":"https:\/\/redept.com.br\/blogosfera\/wp-json\/wp\/v2\/categories?post=73240"},{"taxonomy":"post_tag","embeddable":true,"href":"https:\/\/redept.com.br\/blogosfera\/wp-json\/wp\/v2\/tags?post=73240"}],"curies":[{"name":"wp","href":"https:\/\/api.w.org\/{rel}","templated":true}]}}