{"id":73242,"date":"2026-02-05T15:02:15","date_gmt":"2026-02-05T18:02:15","guid":{"rendered":"https:\/\/redept.com.br\/blogosfera\/em-declaracao-conjunta-russia-propoe-ao-brasil-prevencao-contra-armas-no-espaco-e-oferece-tecnologia-nuclear-ia-leia-integra\/"},"modified":"2026-02-05T15:02:15","modified_gmt":"2026-02-05T18:02:15","slug":"em-declaracao-conjunta-russia-propoe-ao-brasil-prevencao-contra-armas-no-espaco-e-oferece-tecnologia-nuclear-ia-leia-integra","status":"publish","type":"post","link":"https:\/\/redept.com.br\/blogosfera\/em-declaracao-conjunta-russia-propoe-ao-brasil-prevencao-contra-armas-no-espaco-e-oferece-tecnologia-nuclear-ia-leia-integra\/","title":{"rendered":"Em declara\u00e7\u00e3o conjunta, R\u00fassia prop\u00f5e ao Brasil preven\u00e7\u00e3o contra armas no espa\u00e7o e oferece tecnologia nuclear + IA (Leia \u00edntegra)"},"content":{"rendered":"<p>Delaga\u00e7\u00e3o da Federa\u00e7\u00e3o Russa e o Governo Federal estiveram em reuni\u00e3o copresidida pelo vice-Presidente Geraldo Alckmin nesta quinta (5) &#8211; Saiba detalhes<\/p>\n<p>O post Em declara\u00e7\u00e3o conjunta, R\u00fassia prop\u00f5e ao Brasil preven\u00e7\u00e3o contra armas no espa\u00e7o e oferece tecnologia nuclear + IA (Leia \u00edntegra) apareceu primeiro em .<\/p>\n<!-- Begin Yuzo --><div class='yuzo_related_post style-1'  data-version='5.12.89'><!-- without result --><div class='yuzo_clearfixed yuzo__title yuzo__title'><h3>Related Post<\/h3><\/div>\n\t\t\t\t\t\t  <div class=\"relatedthumb \" style=\"width:125px;float:left;overflow:hidden;\">  \n\t\t\t\t\t\t\t  \n\t\t\t\t\t\t\t  <a  href=\"https:\/\/redept.com.br\/blogosfera\/classe-trabalhadora-vai-a-luta-120-anos-do-primeiro-congresso-operario-brasileiro\/\"  >\n\t\t\t\t\t\t\t\t\t  <div class=\"yuzo-img-wrap \" style=\"width: 125px;height:90px;\">\n\t\t\t\t\t\t\t\t\t\t\n\t\t\t\t\t\t\t\t\t\t<div class=\"yuzo-img\" style=\"background:url('https:\/\/redept.com.br\/blogosfera\/wp-content\/uploads\/2026\/04\/delegados_primeiro_congresso_operario_brasileiro-150x150.png') 50% 50% no-repeat;width: 125px;height:90px;margin-bottom: 5px;background-size: cover; \"><\/div>\n\t\t\t\t\t\t\t\t\t  <\/div>\n\t\t\t\t\t\t\t\t\t  \n\t\t\t\t\t\t\t\t   <span class=\"yuzo__text--title\" style=\"font-size:13px;\">Classe trabalhadora vai \u00e0 luta: 120 anos do Primei...<\/span>\n\t\t\t\t\t\t\t  \n\t\t\t\t\t\t\t  \n\t\t\t\t\t\t\t  <\/a>\n\n\t\t\t\t\t\t  <\/div>\n\t\t\t\t\t\t  <div class=\"relatedthumb \" style=\"width:125px;float:left;overflow:hidden;\">  \n\t\t\t\t\t\t\t  \n\t\t\t\t\t\t\t  <a  href=\"https:\/\/redept.com.br\/blogosfera\/edilson-do-mst-o-primeiro-sem-terra-na-camara-de-caruaru-pe\/\"  >\n\t\t\t\t\t\t\t\t\t  <div class=\"yuzo-img-wrap \" style=\"width: 125px;height:90px;\">\n\t\t\t\t\t\t\t\t\t\t\n\t\t\t\t\t\t\t\t\t\t<div class=\"yuzo-img\" style=\"background:url('https:\/\/redept.com.br\/blogosfera\/wp-content\/uploads\/2024\/12\/8fc3dbff-2317-48db-943d-196e055f5fed-1024x768-1-150x150.jpeg') 50% 50% no-repeat;width: 125px;height:90px;margin-bottom: 5px;background-size: cover; \"><\/div>\n\t\t\t\t\t\t\t\t\t  <\/div>\n\t\t\t\t\t\t\t\t\t  \n\t\t\t\t\t\t\t\t   <span class=\"yuzo__text--title\" style=\"font-size:13px;\">Edilson do MST: o primeiro Sem Terra na C\u00e2mara de ...<\/span>\n\t\t\t\t\t\t\t  \n\t\t\t\t\t\t\t  \n\t\t\t\t\t\t\t  <\/a>\n\n\t\t\t\t\t\t  <\/div>\n\t\t\t\t\t\t  <div class=\"relatedthumb \" style=\"width:125px;float:left;overflow:hidden;\">  \n\t\t\t\t\t\t\t  \n\t\t\t\t\t\t\t  <a  href=\"https:\/\/redept.com.br\/blogosfera\/cepeda-lidera-corrida-presidencial-e-amplia-vantagem-na-colombia\/\"  >\n\t\t\t\t\t\t\t\t\t  <div class=\"yuzo-img-wrap \" style=\"width: 125px;height:90px;\">\n\t\t\t\t\t\t\t\t\t\t\n\t\t\t\t\t\t\t\t\t\t<div class=\"yuzo-img\" style=\"background:url('https:\/\/redept.com.br\/blogosfera\/wp-content\/uploads\/2026\/01\/Senador_Ivan_Cepeda-150x150.jpg') 50% 50% no-repeat;width: 125px;height:90px;margin-bottom: 5px;background-size: cover; \"><\/div>\n\t\t\t\t\t\t\t\t\t  <\/div>\n\t\t\t\t\t\t\t\t\t  \n\t\t\t\t\t\t\t\t   <span class=\"yuzo__text--title\" style=\"font-size:13px;\">Cepeda lidera corrida presidencial e amplia vantag...<\/span>\n\t\t\t\t\t\t\t  \n\t\t\t\t\t\t\t  \n\t\t\t\t\t\t\t  <\/a>\n\n\t\t\t\t\t\t  <\/div>\n\t\t\t\t\t\t  <div class=\"relatedthumb \" style=\"width:125px;float:left;overflow:hidden;\">  \n\t\t\t\t\t\t\t  \n\t\t\t\t\t\t\t  <a  href=\"https:\/\/redept.com.br\/blogosfera\/kremlin-nega-estar-realizando-testes-nucleares-apos-acusacao-de-trump\/\"  >\n\t\t\t\t\t\t\t\t\t  <div class=\"yuzo-img-wrap \" style=\"width: 125px;height:90px;\">\n\t\t\t\t\t\t\t\t\t\t\n\t\t\t\t\t\t\t\t\t\t<div class=\"yuzo-img\" style=\"background:url('https:\/\/redept.com.br\/blogosfera\/wp-content\/uploads\/2025\/11\/691073df59bf5b48aa714e48-150x150.jpg') 50% 50% no-repeat;width: 125px;height:90px;margin-bottom: 5px;background-size: cover; \"><\/div>\n\t\t\t\t\t\t\t\t\t  <\/div>\n\t\t\t\t\t\t\t\t\t  \n\t\t\t\t\t\t\t\t   <span class=\"yuzo__text--title\" style=\"font-size:13px;\">Kremlin nega estar realizando testes nucleares ap\u00f3...<\/span>\n\t\t\t\t\t\t\t  \n\t\t\t\t\t\t\t  \n\t\t\t\t\t\t\t  <\/a>\n\n\t\t\t\t\t\t  <\/div>\n<\/div> <script>\n\t\t\t\t\t\t  jQuery(document).ready(function( $ ){\n\t\t\t\t\t\t\t\/\/jQuery('.yuzo_related_post').equalizer({ overflow : 'relatedthumb' });\n\t\t\t\t\t\t\tjQuery('.yuzo_related_post .yuzo_wraps').equalizer({ columns : '> div' });\n\t\t\t\t\t\t   })\n\t\t\t\t\t\t  <\/script> <!-- End Yuzo :) -->","protected":false},"excerpt":{"rendered":"<p>Delaga\u00e7\u00e3o da Federa\u00e7\u00e3o Russa e o Governo Federal estiveram em reuni\u00e3o copresidida pelo vice-Presidente Geraldo Alckmin nesta quinta (5) &#8211; Saiba detalhes<\/p>\n<p>O post <a rel=\"nofollow\" href=\"https:\/\/urbsmagna.com\/declaracao-conjunta-brasil-russia-mishustin-alckmin-2026-can\/\">Em declara\u00e7\u00e3o conjunta, R\u00fassia prop\u00f5e ao Brasil preven\u00e7\u00e3o contra armas no espa\u00e7o e oferece tecnologia nuclear + IA (Leia \u00edntegra)<\/a> apareceu primeiro em <a rel=\"nofollow\" href=\"https:\/\/urbsmagna.com\/\"><\/a>.<\/p>\n","protected":false},"author":2,"featured_media":0,"comment_status":"open","ping_status":"closed","sticky":false,"template":"","format":"standard","meta":{"fifu_image_url":"","fifu_image_alt":"","footnotes":""},"categories":[1140,35160,35161,35158,9494,35162,5806,35163,35164,1312,35165,191,35166,35167,5471,35168,35169,35159],"tags":[],"class_list":["post-73242","post","type-post","status-publish","format-standard","hentry","category-brics","category-brics-cooperacao-2026","category-comissao-alto-nivel-brasil-russia","category-cooperacao-economica","category-cooperacao-tecnologica","category-declaracao-conjunta-brasil-russia-2026","category-diplomacia-internacional","category-energia-nuclear-pacifica-brasil-russia","category-fertilizantes-agricultura-bilateral","category-geopolitica","category-mishustin-alckmin-brasilia","category-noticias","category-pagamentos-moedas-nacionais-brics","category-parceria-estrategica-multipolar","category-politica-nacional","category-prevencao-corrida-armamentista-espaco","category-reforma-onu-brasil-permanente","category-relacoes-brasil-russia"],"_links":{"self":[{"href":"https:\/\/redept.com.br\/blogosfera\/wp-json\/wp\/v2\/posts\/73242","targetHints":{"allow":["GET"]}}],"collection":[{"href":"https:\/\/redept.com.br\/blogosfera\/wp-json\/wp\/v2\/posts"}],"about":[{"href":"https:\/\/redept.com.br\/blogosfera\/wp-json\/wp\/v2\/types\/post"}],"author":[{"embeddable":true,"href":"https:\/\/redept.com.br\/blogosfera\/wp-json\/wp\/v2\/users\/2"}],"replies":[{"embeddable":true,"href":"https:\/\/redept.com.br\/blogosfera\/wp-json\/wp\/v2\/comments?post=73242"}],"version-history":[{"count":0,"href":"https:\/\/redept.com.br\/blogosfera\/wp-json\/wp\/v2\/posts\/73242\/revisions"}],"wp:attachment":[{"href":"https:\/\/redept.com.br\/blogosfera\/wp-json\/wp\/v2\/media?parent=73242"}],"wp:term":[{"taxonomy":"category","embeddable":true,"href":"https:\/\/redept.com.br\/blogosfera\/wp-json\/wp\/v2\/categories?post=73242"},{"taxonomy":"post_tag","embeddable":true,"href":"https:\/\/redept.com.br\/blogosfera\/wp-json\/wp\/v2\/tags?post=73242"}],"curies":[{"name":"wp","href":"https:\/\/api.w.org\/{rel}","templated":true}]}}