{"id":7335,"date":"2024-12-05T14:44:21","date_gmt":"2024-12-05T17:44:21","guid":{"rendered":"https:\/\/redept.org\/blogosfera\/nao-me-vejo-fora-do-mst-a-historia-de-madalena-e-as-feiras-do-mst-em-alagoas\/"},"modified":"2024-12-05T14:44:21","modified_gmt":"2024-12-05T17:44:21","slug":"nao-me-vejo-fora-do-mst-a-historia-de-madalena-e-as-feiras-do-mst-em-alagoas","status":"publish","type":"post","link":"https:\/\/redept.com.br\/blogosfera\/nao-me-vejo-fora-do-mst-a-historia-de-madalena-e-as-feiras-do-mst-em-alagoas\/","title":{"rendered":"\u201cN\u00e3o me vejo fora do MST\u201d: a hist\u00f3ria de Madalena e as Feiras do MST em Alagoas"},"content":{"rendered":"<figure><img fetchpriority=\"high\" fetchpriority=\"high\" decoding=\"async\" width=\"1024\" height=\"769\" src=\"https:\/\/redept.org\/blogosfera\/wp-content\/uploads\/2024\/12\/AL-Feira3-1024x769-1.jpeg\" alt=\"\" srcset=\"https:\/\/redept.org\/blogosfera\/wp-content\/uploads\/2024\/12\/AL-Feira3-1024x769-1.jpeg 1024w, https:\/\/mst.org.br\/wp-content\/uploads\/2024\/12\/AL-Feira3-300x225.jpeg 300w, https:\/\/mst.org.br\/wp-content\/uploads\/2024\/12\/AL-Feira3-768x576.jpeg 768w, https:\/\/mst.org.br\/wp-content\/uploads\/2024\/12\/AL-Feira3-1536x1153.jpeg 1536w, https:\/\/mst.org.br\/wp-content\/uploads\/2024\/12\/AL-Feira3.jpeg 1920w\" sizes=\"(max-width: 1024px) 100vw, 1024px\"><figcaption><em>Foto: MST em Alagoas<\/em><\/figcaption><\/figure>\n<p><em>Por Julia Neves<br \/>Da P\u00e1gina do MST<\/em><\/p>\n<p>Dentre as v\u00e1rias bancas presentes na 6\u00aa edi\u00e7\u00e3o da Feira da Reforma Agr\u00e1ria em Atalaia (AL), na primeira delas, uma senhora de olhar sereno vende seus legumes: Maria Madalena da Silva, do assentamento Margarida Alves.<\/p>\n<p>Aos 61 anos de idade, Maria Madalena participa das Feiras do MST h\u00e1 23 anos e antes de integrar o Movimento Sem Terra, passou parte de sua vida nas usinas, cortando cana-de-a\u00e7\u00facar e conta que conheceu o MST atrav\u00e9s de seu ex-marido, em 1999, e assim come\u00e7ou sua jornada na luta pela terra.<\/p>\n<p>Ap\u00f3s muitos anos junto ao MST, Madalena relembra de como eram as Feiras no in\u00edcio e conta das mudan\u00e7as positivas que elas tiveram ao longo dos anos gra\u00e7as \u00e0 organiza\u00e7\u00e3o e \u00e0 visibilidade que teve o Movimento.<\/p>\n<p>\u201cHoje em dia, temos mais estrutura para montar as barracas. H\u00e1 muitos anos atr\u00e1s, quando a gente come\u00e7ou, l\u00e1 na Pra\u00e7a da Faculdade, em Macei\u00f3, era no ch\u00e3o e com barracos de lona, como um acampamento. E a Feira foi crescendo, hoje \u00e9 muito melhor, quanto mais organiza\u00e7\u00e3o, mais pessoas v\u00eam visitar\u2019\u2019.<\/p>\n<p>Al\u00e9m de outras mudan\u00e7as em sua vida, como o fato de n\u00e3o precisar mais trabalhar para outras pessoas, Madalena destaca a felicidade em saber que hoje tira o seu sustento da terra. \u201cPassei muito tempo da minha vida trabalhando para os outros, \u00e9 uma felicidade hoje poder plantar minhas coisas\u2019\u2019, comentou.<\/p>\n<h2>\u201cN\u00e3o me vejo fora do MST\u2019\u2019<\/h2>\n<p>Ao lembrar dos tempos de mais dificuldade, ela diz que felizmente hoje tem um lugar para chamar de seu e afirma que n\u00e3o se v\u00ea mais sem fazer parte disso, j\u00e1 que o MST tem muita import\u00e2ncia em sua vida. Segundo ela, tudo foi fruto da luta coletiva pela terra, que fez com que ela pudesse viver uma vida mais digna.<\/p>\n<p>\u201cTudo que eu consegui hoje foi por causa do MST. Cada passo dado nosso \u00e9 muito importante\u2019\u2019, explica.<\/p>\n<p>A feirante fala com muito orgulho sobre os tipos de planta\u00e7\u00e3o que existem em seu assentamento. \u201cL\u00e1 n\u00f3s plantamos de tudo, tem banana, feij\u00e3o, coco, batata, macaxeira, inhame, abacaxi, caju\u2026\u2019\u2019 e se sente orgulhosa em poder ir parar \u00e0s feiras comercializar os frutos de sua luta. \u201cAmo cada feira que eu vou, cada coisa aqui \u00e9 uma conquista\u2019\u2019.<\/p>\n<p>A hist\u00f3ria de Madalena se conecta com a de diversos trabalhadores e trabalhadoras que participam da Feira do MST em Atalaia, na Zona da Mata de Alagoas que fortalece o di\u00e1logo com a sociedade sobre o papel da Reforma Agr\u00e1ria para a produ\u00e7\u00e3o de alimentos saud\u00e1veis e transforma\u00e7\u00e3o social.<\/p>\n<p><em>*Editado por Fernanda Alc\u00e2ntara<\/em><\/p>\n<p>O post <a href=\"https:\/\/mst.org.br\/2024\/12\/05\/nao-me-vejo-fora-do-mst-a-historia-de-madalena-e-as-feiras-do-mst-em-alagoas\/\">\u201cN\u00e3o me vejo fora do MST\u201d: a hist\u00f3ria de Madalena e as Feiras do MST em Alagoas<\/a> apareceu primeiro em <a href=\"https:\/\/mst.org.br\/\">MST<\/a>.<\/p>\n<!-- Begin Yuzo --><div class='yuzo_related_post style-1'  data-version='5.12.89'><!-- without result --><div class='yuzo_clearfixed yuzo__title yuzo__title'><h3>Related Post<\/h3><\/div>\n\t\t\t\t\t\t  <div class=\"relatedthumb \" style=\"width:125px;float:left;overflow:hidden;\">  \n\t\t\t\t\t\t\t  \n\t\t\t\t\t\t\t  <a  href=\"https:\/\/redept.com.br\/blogosfera\/federacao-aciona-tse-contra-flavio-bolsonaro-zema-e-pl-por-propaganda-ilegal\/\"  >\n\t\t\t\t\t\t\t\t\t  <div class=\"yuzo-img-wrap \" style=\"width: 125px;height:90px;\">\n\t\t\t\t\t\t\t\t\t\t\n\t\t\t\t\t\t\t\t\t\t<div class=\"yuzo-img\" style=\"background:url('https:\/\/redept.com.br\/blogosfera\/wp-content\/uploads\/2026\/02\/81c0b59f-b54f-4e5c-8c3e-0aed1f8478f9-150x150.jpeg') 50% 50% no-repeat;width: 125px;height:90px;margin-bottom: 5px;background-size: cover; \"><\/div>\n\t\t\t\t\t\t\t\t\t  <\/div>\n\t\t\t\t\t\t\t\t\t  \n\t\t\t\t\t\t\t\t   <span class=\"yuzo__text--title\" style=\"font-size:13px;\">Federa\u00e7\u00e3o aciona TSE contra Fl\u00e1vio Bolsonaro, Zema...<\/span>\n\t\t\t\t\t\t\t  \n\t\t\t\t\t\t\t  \n\t\t\t\t\t\t\t  <\/a>\n\n\t\t\t\t\t\t  <\/div>\n\t\t\t\t\t\t  <div class=\"relatedthumb \" style=\"width:125px;float:left;overflow:hidden;\">  \n\t\t\t\t\t\t\t  \n\t\t\t\t\t\t\t  <a  href=\"https:\/\/sul21.com.br\/noticias\/cultura\/2025\/11\/festa-da-raca-celebra-consciencia-negra-e-lideranca-feminina-na-vila-maria-da-conceicao\/\"  >\n\t\t\t\t\t\t\t\t\t  <div class=\"yuzo-img-wrap \" style=\"width: 125px;height:90px;\">\n\t\t\t\t\t\t\t\t\t\t\n\t\t\t\t\t\t\t\t\t\t<div class=\"yuzo-img\" style=\"background:url('https:\/\/redept.org\/blogosfera\/wp-content\/plugins\/yuzo-related-post\/assets\/images\/default.png') 50% 50% no-repeat;width: 125px;height:90px;margin-bottom: 5px;background-size: cover; \"><\/div>\n\t\t\t\t\t\t\t\t\t  <\/div>\n\t\t\t\t\t\t\t\t\t  \n\t\t\t\t\t\t\t\t   <span class=\"yuzo__text--title\" style=\"font-size:13px;\">Festa da Ra\u00e7a celebra Consci\u00eancia Negra e lideran\u00e7...<\/span>\n\t\t\t\t\t\t\t  \n\t\t\t\t\t\t\t  \n\t\t\t\t\t\t\t  <\/a>\n\n\t\t\t\t\t\t  <\/div>\n\t\t\t\t\t\t  <div class=\"relatedthumb \" style=\"width:125px;float:left;overflow:hidden;\">  \n\t\t\t\t\t\t\t  \n\t\t\t\t\t\t\t  <a  href=\"https:\/\/redept.com.br\/blogosfera\/vice-defende-mandato-de-maduro-e-convoca-venezuela-a-uniao\/\"  >\n\t\t\t\t\t\t\t\t\t  <div class=\"yuzo-img-wrap \" style=\"width: 125px;height:90px;\">\n\t\t\t\t\t\t\t\t\t\t\n\t\t\t\t\t\t\t\t\t\t<div class=\"yuzo-img\" style=\"background:url('https:\/\/redept.org\/blogosfera\/wp-content\/plugins\/yuzo-related-post\/assets\/images\/default.png') 50% 50% no-repeat;width: 125px;height:90px;margin-bottom: 5px;background-size: cover; \"><\/div>\n\t\t\t\t\t\t\t\t\t  <\/div>\n\t\t\t\t\t\t\t\t\t  \n\t\t\t\t\t\t\t\t   <span class=\"yuzo__text--title\" style=\"font-size:13px;\">Vice defende mandato de Maduro e convoca Venezuela...<\/span>\n\t\t\t\t\t\t\t  \n\t\t\t\t\t\t\t  \n\t\t\t\t\t\t\t  <\/a>\n\n\t\t\t\t\t\t  <\/div>\n\t\t\t\t\t\t  <div class=\"relatedthumb \" style=\"width:125px;float:left;overflow:hidden;\">  \n\t\t\t\t\t\t\t  \n\t\t\t\t\t\t\t  <a  href=\"https:\/\/redept.com.br\/blogosfera\/governo-lula-94-municipios-terao-ambulancias-pela-primeira-vez\/\"  >\n\t\t\t\t\t\t\t\t\t  <div class=\"yuzo-img-wrap \" style=\"width: 125px;height:90px;\">\n\t\t\t\t\t\t\t\t\t\t\n\t\t\t\t\t\t\t\t\t\t<div class=\"yuzo-img\" style=\"background:url('https:\/\/redept.org\/blogosfera\/wp-content\/plugins\/yuzo-related-post\/assets\/images\/default.png') 50% 50% no-repeat;width: 125px;height:90px;margin-bottom: 5px;background-size: cover; \"><\/div>\n\t\t\t\t\t\t\t\t\t  <\/div>\n\t\t\t\t\t\t\t\t\t  \n\t\t\t\t\t\t\t\t   <span class=\"yuzo__text--title\" style=\"font-size:13px;\">Governo Lula: 94 munic\u00edpios ter\u00e3o ambul\u00e2ncias pela...<\/span>\n\t\t\t\t\t\t\t  \n\t\t\t\t\t\t\t  \n\t\t\t\t\t\t\t  <\/a>\n\n\t\t\t\t\t\t  <\/div>\n<\/div> <script>\n\t\t\t\t\t\t  jQuery(document).ready(function( $ ){\n\t\t\t\t\t\t\t\/\/jQuery('.yuzo_related_post').equalizer({ overflow : 'relatedthumb' });\n\t\t\t\t\t\t\tjQuery('.yuzo_related_post .yuzo_wraps').equalizer({ columns : '> div' });\n\t\t\t\t\t\t   })\n\t\t\t\t\t\t  <\/script> <!-- End Yuzo :) -->","protected":false},"excerpt":{"rendered":"<p>Foto: MST em Alagoas Por Julia NevesDa P\u00e1gina do MST Dentre as v\u00e1rias bancas presentes na 6\u00aa edi\u00e7\u00e3o da Feira da Reforma Agr\u00e1ria em Atalaia (AL), na primeira delas, uma senhora de olhar sereno vende seus legumes: Maria Madalena da Silva, do assentamento Margarida Alves. Aos 61 anos de idade, Maria Madalena participa das Feiras [&hellip;]<\/p>\n","protected":false},"author":2,"featured_media":7336,"comment_status":"open","ping_status":"closed","sticky":false,"template":"","format":"standard","meta":{"fifu_image_url":"","fifu_image_alt":"","footnotes":""},"categories":[1986,2443,191,1197,200],"tags":[],"class_list":["post-7335","post","type-post","status-publish","format-standard","has-post-thumbnail","hentry","category-alagoas","category-feira-estadual-da-reforma-agraria","category-noticias","category-producao","category-reforma-agraria-popular"],"_links":{"self":[{"href":"https:\/\/redept.com.br\/blogosfera\/wp-json\/wp\/v2\/posts\/7335","targetHints":{"allow":["GET"]}}],"collection":[{"href":"https:\/\/redept.com.br\/blogosfera\/wp-json\/wp\/v2\/posts"}],"about":[{"href":"https:\/\/redept.com.br\/blogosfera\/wp-json\/wp\/v2\/types\/post"}],"author":[{"embeddable":true,"href":"https:\/\/redept.com.br\/blogosfera\/wp-json\/wp\/v2\/users\/2"}],"replies":[{"embeddable":true,"href":"https:\/\/redept.com.br\/blogosfera\/wp-json\/wp\/v2\/comments?post=7335"}],"version-history":[{"count":0,"href":"https:\/\/redept.com.br\/blogosfera\/wp-json\/wp\/v2\/posts\/7335\/revisions"}],"wp:featuredmedia":[{"embeddable":true,"href":"https:\/\/redept.com.br\/blogosfera\/wp-json\/wp\/v2\/media\/7336"}],"wp:attachment":[{"href":"https:\/\/redept.com.br\/blogosfera\/wp-json\/wp\/v2\/media?parent=7335"}],"wp:term":[{"taxonomy":"category","embeddable":true,"href":"https:\/\/redept.com.br\/blogosfera\/wp-json\/wp\/v2\/categories?post=7335"},{"taxonomy":"post_tag","embeddable":true,"href":"https:\/\/redept.com.br\/blogosfera\/wp-json\/wp\/v2\/tags?post=7335"}],"curies":[{"name":"wp","href":"https:\/\/api.w.org\/{rel}","templated":true}]}}