{"id":7340,"date":"2024-12-05T14:21:55","date_gmt":"2024-12-05T17:21:55","guid":{"rendered":"https:\/\/redept.org\/blogosfera\/putin-diz-que-ameaca-de-trump-contra-desdolarizacao-deve-prejudicar-ainda-mais-economia-dos-eua\/"},"modified":"2024-12-05T14:21:55","modified_gmt":"2024-12-05T17:21:55","slug":"putin-diz-que-ameaca-de-trump-contra-desdolarizacao-deve-prejudicar-ainda-mais-economia-dos-eua","status":"publish","type":"post","link":"https:\/\/redept.com.br\/blogosfera\/putin-diz-que-ameaca-de-trump-contra-desdolarizacao-deve-prejudicar-ainda-mais-economia-dos-eua\/","title":{"rendered":"Putin diz que amea\u00e7a de Trump contra desdolariza\u00e7\u00e3o deve prejudicar ainda mais economia dos EUA"},"content":{"rendered":"<p>O presidente russo, Vladimir Putin, respondeu \u00e0s amea\u00e7as do presidente eleito dos Estados Unidos, Donald Trump, sobre a imposi\u00e7\u00e3o de tarifas aos Brics, diante do pouco interesse desses pa\u00edses em usar o d\u00f3lar e de um consenso para incentivar transa\u00e7\u00f5es por meio de suas moedas nacionais.<\/p>\n<p>\u201cEles queriam infligir uma derrota estrat\u00e9gica \u00e0 R\u00fassia, inclusive na economia, mas n\u00e3o conseguiram. Esses planos claramente falharam\u201d, disse o presidente russo no quinto f\u00f3rum de investimentos do VTB Bank.<\/p>\n<p>Putin se referiu \u00e0 <a href=\"https:\/\/www.brasildefato.com.br\/2024\/11\/30\/trump-ameaca-impor-tarifas-de-100-aos-paises-do-brics-caso-o-grupo-deixe-de-usar-o-dolar-em-transacoes-comerciais\">amea\u00e7a de Trump de impor uma tarifa de 100% sobre os produtos dos pa\u00edses do Brics<\/a>, um grupo que est\u00e1 se movendo em dire\u00e7\u00e3o \u00e0 desdolariza\u00e7\u00e3o e aumentando o com\u00e9rcio usando suas pr\u00f3prias moedas.\u00a0<\/p>\n<p>\u201cEles fizeram muito para minar as bases fundamentais do d\u00f3lar como moeda de reserva mundial e, antes de tudo, fizeram isso com suas pr\u00f3prias m\u00e3os, usando o d\u00f3lar como uma ferramenta de luta pol\u00edtica ou talvez armada\u201d, enfatizou Putin, referindo-se a v\u00e1rias medidas restritivas unilaterais impostas pelos Estados Unidos durante o governo de Joe Biden.<\/p>\n<p>Sobre as san\u00e7\u00f5es, Moscou apontou que as medidas aplicadas pelos EUA contra outros pa\u00edses acabaram afetando o pr\u00f3prio d\u00f3lar como moeda global. Isso inclui o congelamento de ativos russos no valor de 200 bilh\u00f5es de euros (mais de US$ 211 bilh\u00f5es) ap\u00f3s a opera\u00e7\u00e3o militar especial da R\u00fassia em Donbas.<\/p>\n<p>Putin enfatizou que a R\u00fassia nunca rejeitou o d\u00f3lar, mas que seu uso lhe foi negado. \u201cTodos colhem o que plantam. O que aconteceu foi que o pr\u00f3prio d\u00f3lar sofreu\u201d, acrescentou o l\u00edder do Kremlin. \u201cEles queriam infligir uma derrota estrat\u00e9gica \u00e0 R\u00fassia, inclusive na economia, mas n\u00e3o conseguiram. Esses planos claramente fracassaram\u201d, disse ele.<\/p>\n<p>Al\u00e9m disso, o presidente russo afirmou que uma moeda eletr\u00f4nica n\u00e3o pode ser banida. \u201cO Bitcoin, por exemplo, quem pode bani-lo? E quem pode proibir o uso de outros meios eletr\u00f4nicos de pagamento? Ningu\u00e9m, porque s\u00e3o novas tecnologias\u201d, disse ele. \u201cA participa\u00e7\u00e3o dos EUA na economia mundial est\u00e1 diminuindo e, portanto, a influ\u00eancia do d\u00f3lar nos processos econ\u00f4micos globais tamb\u00e9m\u201d, disse Putin, enfatizando que \u2018os processos relacionados ao uso de outros instrumentos est\u00e3o ocorrendo naturalmente\u2019.<\/p>\n<p>Na segunda-feira (5), o porta-voz do Kremlin, Dmitry Peskov, declarou que se os EUA for\u00e7arem os pa\u00edses do Brics a usar o d\u00f3lar, isso apenas fortalecer\u00e1 a tend\u00eancia de mudan\u00e7a para o uso de moedas nacionais entre estes pa\u00edses.<\/p>\n<p>Amea\u00e7as de Trump<\/p>\n<p>No \u00faltimos s\u00e1bado (30), o presidente eleito dos Estados Unidos, Donald Trump, utilizou suas redes sociais para amea\u00e7ar impor tarifas de 100% aos pa\u00edses do Brics caso o bloco venha a adotar, em suas transa\u00e7\u00f5es comerciais, uma moeda pr\u00f3pria ou qualquer outra moeda em substitui\u00e7\u00e3o ao d\u00f3lar estadunidense.<\/p>\n<p>Segundo ele, os Estados Unidos n\u00e3o v\u00e3o mais &#8220;ficar parados&#8221; e apenas &#8220;assistindo&#8221; \u00e0 tentativa dos pa\u00edses dos Brics de se afastarem do d\u00f3lar como moeda usada nas transa\u00e7\u00f5es comerciais internacionais.<\/p>\n<p>&#8220;Exigimos um compromisso desses pa\u00edses de que eles n\u00e3o criar\u00e3o uma nova moeda Brics, nem apoiar\u00e3o nenhuma outra moeda para substituir o poderoso d\u00f3lar americano&#8221;, escreveu Trump em sua conta no\u00a0<em>Truth Social<\/em>, uma plataforma mantida pelo conglomerado de comunica\u00e7\u00e3o do pr\u00f3prio presidente eleito.\u00a0<\/p>\n<p>*<em>Com Telesur<\/em><\/p>\n<!-- Begin Yuzo --><div class='yuzo_related_post style-1'  data-version='5.12.89'><!-- without result --><div class='yuzo_clearfixed yuzo__title yuzo__title'><h3>Related Post<\/h3><\/div>\n\t\t\t\t\t\t  <div class=\"relatedthumb \" style=\"width:125px;float:left;overflow:hidden;\">  \n\t\t\t\t\t\t\t  \n\t\t\t\t\t\t\t  <a  href=\"https:\/\/redept.com.br\/blogosfera\/foco-da-conversa-com-trump-sera-taxacao-diz-lula-mas-ministros-e-que-negociarao-com-washington-video\/\"  >\n\t\t\t\t\t\t\t\t\t  <div class=\"yuzo-img-wrap \" style=\"width: 125px;height:90px;\">\n\t\t\t\t\t\t\t\t\t\t\n\t\t\t\t\t\t\t\t\t\t<div class=\"yuzo-img\" style=\"background:url('https:\/\/redept.org\/blogosfera\/wp-content\/plugins\/yuzo-related-post\/assets\/images\/default.png') 50% 50% no-repeat;width: 125px;height:90px;margin-bottom: 5px;background-size: cover; \"><\/div>\n\t\t\t\t\t\t\t\t\t  <\/div>\n\t\t\t\t\t\t\t\t\t  \n\t\t\t\t\t\t\t\t   <span class=\"yuzo__text--title\" style=\"font-size:13px;\">Foco da conversa com Trump ser\u00e1 taxa\u00e7\u00e3o, diz Lula,...<\/span>\n\t\t\t\t\t\t\t  \n\t\t\t\t\t\t\t  \n\t\t\t\t\t\t\t  <\/a>\n\n\t\t\t\t\t\t  <\/div>\n\t\t\t\t\t\t  <div class=\"relatedthumb \" style=\"width:125px;float:left;overflow:hidden;\">  \n\t\t\t\t\t\t\t  \n\t\t\t\t\t\t\t  <a  href=\"https:\/\/redept.com.br\/blogosfera\/o-agronegocio-e-as-grandes-empresas-sao-responsaveis-pela-piora-na-alimentacao-do-povo\/\"  >\n\t\t\t\t\t\t\t\t\t  <div class=\"yuzo-img-wrap \" style=\"width: 125px;height:90px;\">\n\t\t\t\t\t\t\t\t\t\t\n\t\t\t\t\t\t\t\t\t\t<div class=\"yuzo-img\" style=\"background:url('https:\/\/redept.com.br\/blogosfera\/wp-content\/uploads\/2025\/05\/P4-_-Pantanal-1068x712-1-150x150.jpg') 50% 50% no-repeat;width: 125px;height:90px;margin-bottom: 5px;background-size: cover; \"><\/div>\n\t\t\t\t\t\t\t\t\t  <\/div>\n\t\t\t\t\t\t\t\t\t  \n\t\t\t\t\t\t\t\t   <span class=\"yuzo__text--title\" style=\"font-size:13px;\">O agroneg\u00f3cio e as grandes empresas s\u00e3o respons\u00e1ve...<\/span>\n\t\t\t\t\t\t\t  \n\t\t\t\t\t\t\t  \n\t\t\t\t\t\t\t  <\/a>\n\n\t\t\t\t\t\t  <\/div>\n\t\t\t\t\t\t  <div class=\"relatedthumb \" style=\"width:125px;float:left;overflow:hidden;\">  \n\t\t\t\t\t\t\t  \n\t\t\t\t\t\t\t  <a  href=\"https:\/\/redept.com.br\/blogosfera\/combate-a-fome-e-a-miseria-nas-periferias-e-tema-de-seminario\/\"  >\n\t\t\t\t\t\t\t\t\t  <div class=\"yuzo-img-wrap \" style=\"width: 125px;height:90px;\">\n\t\t\t\t\t\t\t\t\t\t\n\t\t\t\t\t\t\t\t\t\t<div class=\"yuzo-img\" style=\"background:url('https:\/\/redept.org\/blogosfera\/wp-content\/plugins\/yuzo-related-post\/assets\/images\/default.png') 50% 50% no-repeat;width: 125px;height:90px;margin-bottom: 5px;background-size: cover; \"><\/div>\n\t\t\t\t\t\t\t\t\t  <\/div>\n\t\t\t\t\t\t\t\t\t  \n\t\t\t\t\t\t\t\t   <span class=\"yuzo__text--title\" style=\"font-size:13px;\">Combate \u00e0 fome e \u00e0 mis\u00e9ria nas periferias \u00e9 tema d...<\/span>\n\t\t\t\t\t\t\t  \n\t\t\t\t\t\t\t  \n\t\t\t\t\t\t\t  <\/a>\n\n\t\t\t\t\t\t  <\/div>\n\t\t\t\t\t\t  <div class=\"relatedthumb \" style=\"width:125px;float:left;overflow:hidden;\">  \n\t\t\t\t\t\t\t  \n\t\t\t\t\t\t\t  <a  href=\"https:\/\/redept.com.br\/blogosfera\/fatores-sociais-e-estruturais-empurram-mulheres-para-cesarianas\/\"  >\n\t\t\t\t\t\t\t\t\t  <div class=\"yuzo-img-wrap \" style=\"width: 125px;height:90px;\">\n\t\t\t\t\t\t\t\t\t\t\n\t\t\t\t\t\t\t\t\t\t<div class=\"yuzo-img\" style=\"background:url('https:\/\/redept.org\/blogosfera\/wp-content\/plugins\/yuzo-related-post\/assets\/images\/default.png') 50% 50% no-repeat;width: 125px;height:90px;margin-bottom: 5px;background-size: cover; \"><\/div>\n\t\t\t\t\t\t\t\t\t  <\/div>\n\t\t\t\t\t\t\t\t\t  \n\t\t\t\t\t\t\t\t   <span class=\"yuzo__text--title\" style=\"font-size:13px;\">Fatores sociais e estruturais empurram mulheres pa...<\/span>\n\t\t\t\t\t\t\t  \n\t\t\t\t\t\t\t  \n\t\t\t\t\t\t\t  <\/a>\n\n\t\t\t\t\t\t  <\/div>\n<\/div> <script>\n\t\t\t\t\t\t  jQuery(document).ready(function( $ ){\n\t\t\t\t\t\t\t\/\/jQuery('.yuzo_related_post').equalizer({ overflow : 'relatedthumb' });\n\t\t\t\t\t\t\tjQuery('.yuzo_related_post .yuzo_wraps').equalizer({ columns : '> div' });\n\t\t\t\t\t\t   })\n\t\t\t\t\t\t  <\/script> <!-- End Yuzo :) -->","protected":false},"excerpt":{"rendered":"<p>O presidente russo, Vladimir Putin, respondeu \u00e0s amea\u00e7as do presidente eleito dos Estados Unidos, Donald Trump, sobre a imposi\u00e7\u00e3o de tarifas aos Brics, diante do pouco interesse desses pa\u00edses em usar o d\u00f3lar e de um consenso para incentivar transa\u00e7\u00f5es por meio de suas moedas nacionais. \u201cEles queriam infligir uma derrota estrat\u00e9gica \u00e0 R\u00fassia, inclusive [&hellip;]<\/p>\n","protected":false},"author":2,"featured_media":0,"comment_status":"closed","ping_status":"closed","sticky":false,"template":"","format":"standard","meta":{"fifu_image_url":"","fifu_image_alt":"","footnotes":""},"categories":[1],"tags":[],"class_list":["post-7340","post","type-post","status-publish","format-standard","hentry","category-uncategorized"],"_links":{"self":[{"href":"https:\/\/redept.com.br\/blogosfera\/wp-json\/wp\/v2\/posts\/7340","targetHints":{"allow":["GET"]}}],"collection":[{"href":"https:\/\/redept.com.br\/blogosfera\/wp-json\/wp\/v2\/posts"}],"about":[{"href":"https:\/\/redept.com.br\/blogosfera\/wp-json\/wp\/v2\/types\/post"}],"author":[{"embeddable":true,"href":"https:\/\/redept.com.br\/blogosfera\/wp-json\/wp\/v2\/users\/2"}],"replies":[{"embeddable":true,"href":"https:\/\/redept.com.br\/blogosfera\/wp-json\/wp\/v2\/comments?post=7340"}],"version-history":[{"count":0,"href":"https:\/\/redept.com.br\/blogosfera\/wp-json\/wp\/v2\/posts\/7340\/revisions"}],"wp:attachment":[{"href":"https:\/\/redept.com.br\/blogosfera\/wp-json\/wp\/v2\/media?parent=7340"}],"wp:term":[{"taxonomy":"category","embeddable":true,"href":"https:\/\/redept.com.br\/blogosfera\/wp-json\/wp\/v2\/categories?post=7340"},{"taxonomy":"post_tag","embeddable":true,"href":"https:\/\/redept.com.br\/blogosfera\/wp-json\/wp\/v2\/tags?post=7340"}],"curies":[{"name":"wp","href":"https:\/\/api.w.org\/{rel}","templated":true}]}}