{"id":7341,"date":"2024-12-05T14:41:41","date_gmt":"2024-12-05T17:41:41","guid":{"rendered":"https:\/\/redept.org\/blogosfera\/negociado-a-portas-fechadas-acordo-mercosul-ue-ganha-forca-com-ida-de-presidente-da-comissao-europeia-ao-uruguai\/"},"modified":"2024-12-05T14:41:41","modified_gmt":"2024-12-05T17:41:41","slug":"negociado-a-portas-fechadas-acordo-mercosul-ue-ganha-forca-com-ida-de-presidente-da-comissao-europeia-ao-uruguai","status":"publish","type":"post","link":"https:\/\/redept.com.br\/blogosfera\/negociado-a-portas-fechadas-acordo-mercosul-ue-ganha-forca-com-ida-de-presidente-da-comissao-europeia-ao-uruguai\/","title":{"rendered":"Negociado a portas fechadas, acordo Mercosul-UE ganha for\u00e7a com ida de presidente da Comiss\u00e3o Europeia ao Uruguai"},"content":{"rendered":"<p>O <a href=\"https:\/\/www.brasildefato.com.br\/2024\/11\/26\/com-apoio-de-movimentos-populares-parlamento-frances-ratifica-posicao-contra-acordo-mercosul-ue\">acordo comercial entre o Mercosul e a Uni\u00e3o Europeia<\/a> est\u00e1 sendo negociado a &#8220;portas fechadas&#8221; pela Comiss\u00e3o Europeia e pode ser anunciado na pr\u00f3xima sexta-feira (6) durante a C\u00fapula do Mercosul em Montevid\u00e9u, capital do Uruguai.\u00a0Atualmente presidido por Ursula Von der Leyen, a comiss\u00e3o negocia em nome dos pa\u00edses europeus h\u00e1 mais de duas d\u00e9cadas e chega \u00e0 capital uruguaia para o encontro da sexta.<\/p>\n<p>&#8220;Nada feito at\u00e9 que esteja feito&#8217;\u00a0\u00a0est\u00e1 se tornando a frase mais frequentemente pronunciada nos corredores de Bruxelas&#8221;, disse ao <strong>Brasil de Fato<\/strong> o economista franc\u00eas e integrante da organiza\u00e7\u00e3o ambientalista Attac France,\u00a0Maxime Combes.<\/p>\n<p>Ele ressalta que n\u00e3o h\u00e1 transpar\u00eancia nas negocia\u00e7\u00f5es por parte da Uni\u00e3o Europeia, uma vez que os membros do Parlamento Europeu, que normalmente t\u00eam acesso aos documentos da negocia\u00e7\u00e3o, &#8220;n\u00e3o sabem nada sobre o andamento das tratativas&#8221; ap\u00f3s duas reuni\u00f5es com a Comiss\u00e3o Europeia. &#8220;Tudo est\u00e1 ocorrendo a portas fechadas, e ningu\u00e9m sabe com o que a comiss\u00e3o concordou para que os pa\u00edses do Mercosul digam que est\u00e3o prontos para assinar o acordo.&#8221;<\/p>\n<p>Os presidentes da Argentina, Brasil, Paraguai e Uruguai, membros fundadores do Mercosul que buscam um acordo com a UE, dar\u00e3o uma coletiva de imprensa conjunta com Von der Leyen na sexta-feira, \u00e0s 9h30.\u00a0\u201cN\u00f3s aterrissamos na Am\u00e9rica Latina. O objetivo do acordo UE-Mercosul j\u00e1 est\u00e1 \u00e0 vista. Vamos trabalhar, vamos cruzar a linha de chegada. Temos a oportunidade de criar um mercado de 700 milh\u00f5es de pessoas\u201d, escreveu Von der Leyen, que fez uma parada em S\u00e3o Paulo a caminho da capital uruguaia, no X.<\/p>\n<p>Nesta quinta-feira (5), os ministros das Rela\u00e7\u00f5es Exteriores dos pa\u00edses do Mercosul abriram formalmente a c\u00fapula de dois dias do bloco, depois que o ministro das Rela\u00e7\u00f5es Exteriores do Uruguai, Omar Pagani, realizou uma reuni\u00e3o bilateral com o novo comiss\u00e1rio europeu para o com\u00e9rcio, Maros Sefcovic.<\/p>\n<p>Da perspectiva da UE, Alemanha e Espanha pressionam para concluir o pacto com o Mercosul at\u00e9 o final do ano. Do lado de c\u00e1, o presidente brasileiro, Luiz In\u00e1cio Lula da Silva,\u00a0<a href=\"https:\/\/www.brasildefato.com.br\/2024\/08\/14\/a-uniao-europeia-que-se-vire-diz-lula-sobre-acordo-com-o-mercosul\">tamb\u00e9m busca fechar o acordo a todo custo<\/a>. Lula queria\u00a0anunciar o acordo no encontro do G20 no Rio de Janeiro (RJ), expectativa frustrada pela negativa do presidente franc\u00eas Emmanuel Macron, que tem liderado a posi\u00e7\u00e3o contr\u00e1ria ao acordo no bloco europeu.\u00a0<\/p>\n<p>Pouco antes da chegada de Von der Leyen a Montevid\u00e9u, o presidente franc\u00eas, Emmanuel Macron, reiterou a ela que o projeto de acordo comercial \u00e9 \u201cinaceit\u00e1vel em seu estado atual\u201d. \u201cContinuaremos a defender incansavelmente nossa soberania agr\u00edcola\u201d, acrescentou a presid\u00eancia francesa em uma mensagem no X.<\/p>\n<p>As negocia\u00e7\u00f5es, paralisadas depois que um acordo de princ\u00edpio foi alcan\u00e7ado em 2019, foram retomadas nos \u00faltimos meses a pedido da Comiss\u00e3o Europeia, que determina a pol\u00edtica comercial para toda a UE. O texto prev\u00ea a elimina\u00e7\u00e3o de grande parte das tarifas entre as duas zonas, que t\u00eam mais de 700 milh\u00f5es de consumidores e um PIB combinado de US$ 21,3 trilh\u00f5es (cerca de R$ 130 trilh\u00f5es).<\/p>\n<p>Os sindicatos agr\u00edcolas da UE o rejeitam porque sua produ\u00e7\u00e3o n\u00e3o est\u00e1 sujeita \u00e0s mesmas exig\u00eancias ambientais e sociais, nem aos mesmos padr\u00f5es sanit\u00e1rios, que a do bloco sul-americano.<\/p>\n<p>&#8220;V\u00e1rios pa\u00edses da Europa s\u00e3o contra o acordo, n\u00e3o apenas a Fran\u00e7a. E h\u00e1 mobiliza\u00e7\u00f5es de agricultores em andamento em v\u00e1rios pa\u00edses tamb\u00e9m. O que podemos ouvir \u00e9 que a Comiss\u00e3o Europeia n\u00e3o est\u00e1 recebendo press\u00e3o suficiente dos Estados membros que criticam o acordo, incluindo a Fran\u00e7a, para abandonar sua decis\u00e3o de anunci\u00e1-lo como conclu\u00eddo na c\u00fapula do Mercosul&#8221;, afirma Combes.<\/p>\n<p>Caso o acordo seja anunciado como conclu\u00eddo na sexta-feira (6), o economista aponta que Macron teria &#8220;claramente uma grande responsabilidade por sua recusa em travar uma batalha em Bruxelas.&#8221;<\/p>\n<p><a href=\"https:\/\/www.brasildefato.com.br\/2024\/11\/26\/com-apoio-de-movimentos-populares-parlamento-frances-ratifica-posicao-contra-acordo-mercosul-ue\">O Parlamento franc\u00eas rejeitou ao final de novembro<\/a>, por 484 votos a 70, o acordo de livre com\u00e9rcio negociado entre a\u00a0<a href=\"https:\/\/www.brasildefato.com.br\/2024\/11\/26\/antes-de-rusgas-com-o-agro-carrefour-teve-casos-de-violencia-descaso-e-racismo-relembre\">Uni\u00e3o Europeia e os pa\u00edses do Mercosul<\/a>, ap\u00f3s uma vota\u00e7\u00e3o na Assembleia Nacional. A vota\u00e7\u00e3o n\u00e3o vinculativa ocorreu uma semana ap\u00f3s o in\u00edcio de uma campanha de agricultores contr\u00e1rios a esse acordo comercial, para o qual apenas a Comiss\u00e3o Europeia est\u00e1 autorizada a negociar em nome dos 27 Estados-Membros.<\/p>\n<p>Toda a classe pol\u00edtica francesa,\u00a0<a href=\"https:\/\/www.brasildefato.com.br\/2024\/02\/02\/compromisso-ambiental-da-esquerda-divide-agricultores-nos-protestos-na-europa-diz-ativista\">da esquerda radical \u00e0 extrema direita, manifestou a sua oposi\u00e7\u00e3o ao acordo<\/a>.\u00a0\u00a0<\/p>\n<p>Os pa\u00edses europeus favor\u00e1veis ao acordo pressionam para concluir essas negocia\u00e7\u00f5es prolongadas, alguns meses antes da posse do republicano Donald Trump e a possibilidade de um aumento geral nas tarifas alfandeg\u00e1rias. A Europa espera exportar carros, m\u00e1quinas e medicamentos para o bloco do sul, que faz parte de uma regi\u00e3o fortemente influenciada pela China, enquanto o Mercosul espera vender mais g\u00eaneros aliment\u00edcios, como soja, carne e mel, para a Europa.<\/p>\n<p>ONGs europeias e ativistas de esquerda acreditam que esse projeto aceleraria o desmatamento da Amaz\u00f4nia e agravaria a crise clim\u00e1tica ao aumentar as emiss\u00f5es de gases de efeito estufa. O Greenpeace denuncia um texto \u201cdesastroso\u201d para o meio ambiente.<\/p>\n<p>Oposi\u00e7\u00e3o no Brasil<\/p>\n<p>Em mar\u00e7o, movimentos articulados na Via Campesina Brasil\u00a0<a href=\"https:\/\/www.brasildefato.com.br\/2024\/01\/01\/mercosul-e-ue-entenda-por-que-o-acordo-nao-saiu-e-isso-nao-e-ma-noticia\">repudiaram o acordo<\/a>\u00a0em um comunicado em que pedem a Lula que &#8220;escute o clamor dos povos do campo, \u00e1guas e florestas e coloque fim \u00e0s negocia\u00e7\u00f5es em curso e d\u00ea espa\u00e7o a constru\u00e7\u00e3o de um projeto popular de desenvolvimento nacional para o Brasil&#8221;.<\/p>\n<p>&#8220;O acordo em pauta representa um retrocesso para o Brasil e para os pa\u00edses do Mercosul no \u00e2mbito do desenvolvimento socioecon\u00f4mico, bem como um ataque frontal \u00e0 soberania dos nossos pa\u00edses&#8221;, destaca o comunicado. Os movimentos populares destacam que o acordo foi &#8220;foi recha\u00e7ado h\u00e1 mais de 20 anos&#8221; e o texto atual, retomado em 2019, representa &#8220;o DNA bolsonarista na sua ess\u00eancia sem nenhum compromisso com o desenvolvimento do nosso pa\u00eds.&#8221;<br \/>\n\u00a0<br \/>\n&#8220;O acordo assume carater\u00edsticas neocoloniais na sua concep\u00e7\u00e3o e amea\u00e7a, em seus termos, nossos povos e territ\u00f3rios, amea\u00e7a a agricultura camponesa, as comunidades tradicionais e entrega nossos bens comuns aos interesses do capital internacional, consolidando assim o car\u00e1ter agroexportador da nossa\u00a0economia, que \u00e9 basicamente continuar exportando mat\u00e9ria-prima para abastecer as demandas dos pa\u00edses europeus em troca dos produtos industrializados.&#8221;<br \/>\n\u00a0<br \/>\nA desregulamenta\u00e7\u00e3o dos mercados, os acordos de livre com\u00e9rcio e, em particular, a negocia\u00e7\u00e3o do acordo de livre com\u00e9rcio entre a Uni\u00e3o Europeia e o Mercosul s\u00e3o as principais causas da\u00a0<a href=\"https:\/\/www.brasildefato.com.br\/2024\/02\/02\/compromisso-ambiental-da-esquerda-divide-agricultores-nos-protestos-na-europa-diz-ativista\">grave crise enfrentada pelos agricultores europeus na avalia\u00e7\u00e3o da Via Campesina<\/a>.<\/p>\n<p>*<em>Com AFP<\/em><\/p>\n<!-- Begin Yuzo --><div class='yuzo_related_post style-1'  data-version='5.12.89'><!-- without result --><div class='yuzo_clearfixed yuzo__title yuzo__title'><h3>Related Post<\/h3><\/div>\n\t\t\t\t\t\t  <div class=\"relatedthumb \" style=\"width:125px;float:left;overflow:hidden;\">  \n\t\t\t\t\t\t\t  \n\t\t\t\t\t\t\t  <a  href=\"https:\/\/redept.com.br\/blogosfera\/apagao-na-europa-energia-eletrica-da-espanha-e-de-portugal-e-restabelecida\/\"  >\n\t\t\t\t\t\t\t\t\t  <div class=\"yuzo-img-wrap \" style=\"width: 125px;height:90px;\">\n\t\t\t\t\t\t\t\t\t\t\n\t\t\t\t\t\t\t\t\t\t<div class=\"yuzo-img\" style=\"background:url('https:\/\/redept.com.br\/blogosfera\/wp-content\/uploads\/2025\/04\/Mapa-do-Apagao-na-Europa-150x150.jpg') 50% 50% no-repeat;width: 125px;height:90px;margin-bottom: 5px;background-size: cover; \"><\/div>\n\t\t\t\t\t\t\t\t\t  <\/div>\n\t\t\t\t\t\t\t\t\t  \n\t\t\t\t\t\t\t\t   <span class=\"yuzo__text--title\" style=\"font-size:13px;\">Apag\u00e3o na Europa: energia el\u00e9trica da Espanha e de...<\/span>\n\t\t\t\t\t\t\t  \n\t\t\t\t\t\t\t  \n\t\t\t\t\t\t\t  <\/a>\n\n\t\t\t\t\t\t  <\/div>\n\t\t\t\t\t\t  <div class=\"relatedthumb \" style=\"width:125px;float:left;overflow:hidden;\">  \n\t\t\t\t\t\t\t  \n\t\t\t\t\t\t\t  <a  href=\"https:\/\/redept.com.br\/blogosfera\/humberto-costa-celebra-queda-da-inflacao-e-avanco-do-pib\/\"  >\n\t\t\t\t\t\t\t\t\t  <div class=\"yuzo-img-wrap \" style=\"width: 125px;height:90px;\">\n\t\t\t\t\t\t\t\t\t\t\n\t\t\t\t\t\t\t\t\t\t<div class=\"yuzo-img\" style=\"background:url('https:\/\/redept.org\/blogosfera\/wp-content\/plugins\/yuzo-related-post\/assets\/images\/default.png') 50% 50% no-repeat;width: 125px;height:90px;margin-bottom: 5px;background-size: cover; \"><\/div>\n\t\t\t\t\t\t\t\t\t  <\/div>\n\t\t\t\t\t\t\t\t\t  \n\t\t\t\t\t\t\t\t   <span class=\"yuzo__text--title\" style=\"font-size:13px;\">Humberto Costa celebra queda da infla\u00e7\u00e3o e avan\u00e7o ...<\/span>\n\t\t\t\t\t\t\t  \n\t\t\t\t\t\t\t  \n\t\t\t\t\t\t\t  <\/a>\n\n\t\t\t\t\t\t  <\/div>\n\t\t\t\t\t\t  <div class=\"relatedthumb \" style=\"width:125px;float:left;overflow:hidden;\">  \n\t\t\t\t\t\t\t  \n\t\t\t\t\t\t\t  <a  href=\"https:\/\/redept.com.br\/blogosfera\/gustavo-petro-vai-assumir-comando-do-pacto-historico-apos-deixar-presidencia-da-colombia\/\"  >\n\t\t\t\t\t\t\t\t\t  <div class=\"yuzo-img-wrap \" style=\"width: 125px;height:90px;\">\n\t\t\t\t\t\t\t\t\t\t\n\t\t\t\t\t\t\t\t\t\t<div class=\"yuzo-img\" style=\"background:url('https:\/\/redept.org\/blogosfera\/wp-content\/plugins\/yuzo-related-post\/assets\/images\/default.png') 50% 50% no-repeat;width: 125px;height:90px;margin-bottom: 5px;background-size: cover; \"><\/div>\n\t\t\t\t\t\t\t\t\t  <\/div>\n\t\t\t\t\t\t\t\t\t  \n\t\t\t\t\t\t\t\t   <span class=\"yuzo__text--title\" style=\"font-size:13px;\">Gustavo Petro vai assumir comando do Pacto Hist\u00f3ri...<\/span>\n\t\t\t\t\t\t\t  \n\t\t\t\t\t\t\t  \n\t\t\t\t\t\t\t  <\/a>\n\n\t\t\t\t\t\t  <\/div>\n\t\t\t\t\t\t  <div class=\"relatedthumb \" style=\"width:125px;float:left;overflow:hidden;\">  \n\t\t\t\t\t\t\t  \n\t\t\t\t\t\t\t  <a  href=\"https:\/\/redept.com.br\/blogosfera\/papa-retoma-contato-com-unico-paroco-de-gaza-em-meio-a-nova-ofensiva-de-israel\/\"  >\n\t\t\t\t\t\t\t\t\t  <div class=\"yuzo-img-wrap \" style=\"width: 125px;height:90px;\">\n\t\t\t\t\t\t\t\t\t\t\n\t\t\t\t\t\t\t\t\t\t<div class=\"yuzo-img\" style=\"background:url('https:\/\/redept.com.br\/blogosfera\/wp-content\/uploads\/2025\/09\/whatsapp-image-2025-09-09-at-154855-150x150.jpeg') 50% 50% no-repeat;width: 125px;height:90px;margin-bottom: 5px;background-size: cover; \"><\/div>\n\t\t\t\t\t\t\t\t\t  <\/div>\n\t\t\t\t\t\t\t\t\t  \n\t\t\t\t\t\t\t\t   <span class=\"yuzo__text--title\" style=\"font-size:13px;\">Papa retoma contato com \u00fanico p\u00e1roco de Gaza em me...<\/span>\n\t\t\t\t\t\t\t  \n\t\t\t\t\t\t\t  \n\t\t\t\t\t\t\t  <\/a>\n\n\t\t\t\t\t\t  <\/div>\n<\/div> <script>\n\t\t\t\t\t\t  jQuery(document).ready(function( $ ){\n\t\t\t\t\t\t\t\/\/jQuery('.yuzo_related_post').equalizer({ overflow : 'relatedthumb' });\n\t\t\t\t\t\t\tjQuery('.yuzo_related_post .yuzo_wraps').equalizer({ columns : '> div' });\n\t\t\t\t\t\t   })\n\t\t\t\t\t\t  <\/script> <!-- End Yuzo :) -->","protected":false},"excerpt":{"rendered":"<p>O acordo comercial entre o Mercosul e a Uni\u00e3o Europeia est\u00e1 sendo negociado a &#8220;portas fechadas&#8221; pela Comiss\u00e3o Europeia e pode ser anunciado na pr\u00f3xima sexta-feira (6) durante a C\u00fapula do Mercosul em Montevid\u00e9u, capital do Uruguai.\u00a0Atualmente presidido por Ursula Von der Leyen, a comiss\u00e3o negocia em nome dos pa\u00edses europeus h\u00e1 mais de duas [&hellip;]<\/p>\n","protected":false},"author":2,"featured_media":0,"comment_status":"closed","ping_status":"closed","sticky":false,"template":"","format":"standard","meta":{"fifu_image_url":"","fifu_image_alt":"","footnotes":""},"categories":[1],"tags":[],"class_list":["post-7341","post","type-post","status-publish","format-standard","hentry","category-uncategorized"],"_links":{"self":[{"href":"https:\/\/redept.com.br\/blogosfera\/wp-json\/wp\/v2\/posts\/7341","targetHints":{"allow":["GET"]}}],"collection":[{"href":"https:\/\/redept.com.br\/blogosfera\/wp-json\/wp\/v2\/posts"}],"about":[{"href":"https:\/\/redept.com.br\/blogosfera\/wp-json\/wp\/v2\/types\/post"}],"author":[{"embeddable":true,"href":"https:\/\/redept.com.br\/blogosfera\/wp-json\/wp\/v2\/users\/2"}],"replies":[{"embeddable":true,"href":"https:\/\/redept.com.br\/blogosfera\/wp-json\/wp\/v2\/comments?post=7341"}],"version-history":[{"count":0,"href":"https:\/\/redept.com.br\/blogosfera\/wp-json\/wp\/v2\/posts\/7341\/revisions"}],"wp:attachment":[{"href":"https:\/\/redept.com.br\/blogosfera\/wp-json\/wp\/v2\/media?parent=7341"}],"wp:term":[{"taxonomy":"category","embeddable":true,"href":"https:\/\/redept.com.br\/blogosfera\/wp-json\/wp\/v2\/categories?post=7341"},{"taxonomy":"post_tag","embeddable":true,"href":"https:\/\/redept.com.br\/blogosfera\/wp-json\/wp\/v2\/tags?post=7341"}],"curies":[{"name":"wp","href":"https:\/\/api.w.org\/{rel}","templated":true}]}}