{"id":73415,"date":"2026-02-06T14:47:55","date_gmt":"2026-02-06T17:47:55","guid":{"rendered":"https:\/\/redept.com.br\/blogosfera\/governo-lula-encerra-no-rj-o-maior-conflito-fundiario-urbano-do-pais\/"},"modified":"2026-02-06T14:47:55","modified_gmt":"2026-02-06T17:47:55","slug":"governo-lula-encerra-no-rj-o-maior-conflito-fundiario-urbano-do-pais","status":"publish","type":"post","link":"https:\/\/redept.com.br\/blogosfera\/governo-lula-encerra-no-rj-o-maior-conflito-fundiario-urbano-do-pais\/","title":{"rendered":"Governo Lula encerra no RJ o maior conflito fundi\u00e1rio urbano do pa\u00eds"},"content":{"rendered":"<p><img fetchpriority=\"high\" width=\"1024\" height=\"576\"src=\"https:\/\/redept.com.br\/blogosfera\/wp-content\/uploads\/2026\/02\/HAbrlK6XYAAJ9Jg.jpg\" alt=\"\" decoding=\"async\" srcset=\"https:\/\/vermelho.org.br\/wp-content\/uploads\/2026\/02\/HAbrlK6XYAAJ9Jg-1024x576.jpg 1024w, https:\/\/vermelho.org.br\/wp-content\/uploads\/2026\/02\/HAbrlK6XYAAJ9Jg-300x169.jpg 300w, https:\/\/vermelho.org.br\/wp-content\/uploads\/2026\/02\/HAbrlK6XYAAJ9Jg-768x432.jpg 768w, https:\/\/redept.com.br\/blogosfera\/wp-content\/uploads\/2026\/02\/HAbrlK6XYAAJ9Jg.jpg 1280w\" sizes=\"(max-width: 1024px) 100vw, 1024px\"><\/p>\n<p>O governo Lula p\u00f4s fim ao maior conflito fundi\u00e1rio urbano do pa\u00eds ao formalizar, na quinta-feira (5), a doa\u00e7\u00e3o de uma \u00e1rea para que a Prefeitura de Teres\u00f3polis, no Rio de Janeiro, fa\u00e7a a regulariza\u00e7\u00e3o da posse da terra de tr\u00eas comunidades: Quinta Lebr\u00e3o, Fonte Santa e \u00c1lvaro Pan\u00e1.<\/p>\n<p>O territ\u00f3rio em quest\u00e3o \u00e9 considerado o maior conflito dessa ordem no Brasil pelo governo, em raz\u00e3o da grande escala populacional, da dura\u00e7\u00e3o hist\u00f3rica do conflito, do valor econ\u00f4mico da \u00e1rea e dos impactos sociais e urbanos inseridos em uma extensa complexidade jur\u00eddica.<\/p>\n<p>\u201cN\u00e3o h\u00e1 por que a Uni\u00e3o ficar com terrenos espalhados por este pa\u00eds, em alguns dos quais vivem pessoas em condi\u00e7\u00f5es prec\u00e1rias, quando \u00e9 poss\u00edvel fazer com que esses terrenos sejam entregues \u00e0s pessoas. Legalizar as terras e conceder o t\u00edtulo \u00e9 uma a\u00e7\u00e3o obrigat\u00f3ria e nobre do governo. Hoje \u00e9 um dia feliz para o povo de Teres\u00f3polis\u201d, destacou o presidente Lula, em ato no Pal\u00e1cio do Planalto.<\/p>\n<p><strong>Leia mais: <\/strong><a href=\"https:\/\/vermelho.org.br\/2026\/02\/05\/cabra-marcado-para-viver-elizabeth-a-terra-e-a-vitoria-tardia\/\">Cabra marcado para viver: Elizabeth, a terra e a vit\u00f3ria tardia<\/a><\/p>\n<p>O acordo judicial entre a Uni\u00e3o e a Prefeitura de Teres\u00f3polis foi firmado em 12 de dezembro passado. A iniciativa beneficia mais de 10 mil fam\u00edlias, que somam aproximadamente 35 mil pessoas, distribu\u00eddas em cerca de 4 mil lotes.<\/p>\n<p>Na cerim\u00f4nia, Mestre Bimbinho, do Quilombo da Serra, localizado na Quinta Lebr\u00e3o, celebrou a conquista do t\u00edtulo de propriedade para os moradores: \u201cAgora sim, agora posso afirmar que sou dono dessa terra. At\u00e9 ent\u00e3o, toda a comunidade vivia com o medo de, um dia, perder a terra\u201d, disse.<\/p>\n<p><strong>Regulariza\u00e7\u00e3o fundi\u00e1ria e urbaniza\u00e7\u00e3o<\/strong><\/p>\n<p>No processo de regulariza\u00e7\u00e3o fundi\u00e1ria, a Uni\u00e3o transfere (pelo programa Im\u00f3vel da Gente) o terreno ao munic\u00edpio de Teres\u00f3polis, que fica com a responsabilidade de desmembrar os lotes em cart\u00f3rio, regularizar as \u00e1reas e repassar os t\u00edtulos \u00e0s fam\u00edlias.<\/p>\n<p>J\u00e1 para efetivar a titula\u00e7\u00e3o das fam\u00edlias, por meio da Regulariza\u00e7\u00e3o Fundi\u00e1ria de Interesse Social (Reurb-S), o governo federal, pelo programa Periferia Viva, repassar\u00e1 para a municipalidade R$ 4,3 milh\u00f5es para custear o processo, que tamb\u00e9m conta com contrapartidas da Prefeitura. Em todo o pa\u00eds, o Novo PAC, pacote de investimentos pelo qual o Periferia Viva se articula, tem R$ 11,3 bilh\u00f5es destinados \u00e0 regulariza\u00e7\u00e3o fundi\u00e1ria e \u00e0 urbaniza\u00e7\u00e3o de favelas, informa o Planalto.<\/p>\n<p>Estiveram no ato, al\u00e9m de lideran\u00e7as das comunidades e parlamentares do Rio de Janeiro, o prefeito de Teres\u00f3polis, Leonardo Vasconcellos; a ministra da Gest\u00e3o e da Inova\u00e7\u00e3o em Servi\u00e7os P\u00fablicos (MGI), Esther Dweck; e o ministro das Cidades (MCid), Jader Barbalho Filho.<\/p>\n<p>O post <a href=\"https:\/\/vermelho.org.br\/2026\/02\/06\/governo-lula-encerra-no-rj-o-maior-conflito-fundiario-urbano-do-pais\/\">Governo Lula encerra no RJ o maior conflito fundi\u00e1rio urbano do pa\u00eds<\/a> apareceu primeiro em <a href=\"https:\/\/vermelho.org.br\/\">Vermelho<\/a>.<\/p>\n<!-- Begin Yuzo --><div class='yuzo_related_post style-1'  data-version='5.12.89'><!-- without result --><div class='yuzo_clearfixed yuzo__title yuzo__title'><h3>Related Post<\/h3><\/div>\n\t\t\t\t\t\t  <div class=\"relatedthumb \" style=\"width:125px;float:left;overflow:hidden;\">  \n\t\t\t\t\t\t\t  \n\t\t\t\t\t\t\t  <a  href=\"https:\/\/redept.com.br\/blogosfera\/camara-vota-isencao-de-ir-tarcisio-visita-bolsonaro-e-fachin-assume-stf-nesta-semana\/\"  >\n\t\t\t\t\t\t\t\t\t  <div class=\"yuzo-img-wrap \" style=\"width: 125px;height:90px;\">\n\t\t\t\t\t\t\t\t\t\t\n\t\t\t\t\t\t\t\t\t\t<div class=\"yuzo-img\" style=\"background:url('https:\/\/redept.org\/blogosfera\/wp-content\/plugins\/yuzo-related-post\/assets\/images\/default.png') 50% 50% no-repeat;width: 125px;height:90px;margin-bottom: 5px;background-size: cover; \"><\/div>\n\t\t\t\t\t\t\t\t\t  <\/div>\n\t\t\t\t\t\t\t\t\t  \n\t\t\t\t\t\t\t\t   <span class=\"yuzo__text--title\" style=\"font-size:13px;\">C\u00e2mara vota isen\u00e7\u00e3o de IR, Tarc\u00edsio visita Bolsona...<\/span>\n\t\t\t\t\t\t\t  \n\t\t\t\t\t\t\t  \n\t\t\t\t\t\t\t  <\/a>\n\n\t\t\t\t\t\t  <\/div>\n\t\t\t\t\t\t  <div class=\"relatedthumb \" style=\"width:125px;float:left;overflow:hidden;\">  \n\t\t\t\t\t\t\t  \n\t\t\t\t\t\t\t  <a  href=\"https:\/\/redept.com.br\/blogosfera\/bancarios-vao-ao-congresso-denunciar-as-fraudes-do-santander\/\"  >\n\t\t\t\t\t\t\t\t\t  <div class=\"yuzo-img-wrap \" style=\"width: 125px;height:90px;\">\n\t\t\t\t\t\t\t\t\t\t\n\t\t\t\t\t\t\t\t\t\t<div class=\"yuzo-img\" style=\"background:url('https:\/\/redept.org\/blogosfera\/wp-content\/plugins\/yuzo-related-post\/assets\/images\/default.png') 50% 50% no-repeat;width: 125px;height:90px;margin-bottom: 5px;background-size: cover; \"><\/div>\n\t\t\t\t\t\t\t\t\t  <\/div>\n\t\t\t\t\t\t\t\t\t  \n\t\t\t\t\t\t\t\t   <span class=\"yuzo__text--title\" style=\"font-size:13px;\">Banc\u00e1rios v\u00e3o ao Congresso denunciar as fraudes do...<\/span>\n\t\t\t\t\t\t\t  \n\t\t\t\t\t\t\t  \n\t\t\t\t\t\t\t  <\/a>\n\n\t\t\t\t\t\t  <\/div>\n\t\t\t\t\t\t  <div class=\"relatedthumb \" style=\"width:125px;float:left;overflow:hidden;\">  \n\t\t\t\t\t\t\t  \n\t\t\t\t\t\t\t  <a  href=\"https:\/\/redept.com.br\/blogosfera\/apos-30-dias-de-ocupacao-governo-revoga-lei-que-ameacava-ensino-presencial-em-comunidades-indigenas-do-para\/\"  >\n\t\t\t\t\t\t\t\t\t  <div class=\"yuzo-img-wrap \" style=\"width: 125px;height:90px;\">\n\t\t\t\t\t\t\t\t\t\t\n\t\t\t\t\t\t\t\t\t\t<div class=\"yuzo-img\" style=\"background:url('https:\/\/redept.org\/blogosfera\/wp-content\/plugins\/yuzo-related-post\/assets\/images\/default.png') 50% 50% no-repeat;width: 125px;height:90px;margin-bottom: 5px;background-size: cover; \"><\/div>\n\t\t\t\t\t\t\t\t\t  <\/div>\n\t\t\t\t\t\t\t\t\t  \n\t\t\t\t\t\t\t\t   <span class=\"yuzo__text--title\" style=\"font-size:13px;\">Ap\u00f3s 30 dias de ocupa\u00e7\u00e3o, governo revoga lei que a...<\/span>\n\t\t\t\t\t\t\t  \n\t\t\t\t\t\t\t  \n\t\t\t\t\t\t\t  <\/a>\n\n\t\t\t\t\t\t  <\/div>\n\t\t\t\t\t\t  <div class=\"relatedthumb \" style=\"width:125px;float:left;overflow:hidden;\">  \n\t\t\t\t\t\t\t  \n\t\t\t\t\t\t\t  <a  href=\"https:\/\/redept.com.br\/blogosfera\/braga-netto-fratura-dente-na-cadeia-e-exercito-pede-ao-stf-liberacao-para-serie-de-exames-medicos\/\"  >\n\t\t\t\t\t\t\t\t\t  <div class=\"yuzo-img-wrap \" style=\"width: 125px;height:90px;\">\n\t\t\t\t\t\t\t\t\t\t\n\t\t\t\t\t\t\t\t\t\t<div class=\"yuzo-img\" style=\"background:url('https:\/\/redept.org\/blogosfera\/wp-content\/plugins\/yuzo-related-post\/assets\/images\/default.png') 50% 50% no-repeat;width: 125px;height:90px;margin-bottom: 5px;background-size: cover; \"><\/div>\n\t\t\t\t\t\t\t\t\t  <\/div>\n\t\t\t\t\t\t\t\t\t  \n\t\t\t\t\t\t\t\t   <span class=\"yuzo__text--title\" style=\"font-size:13px;\">Braga Netto fratura dente na cadeia e Ex\u00e9rcito ped...<\/span>\n\t\t\t\t\t\t\t  \n\t\t\t\t\t\t\t  \n\t\t\t\t\t\t\t  <\/a>\n\n\t\t\t\t\t\t  <\/div>\n<\/div> <script>\n\t\t\t\t\t\t  jQuery(document).ready(function( $ ){\n\t\t\t\t\t\t\t\/\/jQuery('.yuzo_related_post').equalizer({ overflow : 'relatedthumb' });\n\t\t\t\t\t\t\tjQuery('.yuzo_related_post .yuzo_wraps').equalizer({ columns : '> div' });\n\t\t\t\t\t\t   })\n\t\t\t\t\t\t  <\/script> <!-- End Yuzo :) -->","protected":false},"excerpt":{"rendered":"<p>O governo Lula p\u00f4s fim ao maior conflito fundi\u00e1rio urbano do pa\u00eds ao formalizar, na quinta-feira (5), a doa\u00e7\u00e3o de uma \u00e1rea para que a Prefeitura de Teres\u00f3polis, no Rio de Janeiro, fa\u00e7a a regulariza\u00e7\u00e3o da posse da terra de tr\u00eas comunidades: Quinta Lebr\u00e3o, Fonte Santa e \u00c1lvaro Pan\u00e1. O territ\u00f3rio em quest\u00e3o \u00e9 considerado [&hellip;]<\/p>\n","protected":false},"author":2,"featured_media":0,"comment_status":"open","ping_status":"closed","sticky":false,"template":"","format":"standard","meta":{"fifu_image_url":"","fifu_image_alt":"","footnotes":""},"categories":[3033,17,8975,112,2383,132,2385,49,34058],"tags":[],"class_list":["post-73415","post","type-post","status-publish","format-standard","hentry","category-conflito-fundiario","category-governo-lula","category-imovel-da-gente","category-lula","category-periferia-viva","category-politica","category-regularizacao-fundiaria","category-rio-de-janeiro","category-teresopolis"],"_links":{"self":[{"href":"https:\/\/redept.com.br\/blogosfera\/wp-json\/wp\/v2\/posts\/73415","targetHints":{"allow":["GET"]}}],"collection":[{"href":"https:\/\/redept.com.br\/blogosfera\/wp-json\/wp\/v2\/posts"}],"about":[{"href":"https:\/\/redept.com.br\/blogosfera\/wp-json\/wp\/v2\/types\/post"}],"author":[{"embeddable":true,"href":"https:\/\/redept.com.br\/blogosfera\/wp-json\/wp\/v2\/users\/2"}],"replies":[{"embeddable":true,"href":"https:\/\/redept.com.br\/blogosfera\/wp-json\/wp\/v2\/comments?post=73415"}],"version-history":[{"count":0,"href":"https:\/\/redept.com.br\/blogosfera\/wp-json\/wp\/v2\/posts\/73415\/revisions"}],"wp:attachment":[{"href":"https:\/\/redept.com.br\/blogosfera\/wp-json\/wp\/v2\/media?parent=73415"}],"wp:term":[{"taxonomy":"category","embeddable":true,"href":"https:\/\/redept.com.br\/blogosfera\/wp-json\/wp\/v2\/categories?post=73415"},{"taxonomy":"post_tag","embeddable":true,"href":"https:\/\/redept.com.br\/blogosfera\/wp-json\/wp\/v2\/tags?post=73415"}],"curies":[{"name":"wp","href":"https:\/\/api.w.org\/{rel}","templated":true}]}}