{"id":7344,"date":"2024-12-05T14:27:35","date_gmt":"2024-12-05T17:27:35","guid":{"rendered":"https:\/\/redept.org\/blogosfera\/lula-fala-em-pib-de-35-que-pode-chegar-a-4-para-este-ano\/"},"modified":"2024-12-05T14:27:35","modified_gmt":"2024-12-05T17:27:35","slug":"lula-fala-em-pib-de-35-que-pode-chegar-a-4-para-este-ano","status":"publish","type":"post","link":"https:\/\/redept.com.br\/blogosfera\/lula-fala-em-pib-de-35-que-pode-chegar-a-4-para-este-ano\/","title":{"rendered":"Lula fala em PIB de 3,5%, que pode chegar a 4%, para este ano"},"content":{"rendered":"<p><img loading=\"lazy\" width=\"1024\" height=\"530\"src=\"https:\/\/redept.org\/blogosfera\/wp-content\/uploads\/2024\/12\/54184168597_b3e8b02efe_k.jpg\" alt=\"\" decoding=\"async\" loading=\"lazy\" srcset=\"https:\/\/vermelho.org.br\/wp-content\/uploads\/2024\/12\/54184168597_b3e8b02efe_k-1024x530.jpg 1024w, https:\/\/vermelho.org.br\/wp-content\/uploads\/2024\/12\/54184168597_b3e8b02efe_k-300x155.jpg 300w, https:\/\/vermelho.org.br\/wp-content\/uploads\/2024\/12\/54184168597_b3e8b02efe_k-768x397.jpg 768w, https:\/\/vermelho.org.br\/wp-content\/uploads\/2024\/12\/54184168597_b3e8b02efe_k-1536x794.jpg 1536w, https:\/\/redept.org\/blogosfera\/wp-content\/uploads\/2024\/12\/54184168597_b3e8b02efe_k.jpg 2048w\" sizes=\"auto, (max-width: 1024px) 100vw, 1024px\"><\/p>\n<p>O presidente Lula esteve na inaugura\u00e7\u00e3o de uma f\u00e1brica de celulose, nesta quinta-feira (5), em Ribas do Rio Pardo, no Mato Grosso do Sul. A cidade que fica a 98 Km de Campo Grande agora abriga a maior linha \u00fanica de produ\u00e7\u00e3o de celulose do mundo, pertencente ao grupo Suzano Papel e Celulose.<\/p>\n<p>Na oportunidade, o presidente iniciou sua fala incitando os presentes a indicarem alguma grande obra feita no estado pelos dois presidentes anteriores: \u201cEu duvido que algu\u00e9m consiga me apresentar uma obra estruturante no Mato Grosso do Sul nos \u00faltimos sete anos [anteriores a 2023]. Nem o mais fan\u00e1tico defensor do governo passado, eu duvido que apresente uma obra estruturante feita aqui\u201d, exclamou Lula, ao indicar que quando assumiu o atual mandato chamou todos os governadores para indicarem as 5 principais obras para entrarem no Novo PAC (Plano de Acelera\u00e7\u00e3o do Crescimento), assim como prefeitos, para participarem do <a href=\"https:\/\/vermelho.org.br\/2023\/09\/27\/estados-e-municipios-receberao-r-652-bilhoes-pelo-novo-pac-selecoes\/\">PAC Sele\u00e7\u00f5es.<\/a><\/p>\n<p>Na sequ\u00eancia, o presidente falou sobre os recentes <a href=\"https:\/\/vermelho.org.br\/2024\/12\/03\/pib-do-brasil-no-3o-trimestre-tem-alta-de-09-revela-ibge\/\">resultados positivos do PIB nacional,<\/a> e indicou que o crescimento econ\u00f4mico do ano pode fechar entre 3,5% e 4%.<\/p>\n<p><strong>Leia mais:<\/strong> <a href=\"https:\/\/vermelho.org.br\/2024\/12\/03\/fabrica-mais-moderna-de-carro-eletrico-fora-da-china-comeca-a-operar-em-marco-na-ba\/\">F\u00e1brica mais moderna de carro el\u00e9trico fora da China come\u00e7a a operar em mar\u00e7o na BA<\/a><\/p>\n<p>\u201cEu comecei o ano, em janeiro de 2023, com o FMI me comunicando, em Hiroshima no Jap\u00e3o, por sua diretora Geral, que a economia brasileira iria crescer em 2023 apenas 0,8%. Eu disse para ela: a senhora pode conhecer muito do FMI, mas n\u00e3o conhece o Brasil. O que aconteceu de fato. Essa semana o IBGE publicou a corre\u00e7\u00e3o do <a href=\"https:\/\/vermelho.org.br\/2024\/12\/03\/ibge-eleva-para-32-o-crescimento-do-pib-de-2023\/\">crescimento do PIB brasileiro que foi de 3,2%,<\/a> quatro vezes a mais do que foi previsto pelo FMI\u201d, afirmou.<\/p>\n<p>\u201cAgora, outra vez, algumas pessoas do mercado come\u00e7aram a anunciar na imprensa que a economia brasileira n\u00e3o iria crescer mais que 1,5%. Para nossa bela sorte a economia brasileira vai crescer nesse ano 3,5% e se tomar cuidado pode chegar a 4%, \u00e9 um dos maiores crescimentos entre todos os pa\u00edses do mundo\u201d, completou o presidente, ao destacar medidas feitas para distribui\u00e7\u00e3o dessa riqueza, o aumento real do sal\u00e1rio m\u00ednimo e da massa salarial dos trabalhadores.<\/p>\n<p>Sobre uma recente pesquisa feita com operadores do mercado financeiro, que sistematicamente imp\u00f5e sua prefer\u00eancia pelo rentismo por meio do Boletim Focus e influenciam com isso a eleva\u00e7\u00e3o da taxa de juros (Selic), Lula brincou ao apontar que tem avan\u00e7ado na prefer\u00eancia do grupo ao j\u00e1 conquistar 10% dele.<\/p>\n<p>\u201cOntem saiu uma pesquisa em que 90% do mercado financeiro, aqueles que comp\u00f5em a Faria Lima, s\u00e3o contra o meu governo. Eu j\u00e1 ganhei 10%, porque nas elei\u00e7\u00f5es eles eram 100%. Ent\u00e3o eu j\u00e1 cresci, ganhei 10% deles\u201d, disse o presidente.<\/p>\n<p>Ap\u00f3s o evento, o <a href=\"https:\/\/vermelho.org.br\/2024\/12\/02\/lula-retoma-viagens-internacionais-com-ida-a-montevideu-para-o-mercosul\/\">presidente viaja rumo ao Uruguai,<\/a> para a reuni\u00e3o de Chefes de Estado do Mercosul, onde espera obter avan\u00e7os para o an\u00fancio do acordo Mercosul-Uni\u00e3o Europeia.<\/p>\n<figure>\n<figure><img loading=\"lazy\" loading=\"lazy\" decoding=\"async\" width=\"800\" height=\"522\" data-id=\"707007\"src=\"https:\/\/redept.org\/blogosfera\/wp-content\/uploads\/2024\/12\/54184224327_e979b0101f_c.jpg\" alt=\"\" srcset=\"https:\/\/redept.org\/blogosfera\/wp-content\/uploads\/2024\/12\/54184224327_e979b0101f_c.jpg 800w, https:\/\/vermelho.org.br\/wp-content\/uploads\/2024\/12\/54184224327_e979b0101f_c-300x196.jpg 300w, https:\/\/vermelho.org.br\/wp-content\/uploads\/2024\/12\/54184224327_e979b0101f_c-768x501.jpg 768w\" sizes=\"auto, (max-width: 800px) 100vw, 800px\"><figcaption>Foto: Ricardo Stuckert\/PR<\/figcaption><\/figure>\n<figure><img loading=\"lazy\" loading=\"lazy\" decoding=\"async\" width=\"799\" height=\"425\" data-id=\"707008\"src=\"https:\/\/redept.org\/blogosfera\/wp-content\/uploads\/2024\/12\/54185381233_a8c9f0637b_c.jpg\" alt=\"\" srcset=\"https:\/\/redept.org\/blogosfera\/wp-content\/uploads\/2024\/12\/54185381233_a8c9f0637b_c.jpg 799w, https:\/\/vermelho.org.br\/wp-content\/uploads\/2024\/12\/54185381233_a8c9f0637b_c-300x160.jpg 300w, https:\/\/vermelho.org.br\/wp-content\/uploads\/2024\/12\/54185381233_a8c9f0637b_c-768x409.jpg 768w\" sizes=\"auto, (max-width: 799px) 100vw, 799px\"><figcaption>Foto: Ricardo Stuckert\/PR<\/figcaption><\/figure>\n<\/figure>\n<p><strong>F\u00e1brica de Celulose<\/strong><\/p>\n<p>Com a nova f\u00e1brica a Suzano passa de 10,9 milh\u00f5es para 13,5 milh\u00f5es de toneladas anuais de produ\u00e7\u00e3o de celulose, um aumento de mais de 20% na produ\u00e7\u00e3o atual.<\/p>\n<p>Na ocasi\u00e3o, diversas lideran\u00e7as estiveram presentes. O presidente do Conselho de Administra\u00e7\u00e3o da Suzano, David Feffer, celebrou o investimento de R$ 22,2 bilh\u00f5es feito na cidade, parte do projeto Cerrado da empresa: \u201c\u00c9 o maior investimento da Suzano em 100 anos de hist\u00f3ria\u201d.<\/p>\n<p>Tamb\u00e9m estivam presentes: o vice-presidente e ministro do Desenvolvimento, Ind\u00fastria, Com\u00e9rcio e Servi\u00e7os, Geraldo Alckmin; a ministra do Planejamento e Or\u00e7amento, Simone Tebet; os ministros a Casa Civil, Rui Costa; da Secretaria-Geral, Marcio Mac\u00eado; do Desenvolvimento Agr\u00e1rio, Paulo Teixeira; dos Transportes, Renan Filho; o governador do Mato Grosso do Sul, Eduardo Riedel; o prefeito de Ribas do Rio Pardo, Jo\u00e3o Alfredo Danieze; o diretor-presidente da Suzano, Beto Abreu; entre outros.<\/p>\n<div>\n<figure><img loading=\"lazy\" loading=\"lazy\" decoding=\"async\" width=\"800\" height=\"559\"src=\"https:\/\/redept.org\/blogosfera\/wp-content\/uploads\/2024\/12\/54185267223_08c652bc91_c-1.jpg\" alt=\"\" srcset=\"https:\/\/redept.org\/blogosfera\/wp-content\/uploads\/2024\/12\/54185267223_08c652bc91_c-1.jpg 800w, https:\/\/vermelho.org.br\/wp-content\/uploads\/2024\/12\/54185267223_08c652bc91_c-1-300x210.jpg 300w, https:\/\/vermelho.org.br\/wp-content\/uploads\/2024\/12\/54185267223_08c652bc91_c-1-768x537.jpg 768w\" sizes=\"auto, (max-width: 800px) 100vw, 800px\"><figcaption>F\u00e1brica inaugurada. Foto: Ricardo Stuckert\/PR<\/figcaption><\/figure>\n<\/div>\n<p>O post <a href=\"https:\/\/vermelho.org.br\/2024\/12\/05\/lula-fala-em-pib-de-35-que-pode-chegar-a-4-para-este-ano\/\">Lula fala em PIB de 3,5%, que pode chegar a 4%, para este ano<\/a> apareceu primeiro em <a href=\"https:\/\/vermelho.org.br\/\">Vermelho<\/a>.<\/p>\n<!-- Begin Yuzo --><div class='yuzo_related_post style-1'  data-version='5.12.89'><!-- without result --><div class='yuzo_clearfixed yuzo__title yuzo__title'><h3>Related Post<\/h3><\/div>\n\t\t\t\t\t\t  <div class=\"relatedthumb \" style=\"width:125px;float:left;overflow:hidden;\">  \n\t\t\t\t\t\t\t  \n\t\t\t\t\t\t\t  <a  href=\"https:\/\/redept.com.br\/blogosfera\/lula-quer-saber-de-motta-por-que-derrite-e-relator-da-lei-antifaccao\/\"  >\n\t\t\t\t\t\t\t\t\t  <div class=\"yuzo-img-wrap \" style=\"width: 125px;height:90px;\">\n\t\t\t\t\t\t\t\t\t\t\n\t\t\t\t\t\t\t\t\t\t<div class=\"yuzo-img\" style=\"background:url('https:\/\/redept.org\/blogosfera\/wp-content\/plugins\/yuzo-related-post\/assets\/images\/default.png') 50% 50% no-repeat;width: 125px;height:90px;margin-bottom: 5px;background-size: cover; \"><\/div>\n\t\t\t\t\t\t\t\t\t  <\/div>\n\t\t\t\t\t\t\t\t\t  \n\t\t\t\t\t\t\t\t   <span class=\"yuzo__text--title\" style=\"font-size:13px;\">Lula quer saber de Motta por que Derrite \u00e9 relator...<\/span>\n\t\t\t\t\t\t\t  \n\t\t\t\t\t\t\t  \n\t\t\t\t\t\t\t  <\/a>\n\n\t\t\t\t\t\t  <\/div>\n\t\t\t\t\t\t  <div class=\"relatedthumb \" style=\"width:125px;float:left;overflow:hidden;\">  \n\t\t\t\t\t\t\t  \n\t\t\t\t\t\t\t  <a  href=\"https:\/\/redept.com.br\/blogosfera\/em-resposta-a-trump-ira-diz-voce-pode-comecar-esta-guerra-mas-nos-a-terminaremos\/\"  >\n\t\t\t\t\t\t\t\t\t  <div class=\"yuzo-img-wrap \" style=\"width: 125px;height:90px;\">\n\t\t\t\t\t\t\t\t\t\t\n\t\t\t\t\t\t\t\t\t\t<div class=\"yuzo-img\" style=\"background:url('https:\/\/redept.org\/blogosfera\/wp-content\/plugins\/yuzo-related-post\/assets\/images\/default.png') 50% 50% no-repeat;width: 125px;height:90px;margin-bottom: 5px;background-size: cover; \"><\/div>\n\t\t\t\t\t\t\t\t\t  <\/div>\n\t\t\t\t\t\t\t\t\t  \n\t\t\t\t\t\t\t\t   <span class=\"yuzo__text--title\" style=\"font-size:13px;\">Em resposta a Trump, Ir\u00e3 diz: \u201cVoc\u00ea pode come\u00e7ar e...<\/span>\n\t\t\t\t\t\t\t  \n\t\t\t\t\t\t\t  \n\t\t\t\t\t\t\t  <\/a>\n\n\t\t\t\t\t\t  <\/div>\n\t\t\t\t\t\t  <div class=\"relatedthumb \" style=\"width:125px;float:left;overflow:hidden;\">  \n\t\t\t\t\t\t\t  \n\t\t\t\t\t\t\t  <a  href=\"https:\/\/redept.com.br\/blogosfera\/bolsa-atleta-bate-recorde-com-92-mil-beneficiados-e-cria-categoria-com-foco-nas-olimpiadas-de-2028\/\"  >\n\t\t\t\t\t\t\t\t\t  <div class=\"yuzo-img-wrap \" style=\"width: 125px;height:90px;\">\n\t\t\t\t\t\t\t\t\t\t\n\t\t\t\t\t\t\t\t\t\t<div class=\"yuzo-img\" style=\"background:url('https:\/\/redept.org\/blogosfera\/wp-content\/plugins\/yuzo-related-post\/assets\/images\/default.png') 50% 50% no-repeat;width: 125px;height:90px;margin-bottom: 5px;background-size: cover; \"><\/div>\n\t\t\t\t\t\t\t\t\t  <\/div>\n\t\t\t\t\t\t\t\t\t  \n\t\t\t\t\t\t\t\t   <span class=\"yuzo__text--title\" style=\"font-size:13px;\">Bolsa Atleta bate recorde com 9,2 mil beneficiados...<\/span>\n\t\t\t\t\t\t\t  \n\t\t\t\t\t\t\t  \n\t\t\t\t\t\t\t  <\/a>\n\n\t\t\t\t\t\t  <\/div>\n\t\t\t\t\t\t  <div class=\"relatedthumb \" style=\"width:125px;float:left;overflow:hidden;\">  \n\t\t\t\t\t\t\t  \n\t\t\t\t\t\t\t  <a  href=\"https:\/\/redept.com.br\/blogosfera\/o-cerco-se-fecha-bolsonaro-liderou-tentativa-de-golpe-conclui-pf\/\"  >\n\t\t\t\t\t\t\t\t\t  <div class=\"yuzo-img-wrap \" style=\"width: 125px;height:90px;\">\n\t\t\t\t\t\t\t\t\t\t\n\t\t\t\t\t\t\t\t\t\t<div class=\"yuzo-img\" style=\"background:url('https:\/\/redept.org\/blogosfera\/wp-content\/plugins\/yuzo-related-post\/assets\/images\/default.png') 50% 50% no-repeat;width: 125px;height:90px;margin-bottom: 5px;background-size: cover; \"><\/div>\n\t\t\t\t\t\t\t\t\t  <\/div>\n\t\t\t\t\t\t\t\t\t  \n\t\t\t\t\t\t\t\t   <span class=\"yuzo__text--title\" style=\"font-size:13px;\">O cerco se fecha: Bolsonaro liderou tentativa de g...<\/span>\n\t\t\t\t\t\t\t  \n\t\t\t\t\t\t\t  \n\t\t\t\t\t\t\t  <\/a>\n\n\t\t\t\t\t\t  <\/div>\n<\/div> <script>\n\t\t\t\t\t\t  jQuery(document).ready(function( $ ){\n\t\t\t\t\t\t\t\/\/jQuery('.yuzo_related_post').equalizer({ overflow : 'relatedthumb' });\n\t\t\t\t\t\t\tjQuery('.yuzo_related_post .yuzo_wraps').equalizer({ columns : '> div' });\n\t\t\t\t\t\t   })\n\t\t\t\t\t\t  <\/script> <!-- End Yuzo :) -->","protected":false},"excerpt":{"rendered":"<p>O presidente Lula esteve na inaugura\u00e7\u00e3o de uma f\u00e1brica de celulose, nesta quinta-feira (5), em Ribas do Rio Pardo, no Mato Grosso do Sul. A cidade que fica a 98 Km de Campo Grande agora abriga a maior linha \u00fanica de produ\u00e7\u00e3o de celulose do mundo, pertencente ao grupo Suzano Papel e Celulose. Na oportunidade, [&hellip;]<\/p>\n","protected":false},"author":2,"featured_media":7345,"comment_status":"closed","ping_status":"closed","sticky":false,"template":"","format":"standard","meta":{"fifu_image_url":"","fifu_image_alt":"","footnotes":""},"categories":[2524,112,759,132,2525,2526],"tags":[],"class_list":["post-7344","post","type-post","status-publish","format-standard","has-post-thumbnail","hentry","category-fabrica-de-celulose","category-lula","category-mato-grosso-do-sul","category-politica","category-ribas-do-rio-pardo","category-suzano-papel-e-celulose"],"_links":{"self":[{"href":"https:\/\/redept.com.br\/blogosfera\/wp-json\/wp\/v2\/posts\/7344","targetHints":{"allow":["GET"]}}],"collection":[{"href":"https:\/\/redept.com.br\/blogosfera\/wp-json\/wp\/v2\/posts"}],"about":[{"href":"https:\/\/redept.com.br\/blogosfera\/wp-json\/wp\/v2\/types\/post"}],"author":[{"embeddable":true,"href":"https:\/\/redept.com.br\/blogosfera\/wp-json\/wp\/v2\/users\/2"}],"replies":[{"embeddable":true,"href":"https:\/\/redept.com.br\/blogosfera\/wp-json\/wp\/v2\/comments?post=7344"}],"version-history":[{"count":0,"href":"https:\/\/redept.com.br\/blogosfera\/wp-json\/wp\/v2\/posts\/7344\/revisions"}],"wp:featuredmedia":[{"embeddable":true,"href":"https:\/\/redept.com.br\/blogosfera\/wp-json\/wp\/v2\/media\/7345"}],"wp:attachment":[{"href":"https:\/\/redept.com.br\/blogosfera\/wp-json\/wp\/v2\/media?parent=7344"}],"wp:term":[{"taxonomy":"category","embeddable":true,"href":"https:\/\/redept.com.br\/blogosfera\/wp-json\/wp\/v2\/categories?post=7344"},{"taxonomy":"post_tag","embeddable":true,"href":"https:\/\/redept.com.br\/blogosfera\/wp-json\/wp\/v2\/tags?post=7344"}],"curies":[{"name":"wp","href":"https:\/\/api.w.org\/{rel}","templated":true}]}}