{"id":7359,"date":"2024-12-05T15:29:37","date_gmt":"2024-12-05T18:29:37","guid":{"rendered":"https:\/\/redept.org\/blogosfera\/deputados-questionam-criacao-de-ouvidoria-do-derrite-na-pm\/"},"modified":"2024-12-05T15:29:37","modified_gmt":"2024-12-05T18:29:37","slug":"deputados-questionam-criacao-de-ouvidoria-do-derrite-na-pm","status":"publish","type":"post","link":"https:\/\/redept.com.br\/blogosfera\/deputados-questionam-criacao-de-ouvidoria-do-derrite-na-pm\/","title":{"rendered":"Deputados questionam cria\u00e7\u00e3o de \u201cOuvidoria do Derrite\u201d na PM"},"content":{"rendered":"<p>Os deputados estaduais Eduardo Suplicy e Beth Sah\u00e3o, ambos do PT, protocolaram nesta semana um requerimento direcionado ao secret\u00e1rio estadual de Seguran\u00e7a P\u00fablica de S\u00e3o Paulo, Guilherme Derrite, solicitando esclarecimentos sobre a cria\u00e7\u00e3o de uma segunda <a href=\"https:\/\/tvtnews.com.br\/oab-denuncia-a-criacao-de-ouvidoria-paralela-da-pm-de-sp\/\">Ouvidoria da Pol\u00edcia<\/a>. A medida, oficializada pela Resolu\u00e7\u00e3o SSP n\u00ba 66\/2024, tem gerado pol\u00eamica e vem sendo chamada por cr\u00edticos de \u201cOuvidoria paralela\u201d ou \u201cOuvidoria do Derrite\u201d.<\/p>\n<p>A proposta questiona a duplicidade de fun\u00e7\u00f5es, uma vez que j\u00e1 existe a <a href=\"https:\/\/www.ssp.sp.gov.br\/ouvidoria\" target=\"_blank\" rel=\"noopener noreferrer nofollow\">Ouvidoria da Pol\u00edcia do Estado de S\u00e3o Paulo<\/a>, criada pela Lei Complementar n\u00ba 826\/1997, com independ\u00eancia funcional assegurada e atribui\u00e7\u00f5es claramente estabelecidas.<\/p>\n<figure>\n<div>\n<blockquote data-secret=\"8IklB6R4vl\"><p><a href=\"https:\/\/tvtnews.com.br\/oab-denuncia-a-criacao-de-ouvidoria-paralela-da-pm-de-sp\/\">OAB denuncia a cria\u00e7\u00e3o de ouvidoria paralela da PM de SP<\/a><\/p><\/blockquote>\n<\/div>\n<\/figure>\n<h2>Ouvidoria paralela<\/h2>\n<p>No documento protocolado, os parlamentares pedem que o secret\u00e1rio apresente a justificativa t\u00e9cnica e administrativa para a cria\u00e7\u00e3o da nova Ouvidoria, al\u00e9m de requisitarem c\u00f3pias de eventuais estudos pr\u00e9vios que apontem a necessidade do novo \u00f3rg\u00e3o. Eles tamb\u00e9m solicitam que sejam detalhadas as fun\u00e7\u00f5es atribu\u00eddas \u00e0 nova Ouvidoria e esclarecido se houve consulta ao atual Ouvidor da Pol\u00edcia ou ao Conselho Estadual de Defesa dos Direitos da Pessoa Humana (Condepe) antes da publica\u00e7\u00e3o da resolu\u00e7\u00e3o.<\/p>\n<p>Suplicy e Beth Sah\u00e3o destacam que a duplicidade pode comprometer a efici\u00eancia da Ouvidoria da Pol\u00edcia, cuja principal miss\u00e3o \u00e9 investigar abusos e irregularidades cometidos pelas for\u00e7as de seguran\u00e7a. \u201cAl\u00e9m disso, essa sobreposi\u00e7\u00e3o pode gerar uma carga administrativa e or\u00e7ament\u00e1ria injustificada, com atividades redundantes\u201d, afirmam os parlamentares.<\/p>\n<h3>Letalidade policial com Tarc\u00edsio e Derrite<\/h3>\n<p>O debate ocorre em um momento de preocupa\u00e7\u00e3o com a <a href=\"https:\/\/tvtnews.com.br\/policial-joga-homem-ponte-sp-outro-baleado-costas\/\">viol\u00eancia policial <\/a>em S\u00e3o Paulo. Dados do Grupo de Atua\u00e7\u00e3o Especial de Controle Externo da Atividade Policial (GAESP) do Minist\u00e9rio P\u00fablico apontam que, at\u00e9 17 de novembro deste ano, 673 pessoas foram mortas por policiais militares no estado, um aumento de 46% em rela\u00e7\u00e3o \u00e0s 460 mortes registradas ao longo de 2023.<\/p>\n<p>Para Suplicy e Sah\u00e3o, as mudan\u00e7as na estrutura da Ouvidoria podem enfraquecer sua autonomia, dificultando a apura\u00e7\u00e3o de casos de abuso em um cen\u00e1rio de crescente letalidade policial. \u201cEssas altera\u00e7\u00f5es fragilizam os princ\u00edpios da transpar\u00eancia e do controle social sobre a Administra\u00e7\u00e3o P\u00fablica\u201d, criticam.<\/p>\n<h3>Poss\u00edveis desdobramentos<\/h3>\n<p>A cria\u00e7\u00e3o da nova Ouvidoria tem gerado debates sobre sua motiva\u00e7\u00e3o e impacto. Cr\u00edticos alegam que a medida pode enfraquecer a independ\u00eancia da fiscaliza\u00e7\u00e3o sobre as for\u00e7as de seguran\u00e7a, levantando questionamentos sobre o compromisso do governo estadual com a transpar\u00eancia e os direitos humanos.<\/p>\n<p>A resposta do secret\u00e1rio Guilherme Derrite ao requerimento ser\u00e1 fundamental para esclarecer as inten\u00e7\u00f5es da pasta e avaliar se as mudan\u00e7as cumprem os princ\u00edpios constitucionais e administrativos. Enquanto isso, a sociedade civil e entidades de defesa dos direitos humanos permanecem atentas aos desdobramentos.<\/p>\n<\/p>\n<p>The post <a rel=\"nofollow\" href=\"https:\/\/tvtnews.com.br\/deputados-questionam-criacao-de-ouvidoria-do-derrite-na-pm\/\">Deputados questionam cria\u00e7\u00e3o de \u201cOuvidoria do Derrite\u201d na PM<\/a> appeared first on <a rel=\"nofollow\" href=\"https:\/\/tvtnews.com.br\/\">TVT News<\/a>.<\/p>\n<!-- Begin Yuzo --><div class='yuzo_related_post style-1'  data-version='5.12.89'><!-- without result --><div class='yuzo_clearfixed yuzo__title yuzo__title'><h3>Related Post<\/h3><\/div>\n\t\t\t\t\t\t  <div class=\"relatedthumb \" style=\"width:125px;float:left;overflow:hidden;\">  \n\t\t\t\t\t\t\t  \n\t\t\t\t\t\t\t  <a  href=\"https:\/\/redept.com.br\/blogosfera\/hezbollah-lanca-misseis-contra-israel-apos-bombardeios-que-mataram-civis-no-libano\/\"  >\n\t\t\t\t\t\t\t\t\t  <div class=\"yuzo-img-wrap \" style=\"width: 125px;height:90px;\">\n\t\t\t\t\t\t\t\t\t\t\n\t\t\t\t\t\t\t\t\t\t<div class=\"yuzo-img\" style=\"background:url('https:\/\/redept.com.br\/blogosfera\/wp-content\/uploads\/2026\/04\/lvl220260401014418-150x150.jpg') 50% 50% no-repeat;width: 125px;height:90px;margin-bottom: 5px;background-size: cover; \"><\/div>\n\t\t\t\t\t\t\t\t\t  <\/div>\n\t\t\t\t\t\t\t\t\t  \n\t\t\t\t\t\t\t\t   <span class=\"yuzo__text--title\" style=\"font-size:13px;\">Hezbollah lan\u00e7a m\u00edsseis contra Israel ap\u00f3s bombard...<\/span>\n\t\t\t\t\t\t\t  \n\t\t\t\t\t\t\t  \n\t\t\t\t\t\t\t  <\/a>\n\n\t\t\t\t\t\t  <\/div>\n\t\t\t\t\t\t  <div class=\"relatedthumb \" style=\"width:125px;float:left;overflow:hidden;\">  \n\t\t\t\t\t\t\t  \n\t\t\t\t\t\t\t  <a  href=\"https:\/\/redept.com.br\/blogosfera\/trabalhadoras-domesticas-baixos-salarios-cansaco-e-falta-de-reconhecimento\/\"  >\n\t\t\t\t\t\t\t\t\t  <div class=\"yuzo-img-wrap \" style=\"width: 125px;height:90px;\">\n\t\t\t\t\t\t\t\t\t\t\n\t\t\t\t\t\t\t\t\t\t<div class=\"yuzo-img\" style=\"background:url('https:\/\/redept.org\/blogosfera\/wp-content\/plugins\/yuzo-related-post\/assets\/images\/default.png') 50% 50% no-repeat;width: 125px;height:90px;margin-bottom: 5px;background-size: cover; \"><\/div>\n\t\t\t\t\t\t\t\t\t  <\/div>\n\t\t\t\t\t\t\t\t\t  \n\t\t\t\t\t\t\t\t   <span class=\"yuzo__text--title\" style=\"font-size:13px;\">Trabalhadoras dom\u00e9sticas: baixos sal\u00e1rios, cansa\u00e7o...<\/span>\n\t\t\t\t\t\t\t  \n\t\t\t\t\t\t\t  \n\t\t\t\t\t\t\t  <\/a>\n\n\t\t\t\t\t\t  <\/div>\n\t\t\t\t\t\t  <div class=\"relatedthumb \" style=\"width:125px;float:left;overflow:hidden;\">  \n\t\t\t\t\t\t\t  \n\t\t\t\t\t\t\t  <a  href=\"https:\/\/redept.com.br\/blogosfera\/apos-embate-entre-trump-e-petro-colombianos-deportados-pelos-eua-chegam-a-bogota-nao-somos-criminosos\/\"  >\n\t\t\t\t\t\t\t\t\t  <div class=\"yuzo-img-wrap \" style=\"width: 125px;height:90px;\">\n\t\t\t\t\t\t\t\t\t\t\n\t\t\t\t\t\t\t\t\t\t<div class=\"yuzo-img\" style=\"background:url('https:\/\/redept.org\/blogosfera\/wp-content\/plugins\/yuzo-related-post\/assets\/images\/default.png') 50% 50% no-repeat;width: 125px;height:90px;margin-bottom: 5px;background-size: cover; \"><\/div>\n\t\t\t\t\t\t\t\t\t  <\/div>\n\t\t\t\t\t\t\t\t\t  \n\t\t\t\t\t\t\t\t   <span class=\"yuzo__text--title\" style=\"font-size:13px;\">Ap\u00f3s embate entre Trump e Petro, colombianos depor...<\/span>\n\t\t\t\t\t\t\t  \n\t\t\t\t\t\t\t  \n\t\t\t\t\t\t\t  <\/a>\n\n\t\t\t\t\t\t  <\/div>\n\t\t\t\t\t\t  <div class=\"relatedthumb \" style=\"width:125px;float:left;overflow:hidden;\">  \n\t\t\t\t\t\t\t  \n\t\t\t\t\t\t\t  <a  href=\"https:\/\/redept.com.br\/blogosfera\/rogerio-apresenta-projetos-que-fortalecem-direitos-trabalhistas-e-modernizam-relacoes-de-trabalho\/\"  >\n\t\t\t\t\t\t\t\t\t  <div class=\"yuzo-img-wrap \" style=\"width: 125px;height:90px;\">\n\t\t\t\t\t\t\t\t\t\t\n\t\t\t\t\t\t\t\t\t\t<div class=\"yuzo-img\" style=\"background:url('https:\/\/redept.org\/blogosfera\/wp-content\/plugins\/yuzo-related-post\/assets\/images\/default.png') 50% 50% no-repeat;width: 125px;height:90px;margin-bottom: 5px;background-size: cover; \"><\/div>\n\t\t\t\t\t\t\t\t\t  <\/div>\n\t\t\t\t\t\t\t\t\t  \n\t\t\t\t\t\t\t\t   <span class=\"yuzo__text--title\" style=\"font-size:13px;\">Rog\u00e9rio apresenta projetos que fortalecem direitos...<\/span>\n\t\t\t\t\t\t\t  \n\t\t\t\t\t\t\t  \n\t\t\t\t\t\t\t  <\/a>\n\n\t\t\t\t\t\t  <\/div>\n<\/div> <script>\n\t\t\t\t\t\t  jQuery(document).ready(function( $ ){\n\t\t\t\t\t\t\t\/\/jQuery('.yuzo_related_post').equalizer({ overflow : 'relatedthumb' });\n\t\t\t\t\t\t\tjQuery('.yuzo_related_post .yuzo_wraps').equalizer({ columns : '> div' });\n\t\t\t\t\t\t   })\n\t\t\t\t\t\t  <\/script> <!-- End Yuzo :) -->","protected":false},"excerpt":{"rendered":"<p>Os deputados estaduais Eduardo Suplicy e Beth Sah\u00e3o, ambos do PT, protocolaram nesta semana um requerimento direcionado ao secret\u00e1rio estadual de Seguran\u00e7a P\u00fablica de S\u00e3o Paulo, Guilherme Derrite, solicitando esclarecimentos sobre a cria\u00e7\u00e3o de uma segunda Ouvidoria da Pol\u00edcia. A medida, oficializada pela Resolu\u00e7\u00e3o SSP n\u00ba 66\/2024, tem gerado pol\u00eamica e vem sendo chamada por [&hellip;]<\/p>\n","protected":false},"author":2,"featured_media":0,"comment_status":"closed","ping_status":"closed","sticky":false,"template":"","format":"standard","meta":{"fifu_image_url":"","fifu_image_alt":"","footnotes":""},"categories":[489,2099,132,506],"tags":[],"class_list":["post-7359","post","type-post","status-publish","format-standard","hentry","category-destaque-pequeno","category-pm","category-politica","category-violencia-policial"],"_links":{"self":[{"href":"https:\/\/redept.com.br\/blogosfera\/wp-json\/wp\/v2\/posts\/7359","targetHints":{"allow":["GET"]}}],"collection":[{"href":"https:\/\/redept.com.br\/blogosfera\/wp-json\/wp\/v2\/posts"}],"about":[{"href":"https:\/\/redept.com.br\/blogosfera\/wp-json\/wp\/v2\/types\/post"}],"author":[{"embeddable":true,"href":"https:\/\/redept.com.br\/blogosfera\/wp-json\/wp\/v2\/users\/2"}],"replies":[{"embeddable":true,"href":"https:\/\/redept.com.br\/blogosfera\/wp-json\/wp\/v2\/comments?post=7359"}],"version-history":[{"count":0,"href":"https:\/\/redept.com.br\/blogosfera\/wp-json\/wp\/v2\/posts\/7359\/revisions"}],"wp:attachment":[{"href":"https:\/\/redept.com.br\/blogosfera\/wp-json\/wp\/v2\/media?parent=7359"}],"wp:term":[{"taxonomy":"category","embeddable":true,"href":"https:\/\/redept.com.br\/blogosfera\/wp-json\/wp\/v2\/categories?post=7359"},{"taxonomy":"post_tag","embeddable":true,"href":"https:\/\/redept.com.br\/blogosfera\/wp-json\/wp\/v2\/tags?post=7359"}],"curies":[{"name":"wp","href":"https:\/\/api.w.org\/{rel}","templated":true}]}}