{"id":7362,"date":"2024-12-05T15:54:32","date_gmt":"2024-12-05T18:54:32","guid":{"rendered":"https:\/\/redept.org\/blogosfera\/crise-na-coreia-do-sul-quando-a-maquiagem-derrete-com-o-calor\/"},"modified":"2024-12-05T15:54:32","modified_gmt":"2024-12-05T18:54:32","slug":"crise-na-coreia-do-sul-quando-a-maquiagem-derrete-com-o-calor","status":"publish","type":"post","link":"https:\/\/redept.com.br\/blogosfera\/crise-na-coreia-do-sul-quando-a-maquiagem-derrete-com-o-calor\/","title":{"rendered":"Crise na Coreia do Sul: Quando a maquiagem derrete com o calor"},"content":{"rendered":"<p><img loading=\"lazy\" width=\"1024\" height=\"576\"src=\"https:\/\/redept.org\/blogosfera\/wp-content\/uploads\/2024\/12\/Foto-Anthony-Wallace-afp.jpg\" alt=\"\" decoding=\"async\" loading=\"lazy\" srcset=\"https:\/\/vermelho.org.br\/wp-content\/uploads\/2024\/12\/Foto-Anthony-Wallace-afp-1024x576.jpg 1024w, https:\/\/vermelho.org.br\/wp-content\/uploads\/2024\/12\/Foto-Anthony-Wallace-afp-300x169.jpg 300w, https:\/\/vermelho.org.br\/wp-content\/uploads\/2024\/12\/Foto-Anthony-Wallace-afp-768x432.jpg 768w, https:\/\/redept.org\/blogosfera\/wp-content\/uploads\/2024\/12\/Foto-Anthony-Wallace-afp.jpg 1280w\" sizes=\"auto, (max-width: 1024px) 100vw, 1024px\"><\/p>\n<p>De tudo que se diz e escreve sobre a tentativa frustrada de golpe de Estado na Coreia do Sul, pa\u00eds apontado como \u201cdemocr\u00e1tico\u201d pela m\u00eddia hegem\u00f4nica (o jornal\u00a0<em>O Globo<\/em>, desta quinta-feira, dia 5, fala em \u201cdemocracia vibrante\u201d) um aspecto \u00e9 pouco salientado: o presidente golpista, Yoon Suk-yeol, alegou, para a implementa\u00e7\u00e3o da lei marcial, a necessidade de \u201c<em>erradicar for\u00e7as pr\u00f3-Coreia do Norte e proteger a ordem constitucional livre<\/em>\u201d. Agora, me expliquem o seguinte: segundo a m\u00eddia atlantista (subordinada aos EUA e \u00e0 OTAN), a Coreia do Norte seria o inferno na terra e a Coreia do Sul praticamente um para\u00edso da liberdade. Como \u00e9 poss\u00edvel, neste cen\u00e1rio, que existam \u201cfor\u00e7as pr\u00f3-Coreia do Norte\u201d t\u00e3o poderosas assim na \u201cdemocracia vibrante\u201d de\u00a0<em>O Globo<\/em>?<\/p>\n<p>For\u00e7oso reconhecer, mesmo para aqueles que deixaram teias de aranha crescerem em seus c\u00e9rebros, que esse aparente contrassenso s\u00f3 revela uma coisa: essa m\u00eddia hegem\u00f4nica mente tanto acerca da realidade da Rep\u00fablica Popular Democr\u00e1tica da Coreia (Coreia do Norte) quanto em rela\u00e7\u00e3o \u00e0 realidade da Rep\u00fablica da Coreia (Coreia do Sul). A respeito da Coreia do Sul, n\u00e3o dizem, por exemplo, que o \u201ctigre asi\u00e1tico\u201d ganhou seus dentes em boa parte porque foi abastecido, na \u00e9poca da guerra fria, com bilh\u00f5es de d\u00f3lares vindos dos EUA, interessados em \u201cconter o comunismo\u201d e que durante anos os sul-coreanos foram governados por ditaduras abertas, sendo que na atual \u201cdemocracia vibrante\u201d est\u00e1 at\u00e9 hoje em vigor uma \u201cLei de Seguran\u00e7a Nacional\u201d que pro\u00edbe a exist\u00eancia de partidos socialistas e comunistas e reprime fortemente qualquer express\u00e3o de esquerda.<\/p>\n<p>Recentemente, no dia 30 de agosto, agentes da Divis\u00e3o de Investiga\u00e7\u00e3o de Seguran\u00e7a Nacional invadiram as sedes e escrit\u00f3rios do Partido da Democracia Popular (PDP), organiza\u00e7\u00e3o de esquerda fundada em 2016 e prenderam diversos militantes e dirigentes, acusados de liga\u00e7\u00e3o com a Coreia Popular. Realmente, \u00e9 o tipo de \u201cdemocracia vibrante\u201d que\u00a0<em>O Globo<\/em>\u00a0e seus cong\u00eaneres gostam.<\/p>\n<p>Uma pesquisa realizada em 2020 pelo jornal\u00a0<em>The Hankyoreh<\/em>, revelou que tr\u00eas em cada quatro jovens sul-coreanos entre 19 e 34 anos querem deixar o pa\u00eds, sendo que um dos motivos mais relevantes \u00e9 a estratifica\u00e7\u00e3o social. A mesma pesquisa revela que 85% dos jovens concordam com a frase: \u201c<em>Pessoas que nasceram pobres nunca ser\u00e3o capazes de competir com pessoas que nasceram ricas<\/em>\u201c.<\/p>\n<p>Al\u00e9m de ser socialmente estratificada e pouco democr\u00e1tica, a Coreia do Sul \u00e9 uma na\u00e7\u00e3o ocupada por uma pot\u00eancia estrangeira, sendo no m\u00ednimo duvidoso consider\u00e1-la um pa\u00eds plenamente independente. Os EUA t\u00eam, segundo diversas fontes, no m\u00ednimo 30 mil soldados estacionados permanentemente no pa\u00eds asi\u00e1tico, para defender o \u201cpara\u00edso\u201d capitalista, enquanto que a Coreia do Norte conta apenas com seu pr\u00f3prio povo para sua defesa. S\u00f3 este fato j\u00e1 seria o bastante para fazer mentes enferrujadas come\u00e7arem a questionar se n\u00e3o existe algo de estranho na \u201cnarrativa\u201d da m\u00eddia hegem\u00f4nica.<\/p>\n<p>De qualquer maneira, \u00e9 auspiciosa a rea\u00e7\u00e3o popular contra o presidente golpista, pois sob o calor dos protestos derrete-se a maquiagem cuidadosamente feita pela propaganda imperialista ao abordar os acontecimentos na Pen\u00ednsula Coreana.<\/p>\n<p>Os pr\u00f3ximos desdobramentos apontam para uma forte possibilidade de que o golpista sofra um impeachment e, fora do cargo, enfrente graves consequ\u00eancias penais, tornando premonit\u00f3ria a nota que o Partido da Democracia Popular emitiu quatro meses antes, durante o epis\u00f3dio da invas\u00e3o de suas sedes e a pris\u00e3o de dirigentes e militantes:\u00a0 \u201c<em>Fascistas anteriores na Rep\u00fablica da Coreia encontraram seu fim por meio de assassinato, impeachment ou pris\u00e3o. Sem d\u00favida, Yoon Suk-yeol encontrar\u00e1 o fim mais terr\u00edvel e miser\u00e1vel de qualquer fascista, e nosso povo far\u00e1 com que isso aconte\u00e7a (\u2026) Onde h\u00e1 opress\u00e3o, h\u00e1 resist\u00eancia<\/em>.\u201d<\/p>\n<p><strong>S\u00edria sob grave amea\u00e7a<\/strong><\/p>\n<p>O articulista do jornal comunista portugu\u00eas\u00a0<em>Avante!,\u00a0<\/em>Jorge Cadima, define bem, na edi\u00e7\u00e3o desta quinta-feira, o que est\u00e1 acontecendo na S\u00edria: \u201c<em>O imperialismo espalha o caos e a guerra. Explodiu de novo a guerra na S\u00edria. Os acontecimentos evoluem rapidamente. Mas o fundamental est\u00e1 j\u00e1 claro. Israel aceitou um \u2018cessar-fogo\u2019 com o governo liban\u00eas, patrocinado por EUA e Fran\u00e7a porque, apesar do massacre de civis, foi incapaz de avan\u00e7ar no terreno. Mas \u00e9 apenas uma manobra dilat\u00f3ria. O ex-embaixador brit\u00e2nico Craig Murray (craigmurray.org.uk, 30.11.24) diz: \u2018Israel passou 72 horas a violar flagrantemente o cessar-fogo sem uma palavra de protesto das pot\u00eancias ocidentais. Logo que algu\u00e9m ripostar com um \u00fanico tiro, os EUA e seus sat\u00e9lites dir-se-\u00e3o escandalizados, recome\u00e7ar\u00e3o os ferozes bombardeamentos sobre Beirute e Israel avan\u00e7ar\u00e1\u2019. O cessar-fogo tamb\u00e9m serviu para outra coisa: logo ap\u00f3s ser assinado, foi lan\u00e7ado o ataque contra a S\u00edria. Um ataque com bombardeamentos israelenses, uma enorme campanha de desinforma\u00e7\u00e3o midi\u00e1tica, liga\u00e7\u00f5es e apoios regionais ainda n\u00e3o totalmente esclarecidos e gangues terroristas fundamentalistas como tropa de choque<\/em>\u201d.<\/p>\n<p>A ag\u00eancia\u00a0<em>Reuters<\/em>\u00a0informou que os terroristas s\u00edrios conquistaram a cidade de Hama nesta quinta-feira, em mais uma vit\u00f3ria de vulto contra o governo de Assad e seus aliados russos e iranianos, depois da conquista de Aleppo. O Ex\u00e9rcito s\u00edrio confirmou a sa\u00edda da cidade, justificando que a retirada foi para \u201cpreservar a vida dos civis\u201d e que \u201c<em>continuar\u00e1 a cumprir seu dever nacional de recuperar as \u00e1reas ocupadas por organiza\u00e7\u00f5es terroristas<\/em>\u201d, segundo informa a\u00a0<em>RT<\/em>.<\/p>\n<p>A situa\u00e7\u00e3o \u00e9 grave e exige refor\u00e7ar a solidariedade com a Rep\u00fablica \u00c1rabe S\u00edria.<\/p>\n<p><strong>Acordo estrat\u00e9gico entre R\u00fassia e RPDC entra em vigor<\/strong><\/p>\n<div>\n<figure><img fetchpriority=\"high\" decoding=\"async\" width=\"1000\" height=\"667\"src=\"https:\/\/redept.org\/blogosfera\/wp-content\/uploads\/2024\/12\/Foto-AP.jpg\" alt=\"\" srcset=\"https:\/\/redept.org\/blogosfera\/wp-content\/uploads\/2024\/12\/Foto-AP.jpg 1000w, https:\/\/vermelho.org.br\/wp-content\/uploads\/2024\/12\/Foto-AP-300x200.jpg 300w, https:\/\/vermelho.org.br\/wp-content\/uploads\/2024\/12\/Foto-AP-768x512.jpg 768w, https:\/\/vermelho.org.br\/wp-content\/uploads\/2024\/12\/Foto-AP-272x182.jpg 272w\" sizes=\"(max-width: 1000px) 100vw, 1000px\"><figcaption><em>Kim Jong-gyu e Andrei Rudenko \/ Foto: AP<\/em><\/figcaption><\/figure>\n<\/div>\n<p>Entrou em vigor nesta quarta-feira (4) o Tratado de Parceria Estrat\u00e9gica Abrangente, entre a Rep\u00fablica Popular Democr\u00e1tica da Coreia e a Federa\u00e7\u00e3o Russa. O vice-ministro das Rela\u00e7\u00f5es Exteriores da RPDC, Kim Jong-gyu, e o vice-ministro das Rela\u00e7\u00f5es Exteriores da Federa\u00e7\u00e3o da R\u00fassia, Andrei Rudenko, assinaram o protocolo sobre a troca de instrumentos de ratifica\u00e7\u00e3o.<\/p>\n<p>\u201c<em>As fortes rela\u00e7\u00f5es Coreia do Norte-R\u00fassia, baseadas no Tratado de Parceria Estrat\u00e9gica Abrangente, ser\u00e3o um poderoso mecanismo de seguran\u00e7a que promove o bem-estar dos povos dos dois pa\u00edses, alivia a situa\u00e7\u00e3o regional, garante a estabilidade estrat\u00e9gica internacional e servir\u00e1 como uma importante for\u00e7a motriz acelerando o estabelecimento de uma ordem mundial multipolar independente e justa, sem domina\u00e7\u00e3o, subjuga\u00e7\u00e3o e hegemonia<\/em>\u201c, informou a\u00a0<em>KCNA<\/em>, citada pela\u00a0<em>Sputnik<\/em>.<\/p>\n<p>O tratado prev\u00ea, entre outros pontos, \u201c<em>que um dos pa\u00edses ajudar\u00e1 o outro pa\u00eds em caso de ataque armado por meio de um imediato apoio militar<\/em>\u201d.<\/p>\n<p><strong>Primeiro-Ministro da Ge\u00f3rgia: \u201cFracassou o novo Maidan\u201d<\/strong><\/p>\n<p>A ag\u00eancia\u00a0<em>Prensa Latina<\/em>\u00a0informa que o primeiro-ministro da Ge\u00f3rgia, Irakli Kobajidze, qualificou como um fracasso a tentativa da oposi\u00e7\u00e3o georgiana de realizar um cen\u00e1rio semelhante ao Maidan ucraniano de 2013. \u201c<em>O Maidan nacional na Ge\u00f3rgia fracassou, apesar das tentativas orquestradas<\/em>\u201c, declarou o primeiro-ministro nesta ter\u00e7a-feira (3) em coletiva de imprensa, acrescentando que os organizadores dos protestos em Tbilisi s\u00e3o pol\u00edticos da oposi\u00e7\u00e3o e organiza\u00e7\u00f5es n\u00e3o governamentais, que n\u00e3o poder\u00e3o fugir de suas responsabilidades.<\/p>\n<p>Desde 28 de novembro, ap\u00f3s o primeiro-ministro suspender at\u00e9 2028 as negocia\u00e7\u00f5es com a Uni\u00e3o Europeia quanto ao processo de ades\u00e3o, os opositores ao governo atual continuam protestando em frente \u00e0 sede do Parlamento.<\/p>\n<p>Os manifestantes, aos quais se juntou a presidente da Ge\u00f3rgia, Salom\u00e9 Zurabishvili, lan\u00e7am objetos contundentes e artefatos pirot\u00e9cnicos contra as for\u00e7as de seguran\u00e7a, que, por sua vez, tentam dispersar a multid\u00e3o com canh\u00f5es de \u00e1gua e g\u00e1s lacrimog\u00eaneo.<\/p>\n<p>No domingo, Kobajidze descartou a possibilidade de repetir as elei\u00e7\u00f5es legislativas, conforme exigido pela oposi\u00e7\u00e3o, e afirmou que Zurabishvili, decidida a permanecer na presid\u00eancia da Ge\u00f3rgia \u201c<em>at\u00e9 que haja um novo parlamento<\/em>\u201c, ter\u00e1 que abandonar sua resid\u00eancia e ced\u00ea-la a um sucessor legitimamente eleito no final de dezembro.<\/p>\n<div>\n<figure><img decoding=\"async\" width=\"1024\" height=\"463\"src=\"https:\/\/redept.org\/blogosfera\/wp-content\/uploads\/2024\/12\/Opcao-1.png\" alt=\"\" srcset=\"https:\/\/vermelho.org.br\/wp-content\/uploads\/2023\/09\/Opcao-1-1024x463.png 1024w, https:\/\/vermelho.org.br\/wp-content\/uploads\/2023\/09\/Opcao-1-300x136.png 300w, https:\/\/vermelho.org.br\/wp-content\/uploads\/2023\/09\/Opcao-1-768x347.png 768w, https:\/\/redept.org\/blogosfera\/wp-content\/uploads\/2024\/12\/Opcao-1.png 1280w\" sizes=\"(max-width: 1024px) 100vw, 1024px\"><\/figure>\n<\/div>\n<p><strong>\u00a0<\/strong>\u201c<em>Ao expor o princ\u00edpio do direito dos povos \u00e0 autodetermina\u00e7\u00e3o, elevamos a luta contra a opress\u00e3o nacional ao n\u00edvel da luta contra o imperialismo, nosso inimigo comum. Deixando de faz\u00ea-lo, podemos encontrar-nos na situa\u00e7\u00e3o de quem leva \u00e1gua ao moinho dos imperialistas<\/em>.\u201d<\/p>\n<p>St\u00e1lin, Informe Sobre o Problema Nacional, 1917<\/p>\n<p><em>Por Wevergton Brito Lima<\/em><\/p>\n<p>O post <a href=\"https:\/\/vermelho.org.br\/2024\/12\/05\/crise-na-coreia-do-sul-quando-a-maquiagem-derrete-com-o-calor\/\">Crise na Coreia do Sul: Quando a maquiagem derrete com o calor<\/a> apareceu primeiro em <a href=\"https:\/\/vermelho.org.br\/\">Vermelho<\/a>.<\/p>\n<!-- Begin Yuzo --><div class='yuzo_related_post style-1'  data-version='5.12.89'><!-- without result --><div class='yuzo_clearfixed yuzo__title yuzo__title'><h3>Related Post<\/h3><\/div>\n\t\t\t\t\t\t  <div class=\"relatedthumb \" style=\"width:125px;float:left;overflow:hidden;\">  \n\t\t\t\t\t\t\t  \n\t\t\t\t\t\t\t  <a  href=\"https:\/\/redept.com.br\/blogosfera\/em-primeira-visita-de-novo-governo-a-moscou-siria-diz-que-quer-russia-ao-seu-lado\/\"  >\n\t\t\t\t\t\t\t\t\t  <div class=\"yuzo-img-wrap \" style=\"width: 125px;height:90px;\">\n\t\t\t\t\t\t\t\t\t\t\n\t\t\t\t\t\t\t\t\t\t<div class=\"yuzo-img\" style=\"background:url('https:\/\/redept.org\/blogosfera\/wp-content\/plugins\/yuzo-related-post\/assets\/images\/default.png') 50% 50% no-repeat;width: 125px;height:90px;margin-bottom: 5px;background-size: cover; \"><\/div>\n\t\t\t\t\t\t\t\t\t  <\/div>\n\t\t\t\t\t\t\t\t\t  \n\t\t\t\t\t\t\t\t   <span class=\"yuzo__text--title\" style=\"font-size:13px;\">Em primeira visita de novo governo a Moscou, S\u00edria...<\/span>\n\t\t\t\t\t\t\t  \n\t\t\t\t\t\t\t  \n\t\t\t\t\t\t\t  <\/a>\n\n\t\t\t\t\t\t  <\/div>\n\t\t\t\t\t\t  <div class=\"relatedthumb \" style=\"width:125px;float:left;overflow:hidden;\">  \n\t\t\t\t\t\t\t  \n\t\t\t\t\t\t\t  <a  href=\"https:\/\/redept.com.br\/blogosfera\/hemobras-comemora-20-anos-com-pleno-fornecimento-ao-sus-e-recorde-historico\/\"  >\n\t\t\t\t\t\t\t\t\t  <div class=\"yuzo-img-wrap \" style=\"width: 125px;height:90px;\">\n\t\t\t\t\t\t\t\t\t\t\n\t\t\t\t\t\t\t\t\t\t<div class=\"yuzo-img\" style=\"background:url('https:\/\/redept.org\/blogosfera\/wp-content\/plugins\/yuzo-related-post\/assets\/images\/default.png') 50% 50% no-repeat;width: 125px;height:90px;margin-bottom: 5px;background-size: cover; \"><\/div>\n\t\t\t\t\t\t\t\t\t  <\/div>\n\t\t\t\t\t\t\t\t\t  \n\t\t\t\t\t\t\t\t   <span class=\"yuzo__text--title\" style=\"font-size:13px;\">Hemobr\u00e1s comemora 20 anos com pleno fornecimento a...<\/span>\n\t\t\t\t\t\t\t  \n\t\t\t\t\t\t\t  \n\t\t\t\t\t\t\t  <\/a>\n\n\t\t\t\t\t\t  <\/div>\n\t\t\t\t\t\t  <div class=\"relatedthumb \" style=\"width:125px;float:left;overflow:hidden;\">  \n\t\t\t\t\t\t\t  \n\t\t\t\t\t\t\t  <a  href=\"https:\/\/redept.com.br\/blogosfera\/senado-aprova-proposta-do-pt-de-reducao-de-tributos-sobre-combustiveis\/\"  >\n\t\t\t\t\t\t\t\t\t  <div class=\"yuzo-img-wrap \" style=\"width: 125px;height:90px;\">\n\t\t\t\t\t\t\t\t\t\t\n\t\t\t\t\t\t\t\t\t\t<div class=\"yuzo-img\" style=\"background:url('https:\/\/redept.org\/blogosfera\/wp-content\/plugins\/yuzo-related-post\/assets\/images\/default.png') 50% 50% no-repeat;width: 125px;height:90px;margin-bottom: 5px;background-size: cover; \"><\/div>\n\t\t\t\t\t\t\t\t\t  <\/div>\n\t\t\t\t\t\t\t\t\t  \n\t\t\t\t\t\t\t\t   <span class=\"yuzo__text--title\" style=\"font-size:13px;\">Senado aprova proposta do PT de redu\u00e7\u00e3o de tributo...<\/span>\n\t\t\t\t\t\t\t  \n\t\t\t\t\t\t\t  \n\t\t\t\t\t\t\t  <\/a>\n\n\t\t\t\t\t\t  <\/div>\n\t\t\t\t\t\t  <div class=\"relatedthumb \" style=\"width:125px;float:left;overflow:hidden;\">  \n\t\t\t\t\t\t\t  \n\t\t\t\t\t\t\t  <a  href=\"https:\/\/redept.com.br\/blogosfera\/bancarios-conquistam-aumento-real-de-para-2026-e-2027-apos-13-rodadas-de-negociacao\/\"  >\n\t\t\t\t\t\t\t\t\t  <div class=\"yuzo-img-wrap \" style=\"width: 125px;height:90px;\">\n\t\t\t\t\t\t\t\t\t\t\n\t\t\t\t\t\t\t\t\t\t<div class=\"yuzo-img\" style=\"background:url('https:\/\/redept.org\/blogosfera\/wp-content\/plugins\/yuzo-related-post\/assets\/images\/default.png') 50% 50% no-repeat;width: 125px;height:90px;margin-bottom: 5px;background-size: cover; \"><\/div>\n\t\t\t\t\t\t\t\t\t  <\/div>\n\t\t\t\t\t\t\t\t\t  \n\t\t\t\t\t\t\t\t   <span class=\"yuzo__text--title\" style=\"font-size:13px;\">Banc\u00e1rios conquistam aumento real de para 2026 e 2...<\/span>\n\t\t\t\t\t\t\t  \n\t\t\t\t\t\t\t  \n\t\t\t\t\t\t\t  <\/a>\n\n\t\t\t\t\t\t  <\/div>\n<\/div> <script>\n\t\t\t\t\t\t  jQuery(document).ready(function( $ ){\n\t\t\t\t\t\t\t\/\/jQuery('.yuzo_related_post').equalizer({ overflow : 'relatedthumb' });\n\t\t\t\t\t\t\tjQuery('.yuzo_related_post .yuzo_wraps').equalizer({ columns : '> div' });\n\t\t\t\t\t\t   })\n\t\t\t\t\t\t  <\/script> <!-- End Yuzo :) -->","protected":false},"excerpt":{"rendered":"<p>De tudo que se diz e escreve sobre a tentativa frustrada de golpe de Estado na Coreia do Sul, pa\u00eds apontado como \u201cdemocr\u00e1tico\u201d pela m\u00eddia hegem\u00f4nica (o jornal\u00a0O Globo, desta quinta-feira, dia 5, fala em \u201cdemocracia vibrante\u201d) um aspecto \u00e9 pouco salientado: o presidente golpista, Yoon Suk-yeol, alegou, para a implementa\u00e7\u00e3o da lei marcial, a [&hellip;]<\/p>\n","protected":false},"author":2,"featured_media":7363,"comment_status":"closed","ping_status":"closed","sticky":false,"template":"","format":"standard","meta":{"fifu_image_url":"","fifu_image_alt":"","footnotes":""},"categories":[1311,1312,1313,26,1314,1274,1315,627,1310],"tags":[],"class_list":["post-7362","post","type-post","status-publish","format-standard","has-post-thumbnail","hentry","category-comunismo","category-geopolitica","category-movimento-comunista","category-mundo","category-politica-internacional","category-relacoes-exteriores","category-relacoes-internacionais","category-socialismo","category-sumula-internacional"],"_links":{"self":[{"href":"https:\/\/redept.com.br\/blogosfera\/wp-json\/wp\/v2\/posts\/7362","targetHints":{"allow":["GET"]}}],"collection":[{"href":"https:\/\/redept.com.br\/blogosfera\/wp-json\/wp\/v2\/posts"}],"about":[{"href":"https:\/\/redept.com.br\/blogosfera\/wp-json\/wp\/v2\/types\/post"}],"author":[{"embeddable":true,"href":"https:\/\/redept.com.br\/blogosfera\/wp-json\/wp\/v2\/users\/2"}],"replies":[{"embeddable":true,"href":"https:\/\/redept.com.br\/blogosfera\/wp-json\/wp\/v2\/comments?post=7362"}],"version-history":[{"count":0,"href":"https:\/\/redept.com.br\/blogosfera\/wp-json\/wp\/v2\/posts\/7362\/revisions"}],"wp:featuredmedia":[{"embeddable":true,"href":"https:\/\/redept.com.br\/blogosfera\/wp-json\/wp\/v2\/media\/7363"}],"wp:attachment":[{"href":"https:\/\/redept.com.br\/blogosfera\/wp-json\/wp\/v2\/media?parent=7362"}],"wp:term":[{"taxonomy":"category","embeddable":true,"href":"https:\/\/redept.com.br\/blogosfera\/wp-json\/wp\/v2\/categories?post=7362"},{"taxonomy":"post_tag","embeddable":true,"href":"https:\/\/redept.com.br\/blogosfera\/wp-json\/wp\/v2\/tags?post=7362"}],"curies":[{"name":"wp","href":"https:\/\/api.w.org\/{rel}","templated":true}]}}