{"id":7370,"date":"2024-12-05T15:30:06","date_gmt":"2024-12-05T18:30:06","guid":{"rendered":"https:\/\/redept.org\/blogosfera\/somos-nos-mulheres-que-cultivamos-e-damos-forma-a-vida-diz-aleida-guevara\/"},"modified":"2024-12-05T15:30:06","modified_gmt":"2024-12-05T18:30:06","slug":"somos-nos-mulheres-que-cultivamos-e-damos-forma-a-vida-diz-aleida-guevara","status":"publish","type":"post","link":"https:\/\/redept.com.br\/blogosfera\/somos-nos-mulheres-que-cultivamos-e-damos-forma-a-vida-diz-aleida-guevara\/","title":{"rendered":"&#8216;Somos n\u00f3s mulheres que cultivamos e damos forma \u00e0 vida&#8217;, diz Aleida Guevara"},"content":{"rendered":"<p>Como \u00e9 a articula\u00e7\u00e3o entre os ricos e os pobres, como isso se coloca na correla\u00e7\u00e3o de for\u00e7as e de que forma afeta as mulheres. Esses foram alguns dos questionamentos levantados na mesa de an\u00e1lise de conjuntura pol\u00edtica do <a href=\"https:\/\/www.brasildefators.com.br\/2024\/12\/03\/iv-encontro-nacional-das-mulheres-camponesas-tem-como-tema-abastecer-lutar-construir-o-projeto-popular\">4\u00ba Encontro Nacional e Feira Camponesa<\/a>\u00a0das Mulheres do Movimento dos Pequenos Agricultores (MPA), que ocorre em salvador (BA). O debate aconteceu nesta ter\u00e7a-feira (3), com a participa\u00e7\u00e3o da m\u00e9dica pediatra cubana <a href=\"https:\/\/www.brasildefato.com.br\/2023\/08\/13\/aleida-guevara-filha-de-che-conta-causos-do-pai-e-sua-atuacao-com-os-sandinistas\">Aleida Guevara<\/a>, da coordenadora nacional do Movimento dos Atingidos por Barragens (MAB), S\u00f4nia Mara, e da coordenadora do MPA, Leila Santana.\u00a0<\/p>\n<p>Citando Simone de Beauvoir, S\u00f4nia lembrou que &#8220;basta uma crise pol\u00edtica, econ\u00f4mica e religiosa para que os direitos das mulheres sejam questionados&#8221;. Ela iniciou sua fala pontuando sobre os modelos de sociedade em disputa atualmente e que concentram as maiores riquezas: Estados Unidos e China, incluindo o <a href=\"https:\/\/www.brasildefato.com.br\/2024\/11\/30\/trump-ameaca-impor-tarifas-de-100-aos-paises-do-brics-caso-o-grupo-deixe-de-usar-o-dolar-em-transacoes-comerciais\">Brics<\/a>.\u00a0<\/p>\n<p><imgsrc=\"\"><br \/>\nS\u00f4nia: \u201cN\u00e3o se resolve crise ambiental, social, econ\u00f4mica e pol\u00edtica com bancos e com governos golpistas. \/ Foto: Andr\u00e9 Souza<\/p>\n<p>&#8220;EUA \u00e9 o principal representante imperialista e concentrador da riqueza. China e Brics t\u00eam 40% da riqueza e s\u00e3o os maiores produtores do mundo. S\u00e3o duas pot\u00eancias que disputam para governar o mundo. Temos esperan\u00e7a de dialogar com a China, mas precisamos, antes, construir a nossa soberania. N\u00f3s mulheres j\u00e1 a constru\u00edmos desde os nossos territ\u00f3rios, desde l\u00e1 da ro\u00e7a.&#8221;<\/p>\n<p>Segundo salientou S\u00f4nia, estamos vivendo uma <a href=\"https:\/\/www.brasildefators.com.br\/2024\/06\/08\/o-capitalismo-financeiro-em-busca-do-seu-eterno-retorno\">reestrutura\u00e7\u00e3o mundial do capitalismo<\/a>, que tem gerado mudan\u00e7as estruturais hist\u00f3ricas. &#8220;Tudo necessita de muita energia, comida, exporta\u00e7\u00e3o, maquinaria el\u00e9trica (energia pura, carros el\u00e9tricos e baterias duradouras de l\u00edtio), transportar hidrog\u00eanio verde embalado. E o Brasil \u00e9 o pa\u00eds que tem tudo que podemos imaginar para se desenvolver, e vai ser o centro da disputa do hidrog\u00eanio verde, renov\u00e1vel, comida, \u00e1gua, min\u00e9rios cr\u00edticos, florestas tropicais.&#8221;<\/p>\n<p>A coordenadora do MAB tamb\u00e9m destacou o agravamento da crise ambiental no mundo. Em sua avalia\u00e7\u00e3o o tema \u00e9 preocupante pois pode ser a desculpa que o capitalismo vai usar para se reposicionar na explora\u00e7\u00e3o do planeta.\u00a0<\/p>\n<p>&#8220;N\u00e3o se resolve crise ambiental, social, econ\u00f4mica e pol\u00edtica com bancos e com governos golpistas. Porque o lucro privado \u00e9 o centro da disputa e n\u00e3o os problemas do povo. Estamos em um momento em que todos os movimentos v\u00e3o precisar se reposicionar para construir poder nos nossos territ\u00f3rios. \u00c9 tempo de avan\u00e7ar. N\u00f3s precisamos, enquanto mulheres, assumir o comando de ajudar a construir um processo de organiza\u00e7\u00e3o.&#8221;<\/p>\n<p>Educa\u00e7\u00e3o para defender o progresso<\/p>\n<p>&#8220;Todas as mulheres cubanas se alfabetizaram porque h\u00e1 uma coisa muito importante, a educa\u00e7\u00e3o, para que ningu\u00e9m nos manipule, engane ou vitimize. Para defender o progresso, necessitamos educa\u00e7\u00e3o&#8221;, sentenciou Aleida Guevara.\u00a0<\/p>\n<p><imgsrc=\"\"><br \/>\nAleida: \u201cSem reforma agr\u00e1ria n\u00e3o h\u00e1 revolu\u00e7\u00e3o. O povo \u00e9 dono da terra&#8221; \/ Foto: Andr\u00e9 Souza<\/p>\n<p>Em sua fala, ela contextualizou o in\u00edcio da revolu\u00e7\u00e3o cubana, a situa\u00e7\u00e3o das mulheres e sua contribui\u00e7\u00e3o. &#8220;As mulheres eram as \u00faltimas. Eram professoras, cantantes, artistas ou prostitutas, todas criticadas. Com a revolu\u00e7\u00e3o isso mudou. As mulheres participaram ativamente no projeto revolucion\u00e1rio.&#8221;<\/p>\n<p>Assim surgiu, h\u00e1 64 anos, a <a href=\"https:\/\/repositorio.enap.gov.br\/bitstream\/1\/3415\/4\/Cuba.pdf\">Federa\u00e7\u00e3o das Mulheres Cubanas<\/a>, que reuniu mulheres de todo o pa\u00eds, e que se empenha no resgate do valor da mulher. &#8220;Somos n\u00f3s mulheres que cultivamos e damos forma \u00e0 vida. A nossa for\u00e7a como movimento social, como mulheres, \u00e9 muito importante para mudar a realidade e defender a vida. A mulher tem um papel important\u00edssimo na sociedade. Sem a mulher n\u00e3o h\u00e1 vida.&#8221;<\/p>\n<blockquote>\n<div>\n<div>\n<div>\u00a0<\/div>\n<div>\n<div>\u00a0<\/div>\n<div>\u00a0<\/div>\n<\/div>\n<\/div>\n<div>\u00a0<\/div>\n<div>\u00a0<\/div>\n<div>\n<div><a href=\"https:\/\/www.instagram.com\/reel\/DDKmx1XOFlj\/?utm_source=ig_embed&amp;utm_campaign=loading\">Ver essa foto no Instagram<\/a><\/div>\n<\/div>\n<div>\u00a0<\/div>\n<div>\n<div>\n<div>\u00a0<\/div>\n<div>\u00a0<\/div>\n<div>\u00a0<\/div>\n<\/div>\n<div>\n<div>\u00a0<\/div>\n<div>\u00a0<\/div>\n<\/div>\n<div>\n<div>\u00a0<\/div>\n<div>\u00a0<\/div>\n<div>\u00a0<\/div>\n<\/div>\n<\/div>\n<div>\n<div>\u00a0<\/div>\n<div>\u00a0<\/div>\n<\/div>\n<p><a href=\"https:\/\/www.instagram.com\/reel\/DDKmx1XOFlj\/?utm_source=ig_embed&amp;utm_campaign=loading\">Uma publica\u00e7\u00e3o compartilhada por Brasil de Fato RS (@brasildefato.rs)<\/a><\/p>\n<\/div>\n<\/blockquote>\n<p>Para Aleida, o alcance do papel das mulheres na sociedade se faz lado a lado com os companheiros. &#8220;Todos juntos, sem diferen\u00e7a sexual no combate di\u00e1rio pela soberania da p\u00e1tria. Por isso \u00e9 importante a educa\u00e7\u00e3o.&#8221;<\/p>\n<p>Al\u00e9m da educa\u00e7\u00e3o, a m\u00e9dica tamb\u00e9m destacou a inclus\u00e3o das mulheres e a reforma agr\u00e1ria como pilares da revolu\u00e7\u00e3o cubana, conquistas atingidas com organiza\u00e7\u00e3o do trabalho e da classe trabalhadora conjuntamente. &#8220;Sem reforma agr\u00e1ria n\u00e3o h\u00e1 revolu\u00e7\u00e3o. O povo \u00e9 dono da terra. Nenhuma empresa transnacional pode compr\u00e1-la. Nossa terra n\u00e3o se vende, nem se negocia. O primeiro que alcan\u00e7amos foi a soberania dos recursos naturais (que j\u00e1 s\u00e3o poucos).&#8221;<\/p>\n<p>Se n\u00e3o somos donos do que produzimos, prosseguiu, n\u00e3o h\u00e1 for\u00e7a para mudar a sociedade. &#8220;Por isso \u00e9 importante o trabalho organizado. \u00c9 a unidade do povo que d\u00e1 for\u00e7a para mudar a realidade, do contr\u00e1rio \u00e9 imposs\u00edvel faz\u00ea-la. Educa\u00e7\u00e3o, solidariedade, respeito, dono do que se produz, respeito a todos os seres humanos, sem isso n\u00e3o podemos criar um mundo diferente. Por isso \u00e9 importante que tentemos, a for\u00e7a que podemos ter como movimento social, a for\u00e7a que temos como mulheres para mudar a realidade.&#8221;<\/p>\n<p>De acordo com ela, atualmente, em Cuba, 72% dos profissionais s\u00e3o mulheres e mais de 60% dos m\u00e9dicos s\u00e3o mulheres. &#8220;A revolu\u00e7\u00e3o nos propiciou isso. Estando juntas aprendemos coisas novas. Temos que que estar preparadas para defender a vida, que \u00e9 mais valioso. Voc\u00eas marcam o caminho, e o resto do povo vai seguir com ternura. At\u00e9 a vit\u00f3ria sempre!&#8221;<\/p>\n<p><imgsrc=\"\"><br \/>\nLeila: &#8220;O corpo das mulheres n\u00e3o est\u00e1 \u00e0 disposi\u00e7\u00e3o da bala, mas \u00e0 disposi\u00e7\u00e3o da luta\u201d \/ Foto: Andr\u00e9 Souza<\/p>\n<p>&#8220;Semear rebeldia para colher liberdade&#8221;<\/p>\n<p>&#8220;Ningu\u00e9m luta sobre algo que n\u00e3o se compreende, luta por resist\u00eancia, mas sobretudo por emancipa\u00e7\u00e3o da nossa consci\u00eancia. S\u00f3 conseguimos refletir o contexto que vivemos se pensamos juntas a totalidade dos nossos desafios. \u00c9 tempo de semear rebeldia para colher liberdade&#8221;, enfatizou Leila Santana.\u00a0<\/p>\n<p>Segundo ela, o capitalismo n\u00e3o tem compromisso com os corpos e os territ\u00f3rios, e diante disso, o papel de atua\u00e7\u00e3o deve ser coletivo, e n\u00e3o individual. &#8220;Somos um movimento diverso, do campo das \u00e1guas e das florestas. Nossa diversidade n\u00e3o nos fragmentou, ela nos permitiu entender nossa pluralidade que \u00e9 a nossa maior pot\u00eancia de luta neste per\u00edodo. Precisamos unir, colar, juntar, repensar nossas alian\u00e7as. Nossa luta \u00e9 anti-imperialista, internacional, ultrapassa fronteiras. Nossa luta \u00e9 grande e complexa.&#8221;<\/p>\n<p>&#8220;Somos corpo-territ\u00f3rio. Se esse \u00e9 nosso lugar de luta e resist\u00eancia, precisamos nos organizar na luta pela reforma agr\u00e1ria e territ\u00f3rio. Sem terra e territ\u00f3rio n\u00e3o resistiremos&#8221;, enfatizou a coordenadora do MPA.\u00a0<\/p>\n<p>De acordo com ela, a luta \u00e9 estrutural e n\u00e3o conjuntural. &#8220;Mesmo a gente produzindo 70% do alimento que est\u00e1 na mesa do povo brasileiro, a popula\u00e7\u00e3o empobrecida tem passado fome e fome controla corpo, controla cabe\u00e7a. O alimento n\u00e3o \u00e9 s\u00f3 pol\u00edtico, \u00e9 tamb\u00e9m cultural, ancestral, \u00e9 instrumento de defesa do nosso territ\u00f3rio.&#8221;<\/p>\n<p>Nesse sentido, apontou, a ro\u00e7a e a escola s\u00e3o instrumentos de resist\u00eancia coletiva dos territ\u00f3rios. &#8220;Se o alimento nos une, devemos assumir que \u00e9 fundamental nos reconectamos, nos realinharmos com as cidades, afirmar o poder popular como nosso horizonte estrat\u00e9gico. A reforma agr\u00e1ria precisa ser o foco da luta do MPA nos pr\u00f3ximos per\u00edodos, inclusive a demarca\u00e7\u00e3o dos territ\u00f3rios tradicionais.&#8221;<\/p>\n<p>Para ela, al\u00e9m da luta ser pol\u00edtica, tamb\u00e9m \u00e9 de produ\u00e7\u00e3o do conhecimento. Bessa perspectiva, o desafio que se coloca \u00e9 a constru\u00e7\u00e3o de uma comunica\u00e7\u00e3o contra hegem\u00f4nica, que dispute com o agroneg\u00f3cio e se contraponha a ele.<\/p>\n<p>&#8220;Precisamos disputar e afirmar que somos n\u00f3s, especialmente as mulheres, que produzem alimento para o povo no Brasil. N\u00f3s mulheres somos guardi\u00e3s e produzimos o grosso da alimenta\u00e7\u00e3o do povo trabalhador brasileiro. Nossa comunica\u00e7\u00e3o tem que ser contra-hegem\u00f4nica, popular e feminista. O corpo das mulheres n\u00e3o est\u00e1 \u00e0 disposi\u00e7\u00e3o da bala, mas \u00e0 disposi\u00e7\u00e3o da luta.<\/p>\n<!-- Begin Yuzo --><div class='yuzo_related_post style-1'  data-version='5.12.89'><!-- without result --><div class='yuzo_clearfixed yuzo__title yuzo__title'><h3>Related Post<\/h3><\/div>\n\t\t\t\t\t\t  <div class=\"relatedthumb \" style=\"width:125px;float:left;overflow:hidden;\">  \n\t\t\t\t\t\t\t  \n\t\t\t\t\t\t\t  <a  href=\"https:\/\/redept.com.br\/blogosfera\/cop30-industria-defende-mudanca-na-moratoria-da-soja-pacto-contra-desmatamento-da-amazonia\/\"  >\n\t\t\t\t\t\t\t\t\t  <div class=\"yuzo-img-wrap \" style=\"width: 125px;height:90px;\">\n\t\t\t\t\t\t\t\t\t\t\n\t\t\t\t\t\t\t\t\t\t<div class=\"yuzo-img\" style=\"background:url('https:\/\/redept.com.br\/blogosfera\/wp-content\/uploads\/2025\/11\/adonai-soja-fernando-martinho-150x150.jpg') 50% 50% no-repeat;width: 125px;height:90px;margin-bottom: 5px;background-size: cover; \"><\/div>\n\t\t\t\t\t\t\t\t\t  <\/div>\n\t\t\t\t\t\t\t\t\t  \n\t\t\t\t\t\t\t\t   <span class=\"yuzo__text--title\" style=\"font-size:13px;\">COP30: ind\u00fastria defende mudan\u00e7a na Morat\u00f3ria da S...<\/span>\n\t\t\t\t\t\t\t  \n\t\t\t\t\t\t\t  \n\t\t\t\t\t\t\t  <\/a>\n\n\t\t\t\t\t\t  <\/div>\n\t\t\t\t\t\t  <div class=\"relatedthumb \" style=\"width:125px;float:left;overflow:hidden;\">  \n\t\t\t\t\t\t\t  \n\t\t\t\t\t\t\t  <a  href=\"https:\/\/redept.com.br\/blogosfera\/frei-david-papa-francisco-trouxe-a-igreja-para-o-povo\/\"  >\n\t\t\t\t\t\t\t\t\t  <div class=\"yuzo-img-wrap \" style=\"width: 125px;height:90px;\">\n\t\t\t\t\t\t\t\t\t\t\n\t\t\t\t\t\t\t\t\t\t<div class=\"yuzo-img\" style=\"background:url('https:\/\/redept.org\/blogosfera\/wp-content\/plugins\/yuzo-related-post\/assets\/images\/default.png') 50% 50% no-repeat;width: 125px;height:90px;margin-bottom: 5px;background-size: cover; \"><\/div>\n\t\t\t\t\t\t\t\t\t  <\/div>\n\t\t\t\t\t\t\t\t\t  \n\t\t\t\t\t\t\t\t   <span class=\"yuzo__text--title\" style=\"font-size:13px;\">Frei David: \u201cPapa Francisco trouxe a Igreja para o...<\/span>\n\t\t\t\t\t\t\t  \n\t\t\t\t\t\t\t  \n\t\t\t\t\t\t\t  <\/a>\n\n\t\t\t\t\t\t  <\/div>\n\t\t\t\t\t\t  <div class=\"relatedthumb \" style=\"width:125px;float:left;overflow:hidden;\">  \n\t\t\t\t\t\t\t  \n\t\t\t\t\t\t\t  <a  href=\"https:\/\/redept.com.br\/blogosfera\/alexandre-de-moraes-analisa-pedido-de-prisao-de-sobrinho-de-bolsonaro\/\"  >\n\t\t\t\t\t\t\t\t\t  <div class=\"yuzo-img-wrap \" style=\"width: 125px;height:90px;\">\n\t\t\t\t\t\t\t\t\t\t\n\t\t\t\t\t\t\t\t\t\t<div class=\"yuzo-img\" style=\"background:url('https:\/\/redept.com.br\/blogosfera\/wp-content\/uploads\/2025\/04\/Leo-Indio-150x150.jpg') 50% 50% no-repeat;width: 125px;height:90px;margin-bottom: 5px;background-size: cover; \"><\/div>\n\t\t\t\t\t\t\t\t\t  <\/div>\n\t\t\t\t\t\t\t\t\t  \n\t\t\t\t\t\t\t\t   <span class=\"yuzo__text--title\" style=\"font-size:13px;\">Alexandre de Moraes analisa pedido de pris\u00e3o de so...<\/span>\n\t\t\t\t\t\t\t  \n\t\t\t\t\t\t\t  \n\t\t\t\t\t\t\t  <\/a>\n\n\t\t\t\t\t\t  <\/div>\n\t\t\t\t\t\t  <div class=\"relatedthumb \" style=\"width:125px;float:left;overflow:hidden;\">  \n\t\t\t\t\t\t\t  \n\t\t\t\t\t\t\t  <a  href=\"https:\/\/redept.com.br\/blogosfera\/fachin-nomeia-carmen-lucia-unica-mulher-do-stf-para-relatora-de-um-codigo-de-etica-para-a-corte\/\"  >\n\t\t\t\t\t\t\t\t\t  <div class=\"yuzo-img-wrap \" style=\"width: 125px;height:90px;\">\n\t\t\t\t\t\t\t\t\t\t\n\t\t\t\t\t\t\t\t\t\t<div class=\"yuzo-img\" style=\"background:url('https:\/\/redept.org\/blogosfera\/wp-content\/plugins\/yuzo-related-post\/assets\/images\/default.png') 50% 50% no-repeat;width: 125px;height:90px;margin-bottom: 5px;background-size: cover; \"><\/div>\n\t\t\t\t\t\t\t\t\t  <\/div>\n\t\t\t\t\t\t\t\t\t  \n\t\t\t\t\t\t\t\t   <span class=\"yuzo__text--title\" style=\"font-size:13px;\">Fachin nomeia C\u00e1rmen L\u00facia, \u00fanica mulher do STF, p...<\/span>\n\t\t\t\t\t\t\t  \n\t\t\t\t\t\t\t  \n\t\t\t\t\t\t\t  <\/a>\n\n\t\t\t\t\t\t  <\/div>\n<\/div> <script>\n\t\t\t\t\t\t  jQuery(document).ready(function( $ ){\n\t\t\t\t\t\t\t\/\/jQuery('.yuzo_related_post').equalizer({ overflow : 'relatedthumb' });\n\t\t\t\t\t\t\tjQuery('.yuzo_related_post .yuzo_wraps').equalizer({ columns : '> div' });\n\t\t\t\t\t\t   })\n\t\t\t\t\t\t  <\/script> <!-- End Yuzo :) -->","protected":false},"excerpt":{"rendered":"<p>Como \u00e9 a articula\u00e7\u00e3o entre os ricos e os pobres, como isso se coloca na correla\u00e7\u00e3o de for\u00e7as e de que forma afeta as mulheres. Esses foram alguns dos questionamentos levantados na mesa de an\u00e1lise de conjuntura pol\u00edtica do 4\u00ba Encontro Nacional e Feira Camponesa\u00a0das Mulheres do Movimento dos Pequenos Agricultores (MPA), que ocorre em [&hellip;]<\/p>\n","protected":false},"author":2,"featured_media":0,"comment_status":"closed","ping_status":"closed","sticky":false,"template":"","format":"standard","meta":{"fifu_image_url":"","fifu_image_alt":"","footnotes":""},"categories":[1],"tags":[],"class_list":["post-7370","post","type-post","status-publish","format-standard","hentry","category-uncategorized"],"_links":{"self":[{"href":"https:\/\/redept.com.br\/blogosfera\/wp-json\/wp\/v2\/posts\/7370","targetHints":{"allow":["GET"]}}],"collection":[{"href":"https:\/\/redept.com.br\/blogosfera\/wp-json\/wp\/v2\/posts"}],"about":[{"href":"https:\/\/redept.com.br\/blogosfera\/wp-json\/wp\/v2\/types\/post"}],"author":[{"embeddable":true,"href":"https:\/\/redept.com.br\/blogosfera\/wp-json\/wp\/v2\/users\/2"}],"replies":[{"embeddable":true,"href":"https:\/\/redept.com.br\/blogosfera\/wp-json\/wp\/v2\/comments?post=7370"}],"version-history":[{"count":0,"href":"https:\/\/redept.com.br\/blogosfera\/wp-json\/wp\/v2\/posts\/7370\/revisions"}],"wp:attachment":[{"href":"https:\/\/redept.com.br\/blogosfera\/wp-json\/wp\/v2\/media?parent=7370"}],"wp:term":[{"taxonomy":"category","embeddable":true,"href":"https:\/\/redept.com.br\/blogosfera\/wp-json\/wp\/v2\/categories?post=7370"},{"taxonomy":"post_tag","embeddable":true,"href":"https:\/\/redept.com.br\/blogosfera\/wp-json\/wp\/v2\/tags?post=7370"}],"curies":[{"name":"wp","href":"https:\/\/api.w.org\/{rel}","templated":true}]}}