{"id":7371,"date":"2024-12-05T16:00:07","date_gmt":"2024-12-05T19:00:07","guid":{"rendered":"https:\/\/redept.org\/blogosfera\/arte-e-cultura-como-ferramentas-da-luta-por-reforma-agraria\/"},"modified":"2024-12-05T16:00:07","modified_gmt":"2024-12-05T19:00:07","slug":"arte-e-cultura-como-ferramentas-da-luta-por-reforma-agraria","status":"publish","type":"post","link":"https:\/\/redept.com.br\/blogosfera\/arte-e-cultura-como-ferramentas-da-luta-por-reforma-agraria\/","title":{"rendered":"Arte e cultura como ferramentas da luta por reforma agr\u00e1ria"},"content":{"rendered":"<p>O 5\u00ba Festival de Arte e Cultura das Escolas do Campo do Cear\u00e1, ocorrido em novembro, destacou a for\u00e7a da cultura camponesa e celebra os 40 anos do Movimento dos Trabalhadores Rurais Sem Terra (MST). O festival aconteceu no Assentamento Ipueira da Vaca, na Comunidade Logradouro I, em Canind\u00e9, com forma\u00e7\u00f5es e apresenta\u00e7\u00f5es art\u00edsticas que ressaltam a identidade do povo do campo.<\/p>\n<p>O <strong>Brasil de Fato<\/strong> conversou com Sandra Vitor, produtora cultural e idealizadora do Festival de Arte e Cultura das Escolas do Campo e coordenadora do Centro de Cultura e Mem\u00f3ria Rosa Luxemburgo, sobre a import\u00e2ncia da arte e da cultura na luta pela reforma agr\u00e1ria.\u00a0Confira.<\/p>\n<p><strong>De 27 a 29 de novembro aconteceu o 5\u00ba Festival de Arte e Cultura das Escolas do Campo do Cear\u00e1. Como o Festival destaca a for\u00e7a da cultura camponesa?<\/strong><\/p>\n<p>Os nossos acampamentos, assentamentos e escolas do campo pulsam dia e noite a arte e a cultura camponesa. Enfrentamos o algoz todos os dias cantando e versando ao som das enxadas e das foices. Nossos quintais s\u00e3o palcos e a cada amanhecer nasce um novo espet\u00e1culo, e \u00e9 assim que a gente chega ao quinto Festival de Arte e Cultura.\u00a0<\/p>\n<p>A for\u00e7a da cultura camponesa sempre esteve nos temas dos nossos festivais, o primeiro festival trouxe um tema &#8220;Musicalizando e versando a luta&#8221;, o segundo festival trouxe o tema &#8220;Terra, campo e encanto&#8221;, o terceiro, &#8220;Cultura, arte e tradi\u00e7\u00e3o: salve as manifesta\u00e7\u00f5es populares&#8221;, e neste quinto traz o tema &#8220;MST: h\u00e1 40 anos com a arte e cultura na reforma agr\u00e1ria&#8221;. A cultura camponesa est\u00e1 muito presente nas nossas m\u00fasicas, nas nossas a\u00e7\u00f5es di\u00e1rias, nas nossas poesias, m\u00edsticas e na troca dos fazeres e saberes culturais diariamente.<\/p>\n<p><strong>Qual a import\u00e2ncia da arte e cultura na luta por reforma agr\u00e1ria?<\/strong><\/p>\n<p>Costumamos dizer que um povo sem mem\u00f3ria, sem cultura, \u00e9 um povo f\u00e1cil de ser dominado. E diante deste modelo que a\u00ed est\u00e1, esse modelo do capital, de ver a cultura como mercadoria, dentro de um processo de &#8220;descultura\u00e7\u00e3o&#8221;, arrancando as tradi\u00e7\u00f5es e os fazeres populares de suas ra\u00edzes, \u00e9 que a cultura camponesa vem na contram\u00e3o, vem dando liga a uma mem\u00f3ria coletiva, vem perpetuando o flamular da bandeira em nossas fileiras de luta.<\/p>\n<p><strong>Qual o compromisso do MST com a valoriza\u00e7\u00e3o e fortalecimento da cultura popular camponesa?<\/strong><\/p>\n<p>Esse compromisso do MST com a valoriza\u00e7\u00e3o da cultura camponesa se materializa em todas as nossas a\u00e7\u00f5es, nas nossas pautas de reivindica\u00e7\u00f5es, no projeto pol\u00edtico pedag\u00f3gico de nossas escolas do campo, onde este projeto dialoga o tempo todo com as for\u00e7as vivas do territ\u00f3rio, onde esse projeto contempla as matrizes de forma\u00e7\u00e3o humana como o trabalho, a organiza\u00e7\u00e3o coletiva, a luta social, a hist\u00f3ria, a mem\u00f3ria e a cultura.<\/p>\n<p><strong>Qual o impacto que a arte e a cultura t\u00eam na vida das pessoas que lutam por direito a Terra?<\/strong><\/p>\n<p>N\u00e3o d\u00e1 para se falar de arte e cultura na reforma agr\u00e1ria sem falar de impacto, porque produ\u00e7\u00e3o cultural no campo em si j\u00e1 \u00e9 uma revolu\u00e7\u00e3o diante de tantas invisibiliza\u00e7\u00f5es das nossas tradi\u00e7\u00f5es, dos nossos saberes e territ\u00f3rios. \u00c9 importante dizer que 80% dos participantes do quinto festival nunca participaram de um festival de arte e cultura. Isso nos mostra que um festival como esse atinge dimens\u00f5es sociais, dimens\u00f5es simb\u00f3licas e econ\u00f4micas. N\u00e3o podemos tamb\u00e9m esquecer que dos 34 projetos apoiados pelo edital de apoio a festivais da Lei Paulo Gustavo, da Secult Cear\u00e1, apenas este \u00e9 realizado em \u00e1reas de reforma agr\u00e1ria.<\/p>\n<p><strong>Este ano, o Festival Arte e Cultura das Escolas do Campo do Cear\u00e1 chegou \u00e0 sua quinta edi\u00e7\u00e3o. O que isso representa?<\/strong><\/p>\n<p>O quinto Festival de Arte e Cultura das Escolas do Campo do Cear\u00e1 representa que, dentro de um processo de cerceamento de nossos cantos, de nossas poesias, de nossas tradi\u00e7\u00f5es n\u00f3s nos mantivemos firmes e latentes na luta por terra, arte e p\u00e3o, n\u00e3o esquecendo daqueles que tombaram na luta e com seu sangue regaram as sementes de arte e cultura na reforma agr\u00e1ria.<\/p>\n<p><strong>O festival tem como um dos seus objetivos destacar a for\u00e7a da cultura camponesa. Fala um pouco sobre essa for\u00e7a.<\/strong><\/p>\n<p>Este festival tem o objetivo de compartilharmos, de celebrarmos o nosso fazer pol\u00edtico, pedag\u00f3gico e cultural, mas, principalmente, resguardarmos o patrim\u00f4nio cultural cearense e campon\u00eas.<\/p>\n<p><strong>Como foram esses dias de realiza\u00e7\u00e3o do 5\u00ba Festival de Arte e Cultura das Escolas do Campo do Cear\u00e1?<\/strong><\/p>\n<p>Esses dias carregaram para n\u00f3s a m\u00edstica da constru\u00e7\u00e3o das pol\u00edticas culturais no Brasil. Neste quinto festival podemos ver, viver e experienciar, das crian\u00e7as aos idosos, vendo-os brincar neste terreno da cultura popular. Agora, depois de sairmos dessa constru\u00e7\u00e3o coletiva que marcou os 40 anos do nosso MST aprumamos nossas bandeiras, organizamos nossas fileiras e mistificamos nossos coletivos, nossos pontos de cultura e nos mistificamos para a sexta edi\u00e7\u00e3o do festival.<\/p>\n<p><strong>E quem quiser conhecer mais sobre o festival ou sobre as produ\u00e7\u00f5es art\u00edsticas e culturais do MST podem buscar mais informa\u00e7\u00f5es onde?<\/strong><\/p>\n<p>Mais informa\u00e7\u00f5es sobre o V Festival de Arte e Cultura \u00e9 s\u00f3 clicar no Instagram <a href=\"https:\/\/www.instagram.com\/centro.rosaluxemburgo\/\">centro.rosaluxemburgo<\/a>, nas redes sociais de nossas escolas do campo e no site do MST Cear\u00e1.<\/p>\n<p>Voc\u00ea pode conferir nossas entrevistas no <a href=\"https:\/\/open.spotify.com\/show\/0kgZWZtUYAprAFfEJm2E0s\">Spotify<\/a> ou no nosso perfil no <a href=\"https:\/\/creators.spotify.com\/pod\/show\/brasil-de-fato-cear\">Anchor<\/a>.<\/p>\n<p>Para receber nossas mat\u00e9rias diretamente no seu celular clique <a href=\"https:\/\/api.whatsapp.com\/send\/?phone=558598588379&amp;text=Ol%C3%A1%2C+gostaria+de+receber+not%C3%ADcias+do+Brasil+de+Fato+Cear%C3%A1.&amp;app_absent=0\">aqui<\/a>.<\/p>\n<!-- Begin Yuzo --><div class='yuzo_related_post style-1'  data-version='5.12.89'><!-- without result --><div class='yuzo_clearfixed yuzo__title yuzo__title'><h3>Related Post<\/h3><\/div>\n\t\t\t\t\t\t  <div class=\"relatedthumb \" style=\"width:125px;float:left;overflow:hidden;\">  \n\t\t\t\t\t\t\t  \n\t\t\t\t\t\t\t  <a  href=\"https:\/\/redept.com.br\/blogosfera\/industria-produz-3929-mil-veiculos-no-1o-bimestre-alta-de-quase-15\/\"  >\n\t\t\t\t\t\t\t\t\t  <div class=\"yuzo-img-wrap \" style=\"width: 125px;height:90px;\">\n\t\t\t\t\t\t\t\t\t\t\n\t\t\t\t\t\t\t\t\t\t<div class=\"yuzo-img\" style=\"background:url('https:\/\/redept.org\/blogosfera\/wp-content\/plugins\/yuzo-related-post\/assets\/images\/default.png') 50% 50% no-repeat;width: 125px;height:90px;margin-bottom: 5px;background-size: cover; \"><\/div>\n\t\t\t\t\t\t\t\t\t  <\/div>\n\t\t\t\t\t\t\t\t\t  \n\t\t\t\t\t\t\t\t   <span class=\"yuzo__text--title\" style=\"font-size:13px;\">Ind\u00fastria\u00a0produz\u00a0392,9 mil ve\u00edculos no 1\u00ba bimestre...<\/span>\n\t\t\t\t\t\t\t  \n\t\t\t\t\t\t\t  \n\t\t\t\t\t\t\t  <\/a>\n\n\t\t\t\t\t\t  <\/div>\n\t\t\t\t\t\t  <div class=\"relatedthumb \" style=\"width:125px;float:left;overflow:hidden;\">  \n\t\t\t\t\t\t\t  \n\t\t\t\t\t\t\t  <a  href=\"https:\/\/redept.com.br\/blogosfera\/chuvas-obrigam-quase-8-mil-pessoas-a-deixarem-suas-casas-no-rs\/\"  >\n\t\t\t\t\t\t\t\t\t  <div class=\"yuzo-img-wrap \" style=\"width: 125px;height:90px;\">\n\t\t\t\t\t\t\t\t\t\t\n\t\t\t\t\t\t\t\t\t\t<div class=\"yuzo-img\" style=\"background:url('https:\/\/redept.org\/blogosfera\/wp-content\/plugins\/yuzo-related-post\/assets\/images\/default.png') 50% 50% no-repeat;width: 125px;height:90px;margin-bottom: 5px;background-size: cover; \"><\/div>\n\t\t\t\t\t\t\t\t\t  <\/div>\n\t\t\t\t\t\t\t\t\t  \n\t\t\t\t\t\t\t\t   <span class=\"yuzo__text--title\" style=\"font-size:13px;\">Chuvas obrigam quase 8 mil pessoas a deixarem suas...<\/span>\n\t\t\t\t\t\t\t  \n\t\t\t\t\t\t\t  \n\t\t\t\t\t\t\t  <\/a>\n\n\t\t\t\t\t\t  <\/div>\n\t\t\t\t\t\t  <div class=\"relatedthumb \" style=\"width:125px;float:left;overflow:hidden;\">  \n\t\t\t\t\t\t\t  \n\t\t\t\t\t\t\t  <a  href=\"https:\/\/redept.com.br\/blogosfera\/empresas-privadas-colocam-funcionarios-sem-treinamento-nos-trens-e-metros-diz-metroviario\/\"  >\n\t\t\t\t\t\t\t\t\t  <div class=\"yuzo-img-wrap \" style=\"width: 125px;height:90px;\">\n\t\t\t\t\t\t\t\t\t\t\n\t\t\t\t\t\t\t\t\t\t<div class=\"yuzo-img\" style=\"background:url('https:\/\/redept.org\/blogosfera\/wp-content\/plugins\/yuzo-related-post\/assets\/images\/default.png') 50% 50% no-repeat;width: 125px;height:90px;margin-bottom: 5px;background-size: cover; \"><\/div>\n\t\t\t\t\t\t\t\t\t  <\/div>\n\t\t\t\t\t\t\t\t\t  \n\t\t\t\t\t\t\t\t   <span class=\"yuzo__text--title\" style=\"font-size:13px;\">Empresas privadas colocam funcion\u00e1rios sem treinam...<\/span>\n\t\t\t\t\t\t\t  \n\t\t\t\t\t\t\t  \n\t\t\t\t\t\t\t  <\/a>\n\n\t\t\t\t\t\t  <\/div>\n\t\t\t\t\t\t  <div class=\"relatedthumb \" style=\"width:125px;float:left;overflow:hidden;\">  \n\t\t\t\t\t\t\t  \n\t\t\t\t\t\t\t  <a  href=\"https:\/\/redept.com.br\/blogosfera\/falso-profeta-por-que-frei-gilson-foi-denunciado-ao-mp-por-discurso-redpill\/\"  >\n\t\t\t\t\t\t\t\t\t  <div class=\"yuzo-img-wrap \" style=\"width: 125px;height:90px;\">\n\t\t\t\t\t\t\t\t\t\t\n\t\t\t\t\t\t\t\t\t\t<div class=\"yuzo-img\" style=\"background:url('https:\/\/redept.org\/blogosfera\/wp-content\/plugins\/yuzo-related-post\/assets\/images\/default.png') 50% 50% no-repeat;width: 125px;height:90px;margin-bottom: 5px;background-size: cover; \"><\/div>\n\t\t\t\t\t\t\t\t\t  <\/div>\n\t\t\t\t\t\t\t\t\t  \n\t\t\t\t\t\t\t\t   <span class=\"yuzo__text--title\" style=\"font-size:13px;\">\u201cFalso profeta\u201d: por que frei Gilson foi denunciad...<\/span>\n\t\t\t\t\t\t\t  \n\t\t\t\t\t\t\t  \n\t\t\t\t\t\t\t  <\/a>\n\n\t\t\t\t\t\t  <\/div>\n<\/div> <script>\n\t\t\t\t\t\t  jQuery(document).ready(function( $ ){\n\t\t\t\t\t\t\t\/\/jQuery('.yuzo_related_post').equalizer({ overflow : 'relatedthumb' });\n\t\t\t\t\t\t\tjQuery('.yuzo_related_post .yuzo_wraps').equalizer({ columns : '> div' });\n\t\t\t\t\t\t   })\n\t\t\t\t\t\t  <\/script> <!-- End Yuzo :) -->","protected":false},"excerpt":{"rendered":"<p>O 5\u00ba Festival de Arte e Cultura das Escolas do Campo do Cear\u00e1, ocorrido em novembro, destacou a for\u00e7a da cultura camponesa e celebra os 40 anos do Movimento dos Trabalhadores Rurais Sem Terra (MST). O festival aconteceu no Assentamento Ipueira da Vaca, na Comunidade Logradouro I, em Canind\u00e9, com forma\u00e7\u00f5es e apresenta\u00e7\u00f5es art\u00edsticas que [&hellip;]<\/p>\n","protected":false},"author":2,"featured_media":0,"comment_status":"closed","ping_status":"closed","sticky":false,"template":"","format":"standard","meta":{"fifu_image_url":"","fifu_image_alt":"","footnotes":""},"categories":[1],"tags":[],"class_list":["post-7371","post","type-post","status-publish","format-standard","hentry","category-uncategorized"],"_links":{"self":[{"href":"https:\/\/redept.com.br\/blogosfera\/wp-json\/wp\/v2\/posts\/7371","targetHints":{"allow":["GET"]}}],"collection":[{"href":"https:\/\/redept.com.br\/blogosfera\/wp-json\/wp\/v2\/posts"}],"about":[{"href":"https:\/\/redept.com.br\/blogosfera\/wp-json\/wp\/v2\/types\/post"}],"author":[{"embeddable":true,"href":"https:\/\/redept.com.br\/blogosfera\/wp-json\/wp\/v2\/users\/2"}],"replies":[{"embeddable":true,"href":"https:\/\/redept.com.br\/blogosfera\/wp-json\/wp\/v2\/comments?post=7371"}],"version-history":[{"count":0,"href":"https:\/\/redept.com.br\/blogosfera\/wp-json\/wp\/v2\/posts\/7371\/revisions"}],"wp:attachment":[{"href":"https:\/\/redept.com.br\/blogosfera\/wp-json\/wp\/v2\/media?parent=7371"}],"wp:term":[{"taxonomy":"category","embeddable":true,"href":"https:\/\/redept.com.br\/blogosfera\/wp-json\/wp\/v2\/categories?post=7371"},{"taxonomy":"post_tag","embeddable":true,"href":"https:\/\/redept.com.br\/blogosfera\/wp-json\/wp\/v2\/tags?post=7371"}],"curies":[{"name":"wp","href":"https:\/\/api.w.org\/{rel}","templated":true}]}}