{"id":7372,"date":"2024-12-05T16:02:13","date_gmt":"2024-12-05T19:02:13","guid":{"rendered":"https:\/\/redept.org\/blogosfera\/brasil-e-condenado-pela-chacina-de-acari-que-deixou-11-jovens-desaparecidos-em-1999-no-rio-de-janeiro\/"},"modified":"2024-12-05T16:02:13","modified_gmt":"2024-12-05T19:02:13","slug":"brasil-e-condenado-pela-chacina-de-acari-que-deixou-11-jovens-desaparecidos-em-1999-no-rio-de-janeiro","status":"publish","type":"post","link":"https:\/\/redept.com.br\/blogosfera\/brasil-e-condenado-pela-chacina-de-acari-que-deixou-11-jovens-desaparecidos-em-1999-no-rio-de-janeiro\/","title":{"rendered":"Brasil \u00e9 condenado pela chacina de Acari, que deixou 11 jovens desaparecidos em 1999 no Rio de Janeiro"},"content":{"rendered":"<p>O Estado brasileiro foi condenado nesta quarta-feira (4) pela\u00a0Corte Interamericana de Direitos Humanos (CIDH) pelo <a href=\"https:\/\/www.brasildefato.com.br\/2024\/05\/15\/em-34-anos-o-estado-nunca-fez-um-reconhecimento-como-este-diz-integrante-do-movimento-maes-de-acari-rj\">desaparecimento for\u00e7ado de 11 jovens moradores da favela de Acari<\/a>, na zona norte do Rio, em 1990.\u00a0<\/p>\n<p>O <a href=\"https:\/\/www.brasildefatorj.com.br\/2022\/07\/01\/apos-32-anos-familiares-das-vitimas-da-chacina-do-acari-serao-indenizados-pelo-estado-do-rio\">caso ocorreu em Mag\u00e9<\/a>, na Baixada Fluminense, em 26 de julho de 1990, quando um grupo de aproximadamente seis homens encapuzados sequestrou Wallace Souza do Nascimento, Hedio Nascimento, Luiz Henrique da Silva Euz\u00e9bio, Viviane Rocha da Silva, Cristiane Leite de Souza, Mois\u00e9s dos Santos Cruz, Edson de Souza Costa, Luiz Carlos Vasconcellos de Deus, Hoodson Silva de Oliveira, Rosana de Souza Santos e Antonio Carlos da Silva.\u00a0Desde ent\u00e3o, n\u00e3o se sabe o paradeiro deles.<\/p>\n<p>Os encapuzados se identificaram como agentes da pol\u00edcia e pediram dinheiro. A suspeita \u00e9 que eles seriam integrantes dos &#8220;Cavalos Corredores&#8221;, um grupo de exterm\u00ednio que atuava na Favela de Acari na \u00e9poca.<\/p>\n<p><imgsrc=\"\"><br \/>\nFoto em preto e branco das m\u00e3es das v\u00edtimas, veiculada nos jornais em 1990, d\u00e1 a no\u00e7\u00e3o do tempo que Estado brasileiro deixou de agir \/ Arquivo\/Anistia Internacional<\/p>\n<p>Condena\u00e7\u00e3o<\/p>\n<p>O Estado foi condenado uma s\u00e9rie de medidas: seguir com a investiga\u00e7\u00e3o do desaparecimento; efetuar uma busca rigorosa do paradeiro deles; realizar um ato p\u00fablico de reconhecimento de responsabilidade internacional; criar no bairro de Acari um espa\u00e7o de mem\u00f3ria; proporcionar atendimento m\u00e9dico e psicol\u00f3gico \u00e0s fam\u00edlias; repara\u00e7\u00e3o financeira \u00e0s v\u00edtimas; al\u00e9m de elaborar um estudo sobre a atua\u00e7\u00e3o de mil\u00edcias e grupos de exterm\u00ednio no estado.<\/p>\n<p>A senten\u00e7a dever\u00e1 ser entregue na pr\u00f3xima semana \u00e0 ministra dos Direitos Humanos e Cidadania, Maca\u00e9 Evaristo dos Santos.\u00a0Em nota \u00e0 <em>Ag\u00eancia Brasil<\/em>, o minist\u00e9rio informou que participou do ato de notifica\u00e7\u00e3o da senten\u00e7a e classificou a decis\u00e3o como &#8220;hist\u00f3rica&#8221;.<\/p>\n<p>M\u00e3es de Acari<\/p>\n<p>As <a href=\"https:\/\/www.brasildefatorj.com.br\/2022\/06\/10\/projeto-de-lei-na-alerj-propoe-que-estado-repare-familias-de-11-jovens-desaparecidos-em-acari\">M\u00e3es de Acari<\/a> ganharam notoriedade ao cobrarem avan\u00e7o nas investiga\u00e7\u00f5es e responsabiliza\u00e7\u00e3o pelo crime. Em maio deste ano, m\u00e3es das v\u00edtimas receberam a Medalha Tiradentes durante a Semana Municipal em Mem\u00f3ria das V\u00edtimas da Viol\u00eancia Armada.<\/p>\n<p>O movimento foi pioneiro ao denunciar a omiss\u00e3o do Estado, buscando por meios pr\u00f3prios as respostas que n\u00e3o foram dadas pelas institui\u00e7\u00f5es. Ao longo desta busca, Edmea da Silva Euz\u00e9bio, uma das lideran\u00e7as, foi executada a queima-roupa, no centro do Rio. Apesar disso, o movimento seguiu na luta, com grande repercuss\u00e3o nacional e internacional.<\/p>\n<p><imgsrc=\"\"><br \/>\nM\u00e3e de Wallace, v\u00edtima da chacina de Acari, com homenagens ao filho e ao marido que morreu no ano passado sem ver a justi\u00e7a do caso \/ Foto: Caio de Oliveira<\/p>\n<!-- Begin Yuzo --><div class='yuzo_related_post style-1'  data-version='5.12.89'><!-- without result --><div class='yuzo_clearfixed yuzo__title yuzo__title'><h3>Related Post<\/h3><\/div>\n\t\t\t\t\t\t  <div class=\"relatedthumb \" style=\"width:125px;float:left;overflow:hidden;\">  \n\t\t\t\t\t\t\t  \n\t\t\t\t\t\t\t  <a  href=\"https:\/\/redept.com.br\/blogosfera\/paulinho-da-forca-afirma-que-isencao-do-ir-esta-condicionada-a-anistia\/\"  >\n\t\t\t\t\t\t\t\t\t  <div class=\"yuzo-img-wrap \" style=\"width: 125px;height:90px;\">\n\t\t\t\t\t\t\t\t\t\t\n\t\t\t\t\t\t\t\t\t\t<div class=\"yuzo-img\" style=\"background:url('https:\/\/redept.org\/blogosfera\/wp-content\/plugins\/yuzo-related-post\/assets\/images\/default.png') 50% 50% no-repeat;width: 125px;height:90px;margin-bottom: 5px;background-size: cover; \"><\/div>\n\t\t\t\t\t\t\t\t\t  <\/div>\n\t\t\t\t\t\t\t\t\t  \n\t\t\t\t\t\t\t\t   <span class=\"yuzo__text--title\" style=\"font-size:13px;\">Paulinho da For\u00e7a afirma que isen\u00e7\u00e3o do IR est\u00e1 co...<\/span>\n\t\t\t\t\t\t\t  \n\t\t\t\t\t\t\t  \n\t\t\t\t\t\t\t  <\/a>\n\n\t\t\t\t\t\t  <\/div>\n\t\t\t\t\t\t  <div class=\"relatedthumb \" style=\"width:125px;float:left;overflow:hidden;\">  \n\t\t\t\t\t\t\t  \n\t\t\t\t\t\t\t  <a  href=\"https:\/\/redept.com.br\/blogosfera\/resultado-fies-2026-disponivel-confira-como-consultar\/\"  >\n\t\t\t\t\t\t\t\t\t  <div class=\"yuzo-img-wrap \" style=\"width: 125px;height:90px;\">\n\t\t\t\t\t\t\t\t\t\t\n\t\t\t\t\t\t\t\t\t\t<div class=\"yuzo-img\" style=\"background:url('https:\/\/redept.com.br\/blogosfera\/wp-content\/uploads\/2026\/02\/CronogramaFies_12026-150x150.webp') 50% 50% no-repeat;width: 125px;height:90px;margin-bottom: 5px;background-size: cover; \"><\/div>\n\t\t\t\t\t\t\t\t\t  <\/div>\n\t\t\t\t\t\t\t\t\t  \n\t\t\t\t\t\t\t\t   <span class=\"yuzo__text--title\" style=\"font-size:13px;\">Resultado Fies 2026 dispon\u00edvel: confira como consu...<\/span>\n\t\t\t\t\t\t\t  \n\t\t\t\t\t\t\t  \n\t\t\t\t\t\t\t  <\/a>\n\n\t\t\t\t\t\t  <\/div>\n\t\t\t\t\t\t  <div class=\"relatedthumb \" style=\"width:125px;float:left;overflow:hidden;\">  \n\t\t\t\t\t\t\t  \n\t\t\t\t\t\t\t  <a  href=\"https:\/\/redept.com.br\/blogosfera\/favela-nao-produz-drogas-e-muito-menos-armas-como-chegam-la-sem-interceptacao-da-policia\/\"  >\n\t\t\t\t\t\t\t\t\t  <div class=\"yuzo-img-wrap \" style=\"width: 125px;height:90px;\">\n\t\t\t\t\t\t\t\t\t\t\n\t\t\t\t\t\t\t\t\t\t<div class=\"yuzo-img\" style=\"background:url('https:\/\/redept.org\/blogosfera\/wp-content\/plugins\/yuzo-related-post\/assets\/images\/default.png') 50% 50% no-repeat;width: 125px;height:90px;margin-bottom: 5px;background-size: cover; \"><\/div>\n\t\t\t\t\t\t\t\t\t  <\/div>\n\t\t\t\t\t\t\t\t\t  \n\t\t\t\t\t\t\t\t   <span class=\"yuzo__text--title\" style=\"font-size:13px;\">Favela n\u00e3o produz drogas e muito menos armas. Como...<\/span>\n\t\t\t\t\t\t\t  \n\t\t\t\t\t\t\t  \n\t\t\t\t\t\t\t  <\/a>\n\n\t\t\t\t\t\t  <\/div>\n\t\t\t\t\t\t  <div class=\"relatedthumb \" style=\"width:125px;float:left;overflow:hidden;\">  \n\t\t\t\t\t\t\t  \n\t\t\t\t\t\t\t  <a  href=\"https:\/\/redept.com.br\/blogosfera\/para-alem-de-estar-viva-quero-ser-uma-lesbica-que-vive\/\"  >\n\t\t\t\t\t\t\t\t\t  <div class=\"yuzo-img-wrap \" style=\"width: 125px;height:90px;\">\n\t\t\t\t\t\t\t\t\t\t\n\t\t\t\t\t\t\t\t\t\t<div class=\"yuzo-img\" style=\"background:url('https:\/\/redept.com.br\/blogosfera\/wp-content\/uploads\/2025\/08\/image-1-51-150x150.png') 50% 50% no-repeat;width: 125px;height:90px;margin-bottom: 5px;background-size: cover; \"><\/div>\n\t\t\t\t\t\t\t\t\t  <\/div>\n\t\t\t\t\t\t\t\t\t  \n\t\t\t\t\t\t\t\t   <span class=\"yuzo__text--title\" style=\"font-size:13px;\">Para al\u00e9m de estar viva, quero ser uma l\u00e9sbica que...<\/span>\n\t\t\t\t\t\t\t  \n\t\t\t\t\t\t\t  \n\t\t\t\t\t\t\t  <\/a>\n\n\t\t\t\t\t\t  <\/div>\n<\/div> <script>\n\t\t\t\t\t\t  jQuery(document).ready(function( $ ){\n\t\t\t\t\t\t\t\/\/jQuery('.yuzo_related_post').equalizer({ overflow : 'relatedthumb' });\n\t\t\t\t\t\t\tjQuery('.yuzo_related_post .yuzo_wraps').equalizer({ columns : '> div' });\n\t\t\t\t\t\t   })\n\t\t\t\t\t\t  <\/script> <!-- End Yuzo :) -->","protected":false},"excerpt":{"rendered":"<p>O Estado brasileiro foi condenado nesta quarta-feira (4) pela\u00a0Corte Interamericana de Direitos Humanos (CIDH) pelo desaparecimento for\u00e7ado de 11 jovens moradores da favela de Acari, na zona norte do Rio, em 1990.\u00a0 O caso ocorreu em Mag\u00e9, na Baixada Fluminense, em 26 de julho de 1990, quando um grupo de aproximadamente seis homens encapuzados sequestrou [&hellip;]<\/p>\n","protected":false},"author":2,"featured_media":0,"comment_status":"closed","ping_status":"closed","sticky":false,"template":"","format":"standard","meta":{"fifu_image_url":"","fifu_image_alt":"","footnotes":""},"categories":[1],"tags":[],"class_list":["post-7372","post","type-post","status-publish","format-standard","hentry","category-uncategorized"],"_links":{"self":[{"href":"https:\/\/redept.com.br\/blogosfera\/wp-json\/wp\/v2\/posts\/7372","targetHints":{"allow":["GET"]}}],"collection":[{"href":"https:\/\/redept.com.br\/blogosfera\/wp-json\/wp\/v2\/posts"}],"about":[{"href":"https:\/\/redept.com.br\/blogosfera\/wp-json\/wp\/v2\/types\/post"}],"author":[{"embeddable":true,"href":"https:\/\/redept.com.br\/blogosfera\/wp-json\/wp\/v2\/users\/2"}],"replies":[{"embeddable":true,"href":"https:\/\/redept.com.br\/blogosfera\/wp-json\/wp\/v2\/comments?post=7372"}],"version-history":[{"count":0,"href":"https:\/\/redept.com.br\/blogosfera\/wp-json\/wp\/v2\/posts\/7372\/revisions"}],"wp:attachment":[{"href":"https:\/\/redept.com.br\/blogosfera\/wp-json\/wp\/v2\/media?parent=7372"}],"wp:term":[{"taxonomy":"category","embeddable":true,"href":"https:\/\/redept.com.br\/blogosfera\/wp-json\/wp\/v2\/categories?post=7372"},{"taxonomy":"post_tag","embeddable":true,"href":"https:\/\/redept.com.br\/blogosfera\/wp-json\/wp\/v2\/tags?post=7372"}],"curies":[{"name":"wp","href":"https:\/\/api.w.org\/{rel}","templated":true}]}}