{"id":73722,"date":"2026-02-09T15:41:40","date_gmt":"2026-02-09T18:41:40","guid":{"rendered":"https:\/\/redept.com.br\/blogosfera\/pf-quebra-senha-e-acessa-conteudo-do-celular-do-dono-do-banco-master-2\/"},"modified":"2026-02-09T15:41:40","modified_gmt":"2026-02-09T18:41:40","slug":"pf-quebra-senha-e-acessa-conteudo-do-celular-do-dono-do-banco-master-2","status":"publish","type":"post","link":"https:\/\/redept.com.br\/blogosfera\/pf-quebra-senha-e-acessa-conteudo-do-celular-do-dono-do-banco-master-2\/","title":{"rendered":"PF quebra senha e acessa conte\u00fado do celular do dono do Banco Master"},"content":{"rendered":"<p><img loading=\"lazy\" width=\"1024\" height=\"613\"src=\"https:\/\/redept.com.br\/blogosfera\/wp-content\/uploads\/2026\/02\/banco_master-1-vorcaro-divulgacao.webp\" alt=\"\" decoding=\"async\" loading=\"lazy\" srcset=\"https:\/\/vermelho.org.br\/wp-content\/uploads\/2026\/02\/banco_master-1-vorcaro-divulgacao-1024x613.webp 1024w, https:\/\/vermelho.org.br\/wp-content\/uploads\/2026\/02\/banco_master-1-vorcaro-divulgacao-300x179.webp 300w, https:\/\/vermelho.org.br\/wp-content\/uploads\/2026\/02\/banco_master-1-vorcaro-divulgacao-768x459.webp 768w, https:\/\/redept.com.br\/blogosfera\/wp-content\/uploads\/2026\/02\/banco_master-1-vorcaro-divulgacao.webp 1170w\" sizes=\"auto, (max-width: 1024px) 100vw, 1024px\"><\/p>\n<p>A Pol\u00edcia Federal (PF) obteve sucesso na extra\u00e7\u00e3o de dados do aparelho celular de <strong>Daniel Vorcaro<\/strong>, propriet\u00e1rio do Banco Master. A informa\u00e7\u00e3o, divulgada nesta segunda-feira (9) pelo jornalista Gustavo Uribe (CNN Brasil), aponta que a corpora\u00e7\u00e3o utilizou ferramentas especializadas para superar a criptografia de um iPhone de \u00faltima gera\u00e7\u00e3o. O banqueiro se recusou a fornecer a senha do aparelho  em depoimento oficial no final de 2025.<\/p>\n<p>Segundo relatos internos da PF, a per\u00edcia t\u00e9cnica demandou semanas de trabalho devido a camadas adicionais de seguran\u00e7a no dispositivo. O procedimento permitiu n\u00e3o apenas o acesso aos arquivos atuais, mas tamb\u00e9m a recupera\u00e7\u00e3o de mensagens e informa\u00e7\u00f5es que haviam sido deletadas.<\/p>\n<p><strong>Recusa e cerco judicial<\/strong><\/p>\n<p>A apreens\u00e3o do aparelho ocorreu no \u00e2mbito da <strong>Opera\u00e7\u00e3o Compliance Zero<\/strong>, que investiga fraudes financeiras. Em depoimento prestado \u00e0 delegada Janaina Palazzo em 30 de dezembro de 2025, Vorcaro e sua defesa alegaram que a entrega da senha exporia \u201crela\u00e7\u00f5es pessoais e privadas\u201d, conforme consta nas transcri\u00e7\u00f5es de depoimentos cujo sigilo foi levantado pelo ministro Dias Toffoli, do Supremo Tribunal Federal (STF).<\/p>\n<p>Com o avan\u00e7o da per\u00edcia, o argumento da defesa perde efeito pr\u00e1tico. Os dados extra\u00eddos est\u00e3o sendo compilados para compartilhamento imediato com o STF e a Procuradoria-Geral da Rep\u00fablica (PGR). Al\u00e9m disso, h\u00e1 a expectativa de que o ministro Toffoli autorize o envio do conte\u00fado \u00e0 <strong>CPMI do INSS<\/strong>, que investiga o impacto de irregularidades banc\u00e1rias em fundos previdenci\u00e1rios.<\/p>\n<p><strong>Investiga\u00e7\u00e3o sobre lobby pol\u00edtico<\/strong><\/p>\n<p>O interesse dos investigadores recai sobre ind\u00edcios de press\u00e3o de Vorcaro junto a autoridades federais, o que poderia configurar o crime de obstru\u00e7\u00e3o de Justi\u00e7a. A PF apura se o banqueiro tentou interferir em decis\u00f5es t\u00e9cnicas para evitar a liquida\u00e7\u00e3o do Banco Master pelo Banco Central no final do ano passado.<\/p>\n<p>As mensagens recuperadas podem revelar o teor de cobran\u00e7as e intera\u00e7\u00f5es com figuras com poder em Bras\u00edlia. Este material poder\u00e1 ser disponibilizado antes do depoimento de Daniel Vorcaro \u00e0 CPMI, agendado para o dia <strong>26 de fevereiro<\/strong>, logo ap\u00f3s o Carnaval. A defesa do empres\u00e1rio j\u00e1 sinalizou que buscar\u00e1 limitar o escopo das perguntas dos parlamentares, tentando restringir o debate \u00e0s opera\u00e7\u00f5es comerciais da institui\u00e7\u00e3o.<\/p>\n<p>O post <a href=\"https:\/\/vermelho.org.br\/2026\/02\/09\/pf-quebra-senha-e-acessa-conteudo-do-celular-do-dono-do-banco-master\/\">PF quebra senha e acessa conte\u00fado do celular do dono do Banco Master<\/a> apareceu primeiro em <a href=\"https:\/\/vermelho.org.br\/\">Vermelho<\/a>.<\/p>\n<!-- Begin Yuzo --><div class='yuzo_related_post style-1'  data-version='5.12.89'><!-- without result --><div class='yuzo_clearfixed yuzo__title yuzo__title'><h3>Related Post<\/h3><\/div>\n\t\t\t\t\t\t  <div class=\"relatedthumb \" style=\"width:125px;float:left;overflow:hidden;\">  \n\t\t\t\t\t\t\t  \n\t\t\t\t\t\t\t  <a  href=\"https:\/\/redept.com.br\/blogosfera\/qual-e-o-lugar-de-gilberto-kassab-nas-eleicoes-em-sp\/\"  >\n\t\t\t\t\t\t\t\t\t  <div class=\"yuzo-img-wrap \" style=\"width: 125px;height:90px;\">\n\t\t\t\t\t\t\t\t\t\t\n\t\t\t\t\t\t\t\t\t\t<div class=\"yuzo-img\" style=\"background:url('https:\/\/redept.org\/blogosfera\/wp-content\/plugins\/yuzo-related-post\/assets\/images\/default.png') 50% 50% no-repeat;width: 125px;height:90px;margin-bottom: 5px;background-size: cover; \"><\/div>\n\t\t\t\t\t\t\t\t\t  <\/div>\n\t\t\t\t\t\t\t\t\t  \n\t\t\t\t\t\t\t\t   <span class=\"yuzo__text--title\" style=\"font-size:13px;\">Qual \u00e9 o lugar de Gilberto Kassab nas elei\u00e7\u00f5es em ...<\/span>\n\t\t\t\t\t\t\t  \n\t\t\t\t\t\t\t  \n\t\t\t\t\t\t\t  <\/a>\n\n\t\t\t\t\t\t  <\/div>\n\t\t\t\t\t\t  <div class=\"relatedthumb \" style=\"width:125px;float:left;overflow:hidden;\">  \n\t\t\t\t\t\t\t  \n\t\t\t\t\t\t\t  <a  href=\"https:\/\/redept.com.br\/blogosfera\/pessoas-pretas-receberam-80-menos-do-que-brancas-no-df-em-2024-aponta-ibge\/\"  >\n\t\t\t\t\t\t\t\t\t  <div class=\"yuzo-img-wrap \" style=\"width: 125px;height:90px;\">\n\t\t\t\t\t\t\t\t\t\t\n\t\t\t\t\t\t\t\t\t\t<div class=\"yuzo-img\" style=\"background:url('https:\/\/redept.org\/blogosfera\/wp-content\/plugins\/yuzo-related-post\/assets\/images\/default.png') 50% 50% no-repeat;width: 125px;height:90px;margin-bottom: 5px;background-size: cover; \"><\/div>\n\t\t\t\t\t\t\t\t\t  <\/div>\n\t\t\t\t\t\t\t\t\t  \n\t\t\t\t\t\t\t\t   <span class=\"yuzo__text--title\" style=\"font-size:13px;\">Pessoas pretas receberam 80% menos do que brancas ...<\/span>\n\t\t\t\t\t\t\t  \n\t\t\t\t\t\t\t  \n\t\t\t\t\t\t\t  <\/a>\n\n\t\t\t\t\t\t  <\/div>\n\t\t\t\t\t\t  <div class=\"relatedthumb \" style=\"width:125px;float:left;overflow:hidden;\">  \n\t\t\t\t\t\t\t  \n\t\t\t\t\t\t\t  <a  href=\"https:\/\/redept.com.br\/blogosfera\/agricultores-familiares-do-sul-fluminense-firmam-contrato-inedito-com-anater-para-recuperar-bioma-e-diversificar-producao\/\"  >\n\t\t\t\t\t\t\t\t\t  <div class=\"yuzo-img-wrap \" style=\"width: 125px;height:90px;\">\n\t\t\t\t\t\t\t\t\t\t\n\t\t\t\t\t\t\t\t\t\t<div class=\"yuzo-img\" style=\"background:url('https:\/\/redept.org\/blogosfera\/wp-content\/plugins\/yuzo-related-post\/assets\/images\/default.png') 50% 50% no-repeat;width: 125px;height:90px;margin-bottom: 5px;background-size: cover; \"><\/div>\n\t\t\t\t\t\t\t\t\t  <\/div>\n\t\t\t\t\t\t\t\t\t  \n\t\t\t\t\t\t\t\t   <span class=\"yuzo__text--title\" style=\"font-size:13px;\">Agricultores familiares do sul fluminense firmam c...<\/span>\n\t\t\t\t\t\t\t  \n\t\t\t\t\t\t\t  \n\t\t\t\t\t\t\t  <\/a>\n\n\t\t\t\t\t\t  <\/div>\n\t\t\t\t\t\t  <div class=\"relatedthumb \" style=\"width:125px;float:left;overflow:hidden;\">  \n\t\t\t\t\t\t\t  \n\t\t\t\t\t\t\t  <a  href=\"https:\/\/redept.com.br\/blogosfera\/documentario-sobre-mulheres-cervejeiras-tem-exibicao-gratuita-em-brasilia\/\"  >\n\t\t\t\t\t\t\t\t\t  <div class=\"yuzo-img-wrap \" style=\"width: 125px;height:90px;\">\n\t\t\t\t\t\t\t\t\t\t\n\t\t\t\t\t\t\t\t\t\t<div class=\"yuzo-img\" style=\"background:url('https:\/\/redept.org\/blogosfera\/wp-content\/plugins\/yuzo-related-post\/assets\/images\/default.png') 50% 50% no-repeat;width: 125px;height:90px;margin-bottom: 5px;background-size: cover; \"><\/div>\n\t\t\t\t\t\t\t\t\t  <\/div>\n\t\t\t\t\t\t\t\t\t  \n\t\t\t\t\t\t\t\t   <span class=\"yuzo__text--title\" style=\"font-size:13px;\">Document\u00e1rio sobre mulheres cervejeiras tem exibi\u00e7...<\/span>\n\t\t\t\t\t\t\t  \n\t\t\t\t\t\t\t  \n\t\t\t\t\t\t\t  <\/a>\n\n\t\t\t\t\t\t  <\/div>\n<\/div> <script>\n\t\t\t\t\t\t  jQuery(document).ready(function( $ ){\n\t\t\t\t\t\t\t\/\/jQuery('.yuzo_related_post').equalizer({ overflow : 'relatedthumb' });\n\t\t\t\t\t\t\tjQuery('.yuzo_related_post .yuzo_wraps').equalizer({ columns : '> div' });\n\t\t\t\t\t\t   })\n\t\t\t\t\t\t  <\/script> <!-- End Yuzo :) -->","protected":false},"excerpt":{"rendered":"<p>A Pol\u00edcia Federal (PF) obteve sucesso na extra\u00e7\u00e3o de dados do aparelho celular de Daniel Vorcaro, propriet\u00e1rio do Banco Master. A informa\u00e7\u00e3o, divulgada nesta segunda-feira (9) pelo jornalista Gustavo Uribe (CNN Brasil), aponta que a corpora\u00e7\u00e3o utilizou ferramentas especializadas para superar a criptografia de um iPhone de \u00faltima gera\u00e7\u00e3o. O banqueiro se recusou a fornecer [&hellip;]<\/p>\n","protected":false},"author":2,"featured_media":0,"comment_status":"open","ping_status":"closed","sticky":false,"template":"","format":"standard","meta":{"fifu_image_url":"","fifu_image_alt":"","footnotes":""},"categories":[17810,6168,16650,35385,30544,2560,288,30545,1764,260],"tags":[],"class_list":["post-73722","post","type-post","status-publish","format-standard","hentry","category-banco-master","category-cpmi-do-inss","category-crimes-financeiros","category-criptografia","category-daniel-vorcaro","category-dias-toffoli","category-justica","category-operacao-compliance-zero","category-policia-federal","category-stf"],"_links":{"self":[{"href":"https:\/\/redept.com.br\/blogosfera\/wp-json\/wp\/v2\/posts\/73722","targetHints":{"allow":["GET"]}}],"collection":[{"href":"https:\/\/redept.com.br\/blogosfera\/wp-json\/wp\/v2\/posts"}],"about":[{"href":"https:\/\/redept.com.br\/blogosfera\/wp-json\/wp\/v2\/types\/post"}],"author":[{"embeddable":true,"href":"https:\/\/redept.com.br\/blogosfera\/wp-json\/wp\/v2\/users\/2"}],"replies":[{"embeddable":true,"href":"https:\/\/redept.com.br\/blogosfera\/wp-json\/wp\/v2\/comments?post=73722"}],"version-history":[{"count":0,"href":"https:\/\/redept.com.br\/blogosfera\/wp-json\/wp\/v2\/posts\/73722\/revisions"}],"wp:attachment":[{"href":"https:\/\/redept.com.br\/blogosfera\/wp-json\/wp\/v2\/media?parent=73722"}],"wp:term":[{"taxonomy":"category","embeddable":true,"href":"https:\/\/redept.com.br\/blogosfera\/wp-json\/wp\/v2\/categories?post=73722"},{"taxonomy":"post_tag","embeddable":true,"href":"https:\/\/redept.com.br\/blogosfera\/wp-json\/wp\/v2\/tags?post=73722"}],"curies":[{"name":"wp","href":"https:\/\/api.w.org\/{rel}","templated":true}]}}