{"id":7373,"date":"2024-12-05T16:02:52","date_gmt":"2024-12-05T19:02:52","guid":{"rendered":"https:\/\/redept.org\/blogosfera\/em-ano-eleitoral-nunes-cortou-27-de-recursos-de-programa-de-transferencia-de-renda-para-infraestrutura-de-escolas\/"},"modified":"2024-12-05T16:02:52","modified_gmt":"2024-12-05T19:02:52","slug":"em-ano-eleitoral-nunes-cortou-27-de-recursos-de-programa-de-transferencia-de-renda-para-infraestrutura-de-escolas","status":"publish","type":"post","link":"https:\/\/redept.com.br\/blogosfera\/em-ano-eleitoral-nunes-cortou-27-de-recursos-de-programa-de-transferencia-de-renda-para-infraestrutura-de-escolas\/","title":{"rendered":"Em ano eleitoral, Nunes cortou 27% de recursos de programa de transfer\u00eancia de renda para infraestrutura de escolas"},"content":{"rendered":"<p>Entre 2023 e 2024, a Prefeitura de S\u00e3o Paulo, sob <a href=\"https:\/\/www.brasildefato.com.br\/2024\/08\/14\/ricardo-nunes-cumpre-apenas-41-8-das-metas-como-prefeito-de-sao-paulo\">comando de Ricardo Nunes (MDB),<\/a> cortou 27% do or\u00e7amento do Programa de Transfer\u00eancia de Recursos Financeiros (PTRF), que garante que as escolas atendam \u00e0s suas necessidades espec\u00edficas, como a manuten\u00e7\u00e3o da infraestrutura, aquisi\u00e7\u00e3o de materiais pedag\u00f3gicos e promo\u00e7\u00e3o de atividades educacionais e projetos pedag\u00f3gicos.<\/p>\n<p>Em 2023, a prefeitura destinou R$ 567,2 milh\u00f5es. Desses, R$ 566,1 milh\u00f5es foram utilizados pelas escolas da rede municipal. J\u00e1 em 2024, ano em que Ricardo Nunes disputou a <a href=\"https:\/\/www.brasildefato.com.br\/2024\/10\/27\/ricardo-nunes-mdb-derrota-guilherme-boulos-psol-e-e-reeleito-prefeito-de-sao-paulo-sp\">reelei\u00e7\u00e3o em S\u00e3o Paulo,<\/a> o governo municipal reduziu os recursos para R$ 413,5 milh\u00f5es, mas apenas R$ 368,3 foi empenhado.<\/p>\n<p>O PTRF \u00e9 um recurso administrado pela Secretaria Municipal de Educa\u00e7\u00e3o (SME). O \u00f3rg\u00e3o, em contraste com o programa, teve um aumento de 4,7% em seu or\u00e7amento, saltando de R$ 20,6 bilh\u00f5es para R$ 22,7 bilh\u00f5es.<\/p>\n<p>A redu\u00e7\u00e3o no repasse de recursos ao PTRF foi alvo de uma den\u00fancia protocolada no Tribunal de Contas do Munic\u00edpio (TCM) pelo vereador Celso Giannazi (Psol), o deputado estadual Carlos Giannazi (Psol) e a deputada federal Luciene Cavalcante (Psol), que pediram que a <a href=\"https:\/\/www.brasildefato.com.br\/2024\/10\/24\/servidor-denuncia-rachadinha-de-ricardo-nunes-e-relata-esquema-com-ex-cunhado-de-marcola\">queda no or\u00e7amento seja investigada<\/a>.<\/p>\n<p>Na a\u00e7\u00e3o, o trio afirma estar preocupado com \u201co impacto pr\u00e1tico dessa redu\u00e7\u00e3o, visto que a diminui\u00e7\u00e3o dos valores destinados ao PTRF ocorre em um cen\u00e1rio de aumento da demanda por melhorias na infraestrutura escolar, investimentos em tecnologia educacional e a\u00e7\u00f5es voltadas para a inclus\u00e3o e equidade no ensino. De modo que a escassez de recursos afeta diretamente a qualidade do ambiente escolar e pode comprometer a concretiza\u00e7\u00e3o do direito \u00e0 educa\u00e7\u00e3o, conforme assegurado pela Constitui\u00e7\u00e3o Federal, como se passa a demonstrar.\u201d<\/p>\n<p>Em entrevista ao <strong>Brasil de Fato<\/strong>, Celso Giannazi afirmou que tem recebido \u201cdiversas den\u00fancias\u201d oriundas das escolas, por falta de acesso a recursos que garantam autonomia financeira \u00e0s escolas.<\/p>\n<p>\u201cAumentou o or\u00e7amento da secretaria e reduziu em 30% o recurso do PTRF? Sim, n\u00f3s entramos em ano eleitoral e o prefeito Ricardo Nunes estava preocupado em fazer campanha, n\u00e3o estava preocupado em atender as demandas da educa\u00e7\u00e3o p\u00fablica\u201d, afirmou o vereador.<\/p>\n<p>Os parlamentares querem que o TCM investigue para onde a prefeitura paulistana destinou a diferen\u00e7a de 27% dos recursos do PTRF.<\/p>\n<p>Outro lado<\/p>\n<p>Procurada, a Prefeitura de S\u00e3o Paulo n\u00e3o se manifestou at\u00e9 o fechamento da mat\u00e9ria. Caso o fa\u00e7a, o texto ser\u00e1 atualizado.\u00a0<\/p>\n<!-- Begin Yuzo --><div class='yuzo_related_post style-1'  data-version='5.12.89'><!-- without result --><div class='yuzo_clearfixed yuzo__title yuzo__title'><h3>Related Post<\/h3><\/div>\n\t\t\t\t\t\t  <div class=\"relatedthumb \" style=\"width:125px;float:left;overflow:hidden;\">  \n\t\t\t\t\t\t\t  \n\t\t\t\t\t\t\t  <a  href=\"https:\/\/redept.com.br\/blogosfera\/assassinato-de-cantor-expoe-epidemia-de-extorsao-no-peru\/\"  >\n\t\t\t\t\t\t\t\t\t  <div class=\"yuzo-img-wrap \" style=\"width: 125px;height:90px;\">\n\t\t\t\t\t\t\t\t\t\t\n\t\t\t\t\t\t\t\t\t\t<div class=\"yuzo-img\" style=\"background:url('https:\/\/redept.com.br\/blogosfera\/wp-content\/uploads\/2025\/03\/69209136_1004-150x150.webp') 50% 50% no-repeat;width: 125px;height:90px;margin-bottom: 5px;background-size: cover; \"><\/div>\n\t\t\t\t\t\t\t\t\t  <\/div>\n\t\t\t\t\t\t\t\t\t  \n\t\t\t\t\t\t\t\t   <span class=\"yuzo__text--title\" style=\"font-size:13px;\">Assassinato de cantor exp\u00f5e epidemia de extors\u00e3o n...<\/span>\n\t\t\t\t\t\t\t  \n\t\t\t\t\t\t\t  \n\t\t\t\t\t\t\t  <\/a>\n\n\t\t\t\t\t\t  <\/div>\n\t\t\t\t\t\t  <div class=\"relatedthumb \" style=\"width:125px;float:left;overflow:hidden;\">  \n\t\t\t\t\t\t\t  \n\t\t\t\t\t\t\t  <a  href=\"https:\/\/redept.com.br\/blogosfera\/inteligencia-x-militarizacao-o-embate-de-dois-modelos-de-seguranca-publica\/\"  >\n\t\t\t\t\t\t\t\t\t  <div class=\"yuzo-img-wrap \" style=\"width: 125px;height:90px;\">\n\t\t\t\t\t\t\t\t\t\t\n\t\t\t\t\t\t\t\t\t\t<div class=\"yuzo-img\" style=\"background:url('https:\/\/redept.com.br\/blogosfera\/wp-content\/uploads\/2025\/11\/f1410065-924a-4a96-8eca-7d57dfabf95e-150x150.jpg') 50% 50% no-repeat;width: 125px;height:90px;margin-bottom: 5px;background-size: cover; \"><\/div>\n\t\t\t\t\t\t\t\t\t  <\/div>\n\t\t\t\t\t\t\t\t\t  \n\t\t\t\t\t\t\t\t   <span class=\"yuzo__text--title\" style=\"font-size:13px;\">Intelig\u00eancia X militariza\u00e7\u00e3o: o embate de dois mod...<\/span>\n\t\t\t\t\t\t\t  \n\t\t\t\t\t\t\t  \n\t\t\t\t\t\t\t  <\/a>\n\n\t\t\t\t\t\t  <\/div>\n\t\t\t\t\t\t  <div class=\"relatedthumb \" style=\"width:125px;float:left;overflow:hidden;\">  \n\t\t\t\t\t\t\t  \n\t\t\t\t\t\t\t  <a  href=\"https:\/\/redept.com.br\/blogosfera\/stf-se-prepara-para-julgar-bolsonaro-por-tentativa-de-golpe\/\"  >\n\t\t\t\t\t\t\t\t\t  <div class=\"yuzo-img-wrap \" style=\"width: 125px;height:90px;\">\n\t\t\t\t\t\t\t\t\t\t\n\t\t\t\t\t\t\t\t\t\t<div class=\"yuzo-img\" style=\"background:url('https:\/\/redept.com.br\/blogosfera\/wp-content\/uploads\/2025\/08\/Jair-Bolsonaro-foto-Tom-Molina-STF-150x150.webp') 50% 50% no-repeat;width: 125px;height:90px;margin-bottom: 5px;background-size: cover; \"><\/div>\n\t\t\t\t\t\t\t\t\t  <\/div>\n\t\t\t\t\t\t\t\t\t  \n\t\t\t\t\t\t\t\t   <span class=\"yuzo__text--title\" style=\"font-size:13px;\">STF se prepara para julgar Bolsonaro por tentativa...<\/span>\n\t\t\t\t\t\t\t  \n\t\t\t\t\t\t\t  \n\t\t\t\t\t\t\t  <\/a>\n\n\t\t\t\t\t\t  <\/div>\n\t\t\t\t\t\t  <div class=\"relatedthumb \" style=\"width:125px;float:left;overflow:hidden;\">  \n\t\t\t\t\t\t\t  \n\t\t\t\t\t\t\t  <a  href=\"https:\/\/redept.com.br\/blogosfera\/minas-gerais-pode-ter-dia-e-semana-estadual-de-celebracao-do-hip-hop\/\"  >\n\t\t\t\t\t\t\t\t\t  <div class=\"yuzo-img-wrap \" style=\"width: 125px;height:90px;\">\n\t\t\t\t\t\t\t\t\t\t\n\t\t\t\t\t\t\t\t\t\t<div class=\"yuzo-img\" style=\"background:url('https:\/\/redept.org\/blogosfera\/wp-content\/plugins\/yuzo-related-post\/assets\/images\/default.png') 50% 50% no-repeat;width: 125px;height:90px;margin-bottom: 5px;background-size: cover; \"><\/div>\n\t\t\t\t\t\t\t\t\t  <\/div>\n\t\t\t\t\t\t\t\t\t  \n\t\t\t\t\t\t\t\t   <span class=\"yuzo__text--title\" style=\"font-size:13px;\">Minas Gerais pode ter dia e semana estadual de cel...<\/span>\n\t\t\t\t\t\t\t  \n\t\t\t\t\t\t\t  \n\t\t\t\t\t\t\t  <\/a>\n\n\t\t\t\t\t\t  <\/div>\n<\/div> <script>\n\t\t\t\t\t\t  jQuery(document).ready(function( $ ){\n\t\t\t\t\t\t\t\/\/jQuery('.yuzo_related_post').equalizer({ overflow : 'relatedthumb' });\n\t\t\t\t\t\t\tjQuery('.yuzo_related_post .yuzo_wraps').equalizer({ columns : '> div' });\n\t\t\t\t\t\t   })\n\t\t\t\t\t\t  <\/script> <!-- End Yuzo :) -->","protected":false},"excerpt":{"rendered":"<p>Entre 2023 e 2024, a Prefeitura de S\u00e3o Paulo, sob comando de Ricardo Nunes (MDB), cortou 27% do or\u00e7amento do Programa de Transfer\u00eancia de Recursos Financeiros (PTRF), que garante que as escolas atendam \u00e0s suas necessidades espec\u00edficas, como a manuten\u00e7\u00e3o da infraestrutura, aquisi\u00e7\u00e3o de materiais pedag\u00f3gicos e promo\u00e7\u00e3o de atividades educacionais e projetos pedag\u00f3gicos. Em [&hellip;]<\/p>\n","protected":false},"author":2,"featured_media":0,"comment_status":"closed","ping_status":"closed","sticky":false,"template":"","format":"standard","meta":{"fifu_image_url":"","fifu_image_alt":"","footnotes":""},"categories":[1],"tags":[],"class_list":["post-7373","post","type-post","status-publish","format-standard","hentry","category-uncategorized"],"_links":{"self":[{"href":"https:\/\/redept.com.br\/blogosfera\/wp-json\/wp\/v2\/posts\/7373","targetHints":{"allow":["GET"]}}],"collection":[{"href":"https:\/\/redept.com.br\/blogosfera\/wp-json\/wp\/v2\/posts"}],"about":[{"href":"https:\/\/redept.com.br\/blogosfera\/wp-json\/wp\/v2\/types\/post"}],"author":[{"embeddable":true,"href":"https:\/\/redept.com.br\/blogosfera\/wp-json\/wp\/v2\/users\/2"}],"replies":[{"embeddable":true,"href":"https:\/\/redept.com.br\/blogosfera\/wp-json\/wp\/v2\/comments?post=7373"}],"version-history":[{"count":0,"href":"https:\/\/redept.com.br\/blogosfera\/wp-json\/wp\/v2\/posts\/7373\/revisions"}],"wp:attachment":[{"href":"https:\/\/redept.com.br\/blogosfera\/wp-json\/wp\/v2\/media?parent=7373"}],"wp:term":[{"taxonomy":"category","embeddable":true,"href":"https:\/\/redept.com.br\/blogosfera\/wp-json\/wp\/v2\/categories?post=7373"},{"taxonomy":"post_tag","embeddable":true,"href":"https:\/\/redept.com.br\/blogosfera\/wp-json\/wp\/v2\/tags?post=7373"}],"curies":[{"name":"wp","href":"https:\/\/api.w.org\/{rel}","templated":true}]}}