{"id":73741,"date":"2026-02-09T16:48:34","date_gmt":"2026-02-09T19:48:34","guid":{"rendered":"https:\/\/redept.com.br\/blogosfera\/reino-unido-apoia-assento-do-brasil-no-conselho-de-seguranca-da-onu\/"},"modified":"2026-02-09T16:48:34","modified_gmt":"2026-02-09T19:48:34","slug":"reino-unido-apoia-assento-do-brasil-no-conselho-de-seguranca-da-onu","status":"publish","type":"post","link":"https:\/\/redept.com.br\/blogosfera\/reino-unido-apoia-assento-do-brasil-no-conselho-de-seguranca-da-onu\/","title":{"rendered":"Reino Unido apoia assento do Brasil no Conselho de Seguran\u00e7a da ONU"},"content":{"rendered":"<p><img fetchpriority=\"high\" width=\"1024\" height=\"680\"src=\"https:\/\/redept.com.br\/blogosfera\/wp-content\/uploads\/2026\/02\/Captura-de-Tela-2026-02-09-as-164140-2048x1361-1.png\" alt=\"\" decoding=\"async\" srcset=\"https:\/\/vermelho.org.br\/wp-content\/uploads\/2026\/02\/Captura-de-Tela-2026-02-09-as-16.41.40-1024x680.png 1024w, https:\/\/vermelho.org.br\/wp-content\/uploads\/2026\/02\/Captura-de-Tela-2026-02-09-as-16.41.40-300x199.png 300w, https:\/\/vermelho.org.br\/wp-content\/uploads\/2026\/02\/Captura-de-Tela-2026-02-09-as-16.41.40-768x510.png 768w, https:\/\/vermelho.org.br\/wp-content\/uploads\/2026\/02\/Captura-de-Tela-2026-02-09-as-16.41.40-1536x1021.png 1536w, https:\/\/redept.com.br\/blogosfera\/wp-content\/uploads\/2026\/02\/Captura-de-Tela-2026-02-09-as-164140-2048x1361-1.png 2048w, https:\/\/vermelho.org.br\/wp-content\/uploads\/2026\/02\/Captura-de-Tela-2026-02-09-as-16.41.40-272x182.png 272w\" sizes=\"(max-width: 1024px) 100vw, 1024px\"><\/p>\n<p>O Reino Unido declarou apoio \u00e0 ideia de um assento permanente do Brasil no Conselho de Seguran\u00e7a da ONU, refor\u00e7ando o peso pol\u00edtico de Bras\u00edlia nas discuss\u00f5es sobre a reforma do sistema multilateral. A posi\u00e7\u00e3o foi expressa pela embaixadora brit\u00e2nica no Brasil, Stephanie Al-Qaq, em entrevista \u00e0 CNN Brasil.<\/p>\n<p>A manifesta\u00e7\u00e3o \u00e9 relevante n\u00e3o apenas pelo conte\u00fado, mas pela origem: Londres \u00e9 uma pot\u00eancia nuclear e um dos cinco membros permanentes do Conselho de Seguran\u00e7a, com poder de veto. Trata-se, portanto, de um ator central na arquitetura decis\u00f3ria da ordem internacional criada no p\u00f3s-Segunda Guerra.<\/p>\n<p><strong>Brasil como pilar do multilateralismo<\/strong><\/p>\n<p>Segundo Al-Qaq, o governo brit\u00e2nico v\u00ea o Brasil como um aliado-chave para fortalecer e modernizar as institui\u00e7\u00f5es multilaterais. Para a diplomata, o sistema atual precisa de reformas para voltar a funcionar de maneira eficaz e responder aos desafios globais contempor\u00e2neos.<\/p>\n<p>Ela fez quest\u00e3o de afastar a ideia de que o Reino Unido seja um entrave a esse processo. \u201cN\u00e3o \u00e9 o Reino Unido que est\u00e1 atrapalhando\u201d, afirmou, ressaltando que Londres tem levado propostas concretas \u00e0s discuss\u00f5es internacionais sobre mudan\u00e7as no Conselho de Seguran\u00e7a.<\/p>\n<p>O apoio brit\u00e2nico ocorre em um momento de forte press\u00e3o sobre o multilateralismo, especialmente diante da postura do presidente dos Estados Unidos, Donald Trump, que defende abertamente o enfraquecimento de organismos internacionais em nome da pol\u00edtica de \u201cAm\u00e9rica em primeiro lugar\u201d.<\/p>\n<p><strong>Disputa de vis\u00f5es sobre a ordem internacional<\/strong><\/p>\n<p>A entrevista evidencia um choque de concep\u00e7\u00f5es. De um lado, a estrat\u00e9gia norte-americana aposta em institui\u00e7\u00f5es fragilizadas, abrindo espa\u00e7o para uma ordem baseada em zonas de influ\u00eancia das grandes pot\u00eancias. De outro, pa\u00edses considerados pot\u00eancias m\u00e9dias \u2014 como Brasil, Canad\u00e1 e Reino Unido \u2014 defendem a preserva\u00e7\u00e3o e a reforma das regras multilaterais como forma de limitar assimetrias de poder.<\/p>\n<p>Nesse contexto, Al-Qaq destacou a converg\u00eancia entre Londres e Bras\u00edlia. A diplomata citou, inclusive, a defesa feita recentemente pelo primeiro-ministro canadense, Mark Carney, em Davos, de uma atua\u00e7\u00e3o coordenada entre pa\u00edses m\u00e9dios para conter press\u00f5es unilaterais e preservar normas comuns.<\/p>\n<p><strong>Coopera\u00e7\u00e3o al\u00e9m da diplomacia<\/strong><\/p>\n<p>Outro eixo central da entrevista foi a inten\u00e7\u00e3o de aprofundar a parceria bilateral em \u00e1reas estrat\u00e9gicas. Al-Qaq lembrou que Brasil e Reino Unido j\u00e1 cooperam em clima, sa\u00fade, ci\u00eancia e tecnologia, al\u00e9m de manterem programas conjuntos de pesquisa e interc\u00e2mbio acad\u00eamico.<\/p>\n<p>A embaixadora afirmou, por\u00e9m, que Londres quer ampliar significativamente a rela\u00e7\u00e3o pol\u00edtica e estrat\u00e9gica com o Brasil, especialmente nos campos da defesa e do combate ao crime organizado. Para ela, o fortalecimento dessas \u00e1reas \u00e9 parte do esfor\u00e7o mais amplo de sustentar o sistema internacional baseado em regras.<\/p>\n<p><strong>Defesa: de compradores a parceiros<\/strong><\/p>\n<p>Na \u00e1rea militar, a diplomata defendeu uma mudan\u00e7a de paradigma. Segundo Al-Qaq, a coopera\u00e7\u00e3o n\u00e3o deve se limitar \u00e0 venda de equipamentos, mas avan\u00e7ar para o desenvolvimento conjunto de tecnologias, sistemas e capacidades industriais.<\/p>\n<p>\u201cEstamos interessados n\u00e3o s\u00f3 em vender coisas, mas em construir junto, aprender junto\u201d, afirmou. Como exemplo, citou o programa do ca\u00e7a Gripen, desenvolvido pela Su\u00e9cia com forte participa\u00e7\u00e3o tecnol\u00f3gica brit\u00e2nica e brasileira, modelo que, segundo ela, ilustra o tipo de parceria que Londres deseja expandir.<\/p>\n<p>O aumento dos investimentos em defesa nos dois pa\u00edses, acrescentou, cria um ambiente favor\u00e1vel para esse salto qualitativo, especialmente diante de novos desafios militares, como o uso crescente de drones e tecnologias de baixo custo em conflitos recentes.<\/p>\n<p><strong>Um parceiro estrat\u00e9gico em tempos de incerteza<\/strong><\/p>\n<p>Ao longo da entrevista, Stephanie Al-Qaq enfatizou que Brasil e Reino Unido compartilham valores e uma vis\u00e3o pragm\u00e1tica das rela\u00e7\u00f5es internacionais. Em um cen\u00e1rio global marcado por instabilidade e questionamentos \u00e0 ordem multilateral, Londres v\u00ea Bras\u00edlia como um ator indispens\u00e1vel \u2014 tanto para preservar as regras existentes quanto para adapt\u00e1-las a uma nova realidade.<\/p>\n<p>O apoio brit\u00e2nico ao assento permanente do Brasil no Conselho de Seguran\u00e7a, nesse sentido, vai al\u00e9m de um gesto diplom\u00e1tico: sinaliza uma aposta estrat\u00e9gica no papel do pa\u00eds como voz relevante na redefini\u00e7\u00e3o da governan\u00e7a global.<\/p>\n<p>O post <a href=\"https:\/\/vermelho.org.br\/2026\/02\/09\/reino-unido-apoia-assento-do-brasil-no-conselho-de-seguranca-da-onu\/\">Reino Unido apoia assento do Brasil no Conselho de Seguran\u00e7a da ONU<\/a> apareceu primeiro em <a href=\"https:\/\/vermelho.org.br\/\">Vermelho<\/a>.<\/p>\n<!-- Begin Yuzo --><div class='yuzo_related_post style-1'  data-version='5.12.89'><!-- without result --><div class='yuzo_clearfixed yuzo__title yuzo__title'><h3>Related Post<\/h3><\/div>\n\t\t\t\t\t\t  <div class=\"relatedthumb \" style=\"width:125px;float:left;overflow:hidden;\">  \n\t\t\t\t\t\t\t  \n\t\t\t\t\t\t\t  <a  href=\"https:\/\/redept.com.br\/blogosfera\/nas-sombras-um-ex-presidente-faz-carreira-representando-as-techs\/\"  >\n\t\t\t\t\t\t\t\t\t  <div class=\"yuzo-img-wrap \" style=\"width: 125px;height:90px;\">\n\t\t\t\t\t\t\t\t\t\t\n\t\t\t\t\t\t\t\t\t\t<div class=\"yuzo-img\" style=\"background:url('https:\/\/redept.org\/blogosfera\/wp-content\/plugins\/yuzo-related-post\/assets\/images\/default.png') 50% 50% no-repeat;width: 125px;height:90px;margin-bottom: 5px;background-size: cover; \"><\/div>\n\t\t\t\t\t\t\t\t\t  <\/div>\n\t\t\t\t\t\t\t\t\t  \n\t\t\t\t\t\t\t\t   <span class=\"yuzo__text--title\" style=\"font-size:13px;\">Nas sombras, um ex-presidente faz carreira represe...<\/span>\n\t\t\t\t\t\t\t  \n\t\t\t\t\t\t\t  \n\t\t\t\t\t\t\t  <\/a>\n\n\t\t\t\t\t\t  <\/div>\n\t\t\t\t\t\t  <div class=\"relatedthumb \" style=\"width:125px;float:left;overflow:hidden;\">  \n\t\t\t\t\t\t\t  \n\t\t\t\t\t\t\t  <a  href=\"https:\/\/redept.com.br\/blogosfera\/embaixador-de-cuba-denuncia-genocidio-por-bloqueio-dos-eua\/\"  >\n\t\t\t\t\t\t\t\t\t  <div class=\"yuzo-img-wrap \" style=\"width: 125px;height:90px;\">\n\t\t\t\t\t\t\t\t\t\t\n\t\t\t\t\t\t\t\t\t\t<div class=\"yuzo-img\" style=\"background:url('https:\/\/redept.com.br\/blogosfera\/wp-content\/uploads\/2026\/04\/Imprensa-progressista-150x150.jpg') 50% 50% no-repeat;width: 125px;height:90px;margin-bottom: 5px;background-size: cover; \"><\/div>\n\t\t\t\t\t\t\t\t\t  <\/div>\n\t\t\t\t\t\t\t\t\t  \n\t\t\t\t\t\t\t\t   <span class=\"yuzo__text--title\" style=\"font-size:13px;\">Embaixador de Cuba denuncia \u201cgenoc\u00eddio\u201d por bloque...<\/span>\n\t\t\t\t\t\t\t  \n\t\t\t\t\t\t\t  \n\t\t\t\t\t\t\t  <\/a>\n\n\t\t\t\t\t\t  <\/div>\n\t\t\t\t\t\t  <div class=\"relatedthumb \" style=\"width:125px;float:left;overflow:hidden;\">  \n\t\t\t\t\t\t\t  \n\t\t\t\t\t\t\t  <a  href=\"https:\/\/redept.com.br\/blogosfera\/uee-e-india-iniciam-negociacoes-para-criacao-de-zona-de-livre-comercio\/\"  >\n\t\t\t\t\t\t\t\t\t  <div class=\"yuzo-img-wrap \" style=\"width: 125px;height:90px;\">\n\t\t\t\t\t\t\t\t\t\t\n\t\t\t\t\t\t\t\t\t\t<div class=\"yuzo-img\" style=\"background:url('https:\/\/redept.org\/blogosfera\/wp-content\/plugins\/yuzo-related-post\/assets\/images\/default.png') 50% 50% no-repeat;width: 125px;height:90px;margin-bottom: 5px;background-size: cover; \"><\/div>\n\t\t\t\t\t\t\t\t\t  <\/div>\n\t\t\t\t\t\t\t\t\t  \n\t\t\t\t\t\t\t\t   <span class=\"yuzo__text--title\" style=\"font-size:13px;\">UEE e \u00cdndia iniciam negocia\u00e7\u00f5es para cria\u00e7\u00e3o de zo...<\/span>\n\t\t\t\t\t\t\t  \n\t\t\t\t\t\t\t  \n\t\t\t\t\t\t\t  <\/a>\n\n\t\t\t\t\t\t  <\/div>\n\t\t\t\t\t\t  <div class=\"relatedthumb \" style=\"width:125px;float:left;overflow:hidden;\">  \n\t\t\t\t\t\t\t  \n\t\t\t\t\t\t\t  <a  href=\"https:\/\/redept.com.br\/blogosfera\/reino-unido-estaria-prestes-a-enfrentar-escassez-de-medicamentos-afirmam-especialistas\/\"  >\n\t\t\t\t\t\t\t\t\t  <div class=\"yuzo-img-wrap \" style=\"width: 125px;height:90px;\">\n\t\t\t\t\t\t\t\t\t\t\n\t\t\t\t\t\t\t\t\t\t<div class=\"yuzo-img\" style=\"background:url('https:\/\/redept.com.br\/blogosfera\/wp-content\/uploads\/2026\/04\/myriam-zilles-kltolk6mk-g-unsplash-1-scaled-150x150.jpg') 50% 50% no-repeat;width: 125px;height:90px;margin-bottom: 5px;background-size: cover; \"><\/div>\n\t\t\t\t\t\t\t\t\t  <\/div>\n\t\t\t\t\t\t\t\t\t  \n\t\t\t\t\t\t\t\t   <span class=\"yuzo__text--title\" style=\"font-size:13px;\">Reino Unido estaria prestes a enfrentar escassez d...<\/span>\n\t\t\t\t\t\t\t  \n\t\t\t\t\t\t\t  \n\t\t\t\t\t\t\t  <\/a>\n\n\t\t\t\t\t\t  <\/div>\n<\/div> <script>\n\t\t\t\t\t\t  jQuery(document).ready(function( $ ){\n\t\t\t\t\t\t\t\/\/jQuery('.yuzo_related_post').equalizer({ overflow : 'relatedthumb' });\n\t\t\t\t\t\t\tjQuery('.yuzo_related_post .yuzo_wraps').equalizer({ columns : '> div' });\n\t\t\t\t\t\t   })\n\t\t\t\t\t\t  <\/script> <!-- End Yuzo :) -->","protected":false},"excerpt":{"rendered":"<p>O Reino Unido declarou apoio \u00e0 ideia de um assento permanente do Brasil no Conselho de Seguran\u00e7a da ONU, refor\u00e7ando o peso pol\u00edtico de Bras\u00edlia nas discuss\u00f5es sobre a reforma do sistema multilateral. A posi\u00e7\u00e3o foi expressa pela embaixadora brit\u00e2nica no Brasil, Stephanie Al-Qaq, em entrevista \u00e0 CNN Brasil. A manifesta\u00e7\u00e3o \u00e9 relevante n\u00e3o apenas [&hellip;]<\/p>\n","protected":false},"author":2,"featured_media":0,"comment_status":"open","ping_status":"closed","sticky":false,"template":"","format":"standard","meta":{"fifu_image_url":"","fifu_image_alt":"","footnotes":""},"categories":[4555,822,693,1428,2096,1026,50,1403,6636,752],"tags":[],"class_list":["post-73741","post","type-post","status-publish","format-standard","hentry","category-america-first","category-conselho-de-seguranca-da-onu","category-cooperacao","category-crime-organizado","category-defesa","category-diplomacia","category-internacional","category-multilateralismo","category-nacoes-unidas","category-reino-unido"],"_links":{"self":[{"href":"https:\/\/redept.com.br\/blogosfera\/wp-json\/wp\/v2\/posts\/73741","targetHints":{"allow":["GET"]}}],"collection":[{"href":"https:\/\/redept.com.br\/blogosfera\/wp-json\/wp\/v2\/posts"}],"about":[{"href":"https:\/\/redept.com.br\/blogosfera\/wp-json\/wp\/v2\/types\/post"}],"author":[{"embeddable":true,"href":"https:\/\/redept.com.br\/blogosfera\/wp-json\/wp\/v2\/users\/2"}],"replies":[{"embeddable":true,"href":"https:\/\/redept.com.br\/blogosfera\/wp-json\/wp\/v2\/comments?post=73741"}],"version-history":[{"count":0,"href":"https:\/\/redept.com.br\/blogosfera\/wp-json\/wp\/v2\/posts\/73741\/revisions"}],"wp:attachment":[{"href":"https:\/\/redept.com.br\/blogosfera\/wp-json\/wp\/v2\/media?parent=73741"}],"wp:term":[{"taxonomy":"category","embeddable":true,"href":"https:\/\/redept.com.br\/blogosfera\/wp-json\/wp\/v2\/categories?post=73741"},{"taxonomy":"post_tag","embeddable":true,"href":"https:\/\/redept.com.br\/blogosfera\/wp-json\/wp\/v2\/tags?post=73741"}],"curies":[{"name":"wp","href":"https:\/\/api.w.org\/{rel}","templated":true}]}}