{"id":7375,"date":"2024-12-05T16:39:28","date_gmt":"2024-12-05T19:39:28","guid":{"rendered":"https:\/\/redept.org\/blogosfera\/com-governo-exposto-por-violencia-policial-tarcisio-de-freitas-recua-e-defende-que-pms-usem-cameras-corporais\/"},"modified":"2024-12-05T16:39:28","modified_gmt":"2024-12-05T19:39:28","slug":"com-governo-exposto-por-violencia-policial-tarcisio-de-freitas-recua-e-defende-que-pms-usem-cameras-corporais","status":"publish","type":"post","link":"https:\/\/redept.com.br\/blogosfera\/com-governo-exposto-por-violencia-policial-tarcisio-de-freitas-recua-e-defende-que-pms-usem-cameras-corporais\/","title":{"rendered":"Com governo exposto por viol\u00eancia policial, Tarc\u00edsio de Freitas recua e defende que PMs usem c\u00e2meras corporais"},"content":{"rendered":"<p>Em entrevista coletiva no Pal\u00e1cio dos Bandeirantes, o governador de S\u00e3o Paulo, Tarc\u00edsio de Freitas (Republicanos), afirmou que recuou de sua posi\u00e7\u00e3o a respeito do uso de <a href=\"https:\/\/www.brasildefato.com.br\/2024\/05\/31\/debate-sobre-cameras-corporais-na-policia-ganha-relevancia-em-meio-a-divergencias-no-uso-ouca-podcast\">c\u00e2meras corporais <\/a>por policiais militares e que, agora, defende a expans\u00e3o do programa.<\/p>\n<p>A <a href=\"https:\/\/www.brasildefato.com.br\/2024\/05\/23\/tarcisio-muda-funcionamento-de-cameras-corporais-que-deverao-ser-ligadas-por-policial-ou-de-forma-remota\">mudan\u00e7a no posicionamento<\/a>\u00a0do bolsonarista vem ap\u00f3s a repercuss\u00e3o nacional de epis\u00f3dios de viol\u00eancia policial no estado. Entre eles, o <a href=\"https:\/\/www.brasildefato.com.br\/2024\/12\/05\/policial-militar-que-jogou-homem-de-ponte-em-sao-paulo-e-preso\">arremesso de um homem do alto de uma ponte<\/a> e a <a href=\"https:\/\/www.brasildefato.com.br\/2024\/12\/02\/video-mostra-policial-militar-executando-sobrinho-do-rapper-eduardo-taddeo-pelas-costas\">execu\u00e7\u00e3o de um jovem em uma loja do Oxxo<\/a> na cidade de S\u00e3o Paulo.\u00a0<\/p>\n<p>Al\u00e9m desses, nesta quinta, a agress\u00e3o de agentes a uma idosa em Barueri (SP) tamb\u00e9m causou como\u00e7\u00e3o e refor\u00e7ou a cobran\u00e7a de medidas para frear os abusos cometidos por policiais. \u00a0\u00a0 \u00a0<\/p>\n<p>\u201cVoc\u00ea pega a quest\u00e3o das c\u00e2meras: eu era uma pessoa que estava completamente errada nessa quest\u00e3o. Eu tinha vis\u00e3o equivocada, fruto da experi\u00eancia pret\u00e9rita que tive. N\u00e3o tem nada a ver com a quest\u00e3o da seguran\u00e7a p\u00fablica. Hoje, estou completamente convencido que \u00e9 um instrumento de prote\u00e7\u00e3o da sociedade e do policial. E n\u00f3s vamos n\u00e3o apenas manter, mas ampliar o programa. E tentar trazer o que tem de melhor em termos de tecnologia\u201d, <a href=\"https:\/\/www.brasildefato.com.br\/2024\/05\/23\/tarcisio-muda-funcionamento-de-cameras-corporais-que-deverao-ser-ligadas-por-policial-ou-de-forma-remota\">explicou Freitas.<\/a><\/p>\n<p>A declara\u00e7\u00e3o n\u00e3o surpreendeu o deputado estadual Paulo Fiorilo (PT), que classificou a nova posi\u00e7\u00e3o do governador como \u201cfactoide\u201d. \u201cTarc\u00edsio de Freitas governa o estado mais importante do pa\u00eds e n\u00e3o fez um \u00fanico estudo t\u00e9cnico sobre o uso de c\u00e2meras? N\u00e3o houve consulta a especialistas? Se ele quer que levemos a s\u00e9rio a disposi\u00e7\u00e3o de mudar a sua pol\u00edtica de seguran\u00e7a p\u00fablica, tem que mudar a orienta\u00e7\u00e3o de matar que passa \u00e0 corpora\u00e7\u00e3o. \u00c9 s\u00f3 bravata\u201d, finaliza o parlamentar.<\/p>\n<p>Para Douglas Belchior, fundador da Uneafro e diretor do Instituto Peregun, \u201ca pol\u00edtica do genoc\u00eddio negro segue no Pal\u00e1cio dos Bandeirantes, n\u00e3o \u00e9 um recuo do governador que mudar\u00e1 isso\u201d, disse o ativista do movimento negro, que convocou um ato contra a viol\u00eancia policial em S\u00e3o Paulo, que acontecer\u00e1 nesta quinta-feira, \u00e0s 18h, no Theatro Municipal, na capital paulista.<\/p>\n<p>Ainda de acordo com Belchior, \u201ca demiss\u00e3o do (Guilherme) Derrite (secret\u00e1rio de Seguran\u00e7a P\u00fablica) \u00e9 insuficiente porque n\u00e3o foi uma anomalia o que a aconteceu, n\u00e3o \u00e9 uma mera distor\u00e7\u00e3o do sistema. Foi o contrato racial funcionando \u00e0 sua m\u00e1xima pot\u00eancia por determina\u00e7\u00e3o do governador. Por isso, o Tarc\u00edsio deve ser impedido\u00a0de\u00a0governar&#8217;, defendeu.<\/p>\n<p>Em sua coletiva, Freitas garantiu que<a href=\"https:\/\/www.brasildefatodf.com.br\/2023\/06\/26\/discussao-sobre-uso-de-cameras-em-uniformes-de-policiais-avanca-no-df\"> Guilherme Derrite<\/a> continuar\u00e1 \u00e0 frente da Secretaria de Seguran\u00e7a P\u00fablica, pois o considera \u201cestudioso\u201d. O governador tamb\u00e9m garantiu que o comando da PM seguir\u00e1. &#8220;Se a diretriz do governo do estado n\u00e3o est\u00e1 chegando com clareza na ponta, ela precisa chegar. E cabe a mim fazer chegar.&#8221;<\/p>\n<!-- Begin Yuzo --><div class='yuzo_related_post style-1'  data-version='5.12.89'><!-- without result --><div class='yuzo_clearfixed yuzo__title yuzo__title'><h3>Related Post<\/h3><\/div>\n\t\t\t\t\t\t  <div class=\"relatedthumb \" style=\"width:125px;float:left;overflow:hidden;\">  \n\t\t\t\t\t\t\t  \n\t\t\t\t\t\t\t  <a  href=\"https:\/\/redept.com.br\/blogosfera\/isencao-de-ir-ate-r-5-mil-sera-anunciada-na-terca-18-diz-lula\/\"  >\n\t\t\t\t\t\t\t\t\t  <div class=\"yuzo-img-wrap \" style=\"width: 125px;height:90px;\">\n\t\t\t\t\t\t\t\t\t\t\n\t\t\t\t\t\t\t\t\t\t<div class=\"yuzo-img\" style=\"background:url('https:\/\/redept.com.br\/blogosfera\/wp-content\/uploads\/2025\/03\/54386684089_42b24a9fac_k-150x150.jpg') 50% 50% no-repeat;width: 125px;height:90px;margin-bottom: 5px;background-size: cover; \"><\/div>\n\t\t\t\t\t\t\t\t\t  <\/div>\n\t\t\t\t\t\t\t\t\t  \n\t\t\t\t\t\t\t\t   <span class=\"yuzo__text--title\" style=\"font-size:13px;\">Isen\u00e7\u00e3o de IR at\u00e9 R$ 5 mil ser\u00e1 anunciada na ter\u00e7a...<\/span>\n\t\t\t\t\t\t\t  \n\t\t\t\t\t\t\t  \n\t\t\t\t\t\t\t  <\/a>\n\n\t\t\t\t\t\t  <\/div>\n\t\t\t\t\t\t  <div class=\"relatedthumb \" style=\"width:125px;float:left;overflow:hidden;\">  \n\t\t\t\t\t\t\t  \n\t\t\t\t\t\t\t  <a  href=\"https:\/\/sul21.com.br\/opiniao\/2026\/07\/poesia-a-moda-da-vida-coluna-da-appoa\/\"  >\n\t\t\t\t\t\t\t\t\t  <div class=\"yuzo-img-wrap \" style=\"width: 125px;height:90px;\">\n\t\t\t\t\t\t\t\t\t\t\n\t\t\t\t\t\t\t\t\t\t<div class=\"yuzo-img\" style=\"background:url('https:\/\/redept.org\/blogosfera\/wp-content\/plugins\/yuzo-related-post\/assets\/images\/default.png') 50% 50% no-repeat;width: 125px;height:90px;margin-bottom: 5px;background-size: cover; \"><\/div>\n\t\t\t\t\t\t\t\t\t  <\/div>\n\t\t\t\t\t\t\t\t\t  \n\t\t\t\t\t\t\t\t   <span class=\"yuzo__text--title\" style=\"font-size:13px;\">Poesia \u00e0 moda da vida (Coluna da Appoa)<\/span>\n\t\t\t\t\t\t\t  \n\t\t\t\t\t\t\t  \n\t\t\t\t\t\t\t  <\/a>\n\n\t\t\t\t\t\t  <\/div>\n\t\t\t\t\t\t  <div class=\"relatedthumb \" style=\"width:125px;float:left;overflow:hidden;\">  \n\t\t\t\t\t\t\t  \n\t\t\t\t\t\t\t  <a  href=\"https:\/\/redept.com.br\/blogosfera\/os-quebradores-de-maquinas-ludistas\/\"  >\n\t\t\t\t\t\t\t\t\t  <div class=\"yuzo-img-wrap \" style=\"width: 125px;height:90px;\">\n\t\t\t\t\t\t\t\t\t\t\n\t\t\t\t\t\t\t\t\t\t<div class=\"yuzo-img\" style=\"background:url('https:\/\/redept.com.br\/blogosfera\/wp-content\/uploads\/2026\/04\/ludismo-o-que-foi-contexto-historico-motivacoes-e-consequencias-150x150.jpg') 50% 50% no-repeat;width: 125px;height:90px;margin-bottom: 5px;background-size: cover; \"><\/div>\n\t\t\t\t\t\t\t\t\t  <\/div>\n\t\t\t\t\t\t\t\t\t  \n\t\t\t\t\t\t\t\t   <span class=\"yuzo__text--title\" style=\"font-size:13px;\">Os quebradores de m\u00e1quinas: Ludistas<\/span>\n\t\t\t\t\t\t\t  \n\t\t\t\t\t\t\t  \n\t\t\t\t\t\t\t  <\/a>\n\n\t\t\t\t\t\t  <\/div>\n\t\t\t\t\t\t  <div class=\"relatedthumb \" style=\"width:125px;float:left;overflow:hidden;\">  \n\t\t\t\t\t\t\t  \n\t\t\t\t\t\t\t  <a  href=\"https:\/\/redept.com.br\/blogosfera\/posicionamento-do-mma-para-reportagem-sobre-contaminacao-de-mercurio\/\"  >\n\t\t\t\t\t\t\t\t\t  <div class=\"yuzo-img-wrap \" style=\"width: 125px;height:90px;\">\n\t\t\t\t\t\t\t\t\t\t\n\t\t\t\t\t\t\t\t\t\t<div class=\"yuzo-img\" style=\"background:url('https:\/\/redept.org\/blogosfera\/wp-content\/plugins\/yuzo-related-post\/assets\/images\/default.png') 50% 50% no-repeat;width: 125px;height:90px;margin-bottom: 5px;background-size: cover; \"><\/div>\n\t\t\t\t\t\t\t\t\t  <\/div>\n\t\t\t\t\t\t\t\t\t  \n\t\t\t\t\t\t\t\t   <span class=\"yuzo__text--title\" style=\"font-size:13px;\">Posicionamento do MMA para reportagem sobre contam...<\/span>\n\t\t\t\t\t\t\t  \n\t\t\t\t\t\t\t  \n\t\t\t\t\t\t\t  <\/a>\n\n\t\t\t\t\t\t  <\/div>\n<\/div> <script>\n\t\t\t\t\t\t  jQuery(document).ready(function( $ ){\n\t\t\t\t\t\t\t\/\/jQuery('.yuzo_related_post').equalizer({ overflow : 'relatedthumb' });\n\t\t\t\t\t\t\tjQuery('.yuzo_related_post .yuzo_wraps').equalizer({ columns : '> div' });\n\t\t\t\t\t\t   })\n\t\t\t\t\t\t  <\/script> <!-- End Yuzo :) -->","protected":false},"excerpt":{"rendered":"<p>Em entrevista coletiva no Pal\u00e1cio dos Bandeirantes, o governador de S\u00e3o Paulo, Tarc\u00edsio de Freitas (Republicanos), afirmou que recuou de sua posi\u00e7\u00e3o a respeito do uso de c\u00e2meras corporais por policiais militares e que, agora, defende a expans\u00e3o do programa. A mudan\u00e7a no posicionamento\u00a0do bolsonarista vem ap\u00f3s a repercuss\u00e3o nacional de epis\u00f3dios de viol\u00eancia policial [&hellip;]<\/p>\n","protected":false},"author":2,"featured_media":0,"comment_status":"closed","ping_status":"closed","sticky":false,"template":"","format":"standard","meta":{"fifu_image_url":"","fifu_image_alt":"","footnotes":""},"categories":[1],"tags":[],"class_list":["post-7375","post","type-post","status-publish","format-standard","hentry","category-uncategorized"],"_links":{"self":[{"href":"https:\/\/redept.com.br\/blogosfera\/wp-json\/wp\/v2\/posts\/7375","targetHints":{"allow":["GET"]}}],"collection":[{"href":"https:\/\/redept.com.br\/blogosfera\/wp-json\/wp\/v2\/posts"}],"about":[{"href":"https:\/\/redept.com.br\/blogosfera\/wp-json\/wp\/v2\/types\/post"}],"author":[{"embeddable":true,"href":"https:\/\/redept.com.br\/blogosfera\/wp-json\/wp\/v2\/users\/2"}],"replies":[{"embeddable":true,"href":"https:\/\/redept.com.br\/blogosfera\/wp-json\/wp\/v2\/comments?post=7375"}],"version-history":[{"count":0,"href":"https:\/\/redept.com.br\/blogosfera\/wp-json\/wp\/v2\/posts\/7375\/revisions"}],"wp:attachment":[{"href":"https:\/\/redept.com.br\/blogosfera\/wp-json\/wp\/v2\/media?parent=7375"}],"wp:term":[{"taxonomy":"category","embeddable":true,"href":"https:\/\/redept.com.br\/blogosfera\/wp-json\/wp\/v2\/categories?post=7375"},{"taxonomy":"post_tag","embeddable":true,"href":"https:\/\/redept.com.br\/blogosfera\/wp-json\/wp\/v2\/tags?post=7375"}],"curies":[{"name":"wp","href":"https:\/\/api.w.org\/{rel}","templated":true}]}}