{"id":73867,"date":"2026-02-10T14:55:27","date_gmt":"2026-02-10T17:55:27","guid":{"rendered":"https:\/\/redept.com.br\/blogosfera\/hong-kong-condena-jimmy-lai-por-conluio-com-forcas-externas\/"},"modified":"2026-02-10T14:55:27","modified_gmt":"2026-02-10T17:55:27","slug":"hong-kong-condena-jimmy-lai-por-conluio-com-forcas-externas","status":"publish","type":"post","link":"https:\/\/redept.com.br\/blogosfera\/hong-kong-condena-jimmy-lai-por-conluio-com-forcas-externas\/","title":{"rendered":"Hong Kong condena Jimmy Lai por conluio com for\u00e7as externas"},"content":{"rendered":"<p><img fetchpriority=\"high\" width=\"984\" height=\"656\"src=\"https:\/\/redept.com.br\/blogosfera\/wp-content\/uploads\/2026\/02\/WhatsApp-Image-2026-02-10-at-145342.jpeg\" alt=\"\" decoding=\"async\" srcset=\"https:\/\/redept.com.br\/blogosfera\/wp-content\/uploads\/2026\/02\/WhatsApp-Image-2026-02-10-at-145342.jpeg 984w, https:\/\/vermelho.org.br\/wp-content\/uploads\/2026\/02\/WhatsApp-Image-2026-02-10-at-14.53.42-300x200.jpeg 300w, https:\/\/vermelho.org.br\/wp-content\/uploads\/2026\/02\/WhatsApp-Image-2026-02-10-at-14.53.42-768x512.jpeg 768w, https:\/\/vermelho.org.br\/wp-content\/uploads\/2026\/02\/WhatsApp-Image-2026-02-10-at-14.53.42-272x182.jpeg 272w\" sizes=\"(max-width: 984px) 100vw, 984px\"><\/p>\n<p>O Tribunal Superior de Hong Kong condenou nesta segunda-feira (9) o empres\u00e1rio bilion\u00e1rio Jimmy Lai do setor de m\u00eddia por por crimes relacionados a conluio com for\u00e7as estrangeiras e organiza\u00e7\u00e3o de atividades consideradas desestabilizadoras da ordem p\u00fablica.<\/p>\n<p>Ao contr\u00e1rio da narrativa ocidental e da grande imprensa, que o descreve exclusivamente como \u201cativista pr\u00f3-democracia\u201d, a acusa\u00e7\u00e3o sustenta que o magnata chin\u00ea articulou de maneira sistem\u00e1tica com atores estrangeiros \u2014 incluindo lobby internacional por san\u00e7\u00f5es contra Hong-Kong e China \u2014 em um contexto de intensa turbul\u00eancia pol\u00edtica entre 2019 e 2020.<\/p>\n<p>Fundador do jornal Apple Daily, j\u00e1 encerrado, Lai foi considerado culpado por dois crimes de conspira\u00e7\u00e3o para conluio com for\u00e7as estrangeiras e um de conspira\u00e7\u00e3o para publicar e distribuir material sedicioso.\u00a0<\/p>\n<p>A pena foi definida por um colegiado de tr\u00eas ju\u00edzes da Alta Corte, com base na legisla\u00e7\u00e3o de seguran\u00e7a nacional imposta por Pequim em 2020.<\/p>\n<p>Segundo a acusa\u00e7\u00e3o, Lai articulou campanhas internacionais para pressionar governos estrangeiros a impor san\u00e7\u00f5es contra Hong Kong e contra a China, durante o per\u00edodo de instabilidade pol\u00edtica que marcou os protestos de 2019.<\/p>\n<p>Para as autoridades locais, o caso n\u00e3o se tratava de opini\u00e3o pol\u00edtica ou atividade jornal\u00edstica, mas de coordena\u00e7\u00e3o com atores externos com impacto direto sobre a seguran\u00e7a nacional.<\/p>\n<p>A legisla\u00e7\u00e3o prev\u00ea penas que variam de 10 anos \u00e0 pris\u00e3o perp\u00e9tua para crimes de conluio considerados graves. Aos 78 anos, Lai poder\u00e1 solicitar redu\u00e7\u00e3o de um ter\u00e7o da pena por bom comportamento. Caso cumpra integralmente a senten\u00e7a, poder\u00e1 deixar a pris\u00e3o em 2044.<\/p>\n<p>Al\u00e9m dele, seis ex-executivos do Apple Daily que se declararam culpados receberam penas entre seis anos e nove meses e dez anos de pris\u00e3o. Empresas associadas ao jornal e dois ativistas tamb\u00e9m foram condenados no processo.<\/p>\n<p>A senten\u00e7a provocou rea\u00e7\u00f5es de governos ocidentais e de organismos internacionais, que criticaram a decis\u00e3o. Em resposta, o governo chin\u00eas reafirmou que a seguran\u00e7a nacional em Hong Kong \u00e9 responsabilidade do Estado e que o processo seguiu os par\u00e2metros legais vigentes na regi\u00e3o.<\/p>\n<p>O post <a href=\"https:\/\/vermelho.org.br\/2026\/02\/10\/hong-kong-condena-jimmy-lai-por-conluio-com-forcas-externas\/\">Hong Kong condena Jimmy Lai por conluio com for\u00e7as externas<\/a> apareceu primeiro em <a href=\"https:\/\/vermelho.org.br\/\">Vermelho<\/a>.<\/p>\n<!-- Begin Yuzo --><div class='yuzo_related_post style-1'  data-version='5.12.89'><!-- without result --><div class='yuzo_clearfixed yuzo__title yuzo__title'><h3>Related Post<\/h3><\/div>\n\t\t\t\t\t\t  <div class=\"relatedthumb \" style=\"width:125px;float:left;overflow:hidden;\">  \n\t\t\t\t\t\t\t  \n\t\t\t\t\t\t\t  <a  href=\"https:\/\/redept.com.br\/blogosfera\/vitoria-de-o-agente-secreto-no-globo-de-ouro-ecoa-no-brasil-e-no-mundo\/\"  >\n\t\t\t\t\t\t\t\t\t  <div class=\"yuzo-img-wrap \" style=\"width: 125px;height:90px;\">\n\t\t\t\t\t\t\t\t\t\t\n\t\t\t\t\t\t\t\t\t\t<div class=\"yuzo-img\" style=\"background:url('https:\/\/redept.com.br\/blogosfera\/wp-content\/uploads\/2026\/01\/india-wire-wagner-moura-1-150x150.webp') 50% 50% no-repeat;width: 125px;height:90px;margin-bottom: 5px;background-size: cover; \"><\/div>\n\t\t\t\t\t\t\t\t\t  <\/div>\n\t\t\t\t\t\t\t\t\t  \n\t\t\t\t\t\t\t\t   <span class=\"yuzo__text--title\" style=\"font-size:13px;\">Vit\u00f3ria de O Agente Secreto no Globo de Ouro ecoa ...<\/span>\n\t\t\t\t\t\t\t  \n\t\t\t\t\t\t\t  \n\t\t\t\t\t\t\t  <\/a>\n\n\t\t\t\t\t\t  <\/div>\n\t\t\t\t\t\t  <div class=\"relatedthumb \" style=\"width:125px;float:left;overflow:hidden;\">  \n\t\t\t\t\t\t\t  \n\t\t\t\t\t\t\t  <a  href=\"https:\/\/redept.com.br\/blogosfera\/apos-critica-de-trump-brasil-acelera-pix-internacional-que-pode-baratear-remessas\/\"  >\n\t\t\t\t\t\t\t\t\t  <div class=\"yuzo-img-wrap \" style=\"width: 125px;height:90px;\">\n\t\t\t\t\t\t\t\t\t\t\n\t\t\t\t\t\t\t\t\t\t<div class=\"yuzo-img\" style=\"background:url('https:\/\/redept.org\/blogosfera\/wp-content\/plugins\/yuzo-related-post\/assets\/images\/default.png') 50% 50% no-repeat;width: 125px;height:90px;margin-bottom: 5px;background-size: cover; \"><\/div>\n\t\t\t\t\t\t\t\t\t  <\/div>\n\t\t\t\t\t\t\t\t\t  \n\t\t\t\t\t\t\t\t   <span class=\"yuzo__text--title\" style=\"font-size:13px;\">Ap\u00f3s cr\u00edtica de Trump, Brasil acelera Pix internac...<\/span>\n\t\t\t\t\t\t\t  \n\t\t\t\t\t\t\t  \n\t\t\t\t\t\t\t  <\/a>\n\n\t\t\t\t\t\t  <\/div>\n\t\t\t\t\t\t  <div class=\"relatedthumb \" style=\"width:125px;float:left;overflow:hidden;\">  \n\t\t\t\t\t\t\t  \n\t\t\t\t\t\t\t  <a  href=\"https:\/\/redept.com.br\/blogosfera\/o-cagao-de-64-que-virou-o-primeiro-ditador-da-ditadura\/\"  >\n\t\t\t\t\t\t\t\t\t  <div class=\"yuzo-img-wrap \" style=\"width: 125px;height:90px;\">\n\t\t\t\t\t\t\t\t\t\t\n\t\t\t\t\t\t\t\t\t\t<div class=\"yuzo-img\" style=\"background:url('https:\/\/redept.org\/blogosfera\/wp-content\/plugins\/yuzo-related-post\/assets\/images\/default.png') 50% 50% no-repeat;width: 125px;height:90px;margin-bottom: 5px;background-size: cover; \"><\/div>\n\t\t\t\t\t\t\t\t\t  <\/div>\n\t\t\t\t\t\t\t\t\t  \n\t\t\t\t\t\t\t\t   <span class=\"yuzo__text--title\" style=\"font-size:13px;\">O \u2018cag\u00e3o\u2019 de 64 que virou o primeiro ditador da di...<\/span>\n\t\t\t\t\t\t\t  \n\t\t\t\t\t\t\t  \n\t\t\t\t\t\t\t  <\/a>\n\n\t\t\t\t\t\t  <\/div>\n\t\t\t\t\t\t  <div class=\"relatedthumb \" style=\"width:125px;float:left;overflow:hidden;\">  \n\t\t\t\t\t\t\t  \n\t\t\t\t\t\t\t  <a  href=\"https:\/\/redept.com.br\/blogosfera\/desemprego-sobe-para-7-mas-e-o-menor-da-historia-para-o-mes-de-marco\/\"  >\n\t\t\t\t\t\t\t\t\t  <div class=\"yuzo-img-wrap \" style=\"width: 125px;height:90px;\">\n\t\t\t\t\t\t\t\t\t\t\n\t\t\t\t\t\t\t\t\t\t<div class=\"yuzo-img\" style=\"background:url('https:\/\/redept.org\/blogosfera\/wp-content\/plugins\/yuzo-related-post\/assets\/images\/default.png') 50% 50% no-repeat;width: 125px;height:90px;margin-bottom: 5px;background-size: cover; \"><\/div>\n\t\t\t\t\t\t\t\t\t  <\/div>\n\t\t\t\t\t\t\t\t\t  \n\t\t\t\t\t\t\t\t   <span class=\"yuzo__text--title\" style=\"font-size:13px;\">Desemprego sobe para 7%, mas \u00e9 o menor da hist\u00f3ria...<\/span>\n\t\t\t\t\t\t\t  \n\t\t\t\t\t\t\t  \n\t\t\t\t\t\t\t  <\/a>\n\n\t\t\t\t\t\t  <\/div>\n<\/div> <script>\n\t\t\t\t\t\t  jQuery(document).ready(function( $ ){\n\t\t\t\t\t\t\t\/\/jQuery('.yuzo_related_post').equalizer({ overflow : 'relatedthumb' });\n\t\t\t\t\t\t\tjQuery('.yuzo_related_post .yuzo_wraps').equalizer({ columns : '> div' });\n\t\t\t\t\t\t   })\n\t\t\t\t\t\t  <\/script> <!-- End Yuzo :) -->","protected":false},"excerpt":{"rendered":"<p>O Tribunal Superior de Hong Kong condenou nesta segunda-feira (9) o empres\u00e1rio bilion\u00e1rio Jimmy Lai do setor de m\u00eddia por por crimes relacionados a conluio com for\u00e7as estrangeiras e organiza\u00e7\u00e3o de atividades consideradas desestabilizadoras da ordem p\u00fablica. Ao contr\u00e1rio da narrativa ocidental e da grande imprensa, que o descreve exclusivamente como \u201cativista pr\u00f3-democracia\u201d, a acusa\u00e7\u00e3o [&hellip;]<\/p>\n","protected":false},"author":2,"featured_media":0,"comment_status":"open","ping_status":"closed","sticky":false,"template":"","format":"standard","meta":{"fifu_image_url":"","fifu_image_alt":"","footnotes":""},"categories":[35454,292,35455,31917,50,35456,35457,35458],"tags":[],"class_list":["post-73867","post","type-post","status-publish","format-standard","hentry","category-apple-daily","category-china","category-conluio-com-forcas-estrangeiras","category-hong-kong","category-internacional","category-jimmy-lai","category-lei-de-seguranca-nacional","category-soberania-chinesa"],"_links":{"self":[{"href":"https:\/\/redept.com.br\/blogosfera\/wp-json\/wp\/v2\/posts\/73867","targetHints":{"allow":["GET"]}}],"collection":[{"href":"https:\/\/redept.com.br\/blogosfera\/wp-json\/wp\/v2\/posts"}],"about":[{"href":"https:\/\/redept.com.br\/blogosfera\/wp-json\/wp\/v2\/types\/post"}],"author":[{"embeddable":true,"href":"https:\/\/redept.com.br\/blogosfera\/wp-json\/wp\/v2\/users\/2"}],"replies":[{"embeddable":true,"href":"https:\/\/redept.com.br\/blogosfera\/wp-json\/wp\/v2\/comments?post=73867"}],"version-history":[{"count":0,"href":"https:\/\/redept.com.br\/blogosfera\/wp-json\/wp\/v2\/posts\/73867\/revisions"}],"wp:attachment":[{"href":"https:\/\/redept.com.br\/blogosfera\/wp-json\/wp\/v2\/media?parent=73867"}],"wp:term":[{"taxonomy":"category","embeddable":true,"href":"https:\/\/redept.com.br\/blogosfera\/wp-json\/wp\/v2\/categories?post=73867"},{"taxonomy":"post_tag","embeddable":true,"href":"https:\/\/redept.com.br\/blogosfera\/wp-json\/wp\/v2\/tags?post=73867"}],"curies":[{"name":"wp","href":"https:\/\/api.w.org\/{rel}","templated":true}]}}