{"id":7387,"date":"2024-12-05T17:10:14","date_gmt":"2024-12-05T20:10:14","guid":{"rendered":"https:\/\/redept.org\/blogosfera\/ministro-da-fazenda-da-colombia-deixa-o-cargo-apos-denuncias-de-corrupcao-e-petro-diz-ser-vitima-de-armadilha\/"},"modified":"2024-12-05T17:10:14","modified_gmt":"2024-12-05T20:10:14","slug":"ministro-da-fazenda-da-colombia-deixa-o-cargo-apos-denuncias-de-corrupcao-e-petro-diz-ser-vitima-de-armadilha","status":"publish","type":"post","link":"https:\/\/redept.com.br\/blogosfera\/ministro-da-fazenda-da-colombia-deixa-o-cargo-apos-denuncias-de-corrupcao-e-petro-diz-ser-vitima-de-armadilha\/","title":{"rendered":"Ministro da Fazenda da Col\u00f4mbia deixa o cargo ap\u00f3s den\u00fancias de corrup\u00e7\u00e3o e Petro diz ser \u2018v\u00edtima de armadilha\u2019"},"content":{"rendered":"<p>O presidente da Col\u00f4mbia, Gustavo Petro, anunciou nesta quarta-feira (4) a troca do ministro da Fazenda em meio \u00e0 suspeita de corrup\u00e7\u00e3o na pasta. Ricardo Bonilla deixa o cargo depois de 2 anos e meio e d\u00e1 lugar ao antigo vice-ministro, Diego Guevara. \u00a0Segundo o chefe do Executivo, <a href=\"https:\/\/www.brasildefato.com.br\/2024\/10\/10\/petro-enfrenta-maior-ofensiva-contra-seu-governo-da-colombia-com-investigacao-articulada-pela-oposicao-diz-analista\">ele e o ministro s\u00e3o v\u00edtimas de \u201carmadilhas\u201d<\/a>.\u00a0<\/p>\n<p>\u201cO erro de Bonilla \u00e9 a ingenuidade acad\u00eamica, pensando que todos t\u00eam a mesma altura intelectual. \u00c9 por isso que ele desobedeceu \u00e0s minhas instru\u00e7\u00f5es de n\u00e3o confiar nos funcion\u00e1rios de [\u00c1lvaro] Uribe que s\u00e3o do minist\u00e9rio, que nos tra\u00edram desde o in\u00edcio\u201d, afirmou Petro em uma publica\u00e7\u00e3o nas redes sociais.\u00a0<\/p>\n<p>Bonilla \u00e9 alvo de diferentes investiga\u00e7\u00f5es por corrup\u00e7\u00e3o e preju\u00edzos milion\u00e1rios ao Estado. Ele teria negociado US$ 23 milh\u00f5es (R$ 137 milh\u00f5es aproximadamente) para assinar tr\u00eas contratos da Unidade para a Gest\u00e3o de Risco de Desastres (UNGRD) e beneficiar tr\u00eas deputados. Eles receberiam cr\u00e9ditos do Minist\u00e9rio da Fazenda e, em troca, dariam apoio na vota\u00e7\u00e3o que vai discutir o aumento da d\u00edvida do governo.\u00a0<\/p>\n<p>\u201cEspero a sua demiss\u00e3o, n\u00e3o porque acredite que ele seja culpado, mas porque querem despeda\u00e7\u00e1-lo por ser leal ao programa de governo. O ministro n\u00e3o deu cotas indicativas a nenhum parlamentar. Confundem o extorquido com o autor da extors\u00e3o para confundir o povo\u201d, disse Petro.<\/p>\n<p>Ele deixou o cargo depois da publica\u00e7\u00e3o de uma reportagem do jornal <em>El Colombiano<\/em>. O di\u00e1rio publicou nesta quarta-feira uma reportagem detalhando que o agora ex-ministro encaminhou para a procuradoria-geral uma s\u00e9rie de den\u00fancias contra o presidente da estatal petroleira Ecopetrol, Ricardo Roa, e contra o filho do presidente Petro, Nicol\u00e1s Alcocer Petro, por negociarem o favorecimento de terceiros em contratos de uma hidrel\u00e9trica.\u00a0<\/p>\n<p>Petro tamb\u00e9m defendeu Bonilla neste caso. Segundo o presidente, a reportagem tem o intuito de \u201cdestruir alternativas pol\u00edticas\u201d e atingir o governo. \u201cA reportagem sobre Bonilla \u00e9 o contr\u00e1rio, como quase sempre, quando se trata de destruir alternativas pol\u00edticas e sonhos coletivos de quem trabalha e estuda\u201d, afirmou Petro.<\/p>\n<p>Bonilla \u00e9 o terceiro funcion\u00e1rio do alto escal\u00e3o que deixa o governo por suspeitas de corrup\u00e7\u00e3o na UNGRD. O ex-diretor da unidade, Olmedo L\u00f3pez, e o ex-diretor da ag\u00eancia de intelig\u00eancia colombiana, Carlos Ram\u00f3n Gonz\u00e1lez, tamb\u00e9m foram afastados por outros casos envolvendo o \u00f3rg\u00e3o.\u00a0<\/p>\n<p>O ex-ministro era um dos homens de confian\u00e7a do presidente. Al\u00e9m de ter sido ministro desde o in\u00edcio da gest\u00e3o, ele tamb\u00e9m foi secret\u00e1rio de Fazenda de Bogot\u00e1 enquanto Petro era prefeito da capital colombiana.\u00a0<\/p>\n<p>Durante a sua gest\u00e3o, Bonilla foi um dos respons\u00e1veis por algumas conquistas econ\u00f4micas do governo de Petro. A primeira delas foi reduzir a infla\u00e7\u00e3o. O atual presidente assumiu em agosto de 2022 com uma infla\u00e7\u00e3o acumulada de 10,8%. Dois anos depois, a infla\u00e7\u00e3o colombiana est\u00e1 em 5,4% no acumulado dos \u00faltimos 12 meses. \u00a0<\/p>\n<p>A cota\u00e7\u00e3o do d\u00f3lar tamb\u00e9m foi uma das buscas do governo, que conseguiu baixar o valor da moeda estadunidense na Col\u00f4mbia. Se ao final de 2022 1 d\u00f3lar custava 4.898 pesos colombianos, hoje vale 4.437.<\/p>\n<p>Outro esfor\u00e7o do governo foi aumentar o sal\u00e1rio m\u00ednimo acima da infla\u00e7\u00e3o. Para 2024, o piso foi ampliado em 12%, para 1,4 milh\u00f5es de pesos (R$ 1.975 aproximadamente). A meta de Bonilla era aumentar em 6,2% para 2025, o que representaria uma alta de 80.600 pesos (R$ 108). A infla\u00e7\u00e3o projetada pelo minist\u00e9rio para o ano que vem ser\u00e1 de 5% a 5,2%.<\/p>\n<p>Outro caso em 2024<\/p>\n<p>Bonilla n\u00e3o \u00e9 o primeiro ministro afastado depois de den\u00fancias de caso de corrup\u00e7\u00e3o em 2024. O <a href=\"https:\/\/www.brasildefato.com.br\/2024\/02\/08\/chanceler-de-petro-aceita-afastamento-em-meio-a-tensoes-entre-governo-e-mp-da-colombia\">chanceler \u00c1lvaro Leyva acatou a suspens\u00e3o do cargo determinada pelo Minist\u00e9rio P\u00fablico por tr\u00eas meses<\/a> em fevereiro deste ano. Ele \u00e9 investigado por ter \u201cexcedido suas fun\u00e7\u00f5es\u201d depois de cancelar, em 13 de setembro do ano passado, uma licita\u00e7\u00e3o para escolher a empresa que emitiria os passaportes colombianos.<\/p>\n<p>O ministro tomou a decis\u00e3o ap\u00f3s o MP confirmar a suspens\u00e3o. Em 24 de janeiro, Leyva havia sido afastado do cargo e a procuradora Margarita Cabello ratificou a decis\u00e3o nesta quarta-feira. O ministro ent\u00e3o enviou uma carta \u00e0 Cabello dizendo que cumpriria o afastamento \u201cimediatamente\u201d.<\/p>\n<p>Em seu parecer, a procuradora disse que chegou \u00e0 conclus\u00e3o depois de \u201canalisar os fatos, as provas e a a\u00e7\u00e3o processual tomada pela C\u00e2mara\u201d. Tamb\u00e9m anunciou que o \u00f3rg\u00e3o deve abrir um novo processo contra o ministro por ele ter exercido o cargo por 15 dias, mesmo depois da sua suspens\u00e3o. Segundo o MP, Leyva n\u00e3o tinha nenhuma fundamenta\u00e7\u00e3o t\u00e9cnica para cancelar a licita\u00e7\u00e3o para a emiss\u00e3o de passaportes. A \u00fanica empresa que restava no processo era a Thomas Greg &amp; Sons de Colombia SA.<\/p>\n<!-- Begin Yuzo --><div class='yuzo_related_post style-1'  data-version='5.12.89'><!-- without result --><div class='yuzo_clearfixed yuzo__title yuzo__title'><h3>Related Post<\/h3><\/div>\n\t\t\t\t\t\t  <div class=\"relatedthumb \" style=\"width:125px;float:left;overflow:hidden;\">  \n\t\t\t\t\t\t\t  \n\t\t\t\t\t\t\t  <a  href=\"https:\/\/redept.com.br\/blogosfera\/isencao-do-ir-ate-r-5-mil-o-que-falta-para-virar-lei\/\"  >\n\t\t\t\t\t\t\t\t\t  <div class=\"yuzo-img-wrap \" style=\"width: 125px;height:90px;\">\n\t\t\t\t\t\t\t\t\t\t\n\t\t\t\t\t\t\t\t\t\t<div class=\"yuzo-img\" style=\"background:url('https:\/\/redept.org\/blogosfera\/wp-content\/plugins\/yuzo-related-post\/assets\/images\/default.png') 50% 50% no-repeat;width: 125px;height:90px;margin-bottom: 5px;background-size: cover; \"><\/div>\n\t\t\t\t\t\t\t\t\t  <\/div>\n\t\t\t\t\t\t\t\t\t  \n\t\t\t\t\t\t\t\t   <span class=\"yuzo__text--title\" style=\"font-size:13px;\">Isen\u00e7\u00e3o do IR at\u00e9 R$ 5 mil: o que falta para virar...<\/span>\n\t\t\t\t\t\t\t  \n\t\t\t\t\t\t\t  \n\t\t\t\t\t\t\t  <\/a>\n\n\t\t\t\t\t\t  <\/div>\n\t\t\t\t\t\t  <div class=\"relatedthumb \" style=\"width:125px;float:left;overflow:hidden;\">  \n\t\t\t\t\t\t\t  \n\t\t\t\t\t\t\t  <a  href=\"https:\/\/sul21.com.br\/opiniao\/2026\/08\/galipolo-em-gallipoli-por-washington-araujo\/\"  >\n\t\t\t\t\t\t\t\t\t  <div class=\"yuzo-img-wrap \" style=\"width: 125px;height:90px;\">\n\t\t\t\t\t\t\t\t\t\t\n\t\t\t\t\t\t\t\t\t\t<div class=\"yuzo-img\" style=\"background:url('https:\/\/redept.org\/blogosfera\/wp-content\/plugins\/yuzo-related-post\/assets\/images\/default.png') 50% 50% no-repeat;width: 125px;height:90px;margin-bottom: 5px;background-size: cover; \"><\/div>\n\t\t\t\t\t\t\t\t\t  <\/div>\n\t\t\t\t\t\t\t\t\t  \n\t\t\t\t\t\t\t\t   <span class=\"yuzo__text--title\" style=\"font-size:13px;\">Gal\u00edpolo em Gallipoli (por Washington Ara\u00fajo)<\/span>\n\t\t\t\t\t\t\t  \n\t\t\t\t\t\t\t  \n\t\t\t\t\t\t\t  <\/a>\n\n\t\t\t\t\t\t  <\/div>\n\t\t\t\t\t\t  <div class=\"relatedthumb \" style=\"width:125px;float:left;overflow:hidden;\">  \n\t\t\t\t\t\t\t  \n\t\t\t\t\t\t\t  <a  href=\"https:\/\/redept.com.br\/blogosfera\/atos-em-brasilia-marcam-dia-da-visibilidade-trans-nesta-quarta-29\/\"  >\n\t\t\t\t\t\t\t\t\t  <div class=\"yuzo-img-wrap \" style=\"width: 125px;height:90px;\">\n\t\t\t\t\t\t\t\t\t\t\n\t\t\t\t\t\t\t\t\t\t<div class=\"yuzo-img\" style=\"background:url('https:\/\/redept.org\/blogosfera\/wp-content\/plugins\/yuzo-related-post\/assets\/images\/default.png') 50% 50% no-repeat;width: 125px;height:90px;margin-bottom: 5px;background-size: cover; \"><\/div>\n\t\t\t\t\t\t\t\t\t  <\/div>\n\t\t\t\t\t\t\t\t\t  \n\t\t\t\t\t\t\t\t   <span class=\"yuzo__text--title\" style=\"font-size:13px;\">Atos em Bras\u00edlia marcam Dia da Visibilidade Trans ...<\/span>\n\t\t\t\t\t\t\t  \n\t\t\t\t\t\t\t  \n\t\t\t\t\t\t\t  <\/a>\n\n\t\t\t\t\t\t  <\/div>\n\t\t\t\t\t\t  <div class=\"relatedthumb \" style=\"width:125px;float:left;overflow:hidden;\">  \n\t\t\t\t\t\t\t  \n\t\t\t\t\t\t\t  <a  href=\"https:\/\/redept.com.br\/blogosfera\/militantes-gauchos-participam-da-19a-brigada-internacional-em-cuba\/\"  >\n\t\t\t\t\t\t\t\t\t  <div class=\"yuzo-img-wrap \" style=\"width: 125px;height:90px;\">\n\t\t\t\t\t\t\t\t\t\t\n\t\t\t\t\t\t\t\t\t\t<div class=\"yuzo-img\" style=\"background:url('https:\/\/redept.org\/blogosfera\/wp-content\/plugins\/yuzo-related-post\/assets\/images\/default.png') 50% 50% no-repeat;width: 125px;height:90px;margin-bottom: 5px;background-size: cover; \"><\/div>\n\t\t\t\t\t\t\t\t\t  <\/div>\n\t\t\t\t\t\t\t\t\t  \n\t\t\t\t\t\t\t\t   <span class=\"yuzo__text--title\" style=\"font-size:13px;\">Militantes ga\u00fachos participam da 19\u00aa Brigada Inter...<\/span>\n\t\t\t\t\t\t\t  \n\t\t\t\t\t\t\t  \n\t\t\t\t\t\t\t  <\/a>\n\n\t\t\t\t\t\t  <\/div>\n<\/div> <script>\n\t\t\t\t\t\t  jQuery(document).ready(function( $ ){\n\t\t\t\t\t\t\t\/\/jQuery('.yuzo_related_post').equalizer({ overflow : 'relatedthumb' });\n\t\t\t\t\t\t\tjQuery('.yuzo_related_post .yuzo_wraps').equalizer({ columns : '> div' });\n\t\t\t\t\t\t   })\n\t\t\t\t\t\t  <\/script> <!-- End Yuzo :) -->","protected":false},"excerpt":{"rendered":"<p>O presidente da Col\u00f4mbia, Gustavo Petro, anunciou nesta quarta-feira (4) a troca do ministro da Fazenda em meio \u00e0 suspeita de corrup\u00e7\u00e3o na pasta. Ricardo Bonilla deixa o cargo depois de 2 anos e meio e d\u00e1 lugar ao antigo vice-ministro, Diego Guevara. \u00a0Segundo o chefe do Executivo, ele e o ministro s\u00e3o v\u00edtimas de [&hellip;]<\/p>\n","protected":false},"author":2,"featured_media":0,"comment_status":"closed","ping_status":"closed","sticky":false,"template":"","format":"standard","meta":{"fifu_image_url":"","fifu_image_alt":"","footnotes":""},"categories":[1],"tags":[],"class_list":["post-7387","post","type-post","status-publish","format-standard","hentry","category-uncategorized"],"_links":{"self":[{"href":"https:\/\/redept.com.br\/blogosfera\/wp-json\/wp\/v2\/posts\/7387","targetHints":{"allow":["GET"]}}],"collection":[{"href":"https:\/\/redept.com.br\/blogosfera\/wp-json\/wp\/v2\/posts"}],"about":[{"href":"https:\/\/redept.com.br\/blogosfera\/wp-json\/wp\/v2\/types\/post"}],"author":[{"embeddable":true,"href":"https:\/\/redept.com.br\/blogosfera\/wp-json\/wp\/v2\/users\/2"}],"replies":[{"embeddable":true,"href":"https:\/\/redept.com.br\/blogosfera\/wp-json\/wp\/v2\/comments?post=7387"}],"version-history":[{"count":0,"href":"https:\/\/redept.com.br\/blogosfera\/wp-json\/wp\/v2\/posts\/7387\/revisions"}],"wp:attachment":[{"href":"https:\/\/redept.com.br\/blogosfera\/wp-json\/wp\/v2\/media?parent=7387"}],"wp:term":[{"taxonomy":"category","embeddable":true,"href":"https:\/\/redept.com.br\/blogosfera\/wp-json\/wp\/v2\/categories?post=7387"},{"taxonomy":"post_tag","embeddable":true,"href":"https:\/\/redept.com.br\/blogosfera\/wp-json\/wp\/v2\/tags?post=7387"}],"curies":[{"name":"wp","href":"https:\/\/api.w.org\/{rel}","templated":true}]}}