{"id":7388,"date":"2024-12-05T17:19:20","date_gmt":"2024-12-05T20:19:20","guid":{"rendered":"https:\/\/redept.org\/blogosfera\/justica-de-sao-paulo-acata-pedido-de-prisao-de-pm-que-atirou-em-jovem-no-oxxo\/"},"modified":"2024-12-05T17:19:20","modified_gmt":"2024-12-05T20:19:20","slug":"justica-de-sao-paulo-acata-pedido-de-prisao-de-pm-que-atirou-em-jovem-no-oxxo","status":"publish","type":"post","link":"https:\/\/redept.com.br\/blogosfera\/justica-de-sao-paulo-acata-pedido-de-prisao-de-pm-que-atirou-em-jovem-no-oxxo\/","title":{"rendered":"Justi\u00e7a de S\u00e3o Paulo acata pedido de pris\u00e3o de PM que atirou em jovem no Oxxo"},"content":{"rendered":"<p>O Tribunal de Justi\u00e7a de S\u00e3o Paulo (TJSP) acatou, nesta quinta-feira (5), o pedido do Minist\u00e9rio P\u00fablico (MP) e <a href=\"https:\/\/cdn.brasildefato.com.br\/documents\/6e07b81951fe146b705b29b787ffc909.pdf\">decretou a pris\u00e3o preventiva<\/a> do policial militar (PM) <a href=\"https:\/\/www.brasildefato.com.br\/2024\/12\/03\/ouvidor-das-policias-fala-sobre-morte-no-oxxo-mais-uma-acao-calcada-na-crenca-da-impunidade\">Vinicius de Lima Britto<\/a>. Ele foi filmado executando um homem negro com oito tiros pelas costas em uma loja Oxxo, no dia 3 de novembro. Morto aos 26 anos, Gabriel Renan da Silva Soares \u00e9 sobrinho do rapper Eduardo Taddeo, fundador do grupo Fac\u00e7\u00e3o Central. \u00a0<\/p>\n<p>No documento, a ju\u00edza Michelle Porto de Medeiros Cunha Carreiro afirma que &#8220;as circunst\u00e2ncias da infra\u00e7\u00e3o, em especial diante da quantidade de disparos efetuada em via p\u00fablica, s\u00e3o indicativas da <a href=\"https:\/\/www.brasildefato.com.br\/2024\/12\/05\/ministerio-publico-pede-prisao-de-pm-que-executou-homem-negro-no-oxxo-e-o-denuncia-por-homicidio-doloso\">periculosidade do agente<\/a>&#8220;. &#8220;Sua conduta, ainda que inserida em contexto de coibi\u00e7\u00e3o de crime patrimonial (praticado sem viol\u00eancia ou grave amea\u00e7a \u00e0 pessoa, diga-se), excedeu em muito os limites de sua atividade, em flagrante deturpa\u00e7\u00e3o da finalidade da Pol\u00edcia Militar&#8221;, segue o texto da decis\u00e3o.<\/p>\n<p>A ju\u00edza tamb\u00e9m determinou que a Pol\u00edcia Militar forne\u00e7a c\u00f3pia do prontu\u00e1rio funcional completo de Britto \u2013 incluindo todos os seus exames psicol\u00f3gicos \u2013, seus antecedentes criminais, o laudo de exames necrosc\u00f3pico, de per\u00edcia da arma de fogo e das muni\u00e7\u00f5es utilizadas no crime.\u00a0<\/p>\n<p>Uma reportagem de <em>O<\/em>\u00a0<em>Joio e o Trigo<\/em> apurou que Vin\u00edcius Britto <a href=\"http:\/\/www.brasildefato.com.br\/2024\/11\/08\/militar-que-deu-oito-tiros-em-sobrinho-de-rapper-na-oxxo-ja-foi-reprovado-em-exame-psicologico-da-pm\">foi reprovado no exame psicol\u00f3gico<\/a> do concurso da PM em 2021, por ter demonstrado \u201cdescontrole emocional\u201d. Prestou o concurso de novo e, ent\u00e3o, passou.\u00a0<\/p>\n<p>Na den\u00fancia, a Promotoria acusa o policial de homic\u00eddio doloso, quando h\u00e1 inten\u00e7\u00e3o de matar, praticado de forma &#8220;exacerbada&#8221; e com &#8220;brutalidade&#8221;. O texto do MP destacou ainda o hist\u00f3rico de viol\u00eancia do agente. &#8220;Em apenas 10 meses de atividade policial, j\u00e1 esteve envolvido em outras tr\u00eas mortes em circunst\u00e2ncias semelhantes, o que demonstra sua alta periculosidade e o risco concreto que sua liberdade representa para a sociedade&#8221;, discorre a den\u00fancia feita contra Vin\u00edcius Britto. O PM \u00e9 investigado tamb\u00e9m pelo assassinato, com diversos tiros, de outros dois homens desarmados em S\u00e3o Vicente (SP) em 2023.\u00a0<\/p>\n<p>Os <a href=\"https:\/\/www.brasildefato.com.br\/2024\/11\/06\/execucao-no-oxxo-imagens-mostram-pm-dando-tiros-pelas-costas-ignorados-em-boletim-de-ocorrencia\"><em>prints<\/em> das imagens mostram que Britto atirou contra Gabriel<\/a> pelas costas e, portanto, que ele mentiu no BO, foram revelados pelo <strong>Brasil de Fato<\/strong> em 6 de novembro, tr\u00eas dias ap\u00f3s o epis\u00f3dio. O policial, por\u00e9m, s\u00f3 foi afastado de suas fun\u00e7\u00f5es nesta segunda-feira (3), quando os v\u00eddeos vieram \u00e0 tona. \u00a0<\/p>\n<!-- Begin Yuzo --><div class='yuzo_related_post style-1'  data-version='5.12.89'><!-- without result --><div class='yuzo_clearfixed yuzo__title yuzo__title'><h3>Related Post<\/h3><\/div>\n\t\t\t\t\t\t  <div class=\"relatedthumb \" style=\"width:125px;float:left;overflow:hidden;\">  \n\t\t\t\t\t\t\t  \n\t\t\t\t\t\t\t  <a  href=\"https:\/\/redept.com.br\/blogosfera\/ate-o-fantastico-se-rende-a-eficiencia-do-planejamento-estatal-chines\/\"  >\n\t\t\t\t\t\t\t\t\t  <div class=\"yuzo-img-wrap \" style=\"width: 125px;height:90px;\">\n\t\t\t\t\t\t\t\t\t\t\n\t\t\t\t\t\t\t\t\t\t<div class=\"yuzo-img\" style=\"background:url('https:\/\/redept.com.br\/blogosfera\/wp-content\/uploads\/2026\/04\/O-saguao-de-espera-da-Estacao-Ferroviaria-de-Hongqiao-em-Xangai-e-ainda-maior-que-o-da-Estacao-Ferroviaria-do-Sul-de-Pequim-com-27-guiches-de-verificacao-de-bilhetes-150x150.png') 50% 50% no-repeat;width: 125px;height:90px;margin-bottom: 5px;background-size: cover; \"><\/div>\n\t\t\t\t\t\t\t\t\t  <\/div>\n\t\t\t\t\t\t\t\t\t  \n\t\t\t\t\t\t\t\t   <span class=\"yuzo__text--title\" style=\"font-size:13px;\">At\u00e9 o Fant\u00e1stico se rende \u00e0 efici\u00eancia do planejam...<\/span>\n\t\t\t\t\t\t\t  \n\t\t\t\t\t\t\t  \n\t\t\t\t\t\t\t  <\/a>\n\n\t\t\t\t\t\t  <\/div>\n\t\t\t\t\t\t  <div class=\"relatedthumb \" style=\"width:125px;float:left;overflow:hidden;\">  \n\t\t\t\t\t\t\t  \n\t\t\t\t\t\t\t  <a  href=\"https:\/\/redept.com.br\/blogosfera\/china-encerra-embargo-e-libera-frango-do-rs-apos-surto-sanitario\/\"  >\n\t\t\t\t\t\t\t\t\t  <div class=\"yuzo-img-wrap \" style=\"width: 125px;height:90px;\">\n\t\t\t\t\t\t\t\t\t\t\n\t\t\t\t\t\t\t\t\t\t<div class=\"yuzo-img\" style=\"background:url('https:\/\/redept.org\/blogosfera\/wp-content\/plugins\/yuzo-related-post\/assets\/images\/default.png') 50% 50% no-repeat;width: 125px;height:90px;margin-bottom: 5px;background-size: cover; \"><\/div>\n\t\t\t\t\t\t\t\t\t  <\/div>\n\t\t\t\t\t\t\t\t\t  \n\t\t\t\t\t\t\t\t   <span class=\"yuzo__text--title\" style=\"font-size:13px;\">China encerra embargo e libera frango do RS ap\u00f3s s...<\/span>\n\t\t\t\t\t\t\t  \n\t\t\t\t\t\t\t  \n\t\t\t\t\t\t\t  <\/a>\n\n\t\t\t\t\t\t  <\/div>\n\t\t\t\t\t\t  <div class=\"relatedthumb \" style=\"width:125px;float:left;overflow:hidden;\">  \n\t\t\t\t\t\t\t  \n\t\t\t\t\t\t\t  <a  href=\"https:\/\/redept.com.br\/blogosfera\/com-mais-de-mil-casos-estupro-e-a-violencia-mais-cometida-contra-meninas-e-mulheres-no-distrito-federal\/\"  >\n\t\t\t\t\t\t\t\t\t  <div class=\"yuzo-img-wrap \" style=\"width: 125px;height:90px;\">\n\t\t\t\t\t\t\t\t\t\t\n\t\t\t\t\t\t\t\t\t\t<div class=\"yuzo-img\" style=\"background:url('https:\/\/redept.org\/blogosfera\/wp-content\/plugins\/yuzo-related-post\/assets\/images\/default.png') 50% 50% no-repeat;width: 125px;height:90px;margin-bottom: 5px;background-size: cover; \"><\/div>\n\t\t\t\t\t\t\t\t\t  <\/div>\n\t\t\t\t\t\t\t\t\t  \n\t\t\t\t\t\t\t\t   <span class=\"yuzo__text--title\" style=\"font-size:13px;\">Com mais de mil casos, estupro \u00e9 a viol\u00eancia mais ...<\/span>\n\t\t\t\t\t\t\t  \n\t\t\t\t\t\t\t  \n\t\t\t\t\t\t\t  <\/a>\n\n\t\t\t\t\t\t  <\/div>\n\t\t\t\t\t\t  <div class=\"relatedthumb \" style=\"width:125px;float:left;overflow:hidden;\">  \n\t\t\t\t\t\t\t  \n\t\t\t\t\t\t\t  <a  href=\"https:\/\/redept.com.br\/blogosfera\/nyt-militares-dos-eua-dizem-que-a-missao-no-caribe-e-derrubar-maduro\/\"  >\n\t\t\t\t\t\t\t\t\t  <div class=\"yuzo-img-wrap \" style=\"width: 125px;height:90px;\">\n\t\t\t\t\t\t\t\t\t\t\n\t\t\t\t\t\t\t\t\t\t<div class=\"yuzo-img\" style=\"background:url('https:\/\/redept.org\/blogosfera\/wp-content\/plugins\/yuzo-related-post\/assets\/images\/default.png') 50% 50% no-repeat;width: 125px;height:90px;margin-bottom: 5px;background-size: cover; \"><\/div>\n\t\t\t\t\t\t\t\t\t  <\/div>\n\t\t\t\t\t\t\t\t\t  \n\t\t\t\t\t\t\t\t   <span class=\"yuzo__text--title\" style=\"font-size:13px;\">NYT: militares dos EUA dizem que a miss\u00e3o no carib...<\/span>\n\t\t\t\t\t\t\t  \n\t\t\t\t\t\t\t  \n\t\t\t\t\t\t\t  <\/a>\n\n\t\t\t\t\t\t  <\/div>\n<\/div> <script>\n\t\t\t\t\t\t  jQuery(document).ready(function( $ ){\n\t\t\t\t\t\t\t\/\/jQuery('.yuzo_related_post').equalizer({ overflow : 'relatedthumb' });\n\t\t\t\t\t\t\tjQuery('.yuzo_related_post .yuzo_wraps').equalizer({ columns : '> div' });\n\t\t\t\t\t\t   })\n\t\t\t\t\t\t  <\/script> <!-- End Yuzo :) -->","protected":false},"excerpt":{"rendered":"<p>O Tribunal de Justi\u00e7a de S\u00e3o Paulo (TJSP) acatou, nesta quinta-feira (5), o pedido do Minist\u00e9rio P\u00fablico (MP) e decretou a pris\u00e3o preventiva do policial militar (PM) Vinicius de Lima Britto. Ele foi filmado executando um homem negro com oito tiros pelas costas em uma loja Oxxo, no dia 3 de novembro. Morto aos 26 [&hellip;]<\/p>\n","protected":false},"author":2,"featured_media":0,"comment_status":"closed","ping_status":"closed","sticky":false,"template":"","format":"standard","meta":{"fifu_image_url":"","fifu_image_alt":"","footnotes":""},"categories":[1],"tags":[],"class_list":["post-7388","post","type-post","status-publish","format-standard","hentry","category-uncategorized"],"_links":{"self":[{"href":"https:\/\/redept.com.br\/blogosfera\/wp-json\/wp\/v2\/posts\/7388","targetHints":{"allow":["GET"]}}],"collection":[{"href":"https:\/\/redept.com.br\/blogosfera\/wp-json\/wp\/v2\/posts"}],"about":[{"href":"https:\/\/redept.com.br\/blogosfera\/wp-json\/wp\/v2\/types\/post"}],"author":[{"embeddable":true,"href":"https:\/\/redept.com.br\/blogosfera\/wp-json\/wp\/v2\/users\/2"}],"replies":[{"embeddable":true,"href":"https:\/\/redept.com.br\/blogosfera\/wp-json\/wp\/v2\/comments?post=7388"}],"version-history":[{"count":0,"href":"https:\/\/redept.com.br\/blogosfera\/wp-json\/wp\/v2\/posts\/7388\/revisions"}],"wp:attachment":[{"href":"https:\/\/redept.com.br\/blogosfera\/wp-json\/wp\/v2\/media?parent=7388"}],"wp:term":[{"taxonomy":"category","embeddable":true,"href":"https:\/\/redept.com.br\/blogosfera\/wp-json\/wp\/v2\/categories?post=7388"},{"taxonomy":"post_tag","embeddable":true,"href":"https:\/\/redept.com.br\/blogosfera\/wp-json\/wp\/v2\/tags?post=7388"}],"curies":[{"name":"wp","href":"https:\/\/api.w.org\/{rel}","templated":true}]}}