{"id":73881,"date":"2026-02-10T15:38:20","date_gmt":"2026-02-10T18:38:20","guid":{"rendered":"https:\/\/redept.com.br\/blogosfera\/metroviarios-de-sao-paulo-entram-em-estado-de-greve-e-pressionam-metro-por-negociacao\/"},"modified":"2026-02-10T15:38:20","modified_gmt":"2026-02-10T18:38:20","slug":"metroviarios-de-sao-paulo-entram-em-estado-de-greve-e-pressionam-metro-por-negociacao","status":"publish","type":"post","link":"https:\/\/redept.com.br\/blogosfera\/metroviarios-de-sao-paulo-entram-em-estado-de-greve-e-pressionam-metro-por-negociacao\/","title":{"rendered":"Metrovi\u00e1rios de S\u00e3o Paulo entram em estado de greve e pressionam Metr\u00f4 por negocia\u00e7\u00e3o"},"content":{"rendered":"<p>Os trabalhadores do <strong>Metr\u00f4 de S\u00e3o Paulo<\/strong> <a href=\"https:\/\/www.metroviarios.org.br\/site\/assembleia-rejeita-plano-de-carreira-e-decreta-estado-de-greve\/\" target=\"_blank\" rel=\"noreferrer noopener nofollow\">decretaram <strong>estado de greve<\/strong><\/a> em assembleia realizada na segunda-feira (9), em resposta \u00e0 recusa da Companhia do Metropolitano em negociar mudan\u00e7as no Plano de Carreira e em outras demandas trabalhistas. A medida funciona como um instrumento de press\u00e3o, sem interrup\u00e7\u00e3o imediata do servi\u00e7o, e mant\u00e9m as opera\u00e7\u00f5es das linhas 1-Azul, 2-Verde, 3-Vermelha e 15-Prata normalmente. Saiba os detalhes na <strong><a href=\"https:\/\/tvtnews.com.br\/\">TVT News<\/a><\/strong>.<\/p>\n<p>Segundo o Sindicato dos Metrovi\u00e1rios, a decis\u00e3o foi tomada ap\u00f3s a empresa adotar uma postura \u201cautorit\u00e1ria\u201d e encerrar o di\u00e1logo sobre temas considerados centrais paraa categoria.<\/p>\n<p>O movimento pode evoluir para uma paralisa\u00e7\u00e3o total em breve. Uma nova assembleia est\u00e1 marcada para a quarta-feira (11), quando os trabalhadores devem avaliar a resposta do Metr\u00f4 e decidir os pr\u00f3ximos passos.<\/p>\n<h2>Principais reivindica\u00e7\u00f5es<\/h2>\n<p>A pauta apresentada pelo sindicato re\u00fane demandas salariais, crit\u00e9rios de promo\u00e7\u00e3o e quest\u00f5es estruturais da empresa. Entre os principais pontos est\u00e3o:<\/p>\n<ul>\n<li>Pagamento de \u201csteps\u201d: reajustes de progress\u00e3o salarial iguais para todos os funcion\u00e1rios e o fim do limite de 1% da folha de pagamento destinado a essas corre\u00e7\u00f5es, considerado insuficiente para garantir aumentos reais;<\/li>\n<li>Crit\u00e9rios de promo\u00e7\u00e3o: extin\u00e7\u00e3o da chamada \u201can\u00e1lise comportamental\u201d, defendendo processos mais objetivos e t\u00e9cnicos em concursos internos;<\/li>\n<li>Contrata\u00e7\u00f5es via concurso p\u00fablico: oposi\u00e7\u00e3o \u00e0 terceiriza\u00e7\u00e3o, especialmente na manuten\u00e7\u00e3o de vias e trens, e reposi\u00e7\u00e3o do quadro de pessoal, apontado como defasado ap\u00f3s programas de demiss\u00e3o volunt\u00e1ria;<\/li>\n<li>Valoriza\u00e7\u00e3o dos oficiais de manuten\u00e7\u00e3o: cria\u00e7\u00e3o de oportunidades de ascens\u00e3o para cargos de supervis\u00e3o e t\u00e9cnicos;<\/li>\n<li>Nota de corte em concursos: retorno da exig\u00eancia m\u00ednima de 6,5, desvinculada das metas globais da diretoria.<\/li>\n<\/ul>\n<p>Para o sindicato, as medidas s\u00e3o necess\u00e1rias para preservar o car\u00e1ter p\u00fablico do Metr\u00f4 e evitar a precariza\u00e7\u00e3o do servi\u00e7o. A companhia ainda n\u00e3o se manifestou oficialmente sobre as reivindica\u00e7\u00f5es dos trabalhadores.<\/p>\n<h2>Hist\u00f3rico de paralisa\u00e7\u00f5es<\/h2>\n<p>A mobiliza\u00e7\u00e3o atual ocorre num cen\u00e1rio hist\u00f3rico recorrente de conflitos entre metrovi\u00e1rios e o governo de S\u00e3o Paulo. Nos \u00faltimos anos, a categoria realizou paralisa\u00e7\u00f5es marcadas por disputas salariais, reformas administrativas e privatiza\u00e7\u00f5es.<\/p>\n<p>Caso n\u00e3o haja avan\u00e7o nas negocia\u00e7\u00f5es, a assembleia desta semana pode definir se ocorrer\u00e1 de fato a greve, ampliando o risco de interrup\u00e7\u00f5es no metr\u00f4 nos pr\u00f3ximos dias.<\/p>\n<\/p>\n<h2>Leia mais not\u00edcias na TVT News<\/h2>\n<ul>\n<li><a href=\"https:\/\/tvtnews.com.br\/resultado-fuvest-confira-terceira-chamada-da-usp\/\">Resultado Fuvest: confira terceira chamada Fuvest e Enem-USP 2026<\/a><\/li>\n<li><a href=\"https:\/\/tvtnews.com.br\/maua-recebe-instituto-federal-saude-governo-lula\/\">Mau\u00e1 recebe Instituto Federal e mais equipamentos de sa\u00fade do governo Lula<\/a><\/li>\n<li><a href=\"https:\/\/tvtnews.com.br\/lula-lidera-com-folga-nos-tres-cenarios-de-1o-turno-aponta-real-time-big-data\/\">Lula lidera com folga nos tr\u00eas cen\u00e1rios de 1\u00ba turno, aponta Real Time Big Data<\/a><\/li>\n<\/ul>\n<p>The post <a rel=\"nofollow\" href=\"https:\/\/tvtnews.com.br\/metroviarios-sp-estado-de-greve-pressionam-metro\/\">Metrovi\u00e1rios de S\u00e3o Paulo entram em estado de greve e pressionam Metr\u00f4 por negocia\u00e7\u00e3o<\/a> appeared first on <a rel=\"nofollow\" href=\"https:\/\/tvtnews.com.br\/\">TVT News<\/a>.<\/p>\n<!-- Begin Yuzo --><div class='yuzo_related_post style-1'  data-version='5.12.89'><!-- without result --><div class='yuzo_clearfixed yuzo__title yuzo__title'><h3>Related Post<\/h3><\/div>\n\t\t\t\t\t\t  <div class=\"relatedthumb \" style=\"width:125px;float:left;overflow:hidden;\">  \n\t\t\t\t\t\t\t  \n\t\t\t\t\t\t\t  <a  href=\"https:\/\/redept.com.br\/blogosfera\/por-que-desmercantilizar-as-sementes\/\"  >\n\t\t\t\t\t\t\t\t\t  <div class=\"yuzo-img-wrap \" style=\"width: 125px;height:90px;\">\n\t\t\t\t\t\t\t\t\t\t\n\t\t\t\t\t\t\t\t\t\t<div class=\"yuzo-img\" style=\"background:url('https:\/\/redept.com.br\/blogosfera\/wp-content\/uploads\/2025\/05\/semente-crioula-150x150.jpg') 50% 50% no-repeat;width: 125px;height:90px;margin-bottom: 5px;background-size: cover; \"><\/div>\n\t\t\t\t\t\t\t\t\t  <\/div>\n\t\t\t\t\t\t\t\t\t  \n\t\t\t\t\t\t\t\t   <span class=\"yuzo__text--title\" style=\"font-size:13px;\">Por que desmercantilizar as sementes?<\/span>\n\t\t\t\t\t\t\t  \n\t\t\t\t\t\t\t  \n\t\t\t\t\t\t\t  <\/a>\n\n\t\t\t\t\t\t  <\/div>\n\t\t\t\t\t\t  <div class=\"relatedthumb \" style=\"width:125px;float:left;overflow:hidden;\">  \n\t\t\t\t\t\t\t  \n\t\t\t\t\t\t\t  <a  href=\"https:\/\/redept.com.br\/blogosfera\/fake-news-afetam-uso-do-pix-e-geram-queda-recorde-nas-transacoes-em-janeiro\/\"  >\n\t\t\t\t\t\t\t\t\t  <div class=\"yuzo-img-wrap \" style=\"width: 125px;height:90px;\">\n\t\t\t\t\t\t\t\t\t\t\n\t\t\t\t\t\t\t\t\t\t<div class=\"yuzo-img\" style=\"background:url('https:\/\/redept.com.br\/blogosfera\/wp-content\/uploads\/2025\/01\/16788914336411d9a9c7887_1678891433_3x2_lg-150x150.jpg') 50% 50% no-repeat;width: 125px;height:90px;margin-bottom: 5px;background-size: cover; \"><\/div>\n\t\t\t\t\t\t\t\t\t  <\/div>\n\t\t\t\t\t\t\t\t\t  \n\t\t\t\t\t\t\t\t   <span class=\"yuzo__text--title\" style=\"font-size:13px;\">Fake news afetam uso do Pix e geram queda recorde ...<\/span>\n\t\t\t\t\t\t\t  \n\t\t\t\t\t\t\t  \n\t\t\t\t\t\t\t  <\/a>\n\n\t\t\t\t\t\t  <\/div>\n\t\t\t\t\t\t  <div class=\"relatedthumb \" style=\"width:125px;float:left;overflow:hidden;\">  \n\t\t\t\t\t\t\t  \n\t\t\t\t\t\t\t  <a  href=\"https:\/\/redept.com.br\/blogosfera\/grupo-teatral-realiza-encenacoes-em-locais-que-marcaram-a-repressao-da-ditadura-no-recife-pe\/\"  >\n\t\t\t\t\t\t\t\t\t  <div class=\"yuzo-img-wrap \" style=\"width: 125px;height:90px;\">\n\t\t\t\t\t\t\t\t\t\t\n\t\t\t\t\t\t\t\t\t\t<div class=\"yuzo-img\" style=\"background:url('https:\/\/redept.org\/blogosfera\/wp-content\/plugins\/yuzo-related-post\/assets\/images\/default.png') 50% 50% no-repeat;width: 125px;height:90px;margin-bottom: 5px;background-size: cover; \"><\/div>\n\t\t\t\t\t\t\t\t\t  <\/div>\n\t\t\t\t\t\t\t\t\t  \n\t\t\t\t\t\t\t\t   <span class=\"yuzo__text--title\" style=\"font-size:13px;\">Grupo teatral realiza encena\u00e7\u00f5es em locais que mar...<\/span>\n\t\t\t\t\t\t\t  \n\t\t\t\t\t\t\t  \n\t\t\t\t\t\t\t  <\/a>\n\n\t\t\t\t\t\t  <\/div>\n\t\t\t\t\t\t  <div class=\"relatedthumb \" style=\"width:125px;float:left;overflow:hidden;\">  \n\t\t\t\t\t\t\t  \n\t\t\t\t\t\t\t  <a  href=\"https:\/\/redept.com.br\/blogosfera\/policia-paralela-criancas-algemadas-e-imigrantes-desaparecidos-clima-nos-eua-e-de-estado-sem-direito-relata-brasileiro\/\"  >\n\t\t\t\t\t\t\t\t\t  <div class=\"yuzo-img-wrap \" style=\"width: 125px;height:90px;\">\n\t\t\t\t\t\t\t\t\t\t\n\t\t\t\t\t\t\t\t\t\t<div class=\"yuzo-img\" style=\"background:url('https:\/\/redept.org\/blogosfera\/wp-content\/plugins\/yuzo-related-post\/assets\/images\/default.png') 50% 50% no-repeat;width: 125px;height:90px;margin-bottom: 5px;background-size: cover; \"><\/div>\n\t\t\t\t\t\t\t\t\t  <\/div>\n\t\t\t\t\t\t\t\t\t  \n\t\t\t\t\t\t\t\t   <span class=\"yuzo__text--title\" style=\"font-size:13px;\">Pol\u00edcia paralela, crian\u00e7as algemadas e imigrantes ...<\/span>\n\t\t\t\t\t\t\t  \n\t\t\t\t\t\t\t  \n\t\t\t\t\t\t\t  <\/a>\n\n\t\t\t\t\t\t  <\/div>\n<\/div> <script>\n\t\t\t\t\t\t  jQuery(document).ready(function( $ ){\n\t\t\t\t\t\t\t\/\/jQuery('.yuzo_related_post').equalizer({ overflow : 'relatedthumb' });\n\t\t\t\t\t\t\tjQuery('.yuzo_related_post .yuzo_wraps').equalizer({ columns : '> div' });\n\t\t\t\t\t\t   })\n\t\t\t\t\t\t  <\/script> <!-- End Yuzo :) -->","protected":false},"excerpt":{"rendered":"<p>Os trabalhadores do Metr\u00f4 de S\u00e3o Paulo decretaram estado de greve em assembleia realizada na segunda-feira (9), em resposta \u00e0 recusa da Companhia do Metropolitano em negociar mudan\u00e7as no Plano de Carreira e em outras demandas trabalhistas. A medida funciona como um instrumento de press\u00e3o, sem interrup\u00e7\u00e3o imediata do servi\u00e7o, e mant\u00e9m as opera\u00e7\u00f5es das [&hellip;]<\/p>\n","protected":false},"author":2,"featured_media":0,"comment_status":"open","ping_status":"closed","sticky":false,"template":"","format":"standard","meta":{"fifu_image_url":"","fifu_image_alt":"","footnotes":""},"categories":[489,94,29,2921],"tags":[],"class_list":["post-73881","post","type-post","status-publish","format-standard","hentry","category-destaque-pequeno","category-geral","category-sao-paulo","category-transportes"],"_links":{"self":[{"href":"https:\/\/redept.com.br\/blogosfera\/wp-json\/wp\/v2\/posts\/73881","targetHints":{"allow":["GET"]}}],"collection":[{"href":"https:\/\/redept.com.br\/blogosfera\/wp-json\/wp\/v2\/posts"}],"about":[{"href":"https:\/\/redept.com.br\/blogosfera\/wp-json\/wp\/v2\/types\/post"}],"author":[{"embeddable":true,"href":"https:\/\/redept.com.br\/blogosfera\/wp-json\/wp\/v2\/users\/2"}],"replies":[{"embeddable":true,"href":"https:\/\/redept.com.br\/blogosfera\/wp-json\/wp\/v2\/comments?post=73881"}],"version-history":[{"count":0,"href":"https:\/\/redept.com.br\/blogosfera\/wp-json\/wp\/v2\/posts\/73881\/revisions"}],"wp:attachment":[{"href":"https:\/\/redept.com.br\/blogosfera\/wp-json\/wp\/v2\/media?parent=73881"}],"wp:term":[{"taxonomy":"category","embeddable":true,"href":"https:\/\/redept.com.br\/blogosfera\/wp-json\/wp\/v2\/categories?post=73881"},{"taxonomy":"post_tag","embeddable":true,"href":"https:\/\/redept.com.br\/blogosfera\/wp-json\/wp\/v2\/tags?post=73881"}],"curies":[{"name":"wp","href":"https:\/\/api.w.org\/{rel}","templated":true}]}}