{"id":73987,"date":"2026-02-11T12:51:00","date_gmt":"2026-02-11T15:51:00","guid":{"rendered":"https:\/\/redept.com.br\/blogosfera\/lideres-da-oposicao-apoiam-propostas-para-manter-escala-6x1-e-barrar-mudanca-na-constituicao\/"},"modified":"2026-02-11T12:51:00","modified_gmt":"2026-02-11T15:51:00","slug":"lideres-da-oposicao-apoiam-propostas-para-manter-escala-6x1-e-barrar-mudanca-na-constituicao","status":"publish","type":"post","link":"https:\/\/redept.com.br\/blogosfera\/lideres-da-oposicao-apoiam-propostas-para-manter-escala-6x1-e-barrar-mudanca-na-constituicao\/","title":{"rendered":"L\u00edderes da oposi\u00e7\u00e3o apoiam propostas para manter escala 6\u00d71 e barrar mudan\u00e7a na Constitui\u00e7\u00e3o"},"content":{"rendered":"<p><strong>PRIORIDADE<\/strong> do governo federal em 2026, o fim da escala 6\u00d71 enfrenta resist\u00eancias no Congresso. L\u00edderes da oposi\u00e7\u00e3o na C\u00e2mara e no Senado j\u00e1 se manifestaram publicamente contra a mudan\u00e7a constitucional que cria uma segunda folga semanal remunerada e apoiam propostas legislativas favor\u00e1veis \u00e0 manuten\u00e7\u00e3o da 6\u00d71.<\/p>\n<p>Na C\u00e2mara, a oposi\u00e7\u00e3o \u00e9 liderada pelo deputado Cabo Gilberto Silva (PL-PB), conterr\u00e2neo do presidente da Casa, Hugo Motta (Republicanos), e primeiro parlamentar da Para\u00edba a se manifestar contra o projeto, quando o assunto ganhou destaque, no final de 2024. A <strong>Rep\u00f3rter Brasil<\/strong> procurou o deputado para comentar a posi\u00e7\u00e3o, mas ele n\u00e3o se manifestou.<\/p>\n<p>No in\u00edcio dos trabalhos legislativos deste ano, Cabo Gilberto adotou um discurso d\u00fabio, considerando a escala 5\u00d72, mas mantendo aberta a possibilidade de o trabalhador atuar mais dias na semana. Na sua vis\u00e3o, os empregados poderiam trabalhar at\u00e9 mais de 44 horas semanais, teto estabelecido na Constitui\u00e7\u00e3o, desde que haja acordo firmado com o patr\u00e3o.<\/p>\n<p>\u201cNo meu entendimento, poder\u00edamos colocar essas 44 horas que \u00e9 hoje de segunda a sexta, e as pessoas folgarem s\u00e1bado e domingo. Se tiverem acordo para trabalhar em hora extra e no feriado, a\u00ed fica a crit\u00e9rio do empregado e empregador\u201d, afirmou em 2 de fevereiro, em declara\u00e7\u00e3o postada nas redes sociais do PL no Congresso. \u201cTemos que ouvir as demais partes envolvidas, o setor produtivo, para chegarmos a um equil\u00edbrio\u201d, destacou.<\/p>\n<div data-elementor-type=\"section\" data-elementor-id=\"77670\" data-elementor-post-type=\"elementor_library\">\n<div data-id=\"17a659f\" data-element_type=\"container\" data-settings='{\"background_background\":\"classic\"}'>\n<div>\n<div data-id=\"386385d\" data-element_type=\"widget\" data-widget_type=\"heading.default\">\n<div>\n<h2>ASSINE NOSSA NEWSLETTER<\/h2>\n<\/p><\/div>\n<\/p><\/div>\n<div data-id=\"6546917\" data-element_type=\"widget\" data-widget_type=\"html.default\">\n<div>\n\t\t\t\t\t\t\t\t\t<\/div>\n<\/p><\/div>\n<div data-id=\"8c2e333\" data-element_type=\"widget\" data-settings='{\"button_width\":\"20\",\"step_next_label\":\"Next\",\"step_previous_label\":\"Previous\",\"button_width_mobile\":\"20\",\"step_type\":\"number_text\",\"step_icon_shape\":\"circle\"}' data-widget_type=\"form.default\">\n<div>\n<div>\n<div>\n\t\t\t\t\t\t\t\t\t\t\t\t<label for=\"form-field-email\"><br \/>\n\t\t\t\t\t\t\t\tEmail\t\t\t\t\t\t\t<\/label><\/p><\/div>\n<div>\n\t\t\t\t\t<button type=\"submit\"><br \/>\n\t\t\t\t\t\t<span><br \/>\n\t\t\t\t\t\t\t\t\t\t\t\t\t\t\t<span><br \/>\n\t\t\t\t\t\t\t\t\t<i aria-hidden=\"true\"><\/i>\t\t\t\t\t\t\t\t\t\t\t\t\t\t\t\t\t\t\t<span>Submit<\/span><br \/>\n\t\t\t\t\t\t\t\t\t\t\t\t\t\t\t\t\t<\/span><br \/>\n\t\t\t\t\t\t\t\t\t\t\t\t\t\t\t\t\t\t\t\t<\/span><br \/>\n\t\t\t\t\t<\/button>\n\t\t\t\t<\/div>\n<\/p><\/div>\n<\/p><\/div>\n<\/p><\/div>\n<\/p><\/div>\n<\/p><\/div>\n<\/p><\/div>\n<p>Em outubro do ano passado, Cabo Gilberto foi um dos 171 deputados a assinar a PEC (Proposta de Emenda \u00e0 Constitui\u00e7\u00e3o) 40\/2025, que surgiu como uma contraposi\u00e7\u00e3o aos projetos para o fim da escala 6\u00d71 \u2014 que preveem n\u00e3o apenas a segunda folga semanal remunerada, como tamb\u00e9m a redu\u00e7\u00e3o da jornada de 44 horas para 40 ou 36 horas por semana.\u00a0<\/p>\n<p>A PEC da oposi\u00e7\u00e3o assinada pelo deputado d\u00e1 ao trabalhador a op\u00e7\u00e3o de escolher seu regime de trabalho. Na pr\u00e1tica, ratifica a jornada de 44 horas semanais e garante na Constitui\u00e7\u00e3o apenas uma folga, indicando que eventuais mudan\u00e7as devem ser negociadas entre trabalhador e empregado.<\/p>\n<p>\u201dQuerem adotar o modelo dos Estados Unidos: pagamento por hora\u201d, alerta Ulisses Riedel de Resende, advogado trabalhista, ex-senador e diretor-t\u00e9cnico do Diap (Departamento Intersindical de Assessoria Parlamentar), em entrevista \u00e0 <strong>Rep\u00f3rter Brasil<\/strong>. Ele ressalta que a PEC 40\/2025 \u00e9 resultado da articula\u00e7\u00e3o de frentes parlamentares ligadas ao agroneg\u00f3cio e ao empreendedorismo.<\/p>\n<p>Quem tamb\u00e9m assinou a PEC da oposi\u00e7\u00e3o foi o deputado Gustavo Gayer (PL-GO), l\u00edder do bloco da minoria na C\u00e2mara. Em v\u00eddeo, Gayer j\u00e1 chamou a PEC 8\/2025 \u2014 elaborada pela deputada federal Erika Hilton (PSOL-SP) para a redu\u00e7\u00e3o da jornada semanal para 36 horas, numa escala 4\u00d73 \u2014 de \u201cPEC do Desemprego\u201d e \u201cproposta inexequ\u00edvel\u201d. \u201cVamos ter demiss\u00e3o em massa, os produtos v\u00e3o ficar 33% mais caros, haveria uma fuga de empresas no Brasil, milh\u00f5es de pessoas iriam \u00e0 informalidade\u201d, listou o deputado federal.<\/p>\n<p>Procurado pela <strong>Rep\u00f3rter Brasil<\/strong>, Gayer tamb\u00e9m n\u00e3o se pronunciou sobre o fim da escala 6\u00d71.<\/p>\n<p><strong>:: Leia mais: <\/strong><strong>Farm\u00e1cia, mercado e lojas acabam com escala 6\u00d71, enquanto Bras\u00edlia debate mudan\u00e7as<\/strong><strong> ::<\/strong><\/p>\n<h2>L\u00edderes da oposi\u00e7\u00e3o no Senado tamb\u00e9m j\u00e1 se manifestaram contra a escala 6\u00d71<\/h2>\n<figure><img fetchpriority=\"high\" fetchpriority=\"high\" decoding=\"async\" width=\"1024\" height=\"768\"src=\"https:\/\/redept.com.br\/blogosfera\/wp-content\/uploads\/2026\/02\/ciro-nogueira.jpg\" alt=\"Senador Ciro Nogueira (PL-PI) apoia emenda no Senado que defende manter na Constitui\u00e7\u00e3o apenas uma folga semanal (Foto: Fabio Rodrigues Pozzebom\/Ag\u00eancia Brasil)\" srcset=\"https:\/\/redept.com.br\/blogosfera\/wp-content\/uploads\/2026\/02\/ciro-nogueira.jpg 1024w, https:\/\/reporterbrasil.org.br\/wp-content\/uploads\/2026\/02\/ciro-nogueira-300x225.jpg 300w, https:\/\/reporterbrasil.org.br\/wp-content\/uploads\/2026\/02\/ciro-nogueira-768x576.jpg 768w\" sizes=\"(max-width: 1024px) 100vw, 1024px\"><figcaption>Senador Ciro Nogueira (PL-PI) apoia emenda no Senado que defende manter na Constitui\u00e7\u00e3o apenas uma folga semanal (Foto: Fabio Rodrigues Pozzebom\/Ag\u00eancia Brasil)<\/figcaption><\/figure>\n<p>No Senado Federal, a lideran\u00e7a da minoria \u00e9 exercida por Ciro Nogueira (PP-PI). Ex-ministro da Casa Civil no governo de Jair Bolsonaro (PL), Ciro repetiu os argumentos usados por Gayer ao tratar da proposta de Hilton, em um v\u00eddeo divulgado em uma lista de transmiss\u00e3o de seu partido, ainda em 2024. \u201c\u00c9 uma ideia t\u00e3o boa como aumentar o sal\u00e1rio m\u00ednimo para R$ 10 mil. Quem pode ser contra? Agora, dizer que \u00e9 vi\u00e1vel no Brasil de hoje \u00e9 mentir para a popula\u00e7\u00e3o.\u201d<\/p>\n<p>O senador tamb\u00e9m n\u00e3o respondeu aos questionamentos da<strong> Rep\u00f3rter Brasil<\/strong>.\u00a0<\/p>\n<p>Outro senador que n\u00e3o respondeu \u00e0 reportagem foi Rog\u00e9rio Marinho (PL-RN), l\u00edder da oposi\u00e7\u00e3o. Quando deputado federal, Marinho foi relator da Reforma Trabalhista proposta pelo governo de Michel Temer (MDB). No ano passado, ele chamou a PEC de Hilton de \u201cfact\u00f3ide\u201d.\u00a0<\/p>\n<p>\u201cO regime m\u00e1ximo de trabalho no Brasil s\u00e3o 44 horas semanais. N\u00e3o significa que, se o empres\u00e1rio, conversando com seus funcion\u00e1rios, principalmente atrav\u00e9s das conven\u00e7\u00f5es e acordos coletivos, n\u00e3o diminua essa carga hor\u00e1ria para 36 horas, para 30 horas. Isso \u00e9 uma quest\u00e3o que n\u00f3s precisamos deixar de intervir com excesso de regulamenta\u00e7\u00e3o\u201d, afirmou Marinho, segundo a ag\u00eancia de not\u00edcias potiguar Saiba Mais.<\/p>\n<p>Marinho apresentou no final do ano passado uma emenda para manter apenas uma folga semanal na Constitui\u00e7\u00e3o e ratificar que eventuais mudan\u00e7as sejam viabilizadas somente em negocia\u00e7\u00f5es entre empregados e empregadores. O texto tem a assinatura de 27 senadores, incluindo Ciro Nogueira. \u201cAs na\u00e7\u00f5es que reduziram jornada de trabalho o fizeram n\u00e3o por for\u00e7a de lei, mas por aumento de produtividade e por solu\u00e7\u00f5es negociadas\u201d, escreveu Marinho na justificativa.<\/p>\n<p>A emenda da oposi\u00e7\u00e3o foi apresentada para alterar a reda\u00e7\u00e3o da PEC 148\/2015, de autoria do senador Paulo Paim (PT-RS), que foi aprovada na CCJ (Comiss\u00e3o de Constitui\u00e7\u00e3o e Justi\u00e7a) do Senado em dezembro, com a previs\u00e3o da segunda folga semanal garantida na Constitui\u00e7\u00e3o. O texto depende agora de vota\u00e7\u00e3o no plen\u00e1rio do Senado, que tamb\u00e9m vai apreciar a proposta da oposi\u00e7\u00e3o<\/p>\n<figure><img decoding=\"async\" width=\"1024\" height=\"613\"src=\"https:\/\/redept.com.br\/blogosfera\/wp-content\/uploads\/2026\/02\/rogerio-marinho.jpg\" alt=\"Relator da Reforma Trabalhista, senador Rog\u00e9rio Marinho (PL-RN) \u00e9 autor de emenda contr\u00e1ria ao fim da escala 6x1 que ainda ser\u00e1 avaliada pelo Senado (Foto: Valter Campanato\/Ag\u00eancia Brasil)\" srcset=\"https:\/\/reporterbrasil.org.br\/wp-content\/uploads\/2026\/02\/rogerio-marinho-1024x613.jpg 1024w, https:\/\/reporterbrasil.org.br\/wp-content\/uploads\/2026\/02\/rogerio-marinho-300x179.jpg 300w, https:\/\/reporterbrasil.org.br\/wp-content\/uploads\/2026\/02\/rogerio-marinho-768x459.jpg 768w, https:\/\/redept.com.br\/blogosfera\/wp-content\/uploads\/2026\/02\/rogerio-marinho.jpg 1170w\" sizes=\"(max-width: 1024px) 100vw, 1024px\"><figcaption>Relator da Reforma Trabalhista, senador Rog\u00e9rio Marinho (PL-RN) \u00e9 autor de emenda contr\u00e1ria ao fim da escala 6\u00d71 que ainda ser\u00e1 avaliada pelo Senado (Foto:  Valter Campanato\/Ag\u00eancia Brasil)<\/figcaption><\/figure>\n<h2>Lideran\u00e7as governistas apostam em \u2018efeito elei\u00e7\u00e3o\u2019 para acabar com 6\u00d71<\/h2>\n<p>Entre parlamentares ligados ao Executivo, a posi\u00e7\u00e3o \u00e9 un\u00e2nime pelo fim da escala 6\u00d71. O senador Rog\u00e9rio Carvalho (PT-SE), que \u00e9 vice-l\u00edder do governo no Senado e foi relator da PEC 148\/2015 na CCJ, disse \u00e0 <strong>Rep\u00f3rter Brasil <\/strong>que ainda pode haver discuss\u00f5es sobre qual a escala ideal de trabalho. Contudo, ele diz que j\u00e1 est\u00e1 claro que a jornada tem que ser de, no m\u00e1ximo, 40 horas semanais, com duas folgas na semana.<\/p>\n<p>Carvalho disse ainda que a resist\u00eancia contra a redu\u00e7\u00e3o da jornada parte dos mesmos setores \u201cque foram contra o fim da escravatura no pa\u00eds, contra a CLT e contra o 13\u00ba sal\u00e1rio\u201d, mas seria feita de forma velada, j\u00e1 que pode custar votos a opositores. \u201cNingu\u00e9m quer ser contra o trabalhador \u00e0s v\u00e9speras de uma elei\u00e7\u00e3o\u201d, disse.<\/p>\n<p>O deputado Jos\u00e9 Guimar\u00e3es (PT-CE), l\u00edder do governo na C\u00e2mara, defendeu em entrevista \u00e0 <strong>Rep\u00f3rter Brasil <\/strong>que o fim da escala 6\u00d71 seja debatida ainda no primeiro semestre deste ano. Para ele, a redu\u00e7\u00e3o da jornada de trabalho deve ser feita de forma gradual, para viabilizar sua aprova\u00e7\u00e3o.<\/p>\n<p>\u201cO modelo 5\u00d72 \u00e9 o que melhor se adequa \u00e0 realidade que o Brasil, pois garante ao trabalhador algum tempo para viver sua vida\u201d, disse. \u201cA forma de reorganiza\u00e7\u00e3o [do mercado de trabalho] precisa ser amplamente debatido com as for\u00e7as sindicais, a fim de definir qual alternativa atende melhor \u00e0s necessidades do trabalhador, seja uma jornada semanal de 40 horas ou outra forma de organiza\u00e7\u00e3o do tempo de trabalho, como a flexibiliza\u00e7\u00e3o sem defini\u00e7\u00e3o fixa de dias, com limite de 42 horas. O fundamental \u00e9 reconhecer que a redu\u00e7\u00e3o da jornada \u00e9 urgente.\u201d<\/p>\n<p>\u201cA vida da gente \u00e9 isso: trabalhar para dignificar, mas tamb\u00e9m para ter momentos com a esposa, o marido, filhos, netos\u201d, acrescentou o senador Jaques Wagner (PT-BA), l\u00edder do governo no Senado, tamb\u00e9m \u00e0<strong> Rep\u00f3rter Brasil<\/strong>.<\/p>\n<p>O senador Veneziano Vital do R\u00eago (MDB-PB), l\u00edder da maioria no Senado, disse em v\u00eddeo publicado em suas redes sociais que a mudan\u00e7a da escala de trabalho de 6\u00d71 para 5\u00d72 \u00e9 justa e necess\u00e1ria para dar dignidade ao trabalho brasileiro. Segundo ele, h\u00e1 um \u201cclima\u201d em todo o Congresso para que a redu\u00e7\u00e3o de jornada seja aprovada at\u00e9 o final de junho.<\/p>\n<h2>Como andam as propostas no Congresso?<\/h2>\n<p>A PEC 148\/2015, que j\u00e1 passou pela CCJ do Senado, est\u00e1 pronta para ser votada no plen\u00e1rio da Casa. Se aprovada, seguir\u00e1 para a C\u00e2mara dos Deputados.<\/p>\n<p>Na C\u00e2mara, a PEC 8\/2025 j\u00e1 foi aprovada em setembro pela Comiss\u00e3o de Trabalho da Casa. Na segunda-feira, o presidente da C\u00e2mara dos Deputados, Hugo Motta (Republicanos-PB), que tem mantido certa independ\u00eancia do governo, anunciou que a PEC ser\u00e1 debatida por uma comiss\u00e3o especial, ap\u00f3s passar pela CCJ da C\u00e2mara. A proposta tramita junto com a PEC 221\/19, do deputado Reginaldo Lopes (PT-MG), que tamb\u00e9m prev\u00ea a redu\u00e7\u00e3o da jornada de trabalho.\u00a0<\/p>\n<p>\u201cO mundo avan\u00e7ou, principalmente na \u00e1rea tecnol\u00f3gica, e o Brasil n\u00e3o pode ficar para tr\u00e1s\u201d, afirmou Motta, por meio de suas redes sociais.<\/p>\n<p>\u201cH\u00e1 um ambiente eleitoral que favorece [a aprova\u00e7\u00e3o], mas tamb\u00e9m h\u00e1 uma composi\u00e7\u00e3o de empres\u00e1rios em busca de alternativas ao fim da 6\u00d71. Dois ter\u00e7os do congresso s\u00e3o empres\u00e1rios\u201d, lembrou Riedel de Resende, do Diap, sobre o cen\u00e1rio pol\u00edtico.\u00a0<\/p>\n<p>Neste m\u00eas, a ministra das Rela\u00e7\u00f5es Institucionais, Gleisi Hoffmann, afirmou que o governo federal pode enviar um projeto para unificar as propostas em tramita\u00e7\u00e3o no Congresso. O presidente Luiz In\u00e1cio Lula da Silva (PT) j\u00e1 declarou apoio ao fim da escala 6\u00d71 e deve adotar a proposta como uma de suas bandeiras na campanha eleitoral deste ano.<\/p>\n<p>\u201cTudo caminha para um acordo para uma redu\u00e7\u00e3o gradual da jornada\u201d, afirma Resende. \u201cO setor empresarial tamb\u00e9m quer incentivos tribut\u00e1rios e, nos bastidores, isso est\u00e1 sendo negociado.\u201d<\/p>\n<div data-elementor-type=\"container\" data-elementor-id=\"75228\" data-elementor-post-type=\"elementor_library\">\n<div data-id=\"5e8db1e6\" data-element_type=\"container\">\n<div>\n<div data-id=\"36eb6c91\" data-element_type=\"container\">\n<div>\n<div data-id=\"6f52f515\" data-element_type=\"container\">\n<div data-id=\"65d9f401\" data-element_type=\"widget\" data-widget_type=\"divider.default\">\n<div>\n<div>\n\t\t\t<span><br \/>\n\t\t\t\t\t\t<\/span>\n\t\t<\/div>\n<\/p><\/div>\n<\/p><\/div>\n<\/p><\/div>\n<div data-id=\"134a1245\" data-element_type=\"container\">\n<div>\n<div data-id=\"10fe55fe\" data-element_type=\"widget\" data-widget_type=\"text-editor.default\">\n<div>\n<p>Leia tamb\u00e9m<\/p>\n<\/p><\/div>\n<\/p><\/div>\n<\/p><\/div>\n<\/p><\/div>\n<\/p><\/div>\n<\/p><\/div>\n<div data-id=\"3c9495ae\" data-element_type=\"widget\" data-settings='{\"template_id\":\"75221\",\"columns\":1,\"row_gap\":{\"unit\":\"px\",\"size\":10,\"sizes\":[]},\"_skin\":\"post\",\"columns_tablet\":\"2\",\"columns_mobile\":\"1\",\"edit_handle_selector\":\"[data-elementor-type=\"loop-item\"]\",\"row_gap_tablet\":{\"unit\":\"px\",\"size\":\"\",\"sizes\":[]},\"row_gap_mobile\":{\"unit\":\"px\",\"size\":\"\",\"sizes\":[]}}' data-widget_type=\"loop-grid.post\">\n<div>\n<div>\n\t\t<\/div>\n<\/p><\/div>\n<\/p><\/div>\n<\/p><\/div>\n<\/p><\/div>\n<\/p><\/div>\n<p>The post L\u00edderes da oposi\u00e7\u00e3o apoiam propostas para manter escala 6\u00d71 e barrar mudan\u00e7a na Constitui\u00e7\u00e3o appeared first on Rep\u00f3rter Brasil.<\/p>\n<!-- Begin Yuzo --><div class='yuzo_related_post style-1'  data-version='5.12.89'><!-- without result --><div class='yuzo_clearfixed yuzo__title yuzo__title'><h3>Related Post<\/h3><\/div>\n\t\t\t\t\t\t  <div class=\"relatedthumb \" style=\"width:125px;float:left;overflow:hidden;\">  \n\t\t\t\t\t\t\t  \n\t\t\t\t\t\t\t  <a  href=\"https:\/\/redept.com.br\/blogosfera\/resultado-da-mega-sena-2894-acumulada\/\"  >\n\t\t\t\t\t\t\t\t\t  <div class=\"yuzo-img-wrap \" style=\"width: 125px;height:90px;\">\n\t\t\t\t\t\t\t\t\t\t\n\t\t\t\t\t\t\t\t\t\t<div class=\"yuzo-img\" style=\"background:url('https:\/\/redept.com.br\/blogosfera\/wp-content\/uploads\/2025\/07\/Mega-Sena-novamente-sem-ganhador-premio-sobe-para-R-55-milhoes--6-150x150.jpg') 50% 50% no-repeat;width: 125px;height:90px;margin-bottom: 5px;background-size: cover; \"><\/div>\n\t\t\t\t\t\t\t\t\t  <\/div>\n\t\t\t\t\t\t\t\t\t  \n\t\t\t\t\t\t\t\t   <span class=\"yuzo__text--title\" style=\"font-size:13px;\">Resultado da Mega Sena 2894 acumulada<\/span>\n\t\t\t\t\t\t\t  \n\t\t\t\t\t\t\t  \n\t\t\t\t\t\t\t  <\/a>\n\n\t\t\t\t\t\t  <\/div>\n\t\t\t\t\t\t  <div class=\"relatedthumb \" style=\"width:125px;float:left;overflow:hidden;\">  \n\t\t\t\t\t\t\t  \n\t\t\t\t\t\t\t  <a  href=\"https:\/\/redept.com.br\/blogosfera\/cbv-vai-ao-stf-contra-veto-de-londrina-a-jogadora-trans\/\"  >\n\t\t\t\t\t\t\t\t\t  <div class=\"yuzo-img-wrap \" style=\"width: 125px;height:90px;\">\n\t\t\t\t\t\t\t\t\t\t\n\t\t\t\t\t\t\t\t\t\t<div class=\"yuzo-img\" style=\"background:url('https:\/\/redept.org\/blogosfera\/wp-content\/plugins\/yuzo-related-post\/assets\/images\/default.png') 50% 50% no-repeat;width: 125px;height:90px;margin-bottom: 5px;background-size: cover; \"><\/div>\n\t\t\t\t\t\t\t\t\t  <\/div>\n\t\t\t\t\t\t\t\t\t  \n\t\t\t\t\t\t\t\t   <span class=\"yuzo__text--title\" style=\"font-size:13px;\">CBV vai ao STF contra veto de Londrina a jogadora ...<\/span>\n\t\t\t\t\t\t\t  \n\t\t\t\t\t\t\t  \n\t\t\t\t\t\t\t  <\/a>\n\n\t\t\t\t\t\t  <\/div>\n\t\t\t\t\t\t  <div class=\"relatedthumb \" style=\"width:125px;float:left;overflow:hidden;\">  \n\t\t\t\t\t\t\t  \n\t\t\t\t\t\t\t  <a  href=\"https:\/\/redept.com.br\/blogosfera\/rio-inicia-credenciamento-de-ambulantes-para-o-carnaval-de-rua-2026\/\"  >\n\t\t\t\t\t\t\t\t\t  <div class=\"yuzo-img-wrap \" style=\"width: 125px;height:90px;\">\n\t\t\t\t\t\t\t\t\t\t\n\t\t\t\t\t\t\t\t\t\t<div class=\"yuzo-img\" style=\"background:url('https:\/\/redept.org\/blogosfera\/wp-content\/plugins\/yuzo-related-post\/assets\/images\/default.png') 50% 50% no-repeat;width: 125px;height:90px;margin-bottom: 5px;background-size: cover; \"><\/div>\n\t\t\t\t\t\t\t\t\t  <\/div>\n\t\t\t\t\t\t\t\t\t  \n\t\t\t\t\t\t\t\t   <span class=\"yuzo__text--title\" style=\"font-size:13px;\">Rio inicia credenciamento de ambulantes para o car...<\/span>\n\t\t\t\t\t\t\t  \n\t\t\t\t\t\t\t  \n\t\t\t\t\t\t\t  <\/a>\n\n\t\t\t\t\t\t  <\/div>\n\t\t\t\t\t\t  <div class=\"relatedthumb \" style=\"width:125px;float:left;overflow:hidden;\">  \n\t\t\t\t\t\t\t  \n\t\t\t\t\t\t\t  <a  href=\"https:\/\/redept.com.br\/blogosfera\/como-os-liberais-estao-levando-a-europa-para-o-abismo\/\"  >\n\t\t\t\t\t\t\t\t\t  <div class=\"yuzo-img-wrap \" style=\"width: 125px;height:90px;\">\n\t\t\t\t\t\t\t\t\t\t\n\t\t\t\t\t\t\t\t\t\t<div class=\"yuzo-img\" style=\"background:url('https:\/\/redept.com.br\/blogosfera\/wp-content\/uploads\/2025\/03\/europa-2-150x150.webp') 50% 50% no-repeat;width: 125px;height:90px;margin-bottom: 5px;background-size: cover; \"><\/div>\n\t\t\t\t\t\t\t\t\t  <\/div>\n\t\t\t\t\t\t\t\t\t  \n\t\t\t\t\t\t\t\t   <span class=\"yuzo__text--title\" style=\"font-size:13px;\">Como os liberais est\u00e3o levando a Europa para o abi...<\/span>\n\t\t\t\t\t\t\t  \n\t\t\t\t\t\t\t  \n\t\t\t\t\t\t\t  <\/a>\n\n\t\t\t\t\t\t  <\/div>\n<\/div> <script>\n\t\t\t\t\t\t  jQuery(document).ready(function( $ ){\n\t\t\t\t\t\t\t\/\/jQuery('.yuzo_related_post').equalizer({ overflow : 'relatedthumb' });\n\t\t\t\t\t\t\tjQuery('.yuzo_related_post .yuzo_wraps').equalizer({ columns : '> div' });\n\t\t\t\t\t\t   })\n\t\t\t\t\t\t  <\/script> <!-- End Yuzo :) -->","protected":false},"excerpt":{"rendered":"<p>L\u00edderes da oposi\u00e7\u00e3o e da minoria na C\u00e2mara e no Senado apoiam propostas favor\u00e1veis \u00e0 escala 6&#215;1 e j\u00e1 se manifestaram publicamente contra a redu\u00e7\u00e3o da jornada de trabalho; procurados pela Rep\u00f3rter Brasil, eles n\u00e3o comentaram<\/p>\n<p>The post <a href=\"https:\/\/reporterbrasil.org.br\/2026\/02\/lideres-oposicao-apoiam-propostas-a-favor-escala-6x1\/\">L\u00edderes da oposi\u00e7\u00e3o apoiam propostas para manter escala 6\u00d71 e barrar mudan\u00e7a na Constitui\u00e7\u00e3o<\/a> appeared first on <a href=\"https:\/\/reporterbrasil.org.br\/\">Rep\u00f3rter Brasil<\/a>.<\/p>\n","protected":false},"author":2,"featured_media":73988,"comment_status":"open","ping_status":"closed","sticky":false,"template":"","format":"standard","meta":{"fifu_image_url":"","fifu_image_alt":"","footnotes":""},"categories":[13690,1620,5879,5066,1963,5799],"tags":[],"class_list":["post-73987","post","type-post","status-publish","format-standard","has-post-thumbnail","hentry","category-_destaque-da-home-1","category-congresso","category-conteudo-original-em-portugues","category-direitos-do-trabalhador","category-escala-6x1","category-reportagens"],"_links":{"self":[{"href":"https:\/\/redept.com.br\/blogosfera\/wp-json\/wp\/v2\/posts\/73987","targetHints":{"allow":["GET"]}}],"collection":[{"href":"https:\/\/redept.com.br\/blogosfera\/wp-json\/wp\/v2\/posts"}],"about":[{"href":"https:\/\/redept.com.br\/blogosfera\/wp-json\/wp\/v2\/types\/post"}],"author":[{"embeddable":true,"href":"https:\/\/redept.com.br\/blogosfera\/wp-json\/wp\/v2\/users\/2"}],"replies":[{"embeddable":true,"href":"https:\/\/redept.com.br\/blogosfera\/wp-json\/wp\/v2\/comments?post=73987"}],"version-history":[{"count":0,"href":"https:\/\/redept.com.br\/blogosfera\/wp-json\/wp\/v2\/posts\/73987\/revisions"}],"wp:featuredmedia":[{"embeddable":true,"href":"https:\/\/redept.com.br\/blogosfera\/wp-json\/wp\/v2\/media\/73988"}],"wp:attachment":[{"href":"https:\/\/redept.com.br\/blogosfera\/wp-json\/wp\/v2\/media?parent=73987"}],"wp:term":[{"taxonomy":"category","embeddable":true,"href":"https:\/\/redept.com.br\/blogosfera\/wp-json\/wp\/v2\/categories?post=73987"},{"taxonomy":"post_tag","embeddable":true,"href":"https:\/\/redept.com.br\/blogosfera\/wp-json\/wp\/v2\/tags?post=73987"}],"curies":[{"name":"wp","href":"https:\/\/api.w.org\/{rel}","templated":true}]}}