{"id":74059,"date":"2026-02-11T19:24:41","date_gmt":"2026-02-11T22:24:41","guid":{"rendered":"https:\/\/redept.com.br\/blogosfera\/avanca-a-acao-que-pode-expulsar-bolsonaro-e-generais-das-forcas-armadas\/"},"modified":"2026-02-11T19:24:41","modified_gmt":"2026-02-11T22:24:41","slug":"avanca-a-acao-que-pode-expulsar-bolsonaro-e-generais-das-forcas-armadas","status":"publish","type":"post","link":"https:\/\/redept.com.br\/blogosfera\/avanca-a-acao-que-pode-expulsar-bolsonaro-e-generais-das-forcas-armadas\/","title":{"rendered":"Avan\u00e7a a a\u00e7\u00e3o que pode expulsar Bolsonaro e generais das For\u00e7as Armadas"},"content":{"rendered":"<p><img fetchpriority=\"high\" width=\"1024\" height=\"683\"src=\"https:\/\/redept.com.br\/blogosfera\/wp-content\/uploads\/2026\/02\/Jair-Bolsonaro-Creditos_Gustavo-Moreno_STF.jpg\" alt=\"\" decoding=\"async\" srcset=\"https:\/\/vermelho.org.br\/wp-content\/uploads\/2025\/11\/Jair-Bolsonaro-Creditos_Gustavo-Moreno_STF-1024x683.jpg 1024w, https:\/\/vermelho.org.br\/wp-content\/uploads\/2025\/11\/Jair-Bolsonaro-Creditos_Gustavo-Moreno_STF-300x200.jpg 300w, https:\/\/vermelho.org.br\/wp-content\/uploads\/2025\/11\/Jair-Bolsonaro-Creditos_Gustavo-Moreno_STF-768x512.jpg 768w, https:\/\/vermelho.org.br\/wp-content\/uploads\/2025\/11\/Jair-Bolsonaro-Creditos_Gustavo-Moreno_STF-1536x1024.jpg 1536w, https:\/\/vermelho.org.br\/wp-content\/uploads\/2025\/11\/Jair-Bolsonaro-Creditos_Gustavo-Moreno_STF-272x182.jpg 272w, https:\/\/redept.com.br\/blogosfera\/wp-content\/uploads\/2026\/02\/Jair-Bolsonaro-Creditos_Gustavo-Moreno_STF.jpg 2047w\" sizes=\"(max-width: 1024px) 100vw, 1024px\"><\/p>\n<p>O Superior Tribunal Militar (STM) oficializou a intima\u00e7\u00e3o de Jair Bolsonaro e dos generais do Ex\u00e9rcito Paulo S\u00e9rgio Nogueira, Augusto Heleno e Walter Souza Braga Netto, presos pela tentativa de golpe de Estado, para apresentarem suas defesas na <a href=\"https:\/\/vermelho.org.br\/2026\/02\/03\/stm-recebe-pedido-para-expulsar-bolsonaro-e-mais-5-das-forcas-armadas\/\">representa\u00e7\u00e3o que pede a expuls\u00e3o deles das For\u00e7as Armadas<\/a> e, consequentemente, a perda de patente.<\/p>\n<p>O processo ocorre a pedido do Minist\u00e9rio P\u00fablico Militar, pois o grupo foi condenado na a\u00e7\u00e3o penal da trama golpista. \u00c9 considerado pass\u00edvel de expuls\u00e3o militares com condena\u00e7\u00e3o criminal superior a dois anos de pris\u00e3o.<\/p>\n<p>As cita\u00e7\u00f5es foram feitas na ter\u00e7a-feira (10) e os advogados devem apresentar as defesas escritas em at\u00e9 10 dias \u00fateis.<\/p>\n<p>A partir de agora, a a\u00e7\u00e3o come\u00e7a a tramitar oficialmente, uma vez que as fases preliminares j\u00e1 foram encerradas. Caso a defesa escrita n\u00e3o seja apresentada, o relator de cada caso poder\u00e1 solicitar a designa\u00e7\u00e3o de um Defensor P\u00fablico.<\/p>\n<p>O documento escrito \u00e9 fundamental para que os relatores fa\u00e7am a an\u00e1lise t\u00e9cnica e elaborem os votos. Somente ap\u00f3s esse passo, seguido do retorno do processo pelo revisor, \u00e9 que a a\u00e7\u00e3o poder\u00e1 ser inclu\u00edda na pauta de julgamento pela presid\u00eancia do STM.<\/p>\n<p><strong>Leia mais: <\/strong><a href=\"https:\/\/vermelho.org.br\/2026\/02\/03\/nao-vou-procrastinar-diz-presidente-do-stm-sobre-patente-de-bolsonaro\/\">\u201cN\u00e3o vou procrastinar\u201d, diz presidente do STM sobre patente de Bolsonaro<\/a><\/p>\n<p>A presidenta do tribunal, Maria Elizabeth Rocha, j\u00e1 afirmou que n\u00e3o ir\u00e1 \u201cprocrastinar\u201d no caso. A defini\u00e7\u00e3o de um cronograma de julgamento, no entanto, depende da celeridade com que as defesas e os relatores de cada caso se manifestem e produzam os relat\u00f3rios.<\/p>\n<p>Jair Bolsonaro tem seu processo de perda de patente de capit\u00e3o do Ex\u00e9rcito (tecnicamente chamado de Indignidade para o Oficialato) relatado pelo ministro Carlos Vuyk de Aquino.<\/p>\n<p>O ex-presidente foi condenado a 27 anos e tr\u00eas meses de pris\u00e3o e cumpre pena na Papudinha, que \u00e9 a Sala de Estado Maior do 19\u00ba Batalh\u00e3o da Pol\u00edcia Militar do Distrito Federal (PMDF), no Complexo da Papuda. Caso Bolsonaro perca a patente, n\u00e3o significa que sair\u00e1 de l\u00e1, pois ex-presidentes gozam de condi\u00e7\u00f5es especiais. A decis\u00e3o dever\u00e1 recair sobre o ministro do STF, Alexandre de Moraes, relator do processo penal que condenou o grupo.<\/p>\n<p>Al\u00e9m disso, mesmo que sejam expulsos, os militares dever\u00e3o ter o benef\u00edcio da \u201cmorte ficta\u201d, previsto na legisla\u00e7\u00e3o das For\u00e7as Armadas desde 1960.\u00a0O mecanismo declara o militar como um morto fict\u00edcio, o que permite o repasse do sal\u00e1rio militar \u00e0 esposa ou \u00e0s filhas, na forma de pens\u00e3o.<\/p>\n<p>No processo ainda falta ser comunicada a defesa do almirante Almir Garnier.<\/p>\n<p>O post <a href=\"https:\/\/vermelho.org.br\/2026\/02\/11\/avanca-a-acao-que-pode-expulsar-bolsonaro-e-generais-das-forcas-armadas\/\">Avan\u00e7a a a\u00e7\u00e3o que pode expulsar Bolsonaro e generais das For\u00e7as Armadas<\/a> apareceu primeiro em <a href=\"https:\/\/vermelho.org.br\/\">Vermelho<\/a>.<\/p>\n<!-- Begin Yuzo --><div class='yuzo_related_post style-1'  data-version='5.12.89'><!-- without result --><div class='yuzo_clearfixed yuzo__title yuzo__title'><h3>Related Post<\/h3><\/div>\n\t\t\t\t\t\t  <div class=\"relatedthumb \" style=\"width:125px;float:left;overflow:hidden;\">  \n\t\t\t\t\t\t\t  \n\t\t\t\t\t\t\t  <a  href=\"https:\/\/redept.com.br\/blogosfera\/pl-da-devastacao-lula-deve-vetar-licenciamento-ambiental-automatico-para-poluidor-de-medio-porte\/\"  >\n\t\t\t\t\t\t\t\t\t  <div class=\"yuzo-img-wrap \" style=\"width: 125px;height:90px;\">\n\t\t\t\t\t\t\t\t\t\t\n\t\t\t\t\t\t\t\t\t\t<div class=\"yuzo-img\" style=\"background:url('https:\/\/redept.com.br\/blogosfera\/wp-content\/uploads\/2025\/08\/Fabio-Rodrigues-Pozzebom-Agencia-Brasil-150x150.jpg') 50% 50% no-repeat;width: 125px;height:90px;margin-bottom: 5px;background-size: cover; \"><\/div>\n\t\t\t\t\t\t\t\t\t  <\/div>\n\t\t\t\t\t\t\t\t\t  \n\t\t\t\t\t\t\t\t   <span class=\"yuzo__text--title\" style=\"font-size:13px;\">\u2018PL da Devasta\u00e7\u00e3o\u2019: Lula deve vetar licenciamento ...<\/span>\n\t\t\t\t\t\t\t  \n\t\t\t\t\t\t\t  \n\t\t\t\t\t\t\t  <\/a>\n\n\t\t\t\t\t\t  <\/div>\n\t\t\t\t\t\t  <div class=\"relatedthumb \" style=\"width:125px;float:left;overflow:hidden;\">  \n\t\t\t\t\t\t\t  \n\t\t\t\t\t\t\t  <a  href=\"https:\/\/redept.com.br\/blogosfera\/movimentos-sociais-convocam-ato-em-bh-pelo-veto-ao-pl-da-devastacao\/\"  >\n\t\t\t\t\t\t\t\t\t  <div class=\"yuzo-img-wrap \" style=\"width: 125px;height:90px;\">\n\t\t\t\t\t\t\t\t\t\t\n\t\t\t\t\t\t\t\t\t\t<div class=\"yuzo-img\" style=\"background:url('https:\/\/redept.org\/blogosfera\/wp-content\/plugins\/yuzo-related-post\/assets\/images\/default.png') 50% 50% no-repeat;width: 125px;height:90px;margin-bottom: 5px;background-size: cover; \"><\/div>\n\t\t\t\t\t\t\t\t\t  <\/div>\n\t\t\t\t\t\t\t\t\t  \n\t\t\t\t\t\t\t\t   <span class=\"yuzo__text--title\" style=\"font-size:13px;\">Movimentos sociais convocam ato em BH pelo veto ao...<\/span>\n\t\t\t\t\t\t\t  \n\t\t\t\t\t\t\t  \n\t\t\t\t\t\t\t  <\/a>\n\n\t\t\t\t\t\t  <\/div>\n\t\t\t\t\t\t  <div class=\"relatedthumb \" style=\"width:125px;float:left;overflow:hidden;\">  \n\t\t\t\t\t\t\t  \n\t\t\t\t\t\t\t  <a  href=\"https:\/\/redept.com.br\/blogosfera\/desenterram-em-tumulo-na-siria-cilindros-com-escrita-alfabetica-mais-antiga-ja-conhecida-fotos\/\"  >\n\t\t\t\t\t\t\t\t\t  <div class=\"yuzo-img-wrap \" style=\"width: 125px;height:90px;\">\n\t\t\t\t\t\t\t\t\t\t\n\t\t\t\t\t\t\t\t\t\t<div class=\"yuzo-img\" style=\"background:url('https:\/\/redept.org\/blogosfera\/wp-content\/plugins\/yuzo-related-post\/assets\/images\/default.png') 50% 50% no-repeat;width: 125px;height:90px;margin-bottom: 5px;background-size: cover; \"><\/div>\n\t\t\t\t\t\t\t\t\t  <\/div>\n\t\t\t\t\t\t\t\t\t  \n\t\t\t\t\t\t\t\t   <span class=\"yuzo__text--title\" style=\"font-size:13px;\">Desenterram em t\u00famulo na S\u00edria cilindros com escri...<\/span>\n\t\t\t\t\t\t\t  \n\t\t\t\t\t\t\t  \n\t\t\t\t\t\t\t  <\/a>\n\n\t\t\t\t\t\t  <\/div>\n\t\t\t\t\t\t  <div class=\"relatedthumb \" style=\"width:125px;float:left;overflow:hidden;\">  \n\t\t\t\t\t\t\t  \n\t\t\t\t\t\t\t  <a  href=\"https:\/\/redept.com.br\/blogosfera\/por-que-65-do-codigo-da-anthropic-ja-e-feito-por-ia-conheca-o-claude-tag\/\"  >\n\t\t\t\t\t\t\t\t\t  <div class=\"yuzo-img-wrap \" style=\"width: 125px;height:90px;\">\n\t\t\t\t\t\t\t\t\t\t\n\t\t\t\t\t\t\t\t\t\t<div class=\"yuzo-img\" style=\"background:url('https:\/\/redept.org\/blogosfera\/wp-content\/plugins\/yuzo-related-post\/assets\/images\/default.png') 50% 50% no-repeat;width: 125px;height:90px;margin-bottom: 5px;background-size: cover; \"><\/div>\n\t\t\t\t\t\t\t\t\t  <\/div>\n\t\t\t\t\t\t\t\t\t  \n\t\t\t\t\t\t\t\t   <span class=\"yuzo__text--title\" style=\"font-size:13px;\">Por que 65% do c\u00f3digo da Anthropic j\u00e1 \u00e9 feito por ...<\/span>\n\t\t\t\t\t\t\t  \n\t\t\t\t\t\t\t  \n\t\t\t\t\t\t\t  <\/a>\n\n\t\t\t\t\t\t  <\/div>\n<\/div> <script>\n\t\t\t\t\t\t  jQuery(document).ready(function( $ ){\n\t\t\t\t\t\t\t\/\/jQuery('.yuzo_related_post').equalizer({ overflow : 'relatedthumb' });\n\t\t\t\t\t\t\tjQuery('.yuzo_related_post .yuzo_wraps').equalizer({ columns : '> div' });\n\t\t\t\t\t\t   })\n\t\t\t\t\t\t  <\/script> <!-- End Yuzo :) -->","protected":false},"excerpt":{"rendered":"<p>O Superior Tribunal Militar (STM) oficializou a intima\u00e7\u00e3o de Jair Bolsonaro e dos generais do Ex\u00e9rcito Paulo S\u00e9rgio Nogueira, Augusto Heleno e Walter Souza Braga Netto, presos pela tentativa de golpe de Estado, para apresentarem suas defesas na representa\u00e7\u00e3o que pede a expuls\u00e3o deles das For\u00e7as Armadas e, consequentemente, a perda de patente. O processo [&hellip;]<\/p>\n","protected":false},"author":2,"featured_media":0,"comment_status":"open","ping_status":"closed","sticky":false,"template":"","format":"standard","meta":{"fifu_image_url":"","fifu_image_alt":"","footnotes":""},"categories":[1390,19845,35585,1272,35586,288,19524,4206,511],"tags":[],"class_list":["post-74059","post","type-post","status-publish","format-standard","hentry","category-bolsonaro","category-condenacao-de-bolsonaro","category-expulsao-das-forcas-armadas","category-golpismo-bolsonarista","category-jari-bolsonaro","category-justica","category-perda-de-patente","category-stm","category-tentativa-de-golpe"],"_links":{"self":[{"href":"https:\/\/redept.com.br\/blogosfera\/wp-json\/wp\/v2\/posts\/74059","targetHints":{"allow":["GET"]}}],"collection":[{"href":"https:\/\/redept.com.br\/blogosfera\/wp-json\/wp\/v2\/posts"}],"about":[{"href":"https:\/\/redept.com.br\/blogosfera\/wp-json\/wp\/v2\/types\/post"}],"author":[{"embeddable":true,"href":"https:\/\/redept.com.br\/blogosfera\/wp-json\/wp\/v2\/users\/2"}],"replies":[{"embeddable":true,"href":"https:\/\/redept.com.br\/blogosfera\/wp-json\/wp\/v2\/comments?post=74059"}],"version-history":[{"count":0,"href":"https:\/\/redept.com.br\/blogosfera\/wp-json\/wp\/v2\/posts\/74059\/revisions"}],"wp:attachment":[{"href":"https:\/\/redept.com.br\/blogosfera\/wp-json\/wp\/v2\/media?parent=74059"}],"wp:term":[{"taxonomy":"category","embeddable":true,"href":"https:\/\/redept.com.br\/blogosfera\/wp-json\/wp\/v2\/categories?post=74059"},{"taxonomy":"post_tag","embeddable":true,"href":"https:\/\/redept.com.br\/blogosfera\/wp-json\/wp\/v2\/tags?post=74059"}],"curies":[{"name":"wp","href":"https:\/\/api.w.org\/{rel}","templated":true}]}}