{"id":74061,"date":"2026-02-11T20:34:01","date_gmt":"2026-02-11T23:34:01","guid":{"rendered":"https:\/\/redept.com.br\/blogosfera\/cipoml-saudacao-internacional-ao-xi-congresso-do-partido-comunista-do-trabalho-da-republica-dominicana\/"},"modified":"2026-02-11T20:34:01","modified_gmt":"2026-02-11T23:34:01","slug":"cipoml-saudacao-internacional-ao-xi-congresso-do-partido-comunista-do-trabalho-da-republica-dominicana","status":"publish","type":"post","link":"https:\/\/redept.com.br\/blogosfera\/cipoml-saudacao-internacional-ao-xi-congresso-do-partido-comunista-do-trabalho-da-republica-dominicana\/","title":{"rendered":"CIPOML: Sauda\u00e7\u00e3o internacional ao XI Congresso do Partido Comunista do Trabalho da Rep\u00fablica Dominicana"},"content":{"rendered":"<p><img fetchpriority=\"high\" width=\"720\" height=\"540\"src=\"https:\/\/redept.com.br\/blogosfera\/wp-content\/uploads\/2026\/02\/Partido-comunista-del-trabajo-1.webp\" alt=\"\" link_thumbnail=\"\" decoding=\"async\" srcset=\"https:\/\/redept.com.br\/blogosfera\/wp-content\/uploads\/2026\/02\/Partido-comunista-del-trabajo-1.webp 720w, https:\/\/averdade.org.br\/wp-content\/uploads\/2026\/02\/Partido-comunista-del-trabajo-1-350x263.webp 350w, https:\/\/averdade.org.br\/wp-content\/uploads\/2026\/02\/Partido-comunista-del-trabajo-1-250x188.webp 250w, https:\/\/averdade.org.br\/wp-content\/uploads\/2026\/02\/Partido-comunista-del-trabajo-1-150x113.webp 150w, https:\/\/averdade.org.br\/wp-content\/uploads\/2026\/02\/Partido-comunista-del-trabajo-1-300x225.webp 300w, https:\/\/averdade.org.br\/wp-content\/uploads\/2026\/02\/Partido-comunista-del-trabajo-1-696x522.webp 696w\" sizes=\"(max-width: 720px) 100vw, 720px\"><\/p>\n<p><strong>Confira a mensagem de sauda\u00e7\u00e3o dos partidos da CIPOML ao XI Congresso do Partido Comunista do Trabalho (PCT) da Rep\u00fablica Dominicana, reunido neste m\u00eas.<\/strong><\/p>\n<hr>\n<p>Ao Comit\u00ea Central do Partido Comunista do Trabalho e aos delegados do XI Congresso do Partido Comunista do Trabalho da Rep\u00fablica Dominicana,<\/p>\n<p>Camaradas,<\/p>\n<p>Expressamos ao Comit\u00ea Central, a todos os delegados presentes no XI Congresso do Partido Comunista do Trabalho, bem como a todos os trabalhadores e \u00e0 comunidade da Rep\u00fablica Dominicana, a profunda alegria de nossos partidos pelos \u00eaxitos alcan\u00e7ados neste que \u00e9 o evento mais importante do comunismo marxista-leninista dominicano.<\/p>\n<p>As conclus\u00f5es derivadas da an\u00e1lise e do debate esclarecido sobre a realidade nacional e internacional, a situa\u00e7\u00e3o dos trabalhadores e do povo dominicano, bem como as perspectivas para nossas lutas, desenvolvidas durante a prepara\u00e7\u00e3o e realiza\u00e7\u00e3o do Congresso, constituem um passo adiante que reafirma o compromisso com a mudan\u00e7a e a for\u00e7a do Partido Comunista do Trabalho como vanguarda pol\u00edtica do processo revolucion\u00e1rio na Rep\u00fablica Dominicana.<\/p>\n<p>O evento, que se desenrolou em meio a uma complexa conjuntura econ\u00f4mica, pol\u00edtica e social, sublinha a profunda crise do sistema capitalista. Vivemos em um mundo turbulento, onde as contradi\u00e7\u00f5es fundamentais de nosso tempo foram exacerbadas, marcando um acentuado processo de reconfigura\u00e7\u00e3o econ\u00f4mica e pol\u00edtica da atual ordem internacional. O Congresso dos comunistas dominicanos referenda tamb\u00e9m o que a CIPOML (Confer\u00eancia Internacional de Partidos e Organiza\u00e7\u00f5es Marxistas Leninistas) destaca que \u201cuma das caracter\u00edsticas mais marcantes do atual cen\u00e1rio internacional \u00e9 o ressurgimento da agress\u00e3o do imperialismo estadunidense. A presen\u00e7a de Donald Trump na Casa Branca aprofundou as contradi\u00e7\u00f5es inter-imperialistas, inclusive com seus aliados tradicionais, e seu slogan \u2018Make America Great Again\u2019 tornou-se, hoje em dia, um grito de guerra para os monop\u00f3lios internacionais mais poderosos e os setores mais reacion\u00e1rios da oligarquia imperialista estadunidense, visando recuperar o terreno perdido pelos Estados Unidos no cen\u00e1rio econ\u00f4mico e pol\u00edtico global nos \u00faltimos anos\u201d.<\/p>\n<p>Como conclus\u00e3o desta an\u00e1lise, os camaradas dominicanos reafirmaram seu compromisso com o CIPOML e sua tarefa de fortalecer e desenvolver os partidos marxistas-leninistas, desenvolver a unidade de luta dos trabalhadores e dos povos, combater a agress\u00e3o imperialista e o fascismo e abrir perspectivas para a revolu\u00e7\u00e3o.<\/p>\n<p>Na Rep\u00fablica Dominicana, o Congresso rejeitou por unanimidade a decis\u00e3o do governo Lu\u00eds Abinader ceder o territ\u00f3rio nacional para acomodar militares estadunidenses em seus planos de agress\u00e3o contra a Venezuela, Cuba e outros pa\u00edses do continente. Esse ato inconstitucional, que demonstra a servilidade e o esp\u00edrito subserviente que caracterizam este governo, revela seu alinhamento com as pol\u00edticas trumpistas, a direita fascista e o capital financeiro internacional.<\/p>\n<p>Nesse contexto, destacamos a clara decis\u00e3o de nosso partido irm\u00e3o de insistir no desenvolvimento de um amplo movimento de massas em favor de um governo alternativo verdadeiramente democr\u00e1tico, que levante as bandeiras da soberania, dos direitos democr\u00e1ticos e do bem-estar geral da popula\u00e7\u00e3o dominicana, oprimida pela aplica\u00e7\u00e3o de pol\u00edticas neoliberais.<\/p>\n<p>Nessa perspectiva, fortalecer o partido e amadurecer a consci\u00eancia revolucion\u00e1ria para as mudan\u00e7as que o pa\u00eds exige \u00e9 um grande desafio e uma decis\u00e3o crucial para os comunistas dominicanos. Firme e un\u00e2nime \u00e9 a convic\u00e7\u00e3o dos delegados presentes no Congresso, que apontam que a revolu\u00e7\u00e3o \u00e9 uma tarefa poss\u00edvel; \u00e9 uma tarefa que foi lan\u00e7ada e exige uma solu\u00e7\u00e3o. Nesta tarefa devemos dedicar todos os esfor\u00e7os necess\u00e1rios, pois o progresso de uma sociedade que ama e exige a liberdade permanece um compromisso fundamental. A revolu\u00e7\u00e3o \u00e9 uma tarefa insubstitu\u00edvel, certa e nada f\u00e1cil, que nos mobiliza diariamente e exige grandes esfor\u00e7os: conectar-nos com as massas, defender os interesses coletivos, organizar, educar e guiar os trabalhadores e as amplas massas populares no caminho da luta contra a explora\u00e7\u00e3o e a opress\u00e3o capitalistas.<\/p>\n<p>Destacando o exposto, enfatizamos que trabalhar pela revolu\u00e7\u00e3o exige um grande esfor\u00e7o coletivo para fortalecer o Partido Comunista, fortalecer seus quadros e militantes na defesa do marxismo-leninismo e consolid\u00e1-lo como uma organiza\u00e7\u00e3o capaz de liderar as amplas massas trabalhadoras na luta contra a burguesia e o imperialismo, bem como na luta pelo poder para os trabalhadores e o povo.<\/p>\n<p>Enfatizamos tamb\u00e9m o firme compromisso assumido para enfrentar a xenofobia racista, a persegui\u00e7\u00e3o aos imigrantes haitianos, bem como as ideias conservadoras e ultraconservadoras que se op\u00f5em \u00e0 defesa dos direitos democr\u00e1ticos, \u00e0 autodetermina\u00e7\u00e3o e ao pleno exerc\u00edcio das liberdades p\u00fablicas.<\/p>\n<p>Todos esses compromissos tamb\u00e9m exigem o fortalecimento da Frente Ampla, o trabalho incans\u00e1vel para unir e mobilizar as massas numa perspectiva que favore\u00e7a a causa revolucion\u00e1ria e socialista dos nossos povos.<\/p>\n<p>A rejei\u00e7\u00e3o da agress\u00e3o dos Estados Unidos contra a Venezuela, a exig\u00eancia da liberta\u00e7\u00e3o imediata do Presidente Nicol\u00e1s Maduro e de sua esposa Cilia Flores, o fim do bloqueio e o respeito \u00e0 causa revolucion\u00e1ria e socialista dos nossos povos, a soberania do povo cubano, a defesa de um Haiti livre e soberano, a condena\u00e7\u00e3o do genoc\u00eddio o qual povo palestino \u00e9 v\u00edtima nas m\u00e3os de Israel e dos imperialistas estadunidenses e, em geral, o apoio e a solidariedade aos povos do mundo que lutam contra a explora\u00e7\u00e3o e pela liberdade s\u00e3o palavras de ordem de nossos camaradas, aos quais nos unimos e a quem saudamos neste congresso.<\/p>\n<p>Saudamos os sucessos de nosso partido irm\u00e3o na realiza\u00e7\u00e3o deste XI Congresso, que fortalece a luta do povo dominicano e encoraja nossos partidos a continuarem a luta pela liberdade e pelo socialismo.<\/p>\n<p>Viva o XI Congresso do PCT!<\/p>\n<p>Viva o internacionalismo prolet\u00e1rio ativo e militante!<\/p>\n<p>Viva o marxismo-leninismo!<\/p>\n<p>Partido Comunista Revolucion\u00e1rio (Brasil) \u2013 PCR<br \/>\nPartido Comunista da Col\u00f4mbia (Marxista-Leninista) \u2013 PCC (ML)<br \/>\nPartido Estadunidense do Trabalho \u2013 APL<br \/>\nPartido Comunista Marxista-Leninista do Equador\u00a0 \u2013 PCMLE<br \/>\nPartido Comunista do M\u00e9xico (Marxista-Leninista) \u2013 PCMML<\/p>\n<p>Santo Domingo, fevereiro de 2026<\/p>\n<p>\u00a0<\/p>\n<p>\u00a0<\/p>\n<p>\u00a0<\/p>\n<p>\u00a0<\/p>\n<!-- Begin Yuzo --><div class='yuzo_related_post style-1'  data-version='5.12.89'><!-- without result --><div class='yuzo_clearfixed yuzo__title yuzo__title'><h3>Related Post<\/h3><\/div>\n\t\t\t\t\t\t  <div class=\"relatedthumb \" style=\"width:125px;float:left;overflow:hidden;\">  \n\t\t\t\t\t\t\t  \n\t\t\t\t\t\t\t  <a  href=\"https:\/\/redept.com.br\/blogosfera\/globo-de-ouro-para-os-que-defendem-a-democracia\/\"  >\n\t\t\t\t\t\t\t\t\t  <div class=\"yuzo-img-wrap \" style=\"width: 125px;height:90px;\">\n\t\t\t\t\t\t\t\t\t\t\n\t\t\t\t\t\t\t\t\t\t<div class=\"yuzo-img\" style=\"background:url('https:\/\/redept.com.br\/blogosfera\/wp-content\/uploads\/2025\/01\/ainda-estou-aqui-2-150x150.jpeg') 50% 50% no-repeat;width: 125px;height:90px;margin-bottom: 5px;background-size: cover; \"><\/div>\n\t\t\t\t\t\t\t\t\t  <\/div>\n\t\t\t\t\t\t\t\t\t  \n\t\t\t\t\t\t\t\t   <span class=\"yuzo__text--title\" style=\"font-size:13px;\">Globo de Ouro para os que defendem a democracia<\/span>\n\t\t\t\t\t\t\t  \n\t\t\t\t\t\t\t  \n\t\t\t\t\t\t\t  <\/a>\n\n\t\t\t\t\t\t  <\/div>\n\t\t\t\t\t\t  <div class=\"relatedthumb \" style=\"width:125px;float:left;overflow:hidden;\">  \n\t\t\t\t\t\t\t  \n\t\t\t\t\t\t\t  <a  href=\"https:\/\/redept.com.br\/blogosfera\/em-2025-crime-organizado-teve-mais-de-r-900-milhoes-bloqueados-no-rio-de-janeiro\/\"  >\n\t\t\t\t\t\t\t\t\t  <div class=\"yuzo-img-wrap \" style=\"width: 125px;height:90px;\">\n\t\t\t\t\t\t\t\t\t\t\n\t\t\t\t\t\t\t\t\t\t<div class=\"yuzo-img\" style=\"background:url('https:\/\/redept.org\/blogosfera\/wp-content\/plugins\/yuzo-related-post\/assets\/images\/default.png') 50% 50% no-repeat;width: 125px;height:90px;margin-bottom: 5px;background-size: cover; \"><\/div>\n\t\t\t\t\t\t\t\t\t  <\/div>\n\t\t\t\t\t\t\t\t\t  \n\t\t\t\t\t\t\t\t   <span class=\"yuzo__text--title\" style=\"font-size:13px;\">Em 2025, crime organizado teve mais de R$ 900 milh...<\/span>\n\t\t\t\t\t\t\t  \n\t\t\t\t\t\t\t  \n\t\t\t\t\t\t\t  <\/a>\n\n\t\t\t\t\t\t  <\/div>\n\t\t\t\t\t\t  <div class=\"relatedthumb \" style=\"width:125px;float:left;overflow:hidden;\">  \n\t\t\t\t\t\t\t  \n\t\t\t\t\t\t\t  <a  href=\"https:\/\/sul21.com.br\/noticias\/politica\/2025\/10\/prazo-para-bolsonaro-recorrer-de-condenacao-no-stf-termina-nesta-segunda-27\/\"  >\n\t\t\t\t\t\t\t\t\t  <div class=\"yuzo-img-wrap \" style=\"width: 125px;height:90px;\">\n\t\t\t\t\t\t\t\t\t\t\n\t\t\t\t\t\t\t\t\t\t<div class=\"yuzo-img\" style=\"background:url('https:\/\/agenciabrasil.ebc.com.br\/ebc.png?id=1664679&amp;o=node') 50% 50% no-repeat;width: 125px;height:90px;margin-bottom: 5px;background-size: cover; \"><\/div>\n\t\t\t\t\t\t\t\t\t  <\/div>\n\t\t\t\t\t\t\t\t\t  \n\t\t\t\t\t\t\t\t   <span class=\"yuzo__text--title\" style=\"font-size:13px;\">Prazo para Bolsonaro recorrer de condena\u00e7\u00e3o no STF...<\/span>\n\t\t\t\t\t\t\t  \n\t\t\t\t\t\t\t  \n\t\t\t\t\t\t\t  <\/a>\n\n\t\t\t\t\t\t  <\/div>\n\t\t\t\t\t\t  <div class=\"relatedthumb \" style=\"width:125px;float:left;overflow:hidden;\">  \n\t\t\t\t\t\t\t  \n\t\t\t\t\t\t\t  <a  href=\"https:\/\/redept.com.br\/blogosfera\/edital-do-bndes-destina-r-43-milhoes-para-protecao-de-ilhas-oceanicas\/\"  >\n\t\t\t\t\t\t\t\t\t  <div class=\"yuzo-img-wrap \" style=\"width: 125px;height:90px;\">\n\t\t\t\t\t\t\t\t\t\t\n\t\t\t\t\t\t\t\t\t\t<div class=\"yuzo-img\" style=\"background:url('https:\/\/redept.org\/blogosfera\/wp-content\/plugins\/yuzo-related-post\/assets\/images\/default.png') 50% 50% no-repeat;width: 125px;height:90px;margin-bottom: 5px;background-size: cover; \"><\/div>\n\t\t\t\t\t\t\t\t\t  <\/div>\n\t\t\t\t\t\t\t\t\t  \n\t\t\t\t\t\t\t\t   <span class=\"yuzo__text--title\" style=\"font-size:13px;\">Edital do BNDES destina R$ 43 milh\u00f5es para prote\u00e7\u00e3...<\/span>\n\t\t\t\t\t\t\t  \n\t\t\t\t\t\t\t  \n\t\t\t\t\t\t\t  <\/a>\n\n\t\t\t\t\t\t  <\/div>\n<\/div> <script>\n\t\t\t\t\t\t  jQuery(document).ready(function( $ ){\n\t\t\t\t\t\t\t\/\/jQuery('.yuzo_related_post').equalizer({ overflow : 'relatedthumb' });\n\t\t\t\t\t\t\tjQuery('.yuzo_related_post .yuzo_wraps').equalizer({ columns : '> div' });\n\t\t\t\t\t\t   })\n\t\t\t\t\t\t  <\/script> <!-- End Yuzo :) -->","protected":false},"excerpt":{"rendered":"<p><img decoding=\"async\" width=\"720\" height=\"540\" src=\"https:\/\/averdade.org.br\/wp-content\/uploads\/2026\/02\/Partido-comunista-del-trabajo-1.webp\" alt=\"\">Confira a mensagem de sauda\u00e7\u00e3o dos partidos da CIPOML ao XI Congresso do Partido Comunista do Trabalho (PCT) da Rep\u00fablica Dominicana, reunido neste m\u00eas. Ao Comit\u00ea Central do Partido Comunista do Trabalho e aos delegados do XI Congresso do Partido Comunista do Trabalho da Rep\u00fablica Dominicana, Camaradas, Expressamos ao Comit\u00ea Central, a todos os delegados [\u2026]<\/p>\n","protected":false},"author":2,"featured_media":74062,"comment_status":"open","ping_status":"closed","sticky":false,"template":"","format":"standard","meta":{"fifu_image_url":"","fifu_image_alt":"","footnotes":""},"categories":[2093,1620,50,21209,477,35587,51],"tags":[],"class_list":["post-74061","post","type-post","status-publish","format-standard","has-post-thumbnail","hentry","category-cipoml","category-congresso","category-internacional","category-pct","category-republica-dominicana","category-santo-domingo","category-ultimas-noticias"],"_links":{"self":[{"href":"https:\/\/redept.com.br\/blogosfera\/wp-json\/wp\/v2\/posts\/74061","targetHints":{"allow":["GET"]}}],"collection":[{"href":"https:\/\/redept.com.br\/blogosfera\/wp-json\/wp\/v2\/posts"}],"about":[{"href":"https:\/\/redept.com.br\/blogosfera\/wp-json\/wp\/v2\/types\/post"}],"author":[{"embeddable":true,"href":"https:\/\/redept.com.br\/blogosfera\/wp-json\/wp\/v2\/users\/2"}],"replies":[{"embeddable":true,"href":"https:\/\/redept.com.br\/blogosfera\/wp-json\/wp\/v2\/comments?post=74061"}],"version-history":[{"count":0,"href":"https:\/\/redept.com.br\/blogosfera\/wp-json\/wp\/v2\/posts\/74061\/revisions"}],"wp:featuredmedia":[{"embeddable":true,"href":"https:\/\/redept.com.br\/blogosfera\/wp-json\/wp\/v2\/media\/74062"}],"wp:attachment":[{"href":"https:\/\/redept.com.br\/blogosfera\/wp-json\/wp\/v2\/media?parent=74061"}],"wp:term":[{"taxonomy":"category","embeddable":true,"href":"https:\/\/redept.com.br\/blogosfera\/wp-json\/wp\/v2\/categories?post=74061"},{"taxonomy":"post_tag","embeddable":true,"href":"https:\/\/redept.com.br\/blogosfera\/wp-json\/wp\/v2\/tags?post=74061"}],"curies":[{"name":"wp","href":"https:\/\/api.w.org\/{rel}","templated":true}]}}