{"id":74083,"date":"2026-02-11T17:10:18","date_gmt":"2026-02-11T20:10:18","guid":{"rendered":"https:\/\/redept.com.br\/blogosfera\/a-proposta-do-ira-para-evitar-a-guerra-com-os-eua\/"},"modified":"2026-02-11T17:10:18","modified_gmt":"2026-02-11T20:10:18","slug":"a-proposta-do-ira-para-evitar-a-guerra-com-os-eua","status":"publish","type":"post","link":"https:\/\/redept.com.br\/blogosfera\/a-proposta-do-ira-para-evitar-a-guerra-com-os-eua\/","title":{"rendered":"A proposta do Ir\u00e3 para evitar a guerra com os EUA"},"content":{"rendered":"<figure><img loading=\"lazy\" loading=\"lazy\" decoding=\"async\" width=\"1200\" height=\"630\"src=\"https:\/\/redept.com.br\/blogosfera\/wp-content\/uploads\/2026\/02\/NJLNIUUBU5GTNOXG54MISQVQJU.jpeg\" alt=\"\" srcset=\"https:\/\/redept.com.br\/blogosfera\/wp-content\/uploads\/2026\/02\/NJLNIUUBU5GTNOXG54MISQVQJU.jpeg 1200w, https:\/\/estaticos.opara.me\/outraspalavras\/uploads\/2026\/02\/11170952\/NJLNIUUBU5GTNOXG54MISQVQJU-300x158.jpeg 300w, https:\/\/estaticos.opara.me\/outraspalavras\/uploads\/2026\/02\/11170952\/NJLNIUUBU5GTNOXG54MISQVQJU-768x403.jpeg 768w\" sizes=\"auto, (max-width: 1200px) 100vw, 1200px\"><figcaption>Foto: Fatemeh Bahrami\/Anadolu via Getty Images<\/figcaption><\/figure>\n<div>\n<div>\n<div>\n<div>\n<div>\n<div>\n<div>\n<h4>Boletim Outras Palavras<\/h4>\n<p>Receba por email, diariamente, todas as publica\u00e7\u00f5es do site<\/p>\n<\/p><\/div>\n<div>\n<div>\n<div>\n<div>\n<div><\/div>\n<\/p><\/div>\n<\/p><\/div>\n<div>\n                <button type=\"submit\">Assinar<\/button><br \/>\n                <button disabled type=\"button\"> <\/p>\n<div><\/div>\n<p> <span>Loading&#8230;<\/span> <\/button>\n              <\/div>\n<\/p><\/div>\n<\/p><\/div>\n<div>\n            <button type=\"submit\">Assinar<\/button><br \/>\n            <button disabled type=\"button\"> <\/p>\n<div><\/div>\n<p> <span>Loading&#8230;<\/span> <\/button>\n          <\/div>\n<\/p><\/div>\n<div>\n<div>\n<h4>Agradecemos!<\/h4>\n<p>Voc\u00ea j\u00e1 est\u00e1 inscrito e come\u00e7ar\u00e1 a receber os boletins em breve. Boa leitura!<\/p>\n<\/p><\/div>\n<\/p><\/div>\n<\/p><\/div>\n<\/p><\/div>\n<\/div>\n<\/div>\n<\/div>\n<p>Por <strong>Jeffrey D. Sachs <\/strong>e <strong>Sybil Fares<\/strong>, no Other News | Tradu\u00e7\u00e3o: <strong>R\u00f4ney Rodrigues<\/strong><\/p>\n<p>O Oriente M\u00e9dio encontra-se numa encruzilhada entre a guerra sem fim e uma paz abrangente. Um arcabou\u00e7o para a paz existe. Os Estados Unidos finalmente o abra\u00e7ar\u00e3o?<\/p>\n<p>A hist\u00f3ria, por vezes, oferece momentos em que a verdade sobre um conflito \u00e9 expressa com tal clareza que se torna imposs\u00edvel ignor\u00e1-la. O discurso do ministro das Rela\u00e7\u00f5es Exteriores do Ir\u00e3, Abbas Araghchi, em 7 de fevereiro, em Doha, no Catar, deve revelar-se um desses momentos. Em declara\u00e7\u00f5es relevantes e construtivas, ele respondeu ao apelo dos Estados Unidos por negocia\u00e7\u00f5es abrangentes e apresentou uma proposta consistente para a paz em todo o Oriente M\u00e9dio.<\/p>\n<div>\n<div><img loading=\"lazy\" loading=\"lazy\" decoding=\"async\"src=\"https:\/\/redept.com.br\/blogosfera\/wp-content\/uploads\/2026\/02\/1Semana-289-410-Descontos-e-parcerias-editoras-4-3.png\" alt=\"\" srcset=\"https:\/\/redept.com.br\/blogosfera\/wp-content\/uploads\/2026\/02\/1Semana-289-410-Descontos-e-parcerias-editoras-4-3.png 680w, https:\/\/estaticos.opara.me\/outraspalavras\/uploads\/2022\/12\/31180426\/1.Semana-28.9-4.10-Descontos-e-parcerias-editoras-4-300x110.png 300w\" sizes=\"auto, (max-width: 680px) 100vw, 680px\" width=\"680\" height=\"250\"><\/div>\n<\/div>\n<p>Na semana passada, o secret\u00e1rio de Estado dos EUA, Marco Rubio, defendeu negocia\u00e7\u00f5es abrangentes: \u201cSe os iranianos quiserem conversar, estamos prontos.\u201d Ele prop\u00f4s que as negocia\u00e7\u00f5es incluam a quest\u00e3o nuclear, as capacidades militares do Ir\u00e3 e seu apoio a grupos proxy em toda a regi\u00e3o. \u00c0 primeira vista, trata-se de uma proposta s\u00e9ria e construtiva. As crises de seguran\u00e7a no Oriente M\u00e9dio est\u00e3o interligadas, e a diplomacia que isola as quest\u00f5es nucleares das din\u00e2micas regionais mais amplas dificilmente ser\u00e1 duradoura.<\/p>\n<p>Em 7 de fevereiro, o ministro das Rela\u00e7\u00f5es Exteriores do Ir\u00e3, Araghchi, respondeu \u00e0 proposta dos Estados Unidos por uma paz abrangente. Em seu discurso no F\u00f3rum da Al Jazeera, ele abordou a causa raiz da instabilidade regional \u2014 \u201cA Palestina\u2026 \u00e9 a quest\u00e3o definidora da justi\u00e7a na \u00c1sia Ocidental e al\u00e9m\u201d \u2014 e apresentou um caminho a seguir.<\/p>\n<p>A afirma\u00e7\u00e3o do chanceler est\u00e1 correta. O fracasso em resolver a quest\u00e3o do Estado palestino tem, de fato, alimentado todos os grandes conflitos regionais desde 1948. As guerras \u00e1rabe-israelenses, a ascens\u00e3o de milit\u00e2ncias anti-Israel, a polariza\u00e7\u00e3o regional e os ciclos recorrentes de viol\u00eancia derivam da incapacidade de criar um Estado da Palestina ao lado do Estado de Israel. Gaza representa o cap\u00edtulo mais devastador desse conflito, no qual a brutal ocupa\u00e7\u00e3o israelense da Palestina foi seguida pelo ataque do Hamas a Israel, em 7 de outubro de 2023, e, posteriormente, pelo genoc\u00eddio cometido por Israel contra o povo de Gaza.<\/p>\n<p>Em seu discurso, Araghchi condenou o projeto expansionista de Israel, \u201clevado adiante sob a bandeira da seguran\u00e7a\u201d. Ele alertou para a anexa\u00e7\u00e3o da Cisjord\u00e2nia, defendida reiteradamente por autoridades do governo israelense, como o ministro da Seguran\u00e7a Nacional, Ben Gvir, e para a qual o Knesset j\u00e1 aprovou uma mo\u00e7\u00e3o.<\/p>\n<p>Araghchi tamb\u00e9m destacou outra dimens\u00e3o fundamental da estrat\u00e9gia israelense: a busca por supremacia militar permanente em toda a regi\u00e3o. Segundo ele, o projeto expansionista de Israel exige que \u201cos pa\u00edses vizinhos sejam enfraquecidos \u2014 militar, tecnol\u00f3gica, econ\u00f4mica e socialmente \u2014 para que o regime israelense mantenha permanentemente a vantagem\u201d. Trata-se, de fato, da doutrina <em>Clean Break<\/em> do primeiro-ministro Netanyahu, formulada h\u00e1 30 anos. Ela tem sido amplamente apoiada pelos Estados Unidos, por meio de 100 bilh\u00f5es de d\u00f3lares em assist\u00eancia militar a Israel desde 2000, de cobertura diplom\u00e1tica na ONU por meio de vetos reiterados e da constante rejei\u00e7\u00e3o, por parte de Washington, de medidas de responsabiliza\u00e7\u00e3o pelas viola\u00e7\u00f5es israelenses do direito internacional humanit\u00e1rio.<\/p>\n<p>A impunidade de Israel desestabilizou a regi\u00e3o, alimentando corridas armamentistas, guerras por procura\u00e7\u00e3o e ciclos de vingan\u00e7a. Tamb\u00e9m corroeu o que resta da ordem jur\u00eddica internacional. O abuso do direito internacional por parte dos Estados Unidos e de Israel, com boa parte da Europa permanecendo em sil\u00eancio, enfraqueceu gravemente a Carta da ONU, deixando as Na\u00e7\u00f5es Unidas \u00e0 beira do colapso.<\/p>\n<p>Nas considera\u00e7\u00f5es finais de seu discurso, ele ofereceu aos Estados Unidos uma solu\u00e7\u00e3o pol\u00edtica e um caminho adiante. \u201cO caminho para a estabilidade \u00e9 claro: justi\u00e7a para a Palestina, responsabiliza\u00e7\u00e3o pelos crimes, fim da ocupa\u00e7\u00e3o e do apartheid, e uma ordem regional constru\u00edda sobre soberania, igualdade e coopera\u00e7\u00e3o. Se o mundo quer paz, deve parar de recompensar a agress\u00e3o. Se o mundo quer estabilidade, deve deixar de viabilizar o expansionismo.\u201d<\/p>\n<div>\n<div><img loading=\"lazy\" loading=\"lazy\" decoding=\"async\"src=\"https:\/\/redept.com.br\/blogosfera\/wp-content\/uploads\/2026\/02\/OUTRAS-PALAVRAS-_A-LA-CAARTE728x90px-1-1-2.jpg\" alt=\"\" srcset=\"https:\/\/redept.com.br\/blogosfera\/wp-content\/uploads\/2026\/02\/OUTRAS-PALAVRAS-_A-LA-CAARTE728x90px-1-1-2.jpg 728w, https:\/\/estaticos.opara.me\/outraspalavras\/uploads\/2022\/08\/31201522\/OUTRAS-PALAVRAS-_A-LA-CAARTE728x90px-1-1-300x37.jpg 300w\" sizes=\"auto, (max-width: 728px) 100vw, 728px\" width=\"728\" height=\"90\"><\/div>\n<\/div>\n<p>Trata-se de uma resposta v\u00e1lida e construtiva ao chamado de Rubio por uma diplomacia abrangente.<\/p>\n<p>Esse arcabou\u00e7o poderia enfrentar todas as dimens\u00f5es interligadas do conflito regional. O fim da expans\u00e3o e da ocupa\u00e7\u00e3o israelense da Palestina, com o retorno de Israel \u00e0s fronteiras de 4 de junho de 1967, encerraria o financiamento externo e o armamento de grupos por procura\u00e7\u00e3o na regi\u00e3o. A cria\u00e7\u00e3o de um Estado palestino ao lado do Estado de Israel fortaleceria a seguran\u00e7a de Israel e de seus vizinhos. Um acordo nuclear renovado com o Ir\u00e3, limitando estritamente suas atividades nucleares a fins pac\u00edficos e acompanhado do levantamento das san\u00e7\u00f5es dos EUA e da Uni\u00e3o Europeia, acrescentaria um pilar crucial \u00e0 estabilidade regional. O Ir\u00e3 j\u00e1 concordara com esse marco nuclear h\u00e1 uma d\u00e9cada, no Plano de A\u00e7\u00e3o Conjunto Global (JCPOA), adotado pelo Conselho de Seguran\u00e7a da ONU na Resolu\u00e7\u00e3o 2231. Foram os Estados Unidos, durante o primeiro mandato de Trump, e n\u00e3o o Ir\u00e3, que se retiraram do acordo.<\/p>\n<p>Uma paz abrangente reflete os fundamentos da doutrina moderna de seguran\u00e7a coletiva, incluindo a pr\u00f3pria Carta das Na\u00e7\u00f5es Unidas. Uma paz duradoura exige o reconhecimento m\u00fatuo da soberania, da integridade territorial e garantias de seguran\u00e7a iguais para todos os Estados.<\/p>\n<p>A seguran\u00e7a regional \u00e9 responsabilidade compartilhada de todos os Estados da regi\u00e3o, e cada um deles enfrenta uma obriga\u00e7\u00e3o hist\u00f3rica. Essa proposta de paz abrangente n\u00e3o \u00e9 nova; ela vem sendo defendida h\u00e1 d\u00e9cadas pela Organiza\u00e7\u00e3o de Coopera\u00e7\u00e3o Isl\u00e2mica (57 pa\u00edses de maioria mu\u00e7ulmana) e pela Liga dos Estados \u00c1rabes (22 pa\u00edses \u00e1rabes). Desde a Iniciativa de Paz \u00c1rabe de 2002, todos esses pa\u00edses t\u00eam endossado, anualmente, o princ\u00edpio de terra por paz. Os principais Estados \u00e1rabes e isl\u00e2micos, aliados dos Estados Unidos, desempenharam papel crucial na facilita\u00e7\u00e3o da mais recente rodada de negocia\u00e7\u00f5es entre EUA e Ir\u00e3, realizada em Om\u00e3. Al\u00e9m disso, a Ar\u00e1bia Saudita deixou claro aos EUA que normalizar\u00e1 rela\u00e7\u00f5es com Israel apenas mediante a cria\u00e7\u00e3o de um Estado palestino.<\/p>\n<p>Os Estados Unidos enfrentam um momento decisivo. Querem realmente a paz ou pretendem seguir o extremismo de Israel? Durante d\u00e9cadas, os EUA seguiram cegamente objetivos israelenses equivocados. Press\u00f5es pol\u00edticas internas, poderosas redes de lobby, erros de c\u00e1lculo estrat\u00e9gicos e talvez at\u00e9 um pouco de chantagem \u00e0 espreita nos arquivos Epstein (quem sabe?) combinaram-se para subordinar a diplomacia americana \u00e0s ambi\u00e7\u00f5es regionais de Israel.<\/p>\n<p>A subservi\u00eancia dos EUA a Israel n\u00e3o serve aos interesses americanos. Ela arrastou os Estados Unidos para repetidas guerras regionais, minou a confian\u00e7a global na pol\u00edtica externa norte-americana e enfraqueceu a ordem jur\u00eddica internacional que o pr\u00f3prio Washington ajudou a construir ap\u00f3s 1945.<\/p>\n<p>Uma paz abrangente oferece aos Estados Unidos uma rara oportunidade de corrigir o rumo. Ao negociar uma paz regional ampla, fundamentada no direito internacional, os EUA poderiam recuperar uma diplomacia aut\u00eantica e contribuir para a constru\u00e7\u00e3o de uma arquitetura de seguran\u00e7a regional est\u00e1vel que beneficie todas as partes, inclusive Israel e Palestina.<\/p>\n<p>O Oriente M\u00e9dio encontra-se numa encruzilhada entre a guerra intermin\u00e1vel e uma paz abrangente. O arcabou\u00e7o para a paz existe. Ele exige, antes de tudo, a cria\u00e7\u00e3o de um Estado palestino, garantias de seguran\u00e7a para Israel e para o restante da regi\u00e3o, um acordo nuclear pac\u00edfico que restabele\u00e7a o entendimento b\u00e1sico adotado pela ONU h\u00e1 uma d\u00e9cada, o levantamento das san\u00e7\u00f5es econ\u00f4micas, a aplica\u00e7\u00e3o imparcial do direito internacional e uma arquitetura diplom\u00e1tica que substitua a for\u00e7a militar pela coopera\u00e7\u00e3o em seguran\u00e7a. O mundo deve unir-se em torno de um marco abrangente e aproveitar esta oportunidade hist\u00f3rica para alcan\u00e7ar a paz regional.<\/p>\n<div>\n<div>\n<p><span><em>Outras Palavras \u00e9 feito por muitas m\u00e3os. Se voc\u00ea valoriza nossa produ\u00e7\u00e3o, contribua com um PIX para <strong>outrosquinhentos@outraspalavras.net<\/strong> e fortale\u00e7a o jornalismo cr\u00edtico.<\/em><\/span><\/p>\n<\/div>\n<\/div>\n<p>The post A proposta do Ir\u00e3 para evitar a guerra com os EUA appeared first on Outras Palavras.<\/p>\n<!-- Begin Yuzo --><div class='yuzo_related_post style-1'  data-version='5.12.89'><!-- without result --><div class='yuzo_clearfixed yuzo__title yuzo__title'><h3>Related Post<\/h3><\/div>\n\t\t\t\t\t\t  <div class=\"relatedthumb \" style=\"width:125px;float:left;overflow:hidden;\">  \n\t\t\t\t\t\t\t  \n\t\t\t\t\t\t\t  <a  href=\"https:\/\/redept.com.br\/blogosfera\/makota-celinha-leonardo-boff-e-joao-pedro-stedile-estao-confirmados-na-22a-jornada-de-agroecologia-do-parana\/\"  >\n\t\t\t\t\t\t\t\t\t  <div class=\"yuzo-img-wrap \" style=\"width: 125px;height:90px;\">\n\t\t\t\t\t\t\t\t\t\t\n\t\t\t\t\t\t\t\t\t\t<div class=\"yuzo-img\" style=\"background:url('https:\/\/redept.com.br\/blogosfera\/wp-content\/uploads\/2025\/07\/unnamed-8-1-150x150.jpg') 50% 50% no-repeat;width: 125px;height:90px;margin-bottom: 5px;background-size: cover; \"><\/div>\n\t\t\t\t\t\t\t\t\t  <\/div>\n\t\t\t\t\t\t\t\t\t  \n\t\t\t\t\t\t\t\t   <span class=\"yuzo__text--title\" style=\"font-size:13px;\">Makota Celinha, Leonardo Boff, e Jo\u00e3o Pedro St\u00e9dil...<\/span>\n\t\t\t\t\t\t\t  \n\t\t\t\t\t\t\t  \n\t\t\t\t\t\t\t  <\/a>\n\n\t\t\t\t\t\t  <\/div>\n\t\t\t\t\t\t  <div class=\"relatedthumb \" style=\"width:125px;float:left;overflow:hidden;\">  \n\t\t\t\t\t\t\t  \n\t\t\t\t\t\t\t  <a  href=\"https:\/\/redept.com.br\/blogosfera\/caso-epstein-steve-bannon-disse-que-precisava-manter-essa-coisa-do-jair-bolsonaro-nos-bastidores\/\"  >\n\t\t\t\t\t\t\t\t\t  <div class=\"yuzo-img-wrap \" style=\"width: 125px;height:90px;\">\n\t\t\t\t\t\t\t\t\t\t\n\t\t\t\t\t\t\t\t\t\t<div class=\"yuzo-img\" style=\"background:url('https:\/\/redept.org\/blogosfera\/wp-content\/plugins\/yuzo-related-post\/assets\/images\/default.png') 50% 50% no-repeat;width: 125px;height:90px;margin-bottom: 5px;background-size: cover; \"><\/div>\n\t\t\t\t\t\t\t\t\t  <\/div>\n\t\t\t\t\t\t\t\t\t  \n\t\t\t\t\t\t\t\t   <span class=\"yuzo__text--title\" style=\"font-size:13px;\">Caso Epstein: Steve Bannon disse que precisava \u2018ma...<\/span>\n\t\t\t\t\t\t\t  \n\t\t\t\t\t\t\t  \n\t\t\t\t\t\t\t  <\/a>\n\n\t\t\t\t\t\t  <\/div>\n\t\t\t\t\t\t  <div class=\"relatedthumb \" style=\"width:125px;float:left;overflow:hidden;\">  \n\t\t\t\t\t\t\t  \n\t\t\t\t\t\t\t  <a  href=\"https:\/\/redept.com.br\/blogosfera\/tse-retoma-nesta-terca-24-julgamento-que-pode-tornar-claudio-castro-inelegivel\/\"  >\n\t\t\t\t\t\t\t\t\t  <div class=\"yuzo-img-wrap \" style=\"width: 125px;height:90px;\">\n\t\t\t\t\t\t\t\t\t\t\n\t\t\t\t\t\t\t\t\t\t<div class=\"yuzo-img\" style=\"background:url('https:\/\/redept.org\/blogosfera\/wp-content\/plugins\/yuzo-related-post\/assets\/images\/default.png') 50% 50% no-repeat;width: 125px;height:90px;margin-bottom: 5px;background-size: cover; \"><\/div>\n\t\t\t\t\t\t\t\t\t  <\/div>\n\t\t\t\t\t\t\t\t\t  \n\t\t\t\t\t\t\t\t   <span class=\"yuzo__text--title\" style=\"font-size:13px;\">TSE retoma nesta ter\u00e7a (24) julgamento que pode to...<\/span>\n\t\t\t\t\t\t\t  \n\t\t\t\t\t\t\t  \n\t\t\t\t\t\t\t  <\/a>\n\n\t\t\t\t\t\t  <\/div>\n\t\t\t\t\t\t  <div class=\"relatedthumb \" style=\"width:125px;float:left;overflow:hidden;\">  \n\t\t\t\t\t\t\t  \n\t\t\t\t\t\t\t  <a  href=\"https:\/\/redept.com.br\/blogosfera\/com-governo-zema-servidores-denunciam-colapso-na-secretaria-de-estado-da-fazenda-de-mg\/\"  >\n\t\t\t\t\t\t\t\t\t  <div class=\"yuzo-img-wrap \" style=\"width: 125px;height:90px;\">\n\t\t\t\t\t\t\t\t\t\t\n\t\t\t\t\t\t\t\t\t\t<div class=\"yuzo-img\" style=\"background:url('https:\/\/redept.org\/blogosfera\/wp-content\/plugins\/yuzo-related-post\/assets\/images\/default.png') 50% 50% no-repeat;width: 125px;height:90px;margin-bottom: 5px;background-size: cover; \"><\/div>\n\t\t\t\t\t\t\t\t\t  <\/div>\n\t\t\t\t\t\t\t\t\t  \n\t\t\t\t\t\t\t\t   <span class=\"yuzo__text--title\" style=\"font-size:13px;\">Com governo Zema, servidores denunciam colapso na ...<\/span>\n\t\t\t\t\t\t\t  \n\t\t\t\t\t\t\t  \n\t\t\t\t\t\t\t  <\/a>\n\n\t\t\t\t\t\t  <\/div>\n<\/div> <script>\n\t\t\t\t\t\t  jQuery(document).ready(function( $ ){\n\t\t\t\t\t\t\t\/\/jQuery('.yuzo_related_post').equalizer({ overflow : 'relatedthumb' });\n\t\t\t\t\t\t\tjQuery('.yuzo_related_post .yuzo_wraps').equalizer({ columns : '> div' });\n\t\t\t\t\t\t   })\n\t\t\t\t\t\t  <\/script> <!-- End Yuzo :) -->","protected":false},"excerpt":{"rendered":"<p>Ministro das Rela\u00e7\u00f5es Exteriores apresenta a Washington caminho concreto para a paz. M\u00eddia ocidental esconde. Condi\u00e7\u00e3o de Teer\u00e3: frear o colonialismo de Israel e reconhecer necessidade de justi\u00e7a para a Palestina. Momento \u00e9 decisivo: Trump quer cessar conflitos? <\/p>\n<p>The post <a href=\"https:\/\/outraspalavras.net\/geopoliticaeguerra\/a-proposta-do-ira-para-evitar-a-guerra-com-os-eua\/\">A proposta do Ir\u00e3 para evitar a guerra com os EUA<\/a> appeared first on <a href=\"https:\/\/outraspalavras.net\/\">Outras Palavras<\/a>.<\/p>\n","protected":false},"author":2,"featured_media":74084,"comment_status":"open","ping_status":"closed","sticky":false,"template":"","format":"standard","meta":{"fifu_image_url":"","fifu_image_alt":"","footnotes":""},"categories":[8298,35600,21148,13613,15595,5700,3508],"tags":[],"class_list":["post-74083","post","type-post","status-publish","format-standard","has-post-thumbnail","hentry","category-abbas-araghchi","category-colonialismo-de-israel","category-conflitos-no-oriente-medio","category-eua-x-ira","category-genocidio-na-palestina","category-geopolitica-guerra","category-marco-rubio"],"_links":{"self":[{"href":"https:\/\/redept.com.br\/blogosfera\/wp-json\/wp\/v2\/posts\/74083","targetHints":{"allow":["GET"]}}],"collection":[{"href":"https:\/\/redept.com.br\/blogosfera\/wp-json\/wp\/v2\/posts"}],"about":[{"href":"https:\/\/redept.com.br\/blogosfera\/wp-json\/wp\/v2\/types\/post"}],"author":[{"embeddable":true,"href":"https:\/\/redept.com.br\/blogosfera\/wp-json\/wp\/v2\/users\/2"}],"replies":[{"embeddable":true,"href":"https:\/\/redept.com.br\/blogosfera\/wp-json\/wp\/v2\/comments?post=74083"}],"version-history":[{"count":0,"href":"https:\/\/redept.com.br\/blogosfera\/wp-json\/wp\/v2\/posts\/74083\/revisions"}],"wp:featuredmedia":[{"embeddable":true,"href":"https:\/\/redept.com.br\/blogosfera\/wp-json\/wp\/v2\/media\/74084"}],"wp:attachment":[{"href":"https:\/\/redept.com.br\/blogosfera\/wp-json\/wp\/v2\/media?parent=74083"}],"wp:term":[{"taxonomy":"category","embeddable":true,"href":"https:\/\/redept.com.br\/blogosfera\/wp-json\/wp\/v2\/categories?post=74083"},{"taxonomy":"post_tag","embeddable":true,"href":"https:\/\/redept.com.br\/blogosfera\/wp-json\/wp\/v2\/tags?post=74083"}],"curies":[{"name":"wp","href":"https:\/\/api.w.org\/{rel}","templated":true}]}}