{"id":7412,"date":"2024-12-05T16:06:39","date_gmt":"2024-12-05T19:06:39","guid":{"rendered":"https:\/\/redept.org\/blogosfera\/efeito-lula-jovens-nem-nem-atingem-menor-nivel-historico\/"},"modified":"2024-12-05T16:06:39","modified_gmt":"2024-12-05T19:06:39","slug":"efeito-lula-jovens-nem-nem-atingem-menor-nivel-historico","status":"publish","type":"post","link":"https:\/\/redept.com.br\/blogosfera\/efeito-lula-jovens-nem-nem-atingem-menor-nivel-historico\/","title":{"rendered":"Efeito Lula: jovens nem-nem atingem menor n\u00edvel hist\u00f3rico"},"content":{"rendered":"<p><em><strong>N\u00famero de jovens sem trabalho ou estudo diminuiu 5,8% em 2023; por\u00e9m, 10,3 milh\u00f5es de brasileiros seguem nessa situa\u00e7\u00e3o, especialmente os mais pobres e as mulheres pretas e pardas<\/strong><\/em><\/p>\n<p>Em 2023, o Brasil viu uma diminui\u00e7\u00e3o significativa no n\u00famero de jovens nem-nem, aqueles que t\u00eam 15 e 29 anos e n\u00e3o estudam nem trabalham. Segundo o estudo S\u00edntese de Indicadores Sociais 2024, divulgado pelo IBGE na \u00faltima quarta-feira (4), a taxa de pessoas nessa situa\u00e7\u00e3o caiu para 21,2%, representando 10,3 milh\u00f5es de brasileiros.\u00a0<a href=\"https:\/\/pt.org.br\/no-brasil-de-bolsonaro-123-milhoes-de-jovens-nao-estudam-nem-trabalham\/\" target=\"_blank\" rel=\"noopener\">Em 2022, o percentual era de 22,3%<\/a>, ou 663 mil pessoas a mais. Na compara\u00e7\u00e3o dos dois anos, trata-se de uma queda de 5,8%.<\/p>\n<p>Esse \u00e9 o menor valor para a s\u00e9rie hist\u00f3rica, iniciada em 2012. Mas ainda se trata de um valor alto, pois \u00e9 uma realidade que afeta quase \u2155 dos jovens no pa\u00eds, especialmente os origin\u00e1rios de fam\u00edlias pobres e as mulheres negras. No entanto, os dados do IBGE apontam uma melhora significativa em rela\u00e7\u00e3o aos picos negativos observados entre 2016 e 2020, quando a taxa de nem-nem atingiu 28%, reflexo da recess\u00e3o econ\u00f4mica, da pandemia e dos desgovernos Temer e Bolsonaro, que negligenciaram as camadas mais vulner\u00e1veis.<\/p>\n<p>O deputado federal <a href=\"https:\/\/www.instagram.com\/lindberghfarias\/\" target=\"_blank\" rel=\"noopener\"><strong>Lindbergh Farias (PT\/RJ)<\/strong><\/a> divulgou os resultados em suas redes sociais, ressaltando que \u201co n\u00famero caiu pra 10,3 milh\u00f5es de jovens. O menor n\u00famero tinha sido 11,2 milh\u00f5es, em 2013\u2033.<\/p>\n<blockquote>\n<p dir=\"ltr\" lang=\"pt\">O n\u00famero de jovens \u00e9 \u201cnem-nem\u201d (nem trabalha, nem estuda) chegou ao MENOR N\u00cdVEL da s\u00e9rie hist\u00f3rica.<\/p>\n<p>Segundo o IBGE, o n\u00famero caiu pra 10,3 milh\u00f5es de jovens. O menor n\u00famero tinha sido 11,2 milh\u00f5es, em 2013.<\/p>\n<p>EFEITO LULA! <img decoding=\"async\" src=\"https:\/\/redept.org\/blogosfera\/wp-content\/uploads\/2024\/12\/1f31f-2.png\" alt=\"\ud83c\udf1f\"><img decoding=\"async\" src=\"https:\/\/redept.org\/blogosfera\/wp-content\/uploads\/2024\/12\/1f1e7-1f1f7-1.png\" alt=\"\ud83c\udde7\ud83c\uddf7\"><img decoding=\"async\" src=\"https:\/\/redept.org\/blogosfera\/wp-content\/uploads\/2024\/12\/1f680-1.png\" alt=\"\ud83d\ude80\"> <a href=\"https:\/\/t.co\/gaSNFkwsW9\">pic.twitter.com\/gaSNFkwsW9<\/a><\/p>\n<p>\u2014 Lindbergh Farias (@lindberghfarias) <a href=\"https:\/\/twitter.com\/lindberghfarias\/status\/1864319679851811289?ref_src=twsrc%5Etfw\">December 4, 2024<\/a><\/p>\n<\/blockquote>\n<p>Os n\u00fameros refletem tanto a retomada do mercado de trabalho quanto o aumento da inser\u00e7\u00e3o escolar, iniciados com o retorno de Lula ao poder. Por\u00e9m, \u00e9 importante registrar que a diminui\u00e7\u00e3o dos nem-nem tamb\u00e9m foi influenciada pela redu\u00e7\u00e3o da popula\u00e7\u00e3o jovem no pa\u00eds, o que altera a composi\u00e7\u00e3o et\u00e1ria da sociedade.<\/p>\n<h4><b>Mulheres pretas e pardas: as mais afetadas<\/b><\/h4>\n<p>Embora o avan\u00e7o seja evidente, o estudo revela desigualdades que ainda exigem aten\u00e7\u00e3o especial. Entre os jovens sem emprego e educa\u00e7\u00e3o, mulheres pretas e pardas representam o maior grupo, com 4,6 milh\u00f5es de pessoas, ou 45,2% do total. Em contraste, mulheres brancas somam 1,9 milh\u00e3o (18,9%). Entre os homens, a maior concentra\u00e7\u00e3o est\u00e1 entre os jovens pretos e pardos (2,4 milh\u00f5es, ou 23,4%), o dobro dos homens brancos (1,2 milh\u00e3o, ou 11,3%).<\/p>\n<p>A maior vulnerabilidade das mulheres pretas e pardas reflete barreiras estruturais, que dificultam seu ingresso no mercado de trabalho. De acordo com a analista Denise Guichard Freire, do IBGE, \u201cs\u00e3o mulheres que t\u00eam que ficar em casa, tomando conta de filho, de algum parente, que n\u00e3o t\u00eam alguma rede de apoio (\u2026) que n\u00e3o conseguem nem ir em busca de uma coloca\u00e7\u00e3o (\u2026) S\u00e3o as pessoas para as quais devemos ter um olhar mais atento para pol\u00edticas p\u00fablicas\u201d.<\/p>\n<p><strong>Leia mais:\u00a0<\/strong><a href=\"https:\/\/pt.org.br\/ministras-reafirmam-compromisso-do-governo-lula-com-os-direitos-humanos-da-populacao-negra\/\" target=\"_blank\" rel=\"noopener\">Ministras reafirmam compromisso do governo Lula com os direitos humanos da popula\u00e7\u00e3o negra<\/a><\/p>\n<h4><b>Desigualdade por renda<\/b><\/h4>\n<p>O recorte por renda tamb\u00e9m revela grandes disparidades. Nos domic\u00edlios dos 10% mais pobres, quase metade (49,3%) dos jovens eram nem-nem em 2023, um percentual alarmante que contrasta com os 6,6% registrados nos lares dos 10% mais ricos.<\/p>\n<p>Essa assimetria entre os grupos socioecon\u00f4micos refor\u00e7a a relev\u00e2ncia de pol\u00edticas governamentais de apoio, muitas vezes criticadas por aqueles que n\u00e3o necessitam delas, mas vitais para reduzir essas despropor\u00e7\u00f5es hist\u00f3ricas.<\/p>\n<p><strong>Leia mais:\u00a0<\/strong><a href=\"https:\/\/pt.org.br\/efeito-lula-de-agosto-a-outubro-desemprego-cai-para-62-o-menor-da-serie-historica\/\" target=\"_blank\" rel=\"noopener\">Efeito Lula: de agosto a outubro, desemprego cai para 6,2%, o menor da s\u00e9rie hist\u00f3rica<\/a><\/p>\n<h4><b>Avan\u00e7os e desafios<\/b><\/h4>\n<p>A redu\u00e7\u00e3o no n\u00famero de jovens fora da escola e do mercado de trabalho \u00e9 um reflexo de importantes avan\u00e7os sociais. Contudo, os desafios permanecem, especialmente para os jovens de baixa renda e as mulheres negras, que ainda enfrentam barreiras no acesso \u00e0 educa\u00e7\u00e3o e \u00e0 qualifica\u00e7\u00e3o profissional.<\/p>\n<p>Para consolidar as melhorias alcan\u00e7adas e seguir avan\u00e7ando, \u00e9 essencial que o governos continue implementando medidas que busquem garantir oportunidades iguais para todos os jovens, com foco especial naqueles que enfrentam as maiores dificuldades socioecon\u00f4micas.<\/p>\n<p><strong>PTNacional<\/strong><\/p>\n<p>O post  apareceu primeiro em .<\/p>\n<!-- Begin Yuzo --><div class='yuzo_related_post style-1'  data-version='5.12.89'><!-- without result --><div class='yuzo_clearfixed yuzo__title yuzo__title'><h3>Related Post<\/h3><\/div>\n\t\t\t\t\t\t  <div class=\"relatedthumb \" style=\"width:125px;float:left;overflow:hidden;\">  \n\t\t\t\t\t\t\t  \n\t\t\t\t\t\t\t  <a  href=\"https:\/\/redept.com.br\/blogosfera\/em-pernambuco-catolicos-promovem-caravana-da-democracia-desta-sexta-feira-30-ao-domingo-2-combatendo-o-discurso-de-odio-dentro-do-cristianismo\/\"  >\n\t\t\t\t\t\t\t\t\t  <div class=\"yuzo-img-wrap \" style=\"width: 125px;height:90px;\">\n\t\t\t\t\t\t\t\t\t\t\n\t\t\t\t\t\t\t\t\t\t<div class=\"yuzo-img\" style=\"background:url('https:\/\/redept.org\/blogosfera\/wp-content\/plugins\/yuzo-related-post\/assets\/images\/default.png') 50% 50% no-repeat;width: 125px;height:90px;margin-bottom: 5px;background-size: cover; \"><\/div>\n\t\t\t\t\t\t\t\t\t  <\/div>\n\t\t\t\t\t\t\t\t\t  \n\t\t\t\t\t\t\t\t   <span class=\"yuzo__text--title\" style=\"font-size:13px;\">Em Pernambuco, cat\u00f3licos promovem Caravana da Demo...<\/span>\n\t\t\t\t\t\t\t  \n\t\t\t\t\t\t\t  \n\t\t\t\t\t\t\t  <\/a>\n\n\t\t\t\t\t\t  <\/div>\n\t\t\t\t\t\t  <div class=\"relatedthumb \" style=\"width:125px;float:left;overflow:hidden;\">  \n\t\t\t\t\t\t\t  \n\t\t\t\t\t\t\t  <a  href=\"https:\/\/redept.com.br\/blogosfera\/israel-bombardeia-libano-e-impoe-deslocamento-forcado-no-pais\/\"  >\n\t\t\t\t\t\t\t\t\t  <div class=\"yuzo-img-wrap \" style=\"width: 125px;height:90px;\">\n\t\t\t\t\t\t\t\t\t\t\n\t\t\t\t\t\t\t\t\t\t<div class=\"yuzo-img\" style=\"background:url('https:\/\/redept.com.br\/blogosfera\/wp-content\/uploads\/2026\/03\/177272966269a9b53e6334e_1772729662_3x2_lg-150x150.jpg') 50% 50% no-repeat;width: 125px;height:90px;margin-bottom: 5px;background-size: cover; \"><\/div>\n\t\t\t\t\t\t\t\t\t  <\/div>\n\t\t\t\t\t\t\t\t\t  \n\t\t\t\t\t\t\t\t   <span class=\"yuzo__text--title\" style=\"font-size:13px;\">Israel bombardeia L\u00edbano e imp\u00f5e deslocamento for\u00e7...<\/span>\n\t\t\t\t\t\t\t  \n\t\t\t\t\t\t\t  \n\t\t\t\t\t\t\t  <\/a>\n\n\t\t\t\t\t\t  <\/div>\n\t\t\t\t\t\t  <div class=\"relatedthumb \" style=\"width:125px;float:left;overflow:hidden;\">  \n\t\t\t\t\t\t\t  \n\t\t\t\t\t\t\t  <a  href=\"https:\/\/redept.com.br\/blogosfera\/fespsp-oferece-curso-de-historia-gratuito-sobre-mudancas-no-mundo-desde-o-seculo-xix\/\"  >\n\t\t\t\t\t\t\t\t\t  <div class=\"yuzo-img-wrap \" style=\"width: 125px;height:90px;\">\n\t\t\t\t\t\t\t\t\t\t\n\t\t\t\t\t\t\t\t\t\t<div class=\"yuzo-img\" style=\"background:url('https:\/\/redept.org\/blogosfera\/wp-content\/plugins\/yuzo-related-post\/assets\/images\/default.png') 50% 50% no-repeat;width: 125px;height:90px;margin-bottom: 5px;background-size: cover; \"><\/div>\n\t\t\t\t\t\t\t\t\t  <\/div>\n\t\t\t\t\t\t\t\t\t  \n\t\t\t\t\t\t\t\t   <span class=\"yuzo__text--title\" style=\"font-size:13px;\">Fespsp oferece curso de Hist\u00f3ria gratuito sobre mu...<\/span>\n\t\t\t\t\t\t\t  \n\t\t\t\t\t\t\t  \n\t\t\t\t\t\t\t  <\/a>\n\n\t\t\t\t\t\t  <\/div>\n\t\t\t\t\t\t  <div class=\"relatedthumb \" style=\"width:125px;float:left;overflow:hidden;\">  \n\t\t\t\t\t\t\t  \n\t\t\t\t\t\t\t  <a  href=\"https:\/\/redept.com.br\/blogosfera\/brasil-supera-eua-e-lidera-ranking-global-dos-investimentos-chineses\/\"  >\n\t\t\t\t\t\t\t\t\t  <div class=\"yuzo-img-wrap \" style=\"width: 125px;height:90px;\">\n\t\t\t\t\t\t\t\t\t\t\n\t\t\t\t\t\t\t\t\t\t<div class=\"yuzo-img\" style=\"background:url('https:\/\/redept.com.br\/blogosfera\/wp-content\/uploads\/2026\/05\/Brasil-china-150x150.jpg') 50% 50% no-repeat;width: 125px;height:90px;margin-bottom: 5px;background-size: cover; \"><\/div>\n\t\t\t\t\t\t\t\t\t  <\/div>\n\t\t\t\t\t\t\t\t\t  \n\t\t\t\t\t\t\t\t   <span class=\"yuzo__text--title\" style=\"font-size:13px;\">Brasil supera EUA e lidera ranking global dos inve...<\/span>\n\t\t\t\t\t\t\t  \n\t\t\t\t\t\t\t  \n\t\t\t\t\t\t\t  <\/a>\n\n\t\t\t\t\t\t  <\/div>\n<\/div> <script>\n\t\t\t\t\t\t  jQuery(document).ready(function( $ ){\n\t\t\t\t\t\t\t\/\/jQuery('.yuzo_related_post').equalizer({ overflow : 'relatedthumb' });\n\t\t\t\t\t\t\tjQuery('.yuzo_related_post .yuzo_wraps').equalizer({ columns : '> div' });\n\t\t\t\t\t\t   })\n\t\t\t\t\t\t  <\/script> <!-- End Yuzo :) -->","protected":false},"excerpt":{"rendered":"<p>N\u00famero de jovens sem trabalho ou estudo diminuiu 5,8% em 2023; por\u00e9m, 10,3 milh\u00f5es de brasileiros seguem nessa situa\u00e7\u00e3o, especialmente os mais pobres e as mulheres pretas e pardas Em 2023, o Brasil viu uma diminui\u00e7\u00e3o significativa no n\u00famero de jovens nem-nem, aqueles que t\u00eam 15 e 29 anos e n\u00e3o estudam nem trabalham. Segundo [&hellip;]<\/p>\n","protected":false},"author":1,"featured_media":7413,"comment_status":"open","ping_status":"closed","sticky":false,"template":"","format":"standard","meta":{"fifu_image_url":"","fifu_image_alt":"","footnotes":""},"categories":[1],"tags":[],"class_list":["post-7412","post","type-post","status-publish","format-standard","has-post-thumbnail","hentry","category-uncategorized"],"_links":{"self":[{"href":"https:\/\/redept.com.br\/blogosfera\/wp-json\/wp\/v2\/posts\/7412","targetHints":{"allow":["GET"]}}],"collection":[{"href":"https:\/\/redept.com.br\/blogosfera\/wp-json\/wp\/v2\/posts"}],"about":[{"href":"https:\/\/redept.com.br\/blogosfera\/wp-json\/wp\/v2\/types\/post"}],"author":[{"embeddable":true,"href":"https:\/\/redept.com.br\/blogosfera\/wp-json\/wp\/v2\/users\/1"}],"replies":[{"embeddable":true,"href":"https:\/\/redept.com.br\/blogosfera\/wp-json\/wp\/v2\/comments?post=7412"}],"version-history":[{"count":0,"href":"https:\/\/redept.com.br\/blogosfera\/wp-json\/wp\/v2\/posts\/7412\/revisions"}],"wp:featuredmedia":[{"embeddable":true,"href":"https:\/\/redept.com.br\/blogosfera\/wp-json\/wp\/v2\/media\/7413"}],"wp:attachment":[{"href":"https:\/\/redept.com.br\/blogosfera\/wp-json\/wp\/v2\/media?parent=7412"}],"wp:term":[{"taxonomy":"category","embeddable":true,"href":"https:\/\/redept.com.br\/blogosfera\/wp-json\/wp\/v2\/categories?post=7412"},{"taxonomy":"post_tag","embeddable":true,"href":"https:\/\/redept.com.br\/blogosfera\/wp-json\/wp\/v2\/tags?post=7412"}],"curies":[{"name":"wp","href":"https:\/\/api.w.org\/{rel}","templated":true}]}}