{"id":74148,"date":"2026-02-12T11:09:22","date_gmt":"2026-02-12T14:09:22","guid":{"rendered":"https:\/\/redept.com.br\/blogosfera\/metroviarios-mantem-estado-de-greve-e-iniciam-votacao-sobre-paralisacao-dia-25\/"},"modified":"2026-02-12T11:09:22","modified_gmt":"2026-02-12T14:09:22","slug":"metroviarios-mantem-estado-de-greve-e-iniciam-votacao-sobre-paralisacao-dia-25","status":"publish","type":"post","link":"https:\/\/redept.com.br\/blogosfera\/metroviarios-mantem-estado-de-greve-e-iniciam-votacao-sobre-paralisacao-dia-25\/","title":{"rendered":"Metrovi\u00e1rios mant\u00eam estado de greve e iniciam vota\u00e7\u00e3o sobre paralisa\u00e7\u00e3o dia 25"},"content":{"rendered":"<p>Em assembleia realizada neste dia 11, a categoria dos <a href=\"https:\/\/tvtnews.com.br\/metroviarios-sp-estado-de-greve-pressionam-metro\/\" data-type=\"post\" data-id=\"778209\">metrovi\u00e1rios decidiu manter o estado de greve<\/a> e abriu vota\u00e7\u00e3o para decidir sobre poss\u00edvel paralisa\u00e7\u00e3o do metr\u00f4 no <a href=\"https:\/\/tvtnews.com.br\/efemerides-de-fevereiro-de-2026\/\" data-type=\"post\" data-id=\"777462\">dia 25 de fevereiro<\/a>. Leia em <a href=\"http:\/\/tvtnews.com.br\/\" data-type=\"link\" data-id=\"tvtnews.com.br\" target=\"_blank\" rel=\"noopener noreferrer nofollow\">TVT News<\/a>.<\/p>\n<h2>Metrovi\u00e1rios abrem vota\u00e7\u00e3o para decidir sobre posss\u00edvel greve no dia 25<\/h2>\n<p>O Sindicato dos Metrovi\u00e1rios de S\u00e3o Paulo abriu vota\u00e7\u00e3o na noite da quarta-feira (11) para decidir os pr\u00f3ximos passos do estado de greve que se inicou no dia 9 de fevereiro. <\/p>\n<p>Os metrovi\u00e1rios t\u00eam como pauta de mobiliza\u00e7\u00e3o a aus\u00eancia de concurso p\u00fablico desde 2016,  e a realiza\u00e7\u00e3o de Programas de Demiss\u00e3o Volunt\u00e1ria (PDV) e de Demiss\u00e3o Incentivada (PDI), al\u00e9m da falta de pagamentos dos reajustes de progress\u00e3o salarial.  Os trabalhadores do metr\u00f4 tamb\u00e9m reclamam da falta de di\u00e1logo com a empresa sobre a discuss\u00e3o do plano de carreira.<\/p>\n<p>Na vota\u00e7\u00e3o aberta, os metrovi\u00e1rios decidem sobre a proposta de realizar uma nova assembl\u00e9ia no dia 24 e marcar uma poss\u00edvel greve no dia seguinte, 25 de fevereiro, uma quarta-feira.<\/p>\n<p>A poss\u00edvel greve no dia 25 atingiria as linhas  1-Azul, 2-Verde, 3-Vermelha e 15-Prata.<\/p>\n<h2>O metr\u00f5 funciona nesta semana ants do Carnaval? <\/h2>\n<p>Por enquanto, n\u00e3o h\u00e1 interrup\u00e7\u00e3o imediata do servi\u00e7o do Metr\u00f4 e est\u00e3o mantidas as opera\u00e7\u00f5es das linhas 1-Azul, 2-Verde, 3-Vermelha e 15-Prata.<\/p>\n<h2>O Metr\u00f5 vai funcionar durante o Carnaval?<\/h2>\n<p>De acord com a  Companhia do Metropolitano (Metr\u00f4) a opera\u00e7\u00e3o ser\u00e1 cont\u00ednua, ou seja, o Metr\u00f4 n\u00e3o vai parar de circular de sexta-feira (13) at\u00e9 segunda-feira (16) para atender aos <a href=\"https:\/\/tvtnews.com.br\/carnaval-2026-sao-paulo-divulga-precos-de-bebidas\/\" data-type=\"post\" data-id=\"777046\">foli\u00f5es<\/a>.<\/p>\n<p>\u00d4nibus gratuitos partir\u00e3o das esta\u00e7\u00f5es Tiet\u00ea e Barra Funda para o Samb\u00f3dromo do Anhembi.<\/p>\n<h2>Opera\u00e7\u00e3o do Metr\u00f4 durante o Carnaval<\/h2>\n<p>O Metr\u00f4 de S\u00e3o Paulo preparou uma opera\u00e7\u00e3o especial para atender os passageiros durante o Carnaval, entre os dias 13 e 16 de fevereiro, com funcionamento ininterrupto, refor\u00e7o operacional, amplia\u00e7\u00e3o da seguran\u00e7a e oferta de \u00f4nibus gratuitos para o Samb\u00f3dromo do Anhembi. <\/p>\n<h3>Que horas o metr\u00f4 vai funcionar de sexta para s\u00e1bado de carnaval<\/h3>\n<p>Na madrugada de sexta-feira (13) para s\u00e1bado (14), o sistema funcionar\u00e1 em opera\u00e7\u00e3o 24 horas, com as esta\u00e7\u00f5es Portuguesa-Tiet\u00ea, da Linha 1-Azul, e Palmeiras-Barra Funda, da Linha 3-Vermelha, abertas para embarque e desembarque. <\/p>\n<p>As demais esta\u00e7\u00f5es das Linhas 1-Azul, 2-Verde, 3-Vermelha e 15-Prata permanecer\u00e3o abertas apenas para desembarque, sendo permitida a realiza\u00e7\u00e3o de transfer\u00eancias entre todas as linhas de metr\u00f4 durante a madrugada.<\/p>\n<h3>Que horas o metr\u00f4 vai funcionar de s\u00e1bado para domingo de carnaval<\/h3>\n<p>J\u00e1 na madrugada de s\u00e1bado (14) para domingo (15), volta a ser implantada a opera\u00e7\u00e3o 24h, mas com todas as esta\u00e7\u00f5es do Metr\u00f4 abertas para embarque e desembarque ao longo da madrugada. Tamb\u00e9m ser\u00e1 poss\u00edvel realizar transfer\u00eancias para as linhas operadas pelas concession\u00e1rias das linhas 4-Amarela e 5-Lil\u00e1s.<\/p>\n<h3>Que horas o metr\u00f4 vai funcionar de domingo para segunda de carnaval<\/h3>\n<p>J\u00e1 na virada de domingo (15) para segunda-feira (16), a opera\u00e7\u00e3o especial de Carnaval, com funcionamento 24 horas, ser\u00e1 retomada nos mesmos moldes da sexta-feira: com embarque durante toda a madrugada permitido apenas nas esta\u00e7\u00f5es Portuguesa-Tiet\u00ea e Palmeiras-Barra Funda, enquanto as demais esta\u00e7\u00f5es funcionar\u00e3o exclusivamente para desembarque, mantendo-se as possibilidades de transfer\u00eancia entre todas as linhas.<\/p>\n<\/p>\n<figure><img fetchpriority=\"high\" fetchpriority=\"high\" decoding=\"async\" width=\"1024\" height=\"577\"src=\"https:\/\/redept.com.br\/blogosfera\/wp-content\/uploads\/2026\/02\/metro_tucuruvi-e1770905301461.jpg\" alt=\"metroviarios-mantem-estado-de-greve-e-iniciam-votacao-sobre-paralisacao-do-metro-no-dia-25-tvt-news\" title=\"Metrovi\u00e1rios mant\u00eam estado de greve e iniciam vota\u00e7\u00e3o sobre paralisa\u00e7\u00e3o dia 25 1\" srcset=\"https:\/\/redept.com.br\/blogosfera\/wp-content\/uploads\/2026\/02\/metro_tucuruvi-e1770905301461.jpg 1024w, https:\/\/tvtnews.com.br\/wp-content\/uploads\/2026\/02\/metro_tucuruvi-e1770905301461-300x169.jpg 300w, https:\/\/tvtnews.com.br\/wp-content\/uploads\/2026\/02\/metro_tucuruvi-e1770905301461-768x433.jpg 768w\" sizes=\"(max-width: 1024px) 100vw, 1024px\"><figcaption>Metr\u00f4 Tucuruvi. Foto:  M\u00e1rcia Alves\/Metr\u00f4 SP<\/figcaption><\/figure>\n<\/p>\n<h3>Acessos nas esta\u00e7\u00f5es e ida ao Samb\u00f3dromo do Anhembi<\/h3>\n<p>Para facilitar o acesso ao Samb\u00f3dromo do Anhembi, \u00f4nibus do servi\u00e7o Atende, da Prefeitura, ser\u00e3o disponibilizados gratuitamente, partindo das esta\u00e7\u00f5es Portuguesa-Tiet\u00ea e Palmeiras-Barra Funda, a partir das 18h e durante todo o per\u00edodo dos desfiles, com partidas frequentes conforme a demanda.<\/p>\n<p>De acordo com o Metr\u00f4, tamb\u00e9m haver\u00e1 refor\u00e7o na limpeza, instala\u00e7\u00e3o de lixeiras extras, disponibiliza\u00e7\u00e3o de kits de primeiros socorros e posicionamento estrat\u00e9gico de viaturas em esta\u00e7\u00f5es pr\u00f3ximas aos principais pontos de concentra\u00e7\u00e3o de p\u00fablico. <\/p>\n<p>Al\u00e9m disso, ser\u00e3o implantados bols\u00f5es de seguran\u00e7a, direcionadores de fluxo e acessos espec\u00edficos para entrada e sa\u00edda nas esta\u00e7\u00f5es mais envolvidas com os eventos, especialmente na regi\u00e3o central e em \u00e1reas pr\u00f3ximas aos desfiles e blocos carnavalescos.  <\/p>\n<h3>Quais os canais de contato do Metr\u00f4?<\/h3>\n<p>Caso o passageiro observe algum comportamento inadequado pode colaborar com o Metr\u00f4 fazendo a den\u00fancia diretamente a um funcion\u00e1rio ou, se preferir, enviando uma mensagem de texto para o n\u00famero do SMS-DEN\u00daNCIA (9 7333-2252) ou pelo aplicativo Metr\u00f4Conecta (Android e iOS).<\/p>\n<p>Para esclarecer eventuais d\u00favidas ou obter informa\u00e7\u00f5es sobre a opera\u00e7\u00e3o do Metr\u00f4, o passageiro pode entrar em contato com a Central de Informa\u00e7\u00f5es do Metr\u00f4, que atende diariamente das 5h \u00e0 meia-noite, pelo telefone 0800-770-7722.<\/p>\n<\/p>\n<h2>Estado de greve dos metrovi\u00e1rios: quais as principais reivindica\u00e7\u00f5es dos trabalhadores do Metr\u00f4 <\/h2>\n<p>A pauta apresentada pelo sindicato re\u00fane demandas salariais, crit\u00e9rios de promo\u00e7\u00e3o e quest\u00f5es estruturais da empresa. Entre os principais pontos est\u00e3o:<\/p>\n<ul>\n<li>Pagamento de \u201csteps\u201d: reajustes de progress\u00e3o salarial iguais para todos os funcion\u00e1rios e o fim do limite de 1% da folha de pagamento destinado a essas corre\u00e7\u00f5es, considerado insuficiente para garantir aumentos reais;<\/li>\n<li>Crit\u00e9rios de promo\u00e7\u00e3o: extin\u00e7\u00e3o da chamada \u201can\u00e1lise comportamental\u201d, defendendo processos mais objetivos e t\u00e9cnicos em concursos internos;<\/li>\n<li>Contrata\u00e7\u00f5es via concurso p\u00fablico: oposi\u00e7\u00e3o \u00e0 terceiriza\u00e7\u00e3o, especialmente na manuten\u00e7\u00e3o de vias e trens, e reposi\u00e7\u00e3o do quadro de pessoal, apontado como defasado ap\u00f3s programas de demiss\u00e3o volunt\u00e1ria;<\/li>\n<li>Valoriza\u00e7\u00e3o dos oficiais de manuten\u00e7\u00e3o: cria\u00e7\u00e3o de oportunidades de ascens\u00e3o para cargos de supervis\u00e3o e t\u00e9cnicos;<\/li>\n<li>Nota de corte em concursos: retorno da exig\u00eancia m\u00ednima de 6,5, desvinculada das metas globais da diretoria.<\/li>\n<\/ul>\n<p>Para o sindicato, as medidas s\u00e3o necess\u00e1rias para preservar o car\u00e1ter p\u00fablico do Metr\u00f4 e evitar a precariza\u00e7\u00e3o do servi\u00e7o. A companhia ainda n\u00e3o se manifestou oficialmente sobre as\u00a0<a href=\"https:\/\/www.metroviarios.org.br\/site\/assembleia-rejeita-plano-de-carreira-e-decreta-estado-de-greve\/\" target=\"_blank\" rel=\"noreferrer noopener nofollow\">reivindica\u00e7\u00f5es dos trabalhadores<\/a>.<\/p>\n<h2>Hist\u00f3rico de paralisa\u00e7\u00f5es dos metrovi\u00e1rios<\/h2>\n<p>A mobiliza\u00e7\u00e3o atual ocorre num cen\u00e1rio hist\u00f3rico recorrente de conflitos entre metrovi\u00e1rios e o governo de S\u00e3o Paulo. Nos \u00faltimos anos, a categoria dos metrovi\u00e1rios realizou paralisa\u00e7\u00f5es marcadas por disputas salariais, reformas administrativas e privatiza\u00e7\u00f5es.<\/p>\n<p>Caso n\u00e3o haja avan\u00e7o nas negocia\u00e7\u00f5es, a assembleia desta semana pode definir se ocorrer\u00e1 de fato a greve, ampliando o risco de interrup\u00e7\u00f5es no metr\u00f4 nos pr\u00f3ximos dias.<\/p>\n<p><em>Com informa\u00e7\u00f5es do site <a href=\"https:\/\/www.metrocptm.com.br\/metroviarios-mantem-estado-de-greve-enquanto-votam-por-possivel-paralisacao-no-dia-25\/\" data-type=\"link\" data-id=\"https:\/\/www.metrocptm.com.br\/metroviarios-mantem-estado-de-greve-enquanto-votam-por-possivel-paralisacao-no-dia-25\/\" target=\"_blank\" rel=\"noreferrer noopener nofollow\">metrocptm<\/a> e do sites do Metr\u00f4 e do Sindicato dos Metrovi\u00e1rios<\/em><\/p>\n<\/p>\n<p>The post <a rel=\"nofollow\" href=\"https:\/\/tvtnews.com.br\/metroviarios-de-sp-mantem-estado-de-greve\/\">Metrovi\u00e1rios mant\u00eam estado de greve e iniciam vota\u00e7\u00e3o sobre paralisa\u00e7\u00e3o dia 25<\/a> appeared first on <a rel=\"nofollow\" href=\"https:\/\/tvtnews.com.br\/\">TVT News<\/a>.<\/p>\n<!-- Begin Yuzo --><div class='yuzo_related_post style-1'  data-version='5.12.89'><!-- without result --><div class='yuzo_clearfixed yuzo__title yuzo__title'><h3>Related Post<\/h3><\/div>\n\t\t\t\t\t\t  <div class=\"relatedthumb \" style=\"width:125px;float:left;overflow:hidden;\">  \n\t\t\t\t\t\t\t  \n\t\t\t\t\t\t\t  <a  href=\"https:\/\/redept.com.br\/blogosfera\/data-center-em-terra-firme-populacao-embaixo-dagua-a-cidade-das-maquinas-de-eldorado-do-sul\/\"  >\n\t\t\t\t\t\t\t\t\t  <div class=\"yuzo-img-wrap \" style=\"width: 125px;height:90px;\">\n\t\t\t\t\t\t\t\t\t\t\n\t\t\t\t\t\t\t\t\t\t<div class=\"yuzo-img\" style=\"background:url('https:\/\/redept.org\/blogosfera\/wp-content\/plugins\/yuzo-related-post\/assets\/images\/default.png') 50% 50% no-repeat;width: 125px;height:90px;margin-bottom: 5px;background-size: cover; \"><\/div>\n\t\t\t\t\t\t\t\t\t  <\/div>\n\t\t\t\t\t\t\t\t\t  \n\t\t\t\t\t\t\t\t   <span class=\"yuzo__text--title\" style=\"font-size:13px;\">Data center em terra firme, popula\u00e7\u00e3o embaixo d\u2019\u00e1g...<\/span>\n\t\t\t\t\t\t\t  \n\t\t\t\t\t\t\t  \n\t\t\t\t\t\t\t  <\/a>\n\n\t\t\t\t\t\t  <\/div>\n\t\t\t\t\t\t  <div class=\"relatedthumb \" style=\"width:125px;float:left;overflow:hidden;\">  \n\t\t\t\t\t\t\t  \n\t\t\t\t\t\t\t  <a  href=\"https:\/\/redept.com.br\/blogosfera\/israel-ja-matou-mais-de-90-mil-palestinos-em-gaza-revela-estudo\/\"  >\n\t\t\t\t\t\t\t\t\t  <div class=\"yuzo-img-wrap \" style=\"width: 125px;height:90px;\">\n\t\t\t\t\t\t\t\t\t\t\n\t\t\t\t\t\t\t\t\t\t<div class=\"yuzo-img\" style=\"background:url('https:\/\/redept.com.br\/blogosfera\/wp-content\/uploads\/2025\/07\/13ede2bf-1491-44ee-9230-ebfb05f47e20-gaza2-150x150.webp') 50% 50% no-repeat;width: 125px;height:90px;margin-bottom: 5px;background-size: cover; \"><\/div>\n\t\t\t\t\t\t\t\t\t  <\/div>\n\t\t\t\t\t\t\t\t\t  \n\t\t\t\t\t\t\t\t   <span class=\"yuzo__text--title\" style=\"font-size:13px;\">Israel j\u00e1 matou mais de 90 mil palestinos em Gaza,...<\/span>\n\t\t\t\t\t\t\t  \n\t\t\t\t\t\t\t  \n\t\t\t\t\t\t\t  <\/a>\n\n\t\t\t\t\t\t  <\/div>\n\t\t\t\t\t\t  <div class=\"relatedthumb \" style=\"width:125px;float:left;overflow:hidden;\">  \n\t\t\t\t\t\t\t  \n\t\t\t\t\t\t\t  <a  href=\"https:\/\/redept.com.br\/blogosfera\/moraes-da-5-dias-para-collor-explicar-falha-em-tornozeleira-eletronica-sob-risco-de-envia-lo-para-a-penitenciaria\/\"  >\n\t\t\t\t\t\t\t\t\t  <div class=\"yuzo-img-wrap \" style=\"width: 125px;height:90px;\">\n\t\t\t\t\t\t\t\t\t\t\n\t\t\t\t\t\t\t\t\t\t<div class=\"yuzo-img\" style=\"background:url('https:\/\/redept.org\/blogosfera\/wp-content\/plugins\/yuzo-related-post\/assets\/images\/default.png') 50% 50% no-repeat;width: 125px;height:90px;margin-bottom: 5px;background-size: cover; \"><\/div>\n\t\t\t\t\t\t\t\t\t  <\/div>\n\t\t\t\t\t\t\t\t\t  \n\t\t\t\t\t\t\t\t   <span class=\"yuzo__text--title\" style=\"font-size:13px;\">Moraes d\u00e1 5 dias para Collor explicar falha em tor...<\/span>\n\t\t\t\t\t\t\t  \n\t\t\t\t\t\t\t  \n\t\t\t\t\t\t\t  <\/a>\n\n\t\t\t\t\t\t  <\/div>\n\t\t\t\t\t\t  <div class=\"relatedthumb \" style=\"width:125px;float:left;overflow:hidden;\">  \n\t\t\t\t\t\t\t  \n\t\t\t\t\t\t\t  <a  href=\"https:\/\/redept.com.br\/blogosfera\/antes-de-ser-papa-francisco-bergoglio-chamou-igreja-a-luta-contra-capitalismo-predatorio\/\"  >\n\t\t\t\t\t\t\t\t\t  <div class=\"yuzo-img-wrap \" style=\"width: 125px;height:90px;\">\n\t\t\t\t\t\t\t\t\t\t\n\t\t\t\t\t\t\t\t\t\t<div class=\"yuzo-img\" style=\"background:url('https:\/\/redept.org\/blogosfera\/wp-content\/plugins\/yuzo-related-post\/assets\/images\/default.png') 50% 50% no-repeat;width: 125px;height:90px;margin-bottom: 5px;background-size: cover; \"><\/div>\n\t\t\t\t\t\t\t\t\t  <\/div>\n\t\t\t\t\t\t\t\t\t  \n\t\t\t\t\t\t\t\t   <span class=\"yuzo__text--title\" style=\"font-size:13px;\">Antes de ser papa Francisco, Bergoglio chamou Igre...<\/span>\n\t\t\t\t\t\t\t  \n\t\t\t\t\t\t\t  \n\t\t\t\t\t\t\t  <\/a>\n\n\t\t\t\t\t\t  <\/div>\n<\/div> <script>\n\t\t\t\t\t\t  jQuery(document).ready(function( $ ){\n\t\t\t\t\t\t\t\/\/jQuery('.yuzo_related_post').equalizer({ overflow : 'relatedthumb' });\n\t\t\t\t\t\t\tjQuery('.yuzo_related_post .yuzo_wraps').equalizer({ columns : '> div' });\n\t\t\t\t\t\t   })\n\t\t\t\t\t\t  <\/script> <!-- End Yuzo :) -->","protected":false},"excerpt":{"rendered":"<p>Em assembleia realizada neste dia 11, a categoria dos metrovi\u00e1rios decidiu manter o estado de greve e abriu vota\u00e7\u00e3o para decidir sobre poss\u00edvel paralisa\u00e7\u00e3o do metr\u00f4 no dia 25 de fevereiro. Leia em TVT News. Metrovi\u00e1rios abrem vota\u00e7\u00e3o para decidir sobre posss\u00edvel greve no dia 25 O Sindicato dos Metrovi\u00e1rios de S\u00e3o Paulo abriu vota\u00e7\u00e3o [&hellip;]<\/p>\n","protected":false},"author":2,"featured_media":0,"comment_status":"open","ping_status":"closed","sticky":false,"template":"","format":"standard","meta":{"fifu_image_url":"","fifu_image_alt":"","footnotes":""},"categories":[473,756,61,2921],"tags":[],"class_list":["post-74148","post","type-post","status-publish","format-standard","hentry","category-destaque-medio","category-greve","category-sociedade","category-transportes"],"_links":{"self":[{"href":"https:\/\/redept.com.br\/blogosfera\/wp-json\/wp\/v2\/posts\/74148","targetHints":{"allow":["GET"]}}],"collection":[{"href":"https:\/\/redept.com.br\/blogosfera\/wp-json\/wp\/v2\/posts"}],"about":[{"href":"https:\/\/redept.com.br\/blogosfera\/wp-json\/wp\/v2\/types\/post"}],"author":[{"embeddable":true,"href":"https:\/\/redept.com.br\/blogosfera\/wp-json\/wp\/v2\/users\/2"}],"replies":[{"embeddable":true,"href":"https:\/\/redept.com.br\/blogosfera\/wp-json\/wp\/v2\/comments?post=74148"}],"version-history":[{"count":0,"href":"https:\/\/redept.com.br\/blogosfera\/wp-json\/wp\/v2\/posts\/74148\/revisions"}],"wp:attachment":[{"href":"https:\/\/redept.com.br\/blogosfera\/wp-json\/wp\/v2\/media?parent=74148"}],"wp:term":[{"taxonomy":"category","embeddable":true,"href":"https:\/\/redept.com.br\/blogosfera\/wp-json\/wp\/v2\/categories?post=74148"},{"taxonomy":"post_tag","embeddable":true,"href":"https:\/\/redept.com.br\/blogosfera\/wp-json\/wp\/v2\/tags?post=74148"}],"curies":[{"name":"wp","href":"https:\/\/api.w.org\/{rel}","templated":true}]}}