{"id":7417,"date":"2024-12-05T16:27:40","date_gmt":"2024-12-05T19:27:40","guid":{"rendered":"https:\/\/redept.org\/blogosfera\/comissao-na-camara-aprova-projeto-que-estimula-empresas-a-combater-violencia-contra-mulheres\/"},"modified":"2024-12-05T16:27:40","modified_gmt":"2024-12-05T19:27:40","slug":"comissao-na-camara-aprova-projeto-que-estimula-empresas-a-combater-violencia-contra-mulheres","status":"publish","type":"post","link":"https:\/\/redept.com.br\/blogosfera\/comissao-na-camara-aprova-projeto-que-estimula-empresas-a-combater-violencia-contra-mulheres\/","title":{"rendered":"Comiss\u00e3o na C\u00e2mara aprova projeto que estimula empresas a combater viol\u00eancia contra mulheres"},"content":{"rendered":"<p>A Comiss\u00e3o de Defesa dos Direitos da Mulher (CMULHER) aprovou, por unanimidade, o projeto de lei (PL 4363\/2020), de autoria do deputado <strong>Z\u00e9 Neto (PT-BA)<\/strong>, e das deputadas <a href=\"https:\/\/www.instagram.com\/gleisihoffmann\/\" target=\"_blank\" rel=\"noopener\"><strong>Gleisi Hoffmann (PT-PR)<\/strong><\/a>,<a href=\"https:\/\/www.instagram.com\/erikakokay\/\" target=\"_blank\" rel=\"noopener\"><strong> Erika Kokay (PT-DF)<\/strong><\/a>,<strong><a href=\"https:\/\/www.instagram.com\/instadabene\/\" target=\"_blank\" rel=\"noopener\"> Benedita da Silva (PT-RJ)<\/a>, <a href=\"https:\/\/www.instagram.com\/_mariadorosario\/\" target=\"_blank\" rel=\"noopener\">Maria do Ros\u00e1rio (PT-RS)<\/a> e <a href=\"https:\/\/www.instagram.com\/luiziannelinspt\/\" target=\"_blank\" rel=\"noopener\">Luizianne Lins (PT-CE)<\/a>, <\/strong>para estimular empresas a combater a viol\u00eancia dom\u00e9stica e familiar contra a mulher.<\/p>\n<p>O PL 4363\/2020 cria o selo \u201cEmpresa Pela Mulher\u201d para empresas privadas com faturamento anual bruto superior a R$ 360 mil, considerando-se matriz e filiais, caso haja, e que tenham sede, filial ou representa\u00e7\u00e3o no territ\u00f3rio brasileiro.<\/p>\n<p>\u201cNo Brasil, uma mulher \u00e9 agredida a cada quatro minutos. Diante desse contexto social lament\u00e1vel, \u00e9 de extrema import\u00e2ncia buscarmos meios de amparar as v\u00edtimas de viol\u00eancia, combatendo, conjuntamente, a discrimina\u00e7\u00e3o de g\u00eanero nas rela\u00e7\u00f5es de trabalho\u201d, destacou o parlamentar.<\/p>\n<p>Conforme o projeto, al\u00e9m de os requisitos j\u00e1 citados ter\u00e3o direito ao selo pessoas jur\u00eddicas que implementem programas de acolhimento e prote\u00e7\u00e3o \u00e0s mulheres em situa\u00e7\u00e3o de viol\u00eancia dom\u00e9stica e familiar; incluam em quadro de empregadas mulheres em situa\u00e7\u00e3o de viol\u00eancia dom\u00e9stica e familiar; e estimulem e pratiquem a contrata\u00e7\u00e3o de mulheres para cargos de dire\u00e7\u00e3o e chefia, sem distin\u00e7\u00e3o de remunera\u00e7\u00e3o, nos termos do regulamento.<\/p>\n<p>As empresas certificadas com o selo poder\u00e3o contar com benefi\u0301cios tribut\u00e1rios e isen\u00e7\u00f5es.<\/p>\n<h4><strong>Coautoras<\/strong><\/h4>\n<p>O projeto conta ainda com coautoria das ex-deputadas Professora Rosa Neide, Mar\u00edlia Arraes e Margarida Salom\u00e3o.<\/p>\n<p>O projeto seguir\u00e1 para tramita\u00e7\u00e3o nas comiss\u00f5es de Finan\u00e7as e Tributa\u00e7\u00e3o (CFT) e de Constitui\u00e7\u00e3o e Justi\u00e7a e de Cidadania (CCJC), da C\u00e2mara dos Deputados.<\/p>\n<p>\u00a0<\/p>\n<p>Assessoria de Comunica\u00e7\u00e3o do deputado Z\u00e9 Neto<\/p>\n<p>\u00a0<\/p>\n<p>O post  apareceu primeiro em .<\/p>\n<!-- Begin Yuzo --><div class='yuzo_related_post style-1'  data-version='5.12.89'><!-- without result --><div class='yuzo_clearfixed yuzo__title yuzo__title'><h3>Related Post<\/h3><\/div>\n\t\t\t\t\t\t  <div class=\"relatedthumb \" style=\"width:125px;float:left;overflow:hidden;\">  \n\t\t\t\t\t\t\t  \n\t\t\t\t\t\t\t  <a  href=\"https:\/\/redept.com.br\/blogosfera\/deepseek-fortalece-a-china-em-corrida-tecnologica-com-os-eua-afirma-especialista\/\"  >\n\t\t\t\t\t\t\t\t\t  <div class=\"yuzo-img-wrap \" style=\"width: 125px;height:90px;\">\n\t\t\t\t\t\t\t\t\t\t\n\t\t\t\t\t\t\t\t\t\t<div class=\"yuzo-img\" style=\"background:url('https:\/\/redept.org\/blogosfera\/wp-content\/plugins\/yuzo-related-post\/assets\/images\/default.png') 50% 50% no-repeat;width: 125px;height:90px;margin-bottom: 5px;background-size: cover; \"><\/div>\n\t\t\t\t\t\t\t\t\t  <\/div>\n\t\t\t\t\t\t\t\t\t  \n\t\t\t\t\t\t\t\t   <span class=\"yuzo__text--title\" style=\"font-size:13px;\">DeepSeek fortalece a China em corrida tecnol\u00f3gica ...<\/span>\n\t\t\t\t\t\t\t  \n\t\t\t\t\t\t\t  \n\t\t\t\t\t\t\t  <\/a>\n\n\t\t\t\t\t\t  <\/div>\n\t\t\t\t\t\t  <div class=\"relatedthumb \" style=\"width:125px;float:left;overflow:hidden;\">  \n\t\t\t\t\t\t\t  \n\t\t\t\t\t\t\t  <a  href=\"https:\/\/redept.com.br\/blogosfera\/extrema-direita-e-midia-hegemonica-usam-terrorismo-economico-para-justificar-cortes-sociais-diz-economista\/\"  >\n\t\t\t\t\t\t\t\t\t  <div class=\"yuzo-img-wrap \" style=\"width: 125px;height:90px;\">\n\t\t\t\t\t\t\t\t\t\t\n\t\t\t\t\t\t\t\t\t\t<div class=\"yuzo-img\" style=\"background:url('https:\/\/redept.org\/blogosfera\/wp-content\/plugins\/yuzo-related-post\/assets\/images\/default.png') 50% 50% no-repeat;width: 125px;height:90px;margin-bottom: 5px;background-size: cover; \"><\/div>\n\t\t\t\t\t\t\t\t\t  <\/div>\n\t\t\t\t\t\t\t\t\t  \n\t\t\t\t\t\t\t\t   <span class=\"yuzo__text--title\" style=\"font-size:13px;\">Extrema direita e m\u00eddia hegem\u00f4nica usam \u2018terrorism...<\/span>\n\t\t\t\t\t\t\t  \n\t\t\t\t\t\t\t  \n\t\t\t\t\t\t\t  <\/a>\n\n\t\t\t\t\t\t  <\/div>\n\t\t\t\t\t\t  <div class=\"relatedthumb \" style=\"width:125px;float:left;overflow:hidden;\">  \n\t\t\t\t\t\t\t  \n\t\t\t\t\t\t\t  <a  href=\"https:\/\/redept.com.br\/blogosfera\/parlamentar-cobra-acoes-do-mp-contra-apologia-ao-estupro-por-alunos-de-medicina\/\"  >\n\t\t\t\t\t\t\t\t\t  <div class=\"yuzo-img-wrap \" style=\"width: 125px;height:90px;\">\n\t\t\t\t\t\t\t\t\t\t\n\t\t\t\t\t\t\t\t\t\t<div class=\"yuzo-img\" style=\"background:url('https:\/\/redept.org\/blogosfera\/wp-content\/plugins\/yuzo-related-post\/assets\/images\/default.png') 50% 50% no-repeat;width: 125px;height:90px;margin-bottom: 5px;background-size: cover; \"><\/div>\n\t\t\t\t\t\t\t\t\t  <\/div>\n\t\t\t\t\t\t\t\t\t  \n\t\t\t\t\t\t\t\t   <span class=\"yuzo__text--title\" style=\"font-size:13px;\">Parlamentar cobra a\u00e7\u00f5es do MP contra apologia ao e...<\/span>\n\t\t\t\t\t\t\t  \n\t\t\t\t\t\t\t  \n\t\t\t\t\t\t\t  <\/a>\n\n\t\t\t\t\t\t  <\/div>\n\t\t\t\t\t\t  <div class=\"relatedthumb \" style=\"width:125px;float:left;overflow:hidden;\">  \n\t\t\t\t\t\t\t  \n\t\t\t\t\t\t\t  <a  href=\"https:\/\/redept.com.br\/blogosfera\/democratas-pedem-destituicao-de-trump-apos-ataque-a-venezuela\/\"  >\n\t\t\t\t\t\t\t\t\t  <div class=\"yuzo-img-wrap \" style=\"width: 125px;height:90px;\">\n\t\t\t\t\t\t\t\t\t\t\n\t\t\t\t\t\t\t\t\t\t<div class=\"yuzo-img\" style=\"background:url('https:\/\/redept.com.br\/blogosfera\/wp-content\/uploads\/2026\/01\/55025521211_14904c1937_c-150x150.jpg') 50% 50% no-repeat;width: 125px;height:90px;margin-bottom: 5px;background-size: cover; \"><\/div>\n\t\t\t\t\t\t\t\t\t  <\/div>\n\t\t\t\t\t\t\t\t\t  \n\t\t\t\t\t\t\t\t   <span class=\"yuzo__text--title\" style=\"font-size:13px;\">Democratas pedem destitui\u00e7\u00e3o de Trump ap\u00f3s ataque ...<\/span>\n\t\t\t\t\t\t\t  \n\t\t\t\t\t\t\t  \n\t\t\t\t\t\t\t  <\/a>\n\n\t\t\t\t\t\t  <\/div>\n<\/div> <script>\n\t\t\t\t\t\t  jQuery(document).ready(function( $ ){\n\t\t\t\t\t\t\t\/\/jQuery('.yuzo_related_post').equalizer({ overflow : 'relatedthumb' });\n\t\t\t\t\t\t\tjQuery('.yuzo_related_post .yuzo_wraps').equalizer({ columns : '> div' });\n\t\t\t\t\t\t   })\n\t\t\t\t\t\t  <\/script> <!-- End Yuzo :) -->","protected":false},"excerpt":{"rendered":"<p>A Comiss\u00e3o de Defesa dos Direitos da Mulher (CMULHER) aprovou, por unanimidade, o projeto de lei (PL 4363\/2020), de autoria do deputado Z\u00e9 Neto (PT-BA), e das deputadas Gleisi Hoffmann (PT-PR), Erika Kokay (PT-DF), Benedita da Silva (PT-RJ), Maria do Ros\u00e1rio (PT-RS) e Luizianne Lins (PT-CE), para estimular empresas a combater a viol\u00eancia dom\u00e9stica e [&hellip;]<\/p>\n","protected":false},"author":1,"featured_media":0,"comment_status":"open","ping_status":"closed","sticky":false,"template":"","format":"standard","meta":{"fifu_image_url":"","fifu_image_alt":"","footnotes":""},"categories":[1],"tags":[],"class_list":["post-7417","post","type-post","status-publish","format-standard","hentry","category-uncategorized"],"_links":{"self":[{"href":"https:\/\/redept.com.br\/blogosfera\/wp-json\/wp\/v2\/posts\/7417","targetHints":{"allow":["GET"]}}],"collection":[{"href":"https:\/\/redept.com.br\/blogosfera\/wp-json\/wp\/v2\/posts"}],"about":[{"href":"https:\/\/redept.com.br\/blogosfera\/wp-json\/wp\/v2\/types\/post"}],"author":[{"embeddable":true,"href":"https:\/\/redept.com.br\/blogosfera\/wp-json\/wp\/v2\/users\/1"}],"replies":[{"embeddable":true,"href":"https:\/\/redept.com.br\/blogosfera\/wp-json\/wp\/v2\/comments?post=7417"}],"version-history":[{"count":0,"href":"https:\/\/redept.com.br\/blogosfera\/wp-json\/wp\/v2\/posts\/7417\/revisions"}],"wp:attachment":[{"href":"https:\/\/redept.com.br\/blogosfera\/wp-json\/wp\/v2\/media?parent=7417"}],"wp:term":[{"taxonomy":"category","embeddable":true,"href":"https:\/\/redept.com.br\/blogosfera\/wp-json\/wp\/v2\/categories?post=7417"},{"taxonomy":"post_tag","embeddable":true,"href":"https:\/\/redept.com.br\/blogosfera\/wp-json\/wp\/v2\/tags?post=7417"}],"curies":[{"name":"wp","href":"https:\/\/api.w.org\/{rel}","templated":true}]}}