{"id":74304,"date":"2026-02-13T09:53:43","date_gmt":"2026-02-13T12:53:43","guid":{"rendered":"https:\/\/redept.com.br\/blogosfera\/metroviarios-de-sp-mantem-estado-de-greve-e-realizam-nova-assembleia-em-3-de-marco\/"},"modified":"2026-02-13T09:53:43","modified_gmt":"2026-02-13T12:53:43","slug":"metroviarios-de-sp-mantem-estado-de-greve-e-realizam-nova-assembleia-em-3-de-marco","status":"publish","type":"post","link":"https:\/\/redept.com.br\/blogosfera\/metroviarios-de-sp-mantem-estado-de-greve-e-realizam-nova-assembleia-em-3-de-marco\/","title":{"rendered":"Metrovi\u00e1rios de SP mant\u00eam estado de greve e realizam nova assembleia em 3 de mar\u00e7o"},"content":{"rendered":"<p>Os trabalhadores do\u00a0<strong>Metr\u00f4 de S\u00e3o Paulo<\/strong>\u00a0est\u00e3o em estado de greve e realizam uma nova assembleia em 3 de mar\u00e7o, de acordo com o Sindicato dos Metrovi\u00e1rios. A a\u00e7\u00e3o \u00e9 uma resposta \u00e0 recusa da Companhia do Metropolitano em negociar mudan\u00e7as no Plano de Carreira e em outras demandas trabalhistas. Entenda em <a href=\"http:\/\/tvtnews.com.br\/\" target=\"_blank\" rel=\"noreferrer noopener\">TVT News<\/a>.<\/p>\n<p>Na assembleia realizada na segunda (9), os <a href=\"https:\/\/www.metroviarios.org.br\/site\/assembleia-da-categoria-decide-seguir-a-mobilizacao\/\" target=\"_blank\" rel=\"noreferrer noopener nofollow\">metrovi\u00e1rios<\/a> mencionavam a possibilidade de paralisa\u00e7\u00e3o em 25 de fevereiro. Agora, n\u00e3o h\u00e1 men\u00e7\u00e3o \u00e0 poss\u00edvel greve, apenas a uma nova assembleia a ser realizada em 3 de mar\u00e7o.<\/p>\n<p>A assembleia desta quarta decidiu manter boicote ao novo Plano de Carreira e a luta contra o avan\u00e7o da terceiriza\u00e7\u00e3o da manuten\u00e7\u00e3o; construir ato com outras categorias em 20 de mar\u00e7o; e realizar concentra\u00e7\u00e3o no F\u00f3rum da barra Funda durante julgamento de a\u00e7\u00e3o contra a terceiriza\u00e7\u00e3o em 23 de mar\u00e7o.<\/p>\n<\/p>\n<h2>O que \u00e9 estado de greve<\/h2>\n<\/p>\n<p>O estado de greve \u00e9 um instrumento de press\u00e3o, sem interrup\u00e7\u00e3o imediata do servi\u00e7o, e mant\u00e9m as opera\u00e7\u00f5es das linhas 1-Azul, 2-Verde, 3-Vermelha e 15-Prata normalmente. A situa\u00e7\u00e3o alerta que os trabalhadores podem entrar em greve a qualquer momento.<\/p>\n<\/p>\n<h2>Principais reivindica\u00e7\u00f5es dos metrovi\u00e1rios<\/h2>\n<\/p>\n<p>A pauta apresentada pelo sindicato re\u00fane demandas salariais, crit\u00e9rios de promo\u00e7\u00e3o e quest\u00f5es estruturais da empresa. Entre os principais pontos est\u00e3o:<\/p>\n<ul>\n<li>Pagamento de \u201csteps\u201d: reajustes de progress\u00e3o salarial iguais para todos os funcion\u00e1rios e o fim do limite de 1% da folha de pagamento destinado a essas corre\u00e7\u00f5es, considerado insuficiente para garantir aumentos reais;<\/li>\n<li>Crit\u00e9rios de promo\u00e7\u00e3o: extin\u00e7\u00e3o da chamada \u201can\u00e1lise comportamental\u201d, defendendo processos mais objetivos e t\u00e9cnicos em concursos internos;<\/li>\n<li>Contrata\u00e7\u00f5es via concurso p\u00fablico: oposi\u00e7\u00e3o \u00e0 terceiriza\u00e7\u00e3o, especialmente na manuten\u00e7\u00e3o de vias e trens, e reposi\u00e7\u00e3o do quadro de pessoal, apontado como defasado ap\u00f3s programas de demiss\u00e3o volunt\u00e1ria;<\/li>\n<li>Valoriza\u00e7\u00e3o dos oficiais de manuten\u00e7\u00e3o: cria\u00e7\u00e3o de oportunidades de ascens\u00e3o para cargos de supervis\u00e3o e t\u00e9cnicos;<\/li>\n<li>Nota de corte em concursos: retorno da exig\u00eancia m\u00ednima de 6,5, desvinculada das metas globais da diretoria.<\/li>\n<\/ul>\n<p>Para o sindicato, as medidas s\u00e3o necess\u00e1rias para preservar o car\u00e1ter p\u00fablico do Metr\u00f4 e evitar a precariza\u00e7\u00e3o do servi\u00e7o. A companhia ainda n\u00e3o se manifestou oficialmente sobre as\u00a0<a href=\"https:\/\/www.metroviarios.org.br\/site\/assembleia-rejeita-plano-de-carreira-e-decreta-estado-de-greve\/\" target=\"_blank\" rel=\"noreferrer noopener nofollow\">reivindica\u00e7\u00f5es dos trabalhadores<\/a>.<\/p>\n<\/p>\n<p>The post <a rel=\"nofollow\" href=\"https:\/\/tvtnews.com.br\/metroviarios-sp-estado-greve-assembleia-3-marco\/\">Metrovi\u00e1rios de SP mant\u00eam estado de greve e realizam nova assembleia em 3 de mar\u00e7o<\/a> appeared first on <a rel=\"nofollow\" href=\"https:\/\/tvtnews.com.br\/\">TVT News<\/a>.<\/p>\n<!-- Begin Yuzo --><div class='yuzo_related_post style-1'  data-version='5.12.89'><!-- without result --><div class='yuzo_clearfixed yuzo__title yuzo__title'><h3>Related Post<\/h3><\/div>\n\t\t\t\t\t\t  <div class=\"relatedthumb \" style=\"width:125px;float:left;overflow:hidden;\">  \n\t\t\t\t\t\t\t  \n\t\t\t\t\t\t\t  <a  href=\"https:\/\/redept.com.br\/blogosfera\/alba-inicia-projeto-de-cooperacao-agricola-para-garantir-a-soberania-alimentar-na-america-latina\/\"  >\n\t\t\t\t\t\t\t\t\t  <div class=\"yuzo-img-wrap \" style=\"width: 125px;height:90px;\">\n\t\t\t\t\t\t\t\t\t\t\n\t\t\t\t\t\t\t\t\t\t<div class=\"yuzo-img\" style=\"background:url('https:\/\/redept.org\/blogosfera\/wp-content\/plugins\/yuzo-related-post\/assets\/images\/default.png') 50% 50% no-repeat;width: 125px;height:90px;margin-bottom: 5px;background-size: cover; \"><\/div>\n\t\t\t\t\t\t\t\t\t  <\/div>\n\t\t\t\t\t\t\t\t\t  \n\t\t\t\t\t\t\t\t   <span class=\"yuzo__text--title\" style=\"font-size:13px;\">Alba inicia projeto de coopera\u00e7\u00e3o agr\u00edcola para ga...<\/span>\n\t\t\t\t\t\t\t  \n\t\t\t\t\t\t\t  \n\t\t\t\t\t\t\t  <\/a>\n\n\t\t\t\t\t\t  <\/div>\n\t\t\t\t\t\t  <div class=\"relatedthumb \" style=\"width:125px;float:left;overflow:hidden;\">  \n\t\t\t\t\t\t\t  \n\t\t\t\t\t\t\t  <a  href=\"https:\/\/redept.com.br\/blogosfera\/haddad-anuncia-isencao-de-ir-para-quem-ganha-ate-r-5-mil\/\"  >\n\t\t\t\t\t\t\t\t\t  <div class=\"yuzo-img-wrap \" style=\"width: 125px;height:90px;\">\n\t\t\t\t\t\t\t\t\t\t\n\t\t\t\t\t\t\t\t\t\t<div class=\"yuzo-img\" style=\"background:url('https:\/\/redept.com.br\/blogosfera\/wp-content\/uploads\/2024\/11\/haddad-anuncio-150x150.jpg') 50% 50% no-repeat;width: 125px;height:90px;margin-bottom: 5px;background-size: cover; \"><\/div>\n\t\t\t\t\t\t\t\t\t  <\/div>\n\t\t\t\t\t\t\t\t\t  \n\t\t\t\t\t\t\t\t   <span class=\"yuzo__text--title\" style=\"font-size:13px;\">Haddad anuncia isen\u00e7\u00e3o de IR para quem ganha at\u00e9 R...<\/span>\n\t\t\t\t\t\t\t  \n\t\t\t\t\t\t\t  \n\t\t\t\t\t\t\t  <\/a>\n\n\t\t\t\t\t\t  <\/div>\n\t\t\t\t\t\t  <div class=\"relatedthumb \" style=\"width:125px;float:left;overflow:hidden;\">  \n\t\t\t\t\t\t\t  \n\t\t\t\t\t\t\t  <a  href=\"https:\/\/redept.com.br\/blogosfera\/na-onu-brasil-rechaca-agressao-dos-eua-contra-venezuela\/\"  >\n\t\t\t\t\t\t\t\t\t  <div class=\"yuzo-img-wrap \" style=\"width: 125px;height:90px;\">\n\t\t\t\t\t\t\t\t\t\t\n\t\t\t\t\t\t\t\t\t\t<div class=\"yuzo-img\" style=\"background:url('https:\/\/redept.com.br\/blogosfera\/wp-content\/uploads\/2025\/12\/d9206d80-3962-4388-943c-58c5999e98ac-onu-150x150.webp') 50% 50% no-repeat;width: 125px;height:90px;margin-bottom: 5px;background-size: cover; \"><\/div>\n\t\t\t\t\t\t\t\t\t  <\/div>\n\t\t\t\t\t\t\t\t\t  \n\t\t\t\t\t\t\t\t   <span class=\"yuzo__text--title\" style=\"font-size:13px;\">Na ONU, Brasil recha\u00e7a agress\u00e3o dos EUA contra Ven...<\/span>\n\t\t\t\t\t\t\t  \n\t\t\t\t\t\t\t  \n\t\t\t\t\t\t\t  <\/a>\n\n\t\t\t\t\t\t  <\/div>\n\t\t\t\t\t\t  <div class=\"relatedthumb \" style=\"width:125px;float:left;overflow:hidden;\">  \n\t\t\t\t\t\t\t  \n\t\t\t\t\t\t\t  <a  href=\"https:\/\/redept.com.br\/blogosfera\/cpi-da-pousada-garoa-a-gente-sabia-quando-iam-ser-as-fiscalizacoes-e-tudo-foi-alterado\/\"  >\n\t\t\t\t\t\t\t\t\t  <div class=\"yuzo-img-wrap \" style=\"width: 125px;height:90px;\">\n\t\t\t\t\t\t\t\t\t\t\n\t\t\t\t\t\t\t\t\t\t<div class=\"yuzo-img\" style=\"background:url('https:\/\/redept.org\/blogosfera\/wp-content\/plugins\/yuzo-related-post\/assets\/images\/default.png') 50% 50% no-repeat;width: 125px;height:90px;margin-bottom: 5px;background-size: cover; \"><\/div>\n\t\t\t\t\t\t\t\t\t  <\/div>\n\t\t\t\t\t\t\t\t\t  \n\t\t\t\t\t\t\t\t   <span class=\"yuzo__text--title\" style=\"font-size:13px;\">CPI da Pousada Garoa: \u2018A gente sabia quando iam se...<\/span>\n\t\t\t\t\t\t\t  \n\t\t\t\t\t\t\t  \n\t\t\t\t\t\t\t  <\/a>\n\n\t\t\t\t\t\t  <\/div>\n<\/div> <script>\n\t\t\t\t\t\t  jQuery(document).ready(function( $ ){\n\t\t\t\t\t\t\t\/\/jQuery('.yuzo_related_post').equalizer({ overflow : 'relatedthumb' });\n\t\t\t\t\t\t\tjQuery('.yuzo_related_post .yuzo_wraps').equalizer({ columns : '> div' });\n\t\t\t\t\t\t   })\n\t\t\t\t\t\t  <\/script> <!-- End Yuzo :) -->","protected":false},"excerpt":{"rendered":"<p>Os trabalhadores do\u00a0Metr\u00f4 de S\u00e3o Paulo\u00a0est\u00e3o em estado de greve e realizam uma nova assembleia em 3 de mar\u00e7o, de acordo com o Sindicato dos Metrovi\u00e1rios. A a\u00e7\u00e3o \u00e9 uma resposta \u00e0 recusa da Companhia do Metropolitano em negociar mudan\u00e7as no Plano de Carreira e em outras demandas trabalhistas. Entenda em TVT News. Na assembleia [&hellip;]<\/p>\n","protected":false},"author":2,"featured_media":0,"comment_status":"open","ping_status":"closed","sticky":false,"template":"","format":"standard","meta":{"fifu_image_url":"","fifu_image_alt":"","footnotes":""},"categories":[473,94,756,29,2921],"tags":[],"class_list":["post-74304","post","type-post","status-publish","format-standard","hentry","category-destaque-medio","category-geral","category-greve","category-sao-paulo","category-transportes"],"_links":{"self":[{"href":"https:\/\/redept.com.br\/blogosfera\/wp-json\/wp\/v2\/posts\/74304","targetHints":{"allow":["GET"]}}],"collection":[{"href":"https:\/\/redept.com.br\/blogosfera\/wp-json\/wp\/v2\/posts"}],"about":[{"href":"https:\/\/redept.com.br\/blogosfera\/wp-json\/wp\/v2\/types\/post"}],"author":[{"embeddable":true,"href":"https:\/\/redept.com.br\/blogosfera\/wp-json\/wp\/v2\/users\/2"}],"replies":[{"embeddable":true,"href":"https:\/\/redept.com.br\/blogosfera\/wp-json\/wp\/v2\/comments?post=74304"}],"version-history":[{"count":0,"href":"https:\/\/redept.com.br\/blogosfera\/wp-json\/wp\/v2\/posts\/74304\/revisions"}],"wp:attachment":[{"href":"https:\/\/redept.com.br\/blogosfera\/wp-json\/wp\/v2\/media?parent=74304"}],"wp:term":[{"taxonomy":"category","embeddable":true,"href":"https:\/\/redept.com.br\/blogosfera\/wp-json\/wp\/v2\/categories?post=74304"},{"taxonomy":"post_tag","embeddable":true,"href":"https:\/\/redept.com.br\/blogosfera\/wp-json\/wp\/v2\/tags?post=74304"}],"curies":[{"name":"wp","href":"https:\/\/api.w.org\/{rel}","templated":true}]}}