{"id":74549,"date":"2026-02-15T13:40:48","date_gmt":"2026-02-15T16:40:48","guid":{"rendered":"https:\/\/redept.com.br\/blogosfera\/israel-aprova-registros-de-terras-na-cisjordania-como-propriedade-do-estado\/"},"modified":"2026-02-15T13:40:48","modified_gmt":"2026-02-15T16:40:48","slug":"israel-aprova-registros-de-terras-na-cisjordania-como-propriedade-do-estado","status":"publish","type":"post","link":"https:\/\/redept.com.br\/blogosfera\/israel-aprova-registros-de-terras-na-cisjordania-como-propriedade-do-estado\/","title":{"rendered":"Israel aprova registros de terras na Cisjord\u00e2nia como \u2018propriedade do Estado\u2019"},"content":{"rendered":"<p>O governo de Israel aprovou neste domingo (15\/02) a reativa\u00e7\u00e3o dos registros de terras na Cisjord\u00e2nia ocupada como \u201cpropriedade do Estado\u201d. A regulariza\u00e7\u00e3o dos t\u00edtulos de propriedade, interrompida desde 1967, foi duramente criticada pelo Hamas e pela Autoridade Palestina.<\/p>\n<p>A medida foi informada em comunicado conjunto pelos ministros Yariv Levin (Justi\u00e7a), Bezalel Smotrich (Finan\u00e7as) e Israel Katz (Defesa). O registro confere propriedade permanente dos territ\u00f3rios aos que comprovarem a posse do territ\u00f3rio. Devido \u00e0 interrup\u00e7\u00e3o dos registros em 1967, a maior parte das terras pertencentes aos palestinos n\u00e3o est\u00e1 formalmente registrada.<\/p>\n<p>Segundo o governo israelense, \u201ca decis\u00e3o significa, entre outras coisas, o registro de extensas \u00e1reas na Cisjord\u00e2nia que pertencem ao Estado, em nome do Estado\u201d. O texto atribuiu \u00e0 Autoridade de Registro e Regulariza\u00e7\u00e3o Fundi\u00e1ria do Minist\u00e9rio da Justi\u00e7a o poder de supervisionar os assentamentos. \u201cIsrael est\u00e1 dando continuidade \u00e0 revolu\u00e7\u00e3o dos assentamentos e fortalecendo nosso dom\u00ednio em todas as partes de nossa terra\u201d, afirmou Smotrich.<\/p>\n<p>A declara\u00e7\u00e3o do governo alega que a medida \u00e9 uma resposta \u00e0s manobras da Autoridade Palestina para anexar partes da \u00c1rea C da Cisjord\u00e2nia. Como destaca <em>The Jerusalem Post<\/em>, apesar da alega\u00e7\u00e3o, n\u00e3o houve nenhuma movimenta\u00e7\u00e3o p\u00fablica neste sentido.<\/p>\n<figure aria-describedby=\"caption-attachment-246613\"><img loading=\"lazy\" loading=\"lazy\" decoding=\"async\"src=\"https:\/\/redept.com.br\/blogosfera\/wp-content\/uploads\/2026\/02\/cisjordania-ocupada-dvirraz-wikimedia-commons.jpg\" alt=\"\" width=\"1024\" height=\"619\" srcset=\"https:\/\/operamundi.uol.com.br\/wp-content\/uploads\/2026\/02\/cisjordania-ocupada-dvirraz-wikimedia-commons-1024x619.jpg 1024w, https:\/\/operamundi.uol.com.br\/wp-content\/uploads\/2026\/02\/cisjordania-ocupada-dvirraz-wikimedia-commons-300x181.jpg 300w, https:\/\/operamundi.uol.com.br\/wp-content\/uploads\/2026\/02\/cisjordania-ocupada-dvirraz-wikimedia-commons-768x465.jpg 768w, https:\/\/operamundi.uol.com.br\/wp-content\/uploads\/2026\/02\/cisjordania-ocupada-dvirraz-wikimedia-commons-150x91.jpg 150w, https:\/\/operamundi.uol.com.br\/wp-content\/uploads\/2026\/02\/cisjordania-ocupada-dvirraz-wikimedia-commons-750x454.jpg 750w, https:\/\/redept.com.br\/blogosfera\/wp-content\/uploads\/2026\/02\/cisjordania-ocupada-dvirraz-wikimedia-commons.jpg 1091w\" sizes=\"auto, (max-width: 1024px) 100vw, 1024px\"><figcaption>Israel aprova registros de terras na Cisjord\u00e2nia como \u2018propriedade do Estado\u2019<br \/>Dvirraz \/ Wikimedia Commons<\/figcaption><\/figure>\n<h3>\u2018Viola\u00e7\u00e3o do direito internacional\u2019<\/h3>\n<p>A proposta foi duramente criticada pela Autoridade Palestina e pelo Hamas. Em nota, destaca a <em>ag\u00eancia Wafa,<\/em> a Presid\u00eancia Palestina classificou a decis\u00e3o como uma \u201cgrave escalada\u201d,\u00a0 \u201cflagrante viola\u00e7\u00e3o do direito internacional\u201d e \u201camea\u00e7a direta \u00e0 seguran\u00e7a e estabilidade\u201d, enfatizando que a decis\u00e3o equivale \u00e0 anexa\u00e7\u00e3o, de fato, do territ\u00f3rio palestino.<\/p>\n<p>Segundo a Autoridade Palestina, a medida sinaliza o in\u00edcio da implementa\u00e7\u00e3o de planos de anexa\u00e7\u00e3o na Cisjord\u00e2nia ocupada, por meio da expans\u00e3o ilegal dos assentamentos. A decis\u00e3o, afirma o texto, \u201canula efetivamente acordos assinados\u201d e contradiz claramente \u201cas resolu\u00e7\u00f5es do Conselho de Seguran\u00e7a das Na\u00e7\u00f5es Unidas\u201d.<\/p>\n<p>As medidas s\u00e3o unilaterais, acrescenta o texto, e \u201cn\u00e3o conferem nenhuma legitimidade sobre as terras do Estado da Palestina\u201d e \u201cn\u00e3o alterar\u00e3o o status legal e hist\u00f3rico de que a Cisjord\u00e2nia, incluindo Jerusal\u00e9m Oriental, e a Faixa de Gaza s\u00e3o territ\u00f3rios palestinos ocupados segundo o direito internacional\u201d.<\/p>\n<p>O texto tamb\u00e9m convoca a interven\u00e7\u00e3o imediata do Conselho de Seguran\u00e7a da ONU e dos Estados Unidos para \u201cinterromper as perigosas a\u00e7\u00f5es israelenses e obrigar Israel a cumprir o direito internacional e as resolu\u00e7\u00f5es de legitimidade internacional\u201d, visando aplacar as tens\u00f5es e restaurar a estabilidade na regi\u00e3o.<\/p>\n<h3>\u2018Roubo de terras palestinas\u2019<\/h3>\n<p>O Hamas tamb\u00e9m se manifestou ap\u00f3s o an\u00fancio da medida. O grupo afirmou que o governo de Israel \u201cpermite roubar\u201d as terras da Cisjord\u00e2nia \u201cregistrando-as como terras estatais\u201d. \u201c\u00c9 uma decis\u00e3o nula e sem efeito, emitida por uma pot\u00eancia ocupante ileg\u00edtima\u201d, apontou, denunciando a imposi\u00e7\u00e3o \u00e0 for\u00e7a dos assentamentos israelenses, \u201cem flagrante viola\u00e7\u00e3o do direito internacional e das resolu\u00e7\u00f5es pertinentes da ONU\u201d.<\/p>\n<p>\u201cN\u00e3o permitiremos que esses projetos coloniais sejam aprovados\u201d, diz o texto, salientando que \u201ca vontade do nosso povo e a sua ades\u00e3o \u00e0 terra e aos seus direitos nacionais inalien\u00e1veis permanecer\u00e3o como a barreira intranspon\u00edvel contra as pol\u00edticas e os planos expansionistas da ocupa\u00e7\u00e3o\u201d.<\/p>\n<p>O comunicado reafirma os direitos palestinos sobre \u201csuas terras, autodetermina\u00e7\u00e3o e estabelecimento de um Estado palestino independente com Jerusal\u00e9m como capital\u201d, e apela \u00e0s Na\u00e7\u00f5es Unidas, ao Conselho de Seguran\u00e7a e a todas as partes internacionais relevantes \u201cpara que assumam as suas responsabilidades legais e pol\u00edticas e tomem medidas imediatas\u201d.<\/p>\n<p>\u00a0<\/p>\n<p>O post Israel aprova registros de terras na Cisjord\u00e2nia como \u2018propriedade do Estado\u2019 apareceu primeiro em Opera Mundi.<\/p>\n<!-- Begin Yuzo --><div class='yuzo_related_post style-1'  data-version='5.12.89'><!-- without result --><div class='yuzo_clearfixed yuzo__title yuzo__title'><h3>Related Post<\/h3><\/div>\n\t\t\t\t\t\t  <div class=\"relatedthumb \" style=\"width:125px;float:left;overflow:hidden;\">  \n\t\t\t\t\t\t\t  \n\t\t\t\t\t\t\t  <a  href=\"https:\/\/redept.com.br\/blogosfera\/eu-conheco-as-potencialidades-do-brasil-e-ja-esta-dando-certo-diz-simone-tebet\/\"  >\n\t\t\t\t\t\t\t\t\t  <div class=\"yuzo-img-wrap \" style=\"width: 125px;height:90px;\">\n\t\t\t\t\t\t\t\t\t\t\n\t\t\t\t\t\t\t\t\t\t<div class=\"yuzo-img\" style=\"background:url('https:\/\/redept.com.br\/blogosfera\/wp-content\/uploads\/2025\/03\/2ca4988d-9ec3-4ca5-9af5-43d92a1a59e6-150x150.jpeg') 50% 50% no-repeat;width: 125px;height:90px;margin-bottom: 5px;background-size: cover; \"><\/div>\n\t\t\t\t\t\t\t\t\t  <\/div>\n\t\t\t\t\t\t\t\t\t  \n\t\t\t\t\t\t\t\t   <span class=\"yuzo__text--title\" style=\"font-size:13px;\">Eu conhe\u00e7o as potencialidades do Brasil e j\u00e1 est\u00e1 ...<\/span>\n\t\t\t\t\t\t\t  \n\t\t\t\t\t\t\t  \n\t\t\t\t\t\t\t  <\/a>\n\n\t\t\t\t\t\t  <\/div>\n\t\t\t\t\t\t  <div class=\"relatedthumb \" style=\"width:125px;float:left;overflow:hidden;\">  \n\t\t\t\t\t\t\t  \n\t\t\t\t\t\t\t  <a  href=\"https:\/\/redept.com.br\/blogosfera\/talita-silva-grava-album-ao-vivo-em-bh-e-aposta-na-fusao-entre-soul-rap-e-brasil\/\"  >\n\t\t\t\t\t\t\t\t\t  <div class=\"yuzo-img-wrap \" style=\"width: 125px;height:90px;\">\n\t\t\t\t\t\t\t\t\t\t\n\t\t\t\t\t\t\t\t\t\t<div class=\"yuzo-img\" style=\"background:url('https:\/\/redept.org\/blogosfera\/wp-content\/plugins\/yuzo-related-post\/assets\/images\/default.png') 50% 50% no-repeat;width: 125px;height:90px;margin-bottom: 5px;background-size: cover; \"><\/div>\n\t\t\t\t\t\t\t\t\t  <\/div>\n\t\t\t\t\t\t\t\t\t  \n\t\t\t\t\t\t\t\t   <span class=\"yuzo__text--title\" style=\"font-size:13px;\">Talita Silva grava \u00e1lbum ao vivo em BH e aposta na...<\/span>\n\t\t\t\t\t\t\t  \n\t\t\t\t\t\t\t  \n\t\t\t\t\t\t\t  <\/a>\n\n\t\t\t\t\t\t  <\/div>\n\t\t\t\t\t\t  <div class=\"relatedthumb \" style=\"width:125px;float:left;overflow:hidden;\">  \n\t\t\t\t\t\t\t  \n\t\t\t\t\t\t\t  <a  href=\"https:\/\/redept.com.br\/blogosfera\/superluas-e-eclipses-veja-como-sera-o-calendario-astronomico-ate-o-fim-do-ano\/\"  >\n\t\t\t\t\t\t\t\t\t  <div class=\"yuzo-img-wrap \" style=\"width: 125px;height:90px;\">\n\t\t\t\t\t\t\t\t\t\t\n\t\t\t\t\t\t\t\t\t\t<div class=\"yuzo-img\" style=\"background:url('https:\/\/redept.org\/blogosfera\/wp-content\/plugins\/yuzo-related-post\/assets\/images\/default.png') 50% 50% no-repeat;width: 125px;height:90px;margin-bottom: 5px;background-size: cover; \"><\/div>\n\t\t\t\t\t\t\t\t\t  <\/div>\n\t\t\t\t\t\t\t\t\t  \n\t\t\t\t\t\t\t\t   <span class=\"yuzo__text--title\" style=\"font-size:13px;\">Superluas e eclipses: Veja como ser\u00e1 o calend\u00e1rio ...<\/span>\n\t\t\t\t\t\t\t  \n\t\t\t\t\t\t\t  \n\t\t\t\t\t\t\t  <\/a>\n\n\t\t\t\t\t\t  <\/div>\n\t\t\t\t\t\t  <div class=\"relatedthumb \" style=\"width:125px;float:left;overflow:hidden;\">  \n\t\t\t\t\t\t\t  \n\t\t\t\t\t\t\t  <a  href=\"https:\/\/redept.com.br\/blogosfera\/1o-de-maio-no-brasil-historia-de-lutas-conquistas-e-resistencia-da-classe-trabalhadora\/\"  >\n\t\t\t\t\t\t\t\t\t  <div class=\"yuzo-img-wrap \" style=\"width: 125px;height:90px;\">\n\t\t\t\t\t\t\t\t\t\t\n\t\t\t\t\t\t\t\t\t\t<div class=\"yuzo-img\" style=\"background:url('https:\/\/redept.com.br\/blogosfera\/wp-content\/uploads\/2025\/04\/lei-1o-de-maio-150x150.jpg') 50% 50% no-repeat;width: 125px;height:90px;margin-bottom: 5px;background-size: cover; \"><\/div>\n\t\t\t\t\t\t\t\t\t  <\/div>\n\t\t\t\t\t\t\t\t\t  \n\t\t\t\t\t\t\t\t   <span class=\"yuzo__text--title\" style=\"font-size:13px;\">1\u00ba de Maio no Brasil: hist\u00f3ria de lutas, conquista...<\/span>\n\t\t\t\t\t\t\t  \n\t\t\t\t\t\t\t  \n\t\t\t\t\t\t\t  <\/a>\n\n\t\t\t\t\t\t  <\/div>\n<\/div> <script>\n\t\t\t\t\t\t  jQuery(document).ready(function( $ ){\n\t\t\t\t\t\t\t\/\/jQuery('.yuzo_related_post').equalizer({ overflow : 'relatedthumb' });\n\t\t\t\t\t\t\tjQuery('.yuzo_related_post .yuzo_wraps').equalizer({ columns : '> div' });\n\t\t\t\t\t\t   })\n\t\t\t\t\t\t  <\/script> <!-- End Yuzo :) -->","protected":false},"excerpt":{"rendered":"<p>O governo de Israel aprovou neste domingo (15\/02) a reativa\u00e7\u00e3o dos registros de terras na Cisjord\u00e2nia ocupada como \u201cpropriedade do Estado\u201d. A regulariza\u00e7\u00e3o dos t\u00edtulos de propriedade, interrompida desde 1967, foi duramente criticada pelo Hamas e pela Autoridade Palestina. A medida foi informada em comunicado conjunto pelos ministros Yariv Levin (Justi\u00e7a), Bezalel Smotrich (Finan\u00e7as) e [\u2026]<\/p>\n<p>O post <a href=\"https:\/\/operamundi.uol.com.br\/israel-x-palestina\/israel-aprova-registros-de-terras-na-cisjordania-como-propriedade-do-estado\/\">Israel aprova registros de terras na Cisjord\u00e2nia como \u2018propriedade do Estado\u2019<\/a> apareceu primeiro em <a href=\"https:\/\/operamundi.uol.com.br\/\">Opera Mundi<\/a>.<\/p>\n","protected":false},"author":2,"featured_media":74550,"comment_status":"closed","ping_status":"closed","sticky":false,"template":"","format":"standard","meta":{"fifu_image_url":"","fifu_image_alt":"","footnotes":""},"categories":[11808,997,25,12271,35895],"tags":[],"class_list":["post-74549","post","type-post","status-publish","format-standard","has-post-thumbnail","hentry","category-cisjordania-ocupada","category-hamas","category-israel","category-israel-x-palestina","category-presidencia-palestina"],"_links":{"self":[{"href":"https:\/\/redept.com.br\/blogosfera\/wp-json\/wp\/v2\/posts\/74549","targetHints":{"allow":["GET"]}}],"collection":[{"href":"https:\/\/redept.com.br\/blogosfera\/wp-json\/wp\/v2\/posts"}],"about":[{"href":"https:\/\/redept.com.br\/blogosfera\/wp-json\/wp\/v2\/types\/post"}],"author":[{"embeddable":true,"href":"https:\/\/redept.com.br\/blogosfera\/wp-json\/wp\/v2\/users\/2"}],"replies":[{"embeddable":true,"href":"https:\/\/redept.com.br\/blogosfera\/wp-json\/wp\/v2\/comments?post=74549"}],"version-history":[{"count":0,"href":"https:\/\/redept.com.br\/blogosfera\/wp-json\/wp\/v2\/posts\/74549\/revisions"}],"wp:featuredmedia":[{"embeddable":true,"href":"https:\/\/redept.com.br\/blogosfera\/wp-json\/wp\/v2\/media\/74550"}],"wp:attachment":[{"href":"https:\/\/redept.com.br\/blogosfera\/wp-json\/wp\/v2\/media?parent=74549"}],"wp:term":[{"taxonomy":"category","embeddable":true,"href":"https:\/\/redept.com.br\/blogosfera\/wp-json\/wp\/v2\/categories?post=74549"},{"taxonomy":"post_tag","embeddable":true,"href":"https:\/\/redept.com.br\/blogosfera\/wp-json\/wp\/v2\/tags?post=74549"}],"curies":[{"name":"wp","href":"https:\/\/api.w.org\/{rel}","templated":true}]}}