{"id":74576,"date":"2026-02-16T12:22:45","date_gmt":"2026-02-16T15:22:45","guid":{"rendered":"https:\/\/redept.com.br\/blogosfera\/flavio-anuncia-acao-contra-desfile-de-ofensas-aos-bolsonaros-alem-de-alegado-abuso-eleitoral-que-exaltou-lula\/"},"modified":"2026-02-16T12:22:45","modified_gmt":"2026-02-16T15:22:45","slug":"flavio-anuncia-acao-contra-desfile-de-ofensas-aos-bolsonaros-alem-de-alegado-abuso-eleitoral-que-exaltou-lula","status":"publish","type":"post","link":"https:\/\/redept.com.br\/blogosfera\/flavio-anuncia-acao-contra-desfile-de-ofensas-aos-bolsonaros-alem-de-alegado-abuso-eleitoral-que-exaltou-lula\/","title":{"rendered":"Fl\u00e1vio anuncia a\u00e7\u00e3o contra desfile de ofensas aos Bolsonaros al\u00e9m de alegado abuso eleitoral que exaltou Lula"},"content":{"rendered":"<p>Senador do PL promete judicializa\u00e7\u00e3o imediata por suposto uso de verbas p\u00fablicas e s\u00e1tiras pessoais a seu pai Jair, preso por tentativa de golpe de estado; Novo pede inelegibilidade do estadista<\/p>\n<p>O post Fl\u00e1vio anuncia a\u00e7\u00e3o contra desfile de ofensas aos Bolsonaros al\u00e9m de alegado abuso eleitoral que exaltou Lula apareceu primeiro em .<\/p>\n<!-- Begin Yuzo --><div class='yuzo_related_post style-1'  data-version='5.12.89'><!-- without result --><div class='yuzo_clearfixed yuzo__title yuzo__title'><h3>Related Post<\/h3><\/div>\n\t\t\t\t\t\t  <div class=\"relatedthumb \" style=\"width:125px;float:left;overflow:hidden;\">  \n\t\t\t\t\t\t\t  \n\t\t\t\t\t\t\t  <a  href=\"https:\/\/redept.com.br\/blogosfera\/agu-determina-que-redes-sociais-removam-noticias-falsas-sobre-janja-em-ate-24-horas\/\"  >\n\t\t\t\t\t\t\t\t\t  <div class=\"yuzo-img-wrap \" style=\"width: 125px;height:90px;\">\n\t\t\t\t\t\t\t\t\t\t\n\t\t\t\t\t\t\t\t\t\t<div class=\"yuzo-img\" style=\"background:url('https:\/\/redept.org\/blogosfera\/wp-content\/plugins\/yuzo-related-post\/assets\/images\/default.png') 50% 50% no-repeat;width: 125px;height:90px;margin-bottom: 5px;background-size: cover; \"><\/div>\n\t\t\t\t\t\t\t\t\t  <\/div>\n\t\t\t\t\t\t\t\t\t  \n\t\t\t\t\t\t\t\t   <span class=\"yuzo__text--title\" style=\"font-size:13px;\">AGU determina que redes sociais removam not\u00edcias f...<\/span>\n\t\t\t\t\t\t\t  \n\t\t\t\t\t\t\t  \n\t\t\t\t\t\t\t  <\/a>\n\n\t\t\t\t\t\t  <\/div>\n\t\t\t\t\t\t  <div class=\"relatedthumb \" style=\"width:125px;float:left;overflow:hidden;\">  \n\t\t\t\t\t\t\t  \n\t\t\t\t\t\t\t  <a  href=\"https:\/\/redept.com.br\/blogosfera\/em-marcha-por-terra-e-dignidade-mst-chega-a-porto-alegre-rs-apos-percorrer-quase-100-km\/\"  >\n\t\t\t\t\t\t\t\t\t  <div class=\"yuzo-img-wrap \" style=\"width: 125px;height:90px;\">\n\t\t\t\t\t\t\t\t\t\t\n\t\t\t\t\t\t\t\t\t\t<div class=\"yuzo-img\" style=\"background:url('https:\/\/redept.com.br\/blogosfera\/wp-content\/uploads\/2025\/04\/image-1024x128-1-150x128.png') 50% 50% no-repeat;width: 125px;height:90px;margin-bottom: 5px;background-size: cover; \"><\/div>\n\t\t\t\t\t\t\t\t\t  <\/div>\n\t\t\t\t\t\t\t\t\t  \n\t\t\t\t\t\t\t\t   <span class=\"yuzo__text--title\" style=\"font-size:13px;\">Em marcha por terra e dignidade, MST chega a Porto...<\/span>\n\t\t\t\t\t\t\t  \n\t\t\t\t\t\t\t  \n\t\t\t\t\t\t\t  <\/a>\n\n\t\t\t\t\t\t  <\/div>\n\t\t\t\t\t\t  <div class=\"relatedthumb \" style=\"width:125px;float:left;overflow:hidden;\">  \n\t\t\t\t\t\t\t  \n\t\t\t\t\t\t\t  <a  href=\"https:\/\/redept.com.br\/blogosfera\/festa-das-aguas-em-brasilia-celebra-iemanja-e-ancestralidade-dos-povos-de-matriz-africana\/\"  >\n\t\t\t\t\t\t\t\t\t  <div class=\"yuzo-img-wrap \" style=\"width: 125px;height:90px;\">\n\t\t\t\t\t\t\t\t\t\t\n\t\t\t\t\t\t\t\t\t\t<div class=\"yuzo-img\" style=\"background:url('https:\/\/redept.org\/blogosfera\/wp-content\/plugins\/yuzo-related-post\/assets\/images\/default.png') 50% 50% no-repeat;width: 125px;height:90px;margin-bottom: 5px;background-size: cover; \"><\/div>\n\t\t\t\t\t\t\t\t\t  <\/div>\n\t\t\t\t\t\t\t\t\t  \n\t\t\t\t\t\t\t\t   <span class=\"yuzo__text--title\" style=\"font-size:13px;\">Festa das \u00c1guas, em Bras\u00edlia, celebra Iemanj\u00e1 e an...<\/span>\n\t\t\t\t\t\t\t  \n\t\t\t\t\t\t\t  \n\t\t\t\t\t\t\t  <\/a>\n\n\t\t\t\t\t\t  <\/div>\n\t\t\t\t\t\t  <div class=\"relatedthumb \" style=\"width:125px;float:left;overflow:hidden;\">  \n\t\t\t\t\t\t\t  \n\t\t\t\t\t\t\t  <a  href=\"https:\/\/redept.com.br\/blogosfera\/para-senadores-mp-da-reducao-de-filas-do-inss-e-resposta-acertada-do-governo-lula\/\"  >\n\t\t\t\t\t\t\t\t\t  <div class=\"yuzo-img-wrap \" style=\"width: 125px;height:90px;\">\n\t\t\t\t\t\t\t\t\t\t\n\t\t\t\t\t\t\t\t\t\t<div class=\"yuzo-img\" style=\"background:url('https:\/\/redept.org\/blogosfera\/wp-content\/plugins\/yuzo-related-post\/assets\/images\/default.png') 50% 50% no-repeat;width: 125px;height:90px;margin-bottom: 5px;background-size: cover; \"><\/div>\n\t\t\t\t\t\t\t\t\t  <\/div>\n\t\t\t\t\t\t\t\t\t  \n\t\t\t\t\t\t\t\t   <span class=\"yuzo__text--title\" style=\"font-size:13px;\">Para senadores, MP da redu\u00e7\u00e3o de filas do INSS \u00e9 r...<\/span>\n\t\t\t\t\t\t\t  \n\t\t\t\t\t\t\t  \n\t\t\t\t\t\t\t  <\/a>\n\n\t\t\t\t\t\t  <\/div>\n<\/div> <script>\n\t\t\t\t\t\t  jQuery(document).ready(function( $ ){\n\t\t\t\t\t\t\t\/\/jQuery('.yuzo_related_post').equalizer({ overflow : 'relatedthumb' });\n\t\t\t\t\t\t\tjQuery('.yuzo_related_post .yuzo_wraps').equalizer({ columns : '> div' });\n\t\t\t\t\t\t   })\n\t\t\t\t\t\t  <\/script> <!-- End Yuzo :) -->","protected":false},"excerpt":{"rendered":"<p>Senador do PL promete judicializa\u00e7\u00e3o imediata por suposto uso de verbas p\u00fablicas e s\u00e1tiras pessoais a seu pai Jair, preso por tentativa de golpe de estado; Novo pede inelegibilidade do estadista<\/p>\n<p>O post <a rel=\"nofollow\" href=\"https:\/\/urbsmagna.com\/flavio-bolsonaro-tse-desfile-lula-sapucai-ataque-bolsonaro-familia\/\">Fl\u00e1vio anuncia a\u00e7\u00e3o contra desfile de ofensas aos Bolsonaros al\u00e9m de alegado abuso eleitoral que exaltou Lula<\/a> apareceu primeiro em <a rel=\"nofollow\" href=\"https:\/\/urbsmagna.com\/\"><\/a>.<\/p>\n","protected":false},"author":2,"featured_media":0,"comment_status":"open","ping_status":"closed","sticky":false,"template":"","format":"standard","meta":{"fifu_image_url":"","fifu_image_alt":"","footnotes":""},"categories":[35900,35899,45,2858,35901,35902,11222,2427,35903,35904,876,112,35905,4071,191,35906,132,5471,33320,49,271],"tags":[],"class_list":["post-74576","post","type-post","status-publish","format-standard","hentry","category-abuso-poder-economico","category-acao-judicial-tse","category-brasil","category-carnaval","category-carnaval-politico-2026","category-desfile-academicos-de-niteroi","category-familia-bolsonaro","category-flavio-bolsonaro","category-inelegibilidade-lula","category-jair-bolsonaro-bozo","category-justica-eleitoral","category-lula","category-lula-sapucai","category-marques-de-sapucai","category-noticias","category-partido-novo-aije","category-politica","category-politica-nacional","category-propaganda-eleitoral-antecipada","category-rio-de-janeiro","category-tse"],"_links":{"self":[{"href":"https:\/\/redept.com.br\/blogosfera\/wp-json\/wp\/v2\/posts\/74576","targetHints":{"allow":["GET"]}}],"collection":[{"href":"https:\/\/redept.com.br\/blogosfera\/wp-json\/wp\/v2\/posts"}],"about":[{"href":"https:\/\/redept.com.br\/blogosfera\/wp-json\/wp\/v2\/types\/post"}],"author":[{"embeddable":true,"href":"https:\/\/redept.com.br\/blogosfera\/wp-json\/wp\/v2\/users\/2"}],"replies":[{"embeddable":true,"href":"https:\/\/redept.com.br\/blogosfera\/wp-json\/wp\/v2\/comments?post=74576"}],"version-history":[{"count":0,"href":"https:\/\/redept.com.br\/blogosfera\/wp-json\/wp\/v2\/posts\/74576\/revisions"}],"wp:attachment":[{"href":"https:\/\/redept.com.br\/blogosfera\/wp-json\/wp\/v2\/media?parent=74576"}],"wp:term":[{"taxonomy":"category","embeddable":true,"href":"https:\/\/redept.com.br\/blogosfera\/wp-json\/wp\/v2\/categories?post=74576"},{"taxonomy":"post_tag","embeddable":true,"href":"https:\/\/redept.com.br\/blogosfera\/wp-json\/wp\/v2\/tags?post=74576"}],"curies":[{"name":"wp","href":"https:\/\/api.w.org\/{rel}","templated":true}]}}