{"id":74600,"date":"2026-02-16T21:34:55","date_gmt":"2026-02-17T00:34:55","guid":{"rendered":"https:\/\/redept.com.br\/blogosfera\/apos-ser-golpista-na-niteroi-temer-diz-que-tem-saudades-da-tuiuti-como-vampirao-da-reforma-trabalhista-video\/"},"modified":"2026-02-16T21:34:55","modified_gmt":"2026-02-17T00:34:55","slug":"apos-ser-golpista-na-niteroi-temer-diz-que-tem-saudades-da-tuiuti-como-vampirao-da-reforma-trabalhista-video","status":"publish","type":"post","link":"https:\/\/redept.com.br\/blogosfera\/apos-ser-golpista-na-niteroi-temer-diz-que-tem-saudades-da-tuiuti-como-vampirao-da-reforma-trabalhista-video\/","title":{"rendered":"Ap\u00f3s ser \u2018golpista\u2019 na Niter\u00f3i, Temer diz que tem \u2018saudades da Tuiuti\u2019 como \u2018vampir\u00e3o\u2019 da reforma trabalhista (v\u00eddeo)"},"content":{"rendered":"<p>&#8220;Cr\u00edtica social pela bajula\u00e7\u00e3o&#8221;, afirmou, classificando a encena\u00e7\u00e3o como &#8220;ilusionismo na Esplanada&#8221;; ex-presidente foi representado na comiss\u00e3o de frente da escola que homenageou Lula por integrante que arrancou a faixa presidencial de Dilma e colocou em si mesmo, em refer\u00eancia ao impeachment &#8211; referido como &#8220;Golpe 2016&#8221; por setores progressistas &#8211; RELEMBRE ESSE TRECHO<\/p>\n<p>O post Ap\u00f3s ser \u2018golpista\u2019 na Niter\u00f3i, Temer diz que tem \u2018saudades da Tuiuti\u2019 como \u2018vampir\u00e3o\u2019 da reforma trabalhista (v\u00eddeo) apareceu primeiro em .<\/p>\n<!-- Begin Yuzo --><div class='yuzo_related_post style-1'  data-version='5.12.89'><!-- without result --><div class='yuzo_clearfixed yuzo__title yuzo__title'><h3>Related Post<\/h3><\/div>\n\t\t\t\t\t\t  <div class=\"relatedthumb \" style=\"width:125px;float:left;overflow:hidden;\">  \n\t\t\t\t\t\t\t  \n\t\t\t\t\t\t\t  <a  href=\"https:\/\/redept.com.br\/blogosfera\/quebram-vidros-tiram-a-forca-e-prendem-ativista-denuncia-escalada-do-terror-contra-imigrantes-nos-eua\/\"  >\n\t\t\t\t\t\t\t\t\t  <div class=\"yuzo-img-wrap \" style=\"width: 125px;height:90px;\">\n\t\t\t\t\t\t\t\t\t\t\n\t\t\t\t\t\t\t\t\t\t<div class=\"yuzo-img\" style=\"background:url('https:\/\/redept.org\/blogosfera\/wp-content\/plugins\/yuzo-related-post\/assets\/images\/default.png') 50% 50% no-repeat;width: 125px;height:90px;margin-bottom: 5px;background-size: cover; \"><\/div>\n\t\t\t\t\t\t\t\t\t  <\/div>\n\t\t\t\t\t\t\t\t\t  \n\t\t\t\t\t\t\t\t   <span class=\"yuzo__text--title\" style=\"font-size:13px;\">\u2018Quebram vidros, tiram \u00e0 for\u00e7a e prendem\u2019: ativist...<\/span>\n\t\t\t\t\t\t\t  \n\t\t\t\t\t\t\t  \n\t\t\t\t\t\t\t  <\/a>\n\n\t\t\t\t\t\t  <\/div>\n\t\t\t\t\t\t  <div class=\"relatedthumb \" style=\"width:125px;float:left;overflow:hidden;\">  \n\t\t\t\t\t\t\t  \n\t\t\t\t\t\t\t  <a  href=\"https:\/\/redept.com.br\/blogosfera\/palestina-o-antes-e-depois-da-nakba-de-1948\/\"  >\n\t\t\t\t\t\t\t\t\t  <div class=\"yuzo-img-wrap \" style=\"width: 125px;height:90px;\">\n\t\t\t\t\t\t\t\t\t\t\n\t\t\t\t\t\t\t\t\t\t<div class=\"yuzo-img\" style=\"background:url('https:\/\/redept.com.br\/blogosfera\/wp-content\/uploads\/2025\/10\/Jerusalem_Day__1__IT_1653887879195-150x150.webp') 50% 50% no-repeat;width: 125px;height:90px;margin-bottom: 5px;background-size: cover; \"><\/div>\n\t\t\t\t\t\t\t\t\t  <\/div>\n\t\t\t\t\t\t\t\t\t  \n\t\t\t\t\t\t\t\t   <span class=\"yuzo__text--title\" style=\"font-size:13px;\">Palestina: o antes e depois da Nakba de 1948<\/span>\n\t\t\t\t\t\t\t  \n\t\t\t\t\t\t\t  \n\t\t\t\t\t\t\t  <\/a>\n\n\t\t\t\t\t\t  <\/div>\n\t\t\t\t\t\t  <div class=\"relatedthumb \" style=\"width:125px;float:left;overflow:hidden;\">  \n\t\t\t\t\t\t\t  \n\t\t\t\t\t\t\t  <a  href=\"https:\/\/redept.com.br\/blogosfera\/sem-anistia-entidades-do-rio-grande-do-sul-cobram-responsabilizacao-de-golpistas-do-8-de-janeiro\/\"  >\n\t\t\t\t\t\t\t\t\t  <div class=\"yuzo-img-wrap \" style=\"width: 125px;height:90px;\">\n\t\t\t\t\t\t\t\t\t\t\n\t\t\t\t\t\t\t\t\t\t<div class=\"yuzo-img\" style=\"background:url('https:\/\/redept.org\/blogosfera\/wp-content\/plugins\/yuzo-related-post\/assets\/images\/default.png') 50% 50% no-repeat;width: 125px;height:90px;margin-bottom: 5px;background-size: cover; \"><\/div>\n\t\t\t\t\t\t\t\t\t  <\/div>\n\t\t\t\t\t\t\t\t\t  \n\t\t\t\t\t\t\t\t   <span class=\"yuzo__text--title\" style=\"font-size:13px;\">Sem anistia: entidades do Rio Grande do Sul cobram...<\/span>\n\t\t\t\t\t\t\t  \n\t\t\t\t\t\t\t  \n\t\t\t\t\t\t\t  <\/a>\n\n\t\t\t\t\t\t  <\/div>\n\t\t\t\t\t\t  <div class=\"relatedthumb \" style=\"width:125px;float:left;overflow:hidden;\">  \n\t\t\t\t\t\t\t  \n\t\t\t\t\t\t\t  <a  href=\"https:\/\/redept.com.br\/blogosfera\/13-dicas-para-a-virada-do-ano-novo\/\"  >\n\t\t\t\t\t\t\t\t\t  <div class=\"yuzo-img-wrap \" style=\"width: 125px;height:90px;\">\n\t\t\t\t\t\t\t\t\t\t\n\t\t\t\t\t\t\t\t\t\t<div class=\"yuzo-img\" style=\"background:url('https:\/\/redept.com.br\/blogosfera\/wp-content\/uploads\/2024\/12\/DALLC2B7E-2024-12-26-14.56.47-A-festive-New-Years-scene-set-in-Brazil-with-the-iconic-landscape-of-Rio-de-Janeiro-as-the-background-featuring-landmarks-like-the-Sugarloaf-Mountai-150x150.webp') 50% 50% no-repeat;width: 125px;height:90px;margin-bottom: 5px;background-size: cover; \"><\/div>\n\t\t\t\t\t\t\t\t\t  <\/div>\n\t\t\t\t\t\t\t\t\t  \n\t\t\t\t\t\t\t\t   <span class=\"yuzo__text--title\" style=\"font-size:13px;\">13 dicas para a virada do ano novo<\/span>\n\t\t\t\t\t\t\t  \n\t\t\t\t\t\t\t  \n\t\t\t\t\t\t\t  <\/a>\n\n\t\t\t\t\t\t  <\/div>\n<\/div> <script>\n\t\t\t\t\t\t  jQuery(document).ready(function( $ ){\n\t\t\t\t\t\t\t\/\/jQuery('.yuzo_related_post').equalizer({ overflow : 'relatedthumb' });\n\t\t\t\t\t\t\tjQuery('.yuzo_related_post .yuzo_wraps').equalizer({ columns : '> div' });\n\t\t\t\t\t\t   })\n\t\t\t\t\t\t  <\/script> <!-- End Yuzo :) -->","protected":false},"excerpt":{"rendered":"<p>&#8220;Cr\u00edtica social pela bajula\u00e7\u00e3o&#8221;, afirmou, classificando a encena\u00e7\u00e3o como &#8220;ilusionismo na Esplanada&#8221;; ex-presidente foi representado na comiss\u00e3o de frente da escola que homenageou Lula por integrante que arrancou a faixa presidencial de Dilma e colocou em si mesmo, em refer\u00eancia ao impeachment &#8211; referido como &#8220;Golpe 2016&#8221; por setores progressistas &#8211; RELEMBRE ESSE TRECHO<\/p>\n<p>O post <a rel=\"nofollow\" href=\"https:\/\/urbsmagna.com\/temer-bajulacao-sapucai-lula-carnaval-saudades-tuiuti\/\">Ap\u00f3s ser \u2018golpista\u2019 na Niter\u00f3i, Temer diz que tem \u2018saudades da Tuiuti\u2019 como \u2018vampir\u00e3o\u2019 da reforma trabalhista (v\u00eddeo)<\/a> apareceu primeiro em <a rel=\"nofollow\" href=\"https:\/\/urbsmagna.com\/\"><\/a>.<\/p>\n","protected":false},"author":2,"featured_media":0,"comment_status":"open","ping_status":"closed","sticky":false,"template":"","format":"standard","meta":{"fifu_image_url":"","fifu_image_alt":"","footnotes":""},"categories":[34920,35932,45,2858,35855,35933,35934,35930,3308,1760,35935,17134,2129,35931,17,35936,112,35926,10990,35937,7820,191,132,5471,33320,35938,49,35939],"tags":[],"class_list":["post-74600","post","type-post","status-publish","format-standard","hentry","category-academicos-de-niteroi","category-bajulacao-sapucai","category-brasil","category-carnaval","category-carnaval-rio-2026","category-desfile-lula-sapucai","category-dilma-rousseff-impeachment","category-eleicoes-2018","category-eleicoes-2022","category-eleicoes-2026","category-flavio-bolsonaro-tse","category-golpe-2016","category-golpe-de-estado","category-golpe-eleitoral","category-governo-lula","category-ilusionismo-fiscal-temer","category-lula","category-lula-carnaval-2026","category-lula-iii","category-mdb-lula","category-michel-temer","category-noticias","category-politica","category-politica-nacional","category-propaganda-eleitoral-antecipada","category-pt-campanha-carnaval","category-rio-de-janeiro","category-saudades-da-tuiuti"],"_links":{"self":[{"href":"https:\/\/redept.com.br\/blogosfera\/wp-json\/wp\/v2\/posts\/74600","targetHints":{"allow":["GET"]}}],"collection":[{"href":"https:\/\/redept.com.br\/blogosfera\/wp-json\/wp\/v2\/posts"}],"about":[{"href":"https:\/\/redept.com.br\/blogosfera\/wp-json\/wp\/v2\/types\/post"}],"author":[{"embeddable":true,"href":"https:\/\/redept.com.br\/blogosfera\/wp-json\/wp\/v2\/users\/2"}],"replies":[{"embeddable":true,"href":"https:\/\/redept.com.br\/blogosfera\/wp-json\/wp\/v2\/comments?post=74600"}],"version-history":[{"count":0,"href":"https:\/\/redept.com.br\/blogosfera\/wp-json\/wp\/v2\/posts\/74600\/revisions"}],"wp:attachment":[{"href":"https:\/\/redept.com.br\/blogosfera\/wp-json\/wp\/v2\/media?parent=74600"}],"wp:term":[{"taxonomy":"category","embeddable":true,"href":"https:\/\/redept.com.br\/blogosfera\/wp-json\/wp\/v2\/categories?post=74600"},{"taxonomy":"post_tag","embeddable":true,"href":"https:\/\/redept.com.br\/blogosfera\/wp-json\/wp\/v2\/tags?post=74600"}],"curies":[{"name":"wp","href":"https:\/\/api.w.org\/{rel}","templated":true}]}}