{"id":7479,"date":"2024-12-06T16:57:31","date_gmt":"2024-12-06T19:57:31","guid":{"rendered":"https:\/\/redept.org\/blogosfera\/unidade-popular-promove-5o-curso-estadual-de-coordenacao-de-nucleos-em-sp\/"},"modified":"2024-12-06T16:57:31","modified_gmt":"2024-12-06T19:57:31","slug":"unidade-popular-promove-5o-curso-estadual-de-coordenacao-de-nucleos-em-sp","status":"publish","type":"post","link":"https:\/\/redept.com.br\/blogosfera\/unidade-popular-promove-5o-curso-estadual-de-coordenacao-de-nucleos-em-sp\/","title":{"rendered":"Unidade Popular promove 5\u00ba Curso Estadual de Coordena\u00e7\u00e3o de N\u00facleos em SP"},"content":{"rendered":"<p><strong>Nos dias 16 e 17 de novembro, dezenas de trabalhadoras e trabalhadores de cidades de todo o estado de S\u00e3o Paulo participaram do curso estadual de coordena\u00e7\u00e3o de n\u00facleos da Unidade Popular<\/strong><\/p>\n<p><strong>Amanda Bispo <\/strong><b>|<\/b> <strong>Executiva Estadual da UP S\u00e3o Paulo<\/strong><\/p>\n<hr>\n<p>Em clima de muita combatividade e disposi\u00e7\u00e3o de luta, nos dias 16 e 17 de novembro, a Unidade Popular pelo Socialismo realizou seu 5\u00ba Curso para Coordenadores(as) de N\u00facleo do partido no Estado de S\u00e3o Paulo. A atividade contou com a presen\u00e7a de mais de 70 trabalhadores e trabalhadoras, jovens, mulheres, negras e negros, de 25 diferentes cidades \u2013 representando ainda outras 70 cidades de suas regi\u00f5es no estado. S\u00e3o coordenadores dispostos a estudar e aprender para melhor organizar os n\u00facleos do partido, que devem ser cada vez mais ativos, filiando e lutando e que estejam junto de nossos movimentos sociais propagandeando as ideias do socialismo junto ao jornal <em>A Verdade<\/em>.<\/p>\n<p>\u201cA realiza\u00e7\u00e3o do curso \u00e9 essencial porque n\u00f3s que somos coordenadores cumprimos um papel importante na vida da UP e precisamos estudar e utilizar essa forma\u00e7\u00e3o para que os n\u00facleos da UP sejam vivos, estejam lutando pelos direitos do povo e fortalecidos na luta pela revolu\u00e7\u00e3o brasileira\u201d, afirmou Giovanni Costa, 24 anos, morador da cidade de Santos, coordenador do n\u00facleo da zona noroeste da cidade.<\/p>\n<p>A programa\u00e7\u00e3o come\u00e7ou com a execu\u00e7\u00e3o da Internacional Comunista e um debate em torno da conjuntura do Brasil e do estado de S\u00e3o Paulo e sobre a tarefa central dos comunistas hoje, que \u00e9 enfrentar o fascismo e propagandear as ideias do socialismo. Em seguida, debateu-se como devem funcionar os estudos dos n\u00facleos \u2013 tanto nas reuni\u00f5es, quanto individuais para os filiados \u2013 e como organizar o cotidiano de cada n\u00facleo. Segundo Tati Bornato, 42 anos, produtora audiovisual e respons\u00e1vel pela comiss\u00e3o de filia\u00e7\u00e3o de S\u00e3o Paulo, \u201cn\u00f3s devemos assumir para n\u00f3s e cumprir na pr\u00e1tica a tarefa de filiar ao milhares. Assim, teremos cada vez melhores condi\u00e7\u00f5es para enfrentar o fascismo no Brasil e crescer a luta pelo socialismo\u201d.<\/p>\n<h4><strong>Organizar as mulheres, principalmente as m\u00e3es<\/strong><\/h4>\n<figure aria-describedby=\"caption-attachment-54929\"><a href=\"https:\/\/redept.org\/blogosfera\/wp-content\/uploads\/2024\/12\/Foto-de-Guilherme1.jpg\"><img fetchpriority=\"high\" fetchpriority=\"high\" decoding=\"async\"src=\"https:\/\/redept.org\/blogosfera\/wp-content\/uploads\/2024\/12\/Foto-de-Guilherme1.jpg\" alt=\"Coordenadores participaram de s\u00e9rie de debates e aulas. Foto: JAV SP \" width=\"1600\" height=\"900\" srcset=\"https:\/\/redept.org\/blogosfera\/wp-content\/uploads\/2024\/12\/Foto-de-Guilherme1.jpg 1600w, https:\/\/averdade.org.br\/wp-content\/uploads\/2024\/12\/Foto-de-Guilherme1-350x197.jpg 350w, https:\/\/averdade.org.br\/wp-content\/uploads\/2024\/12\/Foto-de-Guilherme1-1024x576.jpg 1024w, https:\/\/averdade.org.br\/wp-content\/uploads\/2024\/12\/Foto-de-Guilherme1-250x141.jpg 250w, https:\/\/averdade.org.br\/wp-content\/uploads\/2024\/12\/Foto-de-Guilherme1-768x432.jpg 768w, https:\/\/averdade.org.br\/wp-content\/uploads\/2024\/12\/Foto-de-Guilherme1-1536x864.jpg 1536w, https:\/\/averdade.org.br\/wp-content\/uploads\/2024\/12\/Foto-de-Guilherme1-150x84.jpg 150w, https:\/\/averdade.org.br\/wp-content\/uploads\/2024\/12\/Foto-de-Guilherme1-300x169.jpg 300w, https:\/\/averdade.org.br\/wp-content\/uploads\/2024\/12\/Foto-de-Guilherme1-696x392.jpg 696w, https:\/\/averdade.org.br\/wp-content\/uploads\/2024\/12\/Foto-de-Guilherme1-1068x601.jpg 1068w\" sizes=\"(max-width: 1600px) 100vw, 1600px\"><\/a><figcaption>Coordenadores participaram de s\u00e9rie de debates e aulas. Foto: JAV SP<\/figcaption><\/figure>\n<p>Com muitas palavras de ordem que animaram o plen\u00e1rio, o segundo dia de curso teve como debate central o desafio da organiza\u00e7\u00e3o das mulheres trabalhadoras. \u201cAs mulheres s\u00e3o as mais oprimidas, as mais exploradas e precisamos trabalhar para garantir as condi\u00e7\u00f5es delas se filiarem e se organizarem nos n\u00facleos de nosso partido. Somente com as mulheres \u00e9 realmente poss\u00edvel sermos o partido da revolu\u00e7\u00e3o socialista\u201d, comentou Beatriz Zeballos de 23 anos, moradora do bairro Sapopemba na Zona Leste de S\u00e3o Paulo, trabalhadora do ramo t\u00eaxtil e respons\u00e1vel pela comiss\u00e3o de n\u00facleos da Capital.<\/p>\n<p>A professora do Ensino Fundamental e coordenadora do n\u00facleo de <a href=\"https:\/\/averdade.org.br\/2024\/11\/nasce-a-ocupacao-da-mulher-trabalhadora-alexina-crespo-em-suzano\/\">Suzano<\/a> da Unidade Popular, Josiely Maria, de 20 anos, refor\u00e7ou: \u201cN\u00f3s precisamos criar as condi\u00e7\u00f5es em nosso partido para fortalecer as mulheres negras, m\u00e3es, que sofrem cotidianamente com a viol\u00eancia do estado e a perda de seus filhos\u201d.<\/p>\n<p>O pr\u00f3prio curso contou com uma creche ao longo dos dois dias para garantir que m\u00e3es e pais presentes no curso pudessem de fato se concentrar enquanto seus filhos estavam em atividades de divers\u00e3o e estudo. Larissa Rinck, 37 anos, professora e coordenadora do n\u00facleo de Itu, expressou em sua fala: \u201cPara n\u00f3s, mulheres m\u00e3es, se organizar n\u00e3o \u00e9 f\u00e1cil. \u00c9 necess\u00e1ria uma organiza\u00e7\u00e3o com anteced\u00eancia e o acolhimento do partido e dos companheiros de luta para que a gente possa participar\u201d.<\/p>\n<p>O segundo dia contou ainda com o debate sobre o trabalho de agita\u00e7\u00e3o e propaganda, comunica\u00e7\u00e3o, filia\u00e7\u00f5es e a pol\u00edtica de autossustenta\u00e7\u00e3o do partido. Ao final, foram aprovadas como metas que cada coordenador ajude a fundar um novo n\u00facleo coordenado por uma mulher, ampliar a contribui\u00e7\u00e3o financeira individual e alcan\u00e7ar 3 mil filiados no Estado at\u00e9 o final do ano.<\/p>\n<h4><strong>Lutar e estudar, estudar e lutar<\/strong><\/h4>\n<p>O curso ainda contou com din\u00e2micas em seus dois dias, nas quais coordenadores de diferentes cidades e regi\u00f5es se reuniram em grupos e debateram os desafios concretos de seus n\u00facleos, para juntos apresentarem ao plen\u00e1rio propostas de solu\u00e7\u00f5es.<\/p>\n<p>A estrutura com prepara\u00e7\u00e3o de lanche e caf\u00e9 coletivo, al\u00e9m do almo\u00e7o servido no local e garantia de alojamento para quem veio do interior, contribu\u00edram para a concentra\u00e7\u00e3o e qualidade do curso. Tamb\u00e9m esteve presente durante os dois dias, a banquinha das Edi\u00e7\u00f5es Manoel Lisboa, que chegou a formar filas para compra de livros sobre o socialismo, o marxismo, o materialismo hist\u00f3rico-dial\u00e9tico e literatura.<\/p>\n<p>Eder Modanez, 41 anos, ilustrador e morador da cidade de Cordeir\u00f3polis (a 378 km de dist\u00e2ncia da capital), participa de um dos n\u00facleos <em>online<\/em> que abrange parte do interior e apresentou: \u201cA import\u00e2ncia de estar aqui hoje para mim \u00e9 perceber a diferen\u00e7a dos socialistas, o clima de camaradagem. Desde a vinda at\u00e9 aqui e a estadia, conhecer os coordenadores de outras cidades e o que \u00e9 importante para todos os militantes da UP\u201d.<\/p>\n<p>O curso foi conclu\u00eddo com a reafirma\u00e7\u00e3o da certeza da vit\u00f3ria da classe trabalhadora na luta por sua liberta\u00e7\u00e3o, que fica ainda mais pr\u00f3xima com melhores condi\u00e7\u00f5es de organiza\u00e7\u00e3o dos <a href=\"https:\/\/www.instagram.com\/p\/DCfek8QNA7s\/?img_index=1\">n\u00facleos da Unidade Popular<\/a>. Para todos os participantes, ampliou-se a disposi\u00e7\u00e3o de enfrentar de cabe\u00e7a erguida e com coragem revolucion\u00e1ria os desafios do crescimento da UP e da luta pelo socialismo no Brasil.<\/p>\n<!-- Begin Yuzo --><div class='yuzo_related_post style-1'  data-version='5.12.89'><!-- without result --><div class='yuzo_clearfixed yuzo__title yuzo__title'><h3>Related Post<\/h3><\/div>\n\t\t\t\t\t\t  <div class=\"relatedthumb \" style=\"width:125px;float:left;overflow:hidden;\">  \n\t\t\t\t\t\t\t  \n\t\t\t\t\t\t\t  <a  href=\"https:\/\/redept.com.br\/blogosfera\/piso-salarial-dos-professores-tem-reajuste-acima-da-inflacao\/\"  >\n\t\t\t\t\t\t\t\t\t  <div class=\"yuzo-img-wrap \" style=\"width: 125px;height:90px;\">\n\t\t\t\t\t\t\t\t\t\t\n\t\t\t\t\t\t\t\t\t\t<div class=\"yuzo-img\" style=\"background:url('https:\/\/redept.org\/blogosfera\/wp-content\/plugins\/yuzo-related-post\/assets\/images\/default.png') 50% 50% no-repeat;width: 125px;height:90px;margin-bottom: 5px;background-size: cover; \"><\/div>\n\t\t\t\t\t\t\t\t\t  <\/div>\n\t\t\t\t\t\t\t\t\t  \n\t\t\t\t\t\t\t\t   <span class=\"yuzo__text--title\" style=\"font-size:13px;\">Piso salarial dos professores tem reajuste acima d...<\/span>\n\t\t\t\t\t\t\t  \n\t\t\t\t\t\t\t  \n\t\t\t\t\t\t\t  <\/a>\n\n\t\t\t\t\t\t  <\/div>\n\t\t\t\t\t\t  <div class=\"relatedthumb \" style=\"width:125px;float:left;overflow:hidden;\">  \n\t\t\t\t\t\t\t  \n\t\t\t\t\t\t\t  <a  href=\"https:\/\/redept.com.br\/blogosfera\/por-uma-soberania-popular-de-dados\/\"  >\n\t\t\t\t\t\t\t\t\t  <div class=\"yuzo-img-wrap \" style=\"width: 125px;height:90px;\">\n\t\t\t\t\t\t\t\t\t\t\n\t\t\t\t\t\t\t\t\t\t<div class=\"yuzo-img\" style=\"background:url('https:\/\/redept.com.br\/blogosfera\/wp-content\/uploads\/2025\/09\/20140830132500877288e-150x150.jpeg') 50% 50% no-repeat;width: 125px;height:90px;margin-bottom: 5px;background-size: cover; \"><\/div>\n\t\t\t\t\t\t\t\t\t  <\/div>\n\t\t\t\t\t\t\t\t\t  \n\t\t\t\t\t\t\t\t   <span class=\"yuzo__text--title\" style=\"font-size:13px;\">Por uma soberania popular de dados<\/span>\n\t\t\t\t\t\t\t  \n\t\t\t\t\t\t\t  \n\t\t\t\t\t\t\t  <\/a>\n\n\t\t\t\t\t\t  <\/div>\n\t\t\t\t\t\t  <div class=\"relatedthumb \" style=\"width:125px;float:left;overflow:hidden;\">  \n\t\t\t\t\t\t\t  \n\t\t\t\t\t\t\t  <a  href=\"https:\/\/redept.com.br\/blogosfera\/a-ameaca-da-ultradireita-e-do-imperialismo-foram-temas-de-debate-na-conferencia-antifascista\/\"  >\n\t\t\t\t\t\t\t\t\t  <div class=\"yuzo-img-wrap \" style=\"width: 125px;height:90px;\">\n\t\t\t\t\t\t\t\t\t\t\n\t\t\t\t\t\t\t\t\t\t<div class=\"yuzo-img\" style=\"background:url('https:\/\/redept.org\/blogosfera\/wp-content\/plugins\/yuzo-related-post\/assets\/images\/default.png') 50% 50% no-repeat;width: 125px;height:90px;margin-bottom: 5px;background-size: cover; \"><\/div>\n\t\t\t\t\t\t\t\t\t  <\/div>\n\t\t\t\t\t\t\t\t\t  \n\t\t\t\t\t\t\t\t   <span class=\"yuzo__text--title\" style=\"font-size:13px;\">A amea\u00e7a da ultradireita e do imperialismo foram t...<\/span>\n\t\t\t\t\t\t\t  \n\t\t\t\t\t\t\t  \n\t\t\t\t\t\t\t  <\/a>\n\n\t\t\t\t\t\t  <\/div>\n\t\t\t\t\t\t  <div class=\"relatedthumb \" style=\"width:125px;float:left;overflow:hidden;\">  \n\t\t\t\t\t\t\t  \n\t\t\t\t\t\t\t  <a  href=\"https:\/\/redept.com.br\/blogosfera\/centrais-sindicais-argentinas-preparam-greve-geral-de-24-horas\/\"  >\n\t\t\t\t\t\t\t\t\t  <div class=\"yuzo-img-wrap \" style=\"width: 125px;height:90px;\">\n\t\t\t\t\t\t\t\t\t\t\n\t\t\t\t\t\t\t\t\t\t<div class=\"yuzo-img\" style=\"background:url('https:\/\/redept.org\/blogosfera\/wp-content\/plugins\/yuzo-related-post\/assets\/images\/default.png') 50% 50% no-repeat;width: 125px;height:90px;margin-bottom: 5px;background-size: cover; \"><\/div>\n\t\t\t\t\t\t\t\t\t  <\/div>\n\t\t\t\t\t\t\t\t\t  \n\t\t\t\t\t\t\t\t   <span class=\"yuzo__text--title\" style=\"font-size:13px;\">Centrais sindicais argentinas preparam greve geral...<\/span>\n\t\t\t\t\t\t\t  \n\t\t\t\t\t\t\t  \n\t\t\t\t\t\t\t  <\/a>\n\n\t\t\t\t\t\t  <\/div>\n<\/div> <script>\n\t\t\t\t\t\t  jQuery(document).ready(function( $ ){\n\t\t\t\t\t\t\t\/\/jQuery('.yuzo_related_post').equalizer({ overflow : 'relatedthumb' });\n\t\t\t\t\t\t\tjQuery('.yuzo_related_post .yuzo_wraps').equalizer({ columns : '> div' });\n\t\t\t\t\t\t   })\n\t\t\t\t\t\t  <\/script> <!-- End Yuzo :) -->","protected":false},"excerpt":{"rendered":"<p>Nos dias 16 e 17 de novembro, dezenas de trabalhadoras e trabalhadores de cidades de todo o estado de S\u00e3o Paulo participaram do curso estadual de coordena\u00e7\u00e3o de n\u00facleos da Unidade Popular Amanda Bispo | Executiva Estadual da UP S\u00e3o Paulo Em clima de muita combatividade e disposi\u00e7\u00e3o de luta, nos dias 16 e 17 [&hellip;]<\/p>\n","protected":false},"author":2,"featured_media":7480,"comment_status":"open","ping_status":"closed","sticky":false,"template":"","format":"standard","meta":{"fifu_image_url":"","fifu_image_alt":"","footnotes":""},"categories":[45,2544,2545,29,754,2546],"tags":[],"class_list":["post-7479","post","type-post","status-publish","format-standard","has-post-thumbnail","hentry","category-brasil","category-nucleos","category-organizacao","category-sao-paulo","category-unidade-popular","category-up"],"_links":{"self":[{"href":"https:\/\/redept.com.br\/blogosfera\/wp-json\/wp\/v2\/posts\/7479","targetHints":{"allow":["GET"]}}],"collection":[{"href":"https:\/\/redept.com.br\/blogosfera\/wp-json\/wp\/v2\/posts"}],"about":[{"href":"https:\/\/redept.com.br\/blogosfera\/wp-json\/wp\/v2\/types\/post"}],"author":[{"embeddable":true,"href":"https:\/\/redept.com.br\/blogosfera\/wp-json\/wp\/v2\/users\/2"}],"replies":[{"embeddable":true,"href":"https:\/\/redept.com.br\/blogosfera\/wp-json\/wp\/v2\/comments?post=7479"}],"version-history":[{"count":0,"href":"https:\/\/redept.com.br\/blogosfera\/wp-json\/wp\/v2\/posts\/7479\/revisions"}],"wp:featuredmedia":[{"embeddable":true,"href":"https:\/\/redept.com.br\/blogosfera\/wp-json\/wp\/v2\/media\/7480"}],"wp:attachment":[{"href":"https:\/\/redept.com.br\/blogosfera\/wp-json\/wp\/v2\/media?parent=7479"}],"wp:term":[{"taxonomy":"category","embeddable":true,"href":"https:\/\/redept.com.br\/blogosfera\/wp-json\/wp\/v2\/categories?post=7479"},{"taxonomy":"post_tag","embeddable":true,"href":"https:\/\/redept.com.br\/blogosfera\/wp-json\/wp\/v2\/tags?post=7479"}],"curies":[{"name":"wp","href":"https:\/\/api.w.org\/{rel}","templated":true}]}}