{"id":74803,"date":"2026-02-19T08:52:19","date_gmt":"2026-02-19T11:52:19","guid":{"rendered":"https:\/\/redept.com.br\/blogosfera\/brasil-se-une-a-mais-de-90-nacoes-e-cobra-reversao-imediata-de-israel-na-onu-por-expansao-na-cisjordania\/"},"modified":"2026-02-19T08:52:19","modified_gmt":"2026-02-19T11:52:19","slug":"brasil-se-une-a-mais-de-90-nacoes-e-cobra-reversao-imediata-de-israel-na-onu-por-expansao-na-cisjordania","status":"publish","type":"post","link":"https:\/\/redept.com.br\/blogosfera\/brasil-se-une-a-mais-de-90-nacoes-e-cobra-reversao-imediata-de-israel-na-onu-por-expansao-na-cisjordania\/","title":{"rendered":"Brasil se une a mais de 90 na\u00e7\u00f5es e cobra revers\u00e3o imediata de Israel na ONU por expans\u00e3o na Cisjord\u00e2nia"},"content":{"rendered":"<p>Declara\u00e7\u00e3o conjunta apresentada em Nova York refor\u00e7a rep\u00fadio global \u00e0 ocupa\u00e7\u00e3o ilegal e alerta para risco iminente de anexa\u00e7\u00e3o de fato, enquanto o Itamaraty reafirma compromisso com a solu\u00e7\u00e3o de dois Estados<\/p>\n<p>O post Brasil se une a mais de 90 na\u00e7\u00f5es e cobra revers\u00e3o imediata de Israel na ONU por expans\u00e3o na Cisjord\u00e2nia apareceu primeiro em .<\/p>\n<!-- Begin Yuzo --><div class='yuzo_related_post style-1'  data-version='5.12.89'><!-- without result --><div class='yuzo_clearfixed yuzo__title yuzo__title'><h3>Related Post<\/h3><\/div>\n\t\t\t\t\t\t  <div class=\"relatedthumb \" style=\"width:125px;float:left;overflow:hidden;\">  \n\t\t\t\t\t\t\t  \n\t\t\t\t\t\t\t  <a  href=\"https:\/\/redept.com.br\/blogosfera\/greve-da-educacao-de-mg-ganha-as-ruas-e-pressiona-governo-zema-por-negociacao\/\"  >\n\t\t\t\t\t\t\t\t\t  <div class=\"yuzo-img-wrap \" style=\"width: 125px;height:90px;\">\n\t\t\t\t\t\t\t\t\t\t\n\t\t\t\t\t\t\t\t\t\t<div class=\"yuzo-img\" style=\"background:url('https:\/\/redept.org\/blogosfera\/wp-content\/plugins\/yuzo-related-post\/assets\/images\/default.png') 50% 50% no-repeat;width: 125px;height:90px;margin-bottom: 5px;background-size: cover; \"><\/div>\n\t\t\t\t\t\t\t\t\t  <\/div>\n\t\t\t\t\t\t\t\t\t  \n\t\t\t\t\t\t\t\t   <span class=\"yuzo__text--title\" style=\"font-size:13px;\">Greve da educa\u00e7\u00e3o de MG ganha as ruas e pressiona ...<\/span>\n\t\t\t\t\t\t\t  \n\t\t\t\t\t\t\t  \n\t\t\t\t\t\t\t  <\/a>\n\n\t\t\t\t\t\t  <\/div>\n\t\t\t\t\t\t  <div class=\"relatedthumb \" style=\"width:125px;float:left;overflow:hidden;\">  \n\t\t\t\t\t\t\t  \n\t\t\t\t\t\t\t  <a  href=\"https:\/\/redept.com.br\/blogosfera\/pf-indicia-ex-assessor-de-alexandre-de-moraes-por-vazar-informacoes-a-imprensa\/\"  >\n\t\t\t\t\t\t\t\t\t  <div class=\"yuzo-img-wrap \" style=\"width: 125px;height:90px;\">\n\t\t\t\t\t\t\t\t\t\t\n\t\t\t\t\t\t\t\t\t\t<div class=\"yuzo-img\" style=\"background:url('https:\/\/redept.org\/blogosfera\/wp-content\/plugins\/yuzo-related-post\/assets\/images\/default.png') 50% 50% no-repeat;width: 125px;height:90px;margin-bottom: 5px;background-size: cover; \"><\/div>\n\t\t\t\t\t\t\t\t\t  <\/div>\n\t\t\t\t\t\t\t\t\t  \n\t\t\t\t\t\t\t\t   <span class=\"yuzo__text--title\" style=\"font-size:13px;\">PF indicia ex-assessor de Alexandre de Moraes por ...<\/span>\n\t\t\t\t\t\t\t  \n\t\t\t\t\t\t\t  \n\t\t\t\t\t\t\t  <\/a>\n\n\t\t\t\t\t\t  <\/div>\n\t\t\t\t\t\t  <div class=\"relatedthumb \" style=\"width:125px;float:left;overflow:hidden;\">  \n\t\t\t\t\t\t\t  \n\t\t\t\t\t\t\t  <a  href=\"https:\/\/redept.com.br\/blogosfera\/lula-defende-taxar-merreca-dos-ricos-para-beneficiar-mais-pobres\/\"  >\n\t\t\t\t\t\t\t\t\t  <div class=\"yuzo-img-wrap \" style=\"width: 125px;height:90px;\">\n\t\t\t\t\t\t\t\t\t\t\n\t\t\t\t\t\t\t\t\t\t<div class=\"yuzo-img\" style=\"background:url('https:\/\/redept.com.br\/blogosfera\/wp-content\/uploads\/2025\/07\/54632913934_6834a6b8b5_c-2-150x150.jpg') 50% 50% no-repeat;width: 125px;height:90px;margin-bottom: 5px;background-size: cover; \"><\/div>\n\t\t\t\t\t\t\t\t\t  <\/div>\n\t\t\t\t\t\t\t\t\t  \n\t\t\t\t\t\t\t\t   <span class=\"yuzo__text--title\" style=\"font-size:13px;\">Lula defende taxar \u201cmerreca\u201d dos ricos para benefi...<\/span>\n\t\t\t\t\t\t\t  \n\t\t\t\t\t\t\t  \n\t\t\t\t\t\t\t  <\/a>\n\n\t\t\t\t\t\t  <\/div>\n\t\t\t\t\t\t  <div class=\"relatedthumb \" style=\"width:125px;float:left;overflow:hidden;\">  \n\t\t\t\t\t\t\t  \n\t\t\t\t\t\t\t  <a  href=\"https:\/\/redept.com.br\/blogosfera\/mp-da-venezuela-afirma-ter-desmantelado-organizacao-criminosa-trem-de-aragua-enquadrada-por-trump-como-terrorista\/\"  >\n\t\t\t\t\t\t\t\t\t  <div class=\"yuzo-img-wrap \" style=\"width: 125px;height:90px;\">\n\t\t\t\t\t\t\t\t\t\t\n\t\t\t\t\t\t\t\t\t\t<div class=\"yuzo-img\" style=\"background:url('https:\/\/redept.org\/blogosfera\/wp-content\/plugins\/yuzo-related-post\/assets\/images\/default.png') 50% 50% no-repeat;width: 125px;height:90px;margin-bottom: 5px;background-size: cover; \"><\/div>\n\t\t\t\t\t\t\t\t\t  <\/div>\n\t\t\t\t\t\t\t\t\t  \n\t\t\t\t\t\t\t\t   <span class=\"yuzo__text--title\" style=\"font-size:13px;\">MP da Venezuela afirma ter desmantelado organiza\u00e7\u00e3...<\/span>\n\t\t\t\t\t\t\t  \n\t\t\t\t\t\t\t  \n\t\t\t\t\t\t\t  <\/a>\n\n\t\t\t\t\t\t  <\/div>\n<\/div> <script>\n\t\t\t\t\t\t  jQuery(document).ready(function( $ ){\n\t\t\t\t\t\t\t\/\/jQuery('.yuzo_related_post').equalizer({ overflow : 'relatedthumb' });\n\t\t\t\t\t\t\tjQuery('.yuzo_related_post .yuzo_wraps').equalizer({ columns : '> div' });\n\t\t\t\t\t\t   })\n\t\t\t\t\t\t  <\/script> <!-- End Yuzo :) -->","protected":false},"excerpt":{"rendered":"<p>Declara\u00e7\u00e3o conjunta apresentada em Nova York refor\u00e7a rep\u00fadio global \u00e0 ocupa\u00e7\u00e3o ilegal e alerta para risco iminente de anexa\u00e7\u00e3o de fato, enquanto o Itamaraty reafirma compromisso com a solu\u00e7\u00e3o de dois Estados<\/p>\n<p>O post <a rel=\"nofollow\" href=\"https:\/\/urbsmagna.com\/brasil-se-une-a-mais-de-90-nacoes-e-cobra-reversao-imediata-de-israel-na-onu-por-expansao-na-cisjordania\/\">Brasil se une a mais de 90 na\u00e7\u00f5es e cobra revers\u00e3o imediata de Israel na ONU por expans\u00e3o na Cisjord\u00e2nia<\/a> apareceu primeiro em <a rel=\"nofollow\" href=\"https:\/\/urbsmagna.com\/\"><\/a>.<\/p>\n","protected":false},"author":2,"featured_media":0,"comment_status":"open","ping_status":"closed","sticky":false,"template":"","format":"standard","meta":{"fifu_image_url":"","fifu_image_alt":"","footnotes":""},"categories":[36084,36085,17999,36086,36087,36088,3658,21148,36089,36090,36091,50,36092,191,267,238,332,5471,36093,36094,11878],"tags":[],"class_list":["post-74803","post","type-post","status-publish","format-standard","hentry","category-anexacao-de-fato-cisjordania","category-antonio-guterres-cisjordania","category-brasil-e-politica-externa","category-brasil-israel-onu","category-comunicado-onu-brasil","category-condenacao-israel-cisjordania","category-conflito-israel-palestina","category-conflitos-no-oriente-medio","category-declaracao-conjunta-onu-2026","category-direito-internacional-israel","category-expansao-assentamentos-israelenses","category-internacional","category-itamaraty-israel","category-noticias","category-onu","category-oriente-medio","category-politica-externa","category-politica-nacional","category-riyad-mansour-onu","category-sergio-franca-danese","category-solucao-dois-estados"],"_links":{"self":[{"href":"https:\/\/redept.com.br\/blogosfera\/wp-json\/wp\/v2\/posts\/74803","targetHints":{"allow":["GET"]}}],"collection":[{"href":"https:\/\/redept.com.br\/blogosfera\/wp-json\/wp\/v2\/posts"}],"about":[{"href":"https:\/\/redept.com.br\/blogosfera\/wp-json\/wp\/v2\/types\/post"}],"author":[{"embeddable":true,"href":"https:\/\/redept.com.br\/blogosfera\/wp-json\/wp\/v2\/users\/2"}],"replies":[{"embeddable":true,"href":"https:\/\/redept.com.br\/blogosfera\/wp-json\/wp\/v2\/comments?post=74803"}],"version-history":[{"count":0,"href":"https:\/\/redept.com.br\/blogosfera\/wp-json\/wp\/v2\/posts\/74803\/revisions"}],"wp:attachment":[{"href":"https:\/\/redept.com.br\/blogosfera\/wp-json\/wp\/v2\/media?parent=74803"}],"wp:term":[{"taxonomy":"category","embeddable":true,"href":"https:\/\/redept.com.br\/blogosfera\/wp-json\/wp\/v2\/categories?post=74803"},{"taxonomy":"post_tag","embeddable":true,"href":"https:\/\/redept.com.br\/blogosfera\/wp-json\/wp\/v2\/tags?post=74803"}],"curies":[{"name":"wp","href":"https:\/\/api.w.org\/{rel}","templated":true}]}}