{"id":7486,"date":"2024-12-06T16:35:13","date_gmt":"2024-12-06T19:35:13","guid":{"rendered":"https:\/\/redept.org\/blogosfera\/assembleia-da-ctb-mobiliza-a-favor-da-isencao-do-ir-e-fim-da-escala-6x1\/"},"modified":"2024-12-06T16:35:13","modified_gmt":"2024-12-06T19:35:13","slug":"assembleia-da-ctb-mobiliza-a-favor-da-isencao-do-ir-e-fim-da-escala-6x1","status":"publish","type":"post","link":"https:\/\/redept.com.br\/blogosfera\/assembleia-da-ctb-mobiliza-a-favor-da-isencao-do-ir-e-fim-da-escala-6x1\/","title":{"rendered":"Assembleia da CTB mobiliza a favor da isen\u00e7\u00e3o do IR e fim da escala 6\u00d71"},"content":{"rendered":"<p><img loading=\"lazy\" width=\"1024\" height=\"576\"src=\"https:\/\/redept.org\/blogosfera\/wp-content\/uploads\/2024\/12\/Design-sem-nome-1.png\" alt=\"\" decoding=\"async\" loading=\"lazy\" srcset=\"https:\/\/vermelho.org.br\/wp-content\/uploads\/2024\/12\/Design-sem-nome-1-1024x576.png 1024w, https:\/\/vermelho.org.br\/wp-content\/uploads\/2024\/12\/Design-sem-nome-1-300x169.png 300w, https:\/\/vermelho.org.br\/wp-content\/uploads\/2024\/12\/Design-sem-nome-1-768x432.png 768w, https:\/\/redept.org\/blogosfera\/wp-content\/uploads\/2024\/12\/Design-sem-nome-1.png 1366w\" sizes=\"auto, (max-width: 1024px) 100vw, 1024px\"><\/p>\n<p>Na abertura da Assembleia Geral da Classe Trabalhadora, realizada virtualmente na quinta-feira (5), Adilson Ara\u00fajo, presidente da Central dos Trabalhadores e Trabalhadoras do Brasil (CTB), fez um contundente diagn\u00f3stico sobre os desafios enfrentados pelo movimento sindical e pela classe trabalhadora no Brasil. Ele destacou quest\u00f5es centrais, como a corre\u00e7\u00e3o da tabela do Imposto de Renda com isen\u00e7\u00e3o para rendas de at\u00e9 R$ 5 mil, a redu\u00e7\u00e3o da jornada de trabalho sem diminui\u00e7\u00e3o salarial e a necessidade de enfrentar os juros elevados que comprometem a economia.<\/p>\n<p>O evento, que inaugura uma s\u00e9rie de encontros planejados para fortalecer a mobiliza\u00e7\u00e3o dos trabalhadores, serviu como espa\u00e7o para cr\u00edticas ao desmonte de direitos trabalhistas e para a proposi\u00e7\u00e3o de estrat\u00e9gias de articula\u00e7\u00e3o sindical.<\/p>\n<p><strong>\u201cArcabou\u00e7o sindical ferido de morte\u201d<\/strong><\/p>\n<p>Adilson iniciou seu discurso contextualizando os retrocessos enfrentados pelo movimento sindical desde 2016, com o impeachment de Dilma Rousseff. Segundo ele, reformas como a trabalhista, previdenci\u00e1ria e a terceiriza\u00e7\u00e3o irrestrita desfiguraram conquistas hist\u00f3ricas.<\/p>\n<blockquote>\n<p>\u201cO arcabou\u00e7o sindical foi profundamente desfigurado. Hoje, enfrentamos um pleno emprego prec\u00e1rio, marcado pela informalidade e pela aus\u00eancia de prote\u00e7\u00e3o social\u201d, disse.<\/p>\n<\/blockquote>\n<p>Ele destacou que a prioriza\u00e7\u00e3o de pol\u00edticas econ\u00f4micas liberais aumentou a precariza\u00e7\u00e3o do trabalho e as desigualdades sociais.<\/p>\n<p><strong>Corre\u00e7\u00e3o da tabela do Imposto de Renda<\/strong><\/p>\n<p>Uma das pautas centrais do discurso foi a defasagem da tabela do Imposto de Renda, que acumula 167% desde a \u00faltima atualiza\u00e7\u00e3o significativa, em 2015. Para Ara\u00fajo, a corre\u00e7\u00e3o da tabela para isentar rendimentos de at\u00e9 R$ 5 mil \u00e9 uma demanda hist\u00f3rica que precisa ser atendida.<\/p>\n<blockquote>\n<p>\u201cA n\u00e3o corre\u00e7\u00e3o penaliza os trabalhadores de baixa renda e sobrecarrega a classe m\u00e9dia com uma carga tribut\u00e1ria desproporcional. Esse debate precisa ser centralizado no governo\u201d, afirmou.<\/p>\n<\/blockquote>\n<p>Embora tenha reconhecido avan\u00e7os do governo Lula no tema, ele apontou que a atual faixa de isen\u00e7\u00e3o de R$ 2.259 ainda est\u00e1 aqu\u00e9m da promessa de campanha.<\/p>\n<p><strong>Cr\u00edticas \u00e0 pol\u00edtica fiscal e ao Banco Central<\/strong><\/p>\n<p>O presidente da CTB tamb\u00e9m criticou o arcabou\u00e7o fiscal do governo, liderado pelo ministro Fernando Haddad, e a autonomia do Banco Central, que ele v\u00ea como entraves ao crescimento econ\u00f4mico.<\/p>\n<blockquote>\n<p>\u201cO Brasil pratica juros mais altos do que pa\u00edses em guerra, sufocando o cr\u00e9dito e os investimentos. Enquanto isso, medidas de disciplina fiscal atingem diretamente os mais vulner\u00e1veis\u201d, criticou.<\/p>\n<\/blockquote>\n<p>Ele destacou que as pol\u00edticas atuais impedem um crescimento econ\u00f4mico sustent\u00e1vel e a gera\u00e7\u00e3o de empregos de qualidade.<\/p>\n<p><strong>Valoriza\u00e7\u00e3o do sal\u00e1rio m\u00ednimo e mobiliza\u00e7\u00e3o unificada<\/strong><\/p>\n<p>Outro ponto abordado foi a necessidade de refor\u00e7ar a pol\u00edtica de valoriza\u00e7\u00e3o do sal\u00e1rio m\u00ednimo, para recuperar o poder de compra e fortalecer o mercado interno. Ele criticou proje\u00e7\u00f5es de aumento salarial que, segundo ele, podem agravar a desigualdade social em 2025.<\/p>\n<p>A constru\u00e7\u00e3o de uma campanha salarial nacional unificada foi apontada como prioridade para os pr\u00f3ximos meses. Ara\u00fajo defendeu a\u00e7\u00f5es de base e a retomada de mobiliza\u00e7\u00f5es de rua para sensibilizar a sociedade sobre as pautas trabalhistas.<\/p>\n<blockquote>\n<p>\u201cPrecisamos construir um movimento que ganhe o ch\u00e3o das f\u00e1bricas e dialogue diretamente com os trabalhadores. A unidade \u00e9 essencial para enfrentarmos a precariza\u00e7\u00e3o e garantirmos direitos\u201d, afirmou.<\/p>\n<\/blockquote>\n<p>Adilson sugeriu uma agenda de mobiliza\u00e7\u00e3o ainda em dezembro, com assembleias, paralisa\u00e7\u00f5es e produ\u00e7\u00e3o de materiais informativos para engajar os trabalhadores.<\/p>\n<blockquote>\n<p>\u201cO ano de 2025 ser\u00e1 decisivo para a batalha que enfrentaremos em 2026. \u00c9 hora de sacudir a poeira e recuperar o tempo perdido\u201d, concluiu.<\/p>\n<\/blockquote>\n<p><strong>Um debate qualificado<\/strong><\/p>\n<p>O encontro reuniu lideran\u00e7as sindicais, economistas e trabalhadores de diversos setores, destacando a urg\u00eancia de mudan\u00e7as estruturais no mercado de trabalho brasileiro.<\/p>\n<p>Rodrigo Callais, diretor da CTB Nacional e presidente do Sindicato dos Trabalhadores de Hotelaria e Gastronomia de Gramado, fez uma das apresenta\u00e7\u00f5es do encontro. Em um discurso incisivo, Callais defendeu o fim da jornada de trabalho 6\u00d71, apontando seus efeitos devastadores sobre a sa\u00fade e o bem-estar dos trabalhadores.<\/p>\n<p><strong>\u201cUma pauta de car\u00e1ter civilizat\u00f3rio\u201d<\/strong><\/p>\n<p>Para Callais, a luta pela redu\u00e7\u00e3o da jornada transcende as demandas sindicais. \u201cEstamos falando do direito ao conv\u00edvio familiar, ao lazer, ao esporte e \u00e0 educa\u00e7\u00e3o. A jornada 6\u00d71 adoece f\u00edsica e mentalmente a classe trabalhadora, privando-a de uma vida digna\u201d, declarou.<\/p>\n<p>O dirigente ressaltou o crescimento do movimento Vida Al\u00e9m do Trabalho (VAT), iniciado por um comerci\u00e1rio do Rio de Janeiro, que vem ganhando for\u00e7a nas redes sociais. \u201cA ades\u00e3o ao VAT representa uma renova\u00e7\u00e3o na luta sindical, especialmente entre os jovens, que s\u00e3o os mais impactados por jornadas extenuantes\u201d, afirmou.<\/p>\n<p>Callais apresentou dados alarmantes: cerca de 65% dos contratos formais no Brasil seguem a escala 6\u00d71, afetando 32 milh\u00f5es de trabalhadores. No setor informal, as jornadas frequentemente ultrapassam as 44 horas semanais, agravando a precariza\u00e7\u00e3o. Ele tamb\u00e9m sublinhou o impacto desproporcional nas mulheres, que enfrentam a dupla jornada de trabalho formal e dom\u00e9stico.<\/p>\n<p><strong>Precariza\u00e7\u00e3o e informalidade<\/strong><\/p>\n<p>O economista Luiz Gonzaga Belluzzo destacou a relev\u00e2ncia da proposta de duas folgas semanais, comparando a realidade brasileira aos avan\u00e7os de pa\u00edses europeus que reduziram suas jornadas de trabalho. \u201cEstamos em um contexto em que a precariza\u00e7\u00e3o ainda \u00e9 dominante. Precisamos enfrentar essa realidade com mobiliza\u00e7\u00e3o popular\u201d, afirmou.<\/p>\n<p>Belluzzo tamb\u00e9m criticou a explora\u00e7\u00e3o promovida pelas plataformas digitais, onde motoristas e entregadores enfrentam condi\u00e7\u00f5es de trabalho extenuantes. \u201cA economia das plataformas \u00e9 um mecanismo de explora\u00e7\u00e3o que n\u00e3o remunera de forma digna\u201d, ressaltou.<\/p>\n<p>Adriana Marcolino, do Departamento Intersindical de Estat\u00edstica e Estudos Socioecon\u00f4micos (Dieese), refor\u00e7ou que a redu\u00e7\u00e3o da jornada para 40 horas poderia gerar 3 milh\u00f5es de novos postos de trabalho. \u201cEssa medida promoveria maior inclus\u00e3o e uma divis\u00e3o mais justa do tempo entre trabalho e vida pessoal\u201d, analisou.<\/p>\n<p><strong>Mobiliza\u00e7\u00e3o sindical ganha for\u00e7a<\/strong><\/p>\n<p>Callais enfatizou que a luta pelo fim da jornada 6\u00d71 j\u00e1 \u00e9 prioridade no Rio Grande do Sul e destacou a import\u00e2ncia de campanhas regionais para engajar a classe trabalhadora. \u201cPrecisamos organizar atos, ocupar as ruas e mostrar que essa luta \u00e9 de todos\u201d, disse.<\/p>\n<p>Com um tom otimista, o dirigente da CTB reafirmou o compromisso da juventude trabalhadora em liderar o movimento por uma sociedade mais justa. \u201cAcreditamos que essa mobiliza\u00e7\u00e3o pode transformar a vida dos trabalhadores, entregando a eles o direito a uma vida al\u00e9m do trabalho\u201d, concluiu.<\/p>\n<p>A assembleia refor\u00e7ou a necessidade de articula\u00e7\u00e3o entre sindicatos, movimentos sociais e trabalhadores para enfrentar a precariza\u00e7\u00e3o e ampliar as conquistas trabalhistas. O encontro \u00e9 visto como um marco na renova\u00e7\u00e3o da luta sindical no Brasil, com pautas que buscam transformar o mercado de trabalho e promover mais dignidade para a classe trabalhadora.<\/p>\n<figure><img loading=\"lazy\" loading=\"lazy\" decoding=\"async\" width=\"1024\" height=\"576\"src=\"https:\/\/redept.org\/blogosfera\/wp-content\/uploads\/2024\/12\/WhatsApp-Image-2024-12-05-at-20.01.34-1.jpeg\" alt=\"\" srcset=\"https:\/\/vermelho.org.br\/wp-content\/uploads\/2024\/12\/WhatsApp-Image-2024-12-05-at-20.01.34-1-1024x576.jpeg 1024w, https:\/\/vermelho.org.br\/wp-content\/uploads\/2024\/12\/WhatsApp-Image-2024-12-05-at-20.01.34-1-300x169.jpeg 300w, https:\/\/vermelho.org.br\/wp-content\/uploads\/2024\/12\/WhatsApp-Image-2024-12-05-at-20.01.34-1-768x432.jpeg 768w, https:\/\/redept.org\/blogosfera\/wp-content\/uploads\/2024\/12\/WhatsApp-Image-2024-12-05-at-20.01.34-1.jpeg 1366w\" sizes=\"auto, (max-width: 1024px) 100vw, 1024px\"><\/figure>\n<p>O post <a href=\"https:\/\/vermelho.org.br\/2024\/12\/06\/assembleia-da-ctb-mobiliza-para-pautas-atuais-da-classe-trabalhadora\/\">Assembleia da CTB mobiliza a favor da isen\u00e7\u00e3o do IR e fim da escala 6\u00d71<\/a> apareceu primeiro em <a href=\"https:\/\/vermelho.org.br\/\">Vermelho<\/a>.<\/p>\n<!-- Begin Yuzo --><div class='yuzo_related_post style-1'  data-version='5.12.89'><!-- without result --><div class='yuzo_clearfixed yuzo__title yuzo__title'><h3>Related Post<\/h3><\/div>\n\t\t\t\t\t\t  <div class=\"relatedthumb \" style=\"width:125px;float:left;overflow:hidden;\">  \n\t\t\t\t\t\t\t  \n\t\t\t\t\t\t\t  <a  href=\"https:\/\/redept.com.br\/blogosfera\/entregadores-mochila-nas-costas-e-fardo-mental\/\"  >\n\t\t\t\t\t\t\t\t\t  <div class=\"yuzo-img-wrap \" style=\"width: 125px;height:90px;\">\n\t\t\t\t\t\t\t\t\t\t\n\t\t\t\t\t\t\t\t\t\t<div class=\"yuzo-img\" style=\"background:url('https:\/\/redept.com.br\/blogosfera\/wp-content\/uploads\/2025\/10\/sob-pressao-como-o-dia-a-dia-afeta-a-saude-de-entr_00925875_0_-150x150.jpg') 50% 50% no-repeat;width: 125px;height:90px;margin-bottom: 5px;background-size: cover; \"><\/div>\n\t\t\t\t\t\t\t\t\t  <\/div>\n\t\t\t\t\t\t\t\t\t  \n\t\t\t\t\t\t\t\t   <span class=\"yuzo__text--title\" style=\"font-size:13px;\">Entregadores: Mochila nas costas e fardo mental<\/span>\n\t\t\t\t\t\t\t  \n\t\t\t\t\t\t\t  \n\t\t\t\t\t\t\t  <\/a>\n\n\t\t\t\t\t\t  <\/div>\n\t\t\t\t\t\t  <div class=\"relatedthumb \" style=\"width:125px;float:left;overflow:hidden;\">  \n\t\t\t\t\t\t\t  \n\t\t\t\t\t\t\t  <a  href=\"https:\/\/redept.com.br\/blogosfera\/familia-gil-pede-indenizacao-de-r-370-mil-a-padre-que-debochou-da-fe-de-preta-nos-orixas\/\"  >\n\t\t\t\t\t\t\t\t\t  <div class=\"yuzo-img-wrap \" style=\"width: 125px;height:90px;\">\n\t\t\t\t\t\t\t\t\t\t\n\t\t\t\t\t\t\t\t\t\t<div class=\"yuzo-img\" style=\"background:url('https:\/\/redept.org\/blogosfera\/wp-content\/plugins\/yuzo-related-post\/assets\/images\/default.png') 50% 50% no-repeat;width: 125px;height:90px;margin-bottom: 5px;background-size: cover; \"><\/div>\n\t\t\t\t\t\t\t\t\t  <\/div>\n\t\t\t\t\t\t\t\t\t  \n\t\t\t\t\t\t\t\t   <span class=\"yuzo__text--title\" style=\"font-size:13px;\">Fam\u00edlia Gil pede indeniza\u00e7\u00e3o de R$ 370 mil a padre...<\/span>\n\t\t\t\t\t\t\t  \n\t\t\t\t\t\t\t  \n\t\t\t\t\t\t\t  <\/a>\n\n\t\t\t\t\t\t  <\/div>\n\t\t\t\t\t\t  <div class=\"relatedthumb \" style=\"width:125px;float:left;overflow:hidden;\">  \n\t\t\t\t\t\t\t  \n\t\t\t\t\t\t\t  <a  href=\"https:\/\/redept.com.br\/blogosfera\/reforma-de-2017-legalizou-precarizacao-diz-lula-ao-receber-pauta-da-classe-trabalhadora\/\"  >\n\t\t\t\t\t\t\t\t\t  <div class=\"yuzo-img-wrap \" style=\"width: 125px;height:90px;\">\n\t\t\t\t\t\t\t\t\t\t\n\t\t\t\t\t\t\t\t\t\t<div class=\"yuzo-img\" style=\"background:url('https:\/\/redept.com.br\/blogosfera\/wp-content\/uploads\/2026\/04\/55210195938_9081969d1a_k-150x150.jpg') 50% 50% no-repeat;width: 125px;height:90px;margin-bottom: 5px;background-size: cover; \"><\/div>\n\t\t\t\t\t\t\t\t\t  <\/div>\n\t\t\t\t\t\t\t\t\t  \n\t\t\t\t\t\t\t\t   <span class=\"yuzo__text--title\" style=\"font-size:13px;\">\u2018Reforma de 2017 legalizou precariza\u00e7\u00e3o\u2019, diz Lula...<\/span>\n\t\t\t\t\t\t\t  \n\t\t\t\t\t\t\t  \n\t\t\t\t\t\t\t  <\/a>\n\n\t\t\t\t\t\t  <\/div>\n\t\t\t\t\t\t  <div class=\"relatedthumb \" style=\"width:125px;float:left;overflow:hidden;\">  \n\t\t\t\t\t\t\t  \n\t\t\t\t\t\t\t  <a  href=\"https:\/\/redept.com.br\/blogosfera\/comunicacao-um-territorio-em-disputa-midias-latino-americanas-se-articulam-em-cupula-na-venezuela-por-uma-narrativa-contra-hegemonica\/\"  >\n\t\t\t\t\t\t\t\t\t  <div class=\"yuzo-img-wrap \" style=\"width: 125px;height:90px;\">\n\t\t\t\t\t\t\t\t\t\t\n\t\t\t\t\t\t\t\t\t\t<div class=\"yuzo-img\" style=\"background:url('https:\/\/redept.org\/blogosfera\/wp-content\/plugins\/yuzo-related-post\/assets\/images\/default.png') 50% 50% no-repeat;width: 125px;height:90px;margin-bottom: 5px;background-size: cover; \"><\/div>\n\t\t\t\t\t\t\t\t\t  <\/div>\n\t\t\t\t\t\t\t\t\t  \n\t\t\t\t\t\t\t\t   <span class=\"yuzo__text--title\" style=\"font-size:13px;\">\u2018Comunica\u00e7\u00e3o, um territ\u00f3rio em disputa\u2019: m\u00eddias la...<\/span>\n\t\t\t\t\t\t\t  \n\t\t\t\t\t\t\t  \n\t\t\t\t\t\t\t  <\/a>\n\n\t\t\t\t\t\t  <\/div>\n<\/div> <script>\n\t\t\t\t\t\t  jQuery(document).ready(function( $ ){\n\t\t\t\t\t\t\t\/\/jQuery('.yuzo_related_post').equalizer({ overflow : 'relatedthumb' });\n\t\t\t\t\t\t\tjQuery('.yuzo_related_post .yuzo_wraps').equalizer({ columns : '> div' });\n\t\t\t\t\t\t   })\n\t\t\t\t\t\t  <\/script> <!-- End Yuzo :) -->","protected":false},"excerpt":{"rendered":"<p>Na abertura da Assembleia Geral da Classe Trabalhadora, realizada virtualmente na quinta-feira (5), Adilson Ara\u00fajo, presidente da Central dos Trabalhadores e Trabalhadoras do Brasil (CTB), fez um contundente diagn\u00f3stico sobre os desafios enfrentados pelo movimento sindical e pela classe trabalhadora no Brasil. Ele destacou quest\u00f5es centrais, como a corre\u00e7\u00e3o da tabela do Imposto de Renda [&hellip;]<\/p>\n","protected":false},"author":2,"featured_media":7487,"comment_status":"closed","ping_status":"closed","sticky":false,"template":"","format":"standard","meta":{"fifu_image_url":"","fifu_image_alt":"","footnotes":""},"categories":[587,119,2550,282,1947,1398,1309,2551,1017,2270,377],"tags":[],"class_list":["post-7486","post","type-post","status-publish","format-standard","has-post-thumbnail","hentry","category-ajuste-fiscal","category-banco-central","category-central-sindical","category-ctb","category-fim-da-escala-6-x-1","category-isencao-do-imposto-de-renda","category-juros-altos","category-mobilizacao","category-mundo-do-trabalho","category-salario-minimo","category-trabalho"],"_links":{"self":[{"href":"https:\/\/redept.com.br\/blogosfera\/wp-json\/wp\/v2\/posts\/7486","targetHints":{"allow":["GET"]}}],"collection":[{"href":"https:\/\/redept.com.br\/blogosfera\/wp-json\/wp\/v2\/posts"}],"about":[{"href":"https:\/\/redept.com.br\/blogosfera\/wp-json\/wp\/v2\/types\/post"}],"author":[{"embeddable":true,"href":"https:\/\/redept.com.br\/blogosfera\/wp-json\/wp\/v2\/users\/2"}],"replies":[{"embeddable":true,"href":"https:\/\/redept.com.br\/blogosfera\/wp-json\/wp\/v2\/comments?post=7486"}],"version-history":[{"count":0,"href":"https:\/\/redept.com.br\/blogosfera\/wp-json\/wp\/v2\/posts\/7486\/revisions"}],"wp:featuredmedia":[{"embeddable":true,"href":"https:\/\/redept.com.br\/blogosfera\/wp-json\/wp\/v2\/media\/7487"}],"wp:attachment":[{"href":"https:\/\/redept.com.br\/blogosfera\/wp-json\/wp\/v2\/media?parent=7486"}],"wp:term":[{"taxonomy":"category","embeddable":true,"href":"https:\/\/redept.com.br\/blogosfera\/wp-json\/wp\/v2\/categories?post=7486"},{"taxonomy":"post_tag","embeddable":true,"href":"https:\/\/redept.com.br\/blogosfera\/wp-json\/wp\/v2\/tags?post=7486"}],"curies":[{"name":"wp","href":"https:\/\/api.w.org\/{rel}","templated":true}]}}