{"id":75027,"date":"2026-02-20T12:42:50","date_gmt":"2026-02-20T15:42:50","guid":{"rendered":"https:\/\/redept.com.br\/blogosfera\/em-janeiro-94-dos-reajustes-salariais-tiveram-ganhos-acima-da-inflacao\/"},"modified":"2026-02-20T12:42:50","modified_gmt":"2026-02-20T15:42:50","slug":"em-janeiro-94-dos-reajustes-salariais-tiveram-ganhos-acima-da-inflacao","status":"publish","type":"post","link":"https:\/\/redept.com.br\/blogosfera\/em-janeiro-94-dos-reajustes-salariais-tiveram-ganhos-acima-da-inflacao\/","title":{"rendered":"Em janeiro, 94% dos reajustes salariais tiveram ganhos acima da infla\u00e7\u00e3o"},"content":{"rendered":"<p><img loading=\"lazy\" width=\"823\" height=\"462\"src=\"https:\/\/redept.com.br\/blogosfera\/wp-content\/uploads\/2026\/02\/comercio_Foto-Tony-Oliveira_Agencia-Brasilia.jpg\" alt=\"\" decoding=\"async\" loading=\"lazy\" srcset=\"https:\/\/redept.com.br\/blogosfera\/wp-content\/uploads\/2026\/02\/comercio_Foto-Tony-Oliveira_Agencia-Brasilia.jpg 823w, https:\/\/vermelho.org.br\/wp-content\/uploads\/2026\/02\/comercio_Foto-Tony-Oliveira_Agencia-Brasilia-300x168.jpg 300w, https:\/\/vermelho.org.br\/wp-content\/uploads\/2026\/02\/comercio_Foto-Tony-Oliveira_Agencia-Brasilia-768x431.jpg 768w\" sizes=\"auto, (max-width: 823px) 100vw, 823px\"><\/p>\n<p>No m\u00eas de janeiro deste ano, 94% dos reajustes salariais tiveram ganhos acima da infla\u00e7\u00e3o, com uma varia\u00e7\u00e3o real m\u00e9dia de 2,12%. Trata-se do melhor resultado obtido nos \u00faltimos 12 meses, com tend\u00eancia de alta, segundo levantamento rec\u00e9m-divulgado pelo Dieese (Departamento Intersindical de Estat\u00edstica e Estudos Socioecon\u00f4micos).<\/p>\n<p>De acordo com o boletim da entidade, \u201cesse resultado \u00e9 significativamente superior ao registrado nos \u00faltimos 12 meses (de fevereiro de 2025 a janeiro de 26), de 77,1%\u201d.<\/p>\n<div>\n<figure><img fetchpriority=\"high\" decoding=\"async\" width=\"508\" height=\"493\"src=\"https:\/\/redept.com.br\/blogosfera\/wp-content\/uploads\/2026\/02\/Captura-de-Tela-2026-02-20-as-123932.png\" alt=\"\" srcset=\"https:\/\/redept.com.br\/blogosfera\/wp-content\/uploads\/2026\/02\/Captura-de-Tela-2026-02-20-as-123932.png 508w, https:\/\/vermelho.org.br\/wp-content\/uploads\/2026\/02\/Captura-de-Tela-2026-02-20-as-12.39.32-300x291.png 300w\" sizes=\"(max-width: 508px) 100vw, 508px\"><\/figure>\n<\/div>\n<p>O Dieese ainda pondera que \u201cparte do resultado de janeiro pode ser atribu\u00edda \u00e0 valoriza\u00e7\u00e3o do sal\u00e1rio m\u00ednimo, que influenciou diversas negocia\u00e7\u00f5es na data-base\u201d.<\/p>\n<p>Ao todo, foram analisados 364 acordos e conven\u00e7\u00f5es coletivas. Dentre as negocia\u00e7\u00f5es que n\u00e3o obtiveram reposi\u00e7\u00e3o acima do \u00edndice adotado (INPC), 4,1% dos resultados ficaram iguais \u00e0 infla\u00e7\u00e3o e 1,9% apresentou perdas.<\/p>\n<p><strong>Tend\u00eancia de alta<\/strong><\/p>\n<p>A tend\u00eancia de alta vem desde setembro de 2025, quando estava em 0,72%, chegando a 0,78% em outubro e saltando para 1,06% em novembro. O movimento continuou em dezembro do ano passado, quando atingiu 1,37%. Antes do \u00edndice obtido em janeiro, o melhor havia sido verificado em fevereiro de 2025 (1,63%).<\/p>\n<div>\n<figure><img decoding=\"async\" width=\"537\" height=\"489\"src=\"https:\/\/redept.com.br\/blogosfera\/wp-content\/uploads\/2026\/02\/Captura-de-Tela-2026-02-20-as-123949.png\" alt=\"\" srcset=\"https:\/\/redept.com.br\/blogosfera\/wp-content\/uploads\/2026\/02\/Captura-de-Tela-2026-02-20-as-123949.png 537w, https:\/\/vermelho.org.br\/wp-content\/uploads\/2026\/02\/Captura-de-Tela-2026-02-20-as-12.39.49-300x273.png 300w\" sizes=\"(max-width: 537px) 100vw, 537px\"><\/figure>\n<\/div>\n<p>Outro dado positivo observado \u00e9 que dos 364 reajustes de janeiro, apenas dois (0,5%) foram pagos de maneira parcelada. Os demais foram em uma \u00fanica parcela na data-base. Outros 58 (15,9%) foram pagos de forma escalonada, ou seja, em percentuais diferentes conforme faixa salarial do trabalhador ou tamanho da empresa.<\/p>\n<p><strong>An\u00e1lise por setor e regi\u00e3o<\/strong><\/p>\n<p>Na an\u00e1lise feita por setor econ\u00f4mico, 96,2% dos reajustes no com\u00e9rcio ficaram acima da infla\u00e7\u00e3o; no caso da ind\u00fastria, foram 91,4%. Apenas 1% dos casos, com exce\u00e7\u00e3o do com\u00e9rcio, tiveram resultados abaixo do INPC. Em rela\u00e7\u00e3o \u00e0 varia\u00e7\u00e3o real m\u00e9dia, os ganhos de janeiro foram de 1,75% no com\u00e9rcio, 1,80% na ind\u00fastria e 2,37% nos servi\u00e7os.<\/p>\n<p><strong>Leia tamb\u00e9m: <\/strong><a href=\"https:\/\/vermelho.org.br\/2026\/02\/20\/desemprego-segue-em-queda-e-2025-tem-menor-taxa-em-13-anos\/\">Desemprego segue em queda e 2025 tem menor taxa da s\u00e9rie hist\u00f3rica<\/a><\/p>\n<p>Segundo o Dieese, \u201ctanto a distribui\u00e7\u00e3o dos reajustes na compara\u00e7\u00e3o com o INPC quanto a varia\u00e7\u00e3o real m\u00e9dia, em janeiro, s\u00e3o superiores ao observado no acumulado dos \u00faltimos 12 meses (fevereiro de 2025 a janeiro de 2026) para todos os setores (exceto o rural)\u201d. No caso deste segmento, o Dieese informou que, at\u00e9 o momento, n\u00e3o foi apresentado n\u00famero suficiente de resultados que permitisse a an\u00e1lise.<\/p>\n<p>Quanto ao recorte regional, o Dieese observou que \u201cos reajustes acima da infla\u00e7\u00e3o foram frequentes em todas as regi\u00f5es geogr\u00e1ficas, com destaque para o Nordeste, que registrou ganhos em 98,2% dos casos em janeiro e nenhum resultado abaixo da infla\u00e7\u00e3o. O menor percentual foi registrado no Centro-Oeste, onde 88,1% dos reajustes tiveram ganhos reais. Nessa regi\u00e3o tamb\u00e9m se encontra o maior percentual de resultados abaixo da varia\u00e7\u00e3o do INPC: 7,1%\u201d.<\/p>\n<p><strong>Pisos salariais<\/strong><\/p>\n<p>No levantamento, o Dieese tamb\u00e9m se debru\u00e7ou sobre os pisos salariais, cujo valor m\u00e9dio em janeiro de 2026 foi de R$ 1.843, ficando em R$ 1.893 no acumulado dos \u00faltimos 12 meses. J\u00e1 os medianos ficaram em, respectivamente, R$ 1.716 e R$ 1.780.<\/p>\n<p>Os maiores pisos m\u00e9dios para o m\u00eas de janeiro foram verificados no setor de servi\u00e7os, R$ 1.887; no acumulado de 12 meses, o valor ficou em R$ 1.941. O setor com maiores pisos medianos foi a ind\u00fastria: em janeiro de 2026, R$ 1.783; no acumulado de 12 meses, R$ 1.832.<\/p>\n<p>O post <a href=\"https:\/\/vermelho.org.br\/2026\/02\/20\/em-janeiro-94-dos-reajustes-salariais-tiveram-ganhos-acima-da-inflacao\/\">Em janeiro, 94% dos reajustes salariais tiveram ganhos acima da infla\u00e7\u00e3o<\/a> apareceu primeiro em <a href=\"https:\/\/vermelho.org.br\/\">Vermelho<\/a>.<\/p>\n<!-- Begin Yuzo --><div class='yuzo_related_post style-1'  data-version='5.12.89'><!-- without result --><div class='yuzo_clearfixed yuzo__title yuzo__title'><h3>Related Post<\/h3><\/div>\n\t\t\t\t\t\t  <div class=\"relatedthumb \" style=\"width:125px;float:left;overflow:hidden;\">  \n\t\t\t\t\t\t\t  \n\t\t\t\t\t\t\t  <a  href=\"https:\/\/redept.com.br\/blogosfera\/grande-poluidora-pecuaria-se-vende-como-solucao-para-clima-em-churrasco-vip-na-cop30\/\"  >\n\t\t\t\t\t\t\t\t\t  <div class=\"yuzo-img-wrap \" style=\"width: 125px;height:90px;\">\n\t\t\t\t\t\t\t\t\t\t\n\t\t\t\t\t\t\t\t\t\t<div class=\"yuzo-img\" style=\"background:url('https:\/\/redept.com.br\/blogosfera\/wp-content\/uploads\/2025\/11\/favaro-churrasco-cop-fernando-martinho-1-150x150.jpg') 50% 50% no-repeat;width: 125px;height:90px;margin-bottom: 5px;background-size: cover; \"><\/div>\n\t\t\t\t\t\t\t\t\t  <\/div>\n\t\t\t\t\t\t\t\t\t  \n\t\t\t\t\t\t\t\t   <span class=\"yuzo__text--title\" style=\"font-size:13px;\">Grande poluidora, pecu\u00e1ria se vende como \u2018solu\u00e7\u00e3o ...<\/span>\n\t\t\t\t\t\t\t  \n\t\t\t\t\t\t\t  \n\t\t\t\t\t\t\t  <\/a>\n\n\t\t\t\t\t\t  <\/div>\n\t\t\t\t\t\t  <div class=\"relatedthumb \" style=\"width:125px;float:left;overflow:hidden;\">  \n\t\t\t\t\t\t\t  \n\t\t\t\t\t\t\t  <a  href=\"https:\/\/redept.com.br\/blogosfera\/stf-debate-mudancas-no-marco-temporal-e-lula-se-encontra-com-presidente-de-portugal\/\"  >\n\t\t\t\t\t\t\t\t\t  <div class=\"yuzo-img-wrap \" style=\"width: 125px;height:90px;\">\n\t\t\t\t\t\t\t\t\t\t\n\t\t\t\t\t\t\t\t\t\t<div class=\"yuzo-img\" style=\"background:url('https:\/\/redept.org\/blogosfera\/wp-content\/plugins\/yuzo-related-post\/assets\/images\/default.png') 50% 50% no-repeat;width: 125px;height:90px;margin-bottom: 5px;background-size: cover; \"><\/div>\n\t\t\t\t\t\t\t\t\t  <\/div>\n\t\t\t\t\t\t\t\t\t  \n\t\t\t\t\t\t\t\t   <span class=\"yuzo__text--title\" style=\"font-size:13px;\">STF debate mudan\u00e7as no marco temporal e Lula se en...<\/span>\n\t\t\t\t\t\t\t  \n\t\t\t\t\t\t\t  \n\t\t\t\t\t\t\t  <\/a>\n\n\t\t\t\t\t\t  <\/div>\n\t\t\t\t\t\t  <div class=\"relatedthumb \" style=\"width:125px;float:left;overflow:hidden;\">  \n\t\t\t\t\t\t\t  \n\t\t\t\t\t\t\t  <a  href=\"https:\/\/redept.com.br\/blogosfera\/nota-da-cipoml-sobre-o-1o-de-maio\/\"  >\n\t\t\t\t\t\t\t\t\t  <div class=\"yuzo-img-wrap \" style=\"width: 125px;height:90px;\">\n\t\t\t\t\t\t\t\t\t\t\n\t\t\t\t\t\t\t\t\t\t<div class=\"yuzo-img\" style=\"background:url('https:\/\/redept.com.br\/blogosfera\/wp-content\/uploads\/2025\/05\/IMG_20250501_095519-150x150.jpg') 50% 50% no-repeat;width: 125px;height:90px;margin-bottom: 5px;background-size: cover; \"><\/div>\n\t\t\t\t\t\t\t\t\t  <\/div>\n\t\t\t\t\t\t\t\t\t  \n\t\t\t\t\t\t\t\t   <span class=\"yuzo__text--title\" style=\"font-size:13px;\">Nota da CIPOML sobre o 1\u00ba de Maio<\/span>\n\t\t\t\t\t\t\t  \n\t\t\t\t\t\t\t  \n\t\t\t\t\t\t\t  <\/a>\n\n\t\t\t\t\t\t  <\/div>\n\t\t\t\t\t\t  <div class=\"relatedthumb \" style=\"width:125px;float:left;overflow:hidden;\">  \n\t\t\t\t\t\t\t  \n\t\t\t\t\t\t\t  <a  href=\"https:\/\/redept.com.br\/blogosfera\/flavio-bolsonaro-e-a-essencia-do-pensamento-fascista-diz-edinho-silva-convocando-militancia-petista\/\"  >\n\t\t\t\t\t\t\t\t\t  <div class=\"yuzo-img-wrap \" style=\"width: 125px;height:90px;\">\n\t\t\t\t\t\t\t\t\t\t\n\t\t\t\t\t\t\t\t\t\t<div class=\"yuzo-img\" style=\"background:url('https:\/\/redept.org\/blogosfera\/wp-content\/plugins\/yuzo-related-post\/assets\/images\/default.png') 50% 50% no-repeat;width: 125px;height:90px;margin-bottom: 5px;background-size: cover; \"><\/div>\n\t\t\t\t\t\t\t\t\t  <\/div>\n\t\t\t\t\t\t\t\t\t  \n\t\t\t\t\t\t\t\t   <span class=\"yuzo__text--title\" style=\"font-size:13px;\">Fl\u00e1vio Bolsonaro \u00e9 a \u201cess\u00eancia do pensamento fasci...<\/span>\n\t\t\t\t\t\t\t  \n\t\t\t\t\t\t\t  \n\t\t\t\t\t\t\t  <\/a>\n\n\t\t\t\t\t\t  <\/div>\n<\/div> <script>\n\t\t\t\t\t\t  jQuery(document).ready(function( $ ){\n\t\t\t\t\t\t\t\/\/jQuery('.yuzo_related_post').equalizer({ overflow : 'relatedthumb' });\n\t\t\t\t\t\t\tjQuery('.yuzo_related_post .yuzo_wraps').equalizer({ columns : '> div' });\n\t\t\t\t\t\t   })\n\t\t\t\t\t\t  <\/script> <!-- End Yuzo :) -->","protected":false},"excerpt":{"rendered":"<p>No m\u00eas de janeiro deste ano, 94% dos reajustes salariais tiveram ganhos acima da infla\u00e7\u00e3o, com uma varia\u00e7\u00e3o real m\u00e9dia de 2,12%. Trata-se do melhor resultado obtido nos \u00faltimos 12 meses, com tend\u00eancia de alta, segundo levantamento rec\u00e9m-divulgado pelo Dieese (Departamento Intersindical de Estat\u00edstica e Estudos Socioecon\u00f4micos). De acordo com o boletim da entidade, \u201cesse [&hellip;]<\/p>\n","protected":false},"author":2,"featured_media":0,"comment_status":"open","ping_status":"closed","sticky":false,"template":"","format":"standard","meta":{"fifu_image_url":"","fifu_image_alt":"","footnotes":""},"categories":[4442,36298,1029,221,17,1031,2238,377],"tags":[],"class_list":["post-75027","post","type-post","status-publish","format-standard","hentry","category-acordos-coletivos","category-convencoes-coletivas","category-dieese","category-economia","category-governo-lula","category-mercado-de-trabalho","category-reajuste-acima-da-inflacao","category-trabalho"],"_links":{"self":[{"href":"https:\/\/redept.com.br\/blogosfera\/wp-json\/wp\/v2\/posts\/75027","targetHints":{"allow":["GET"]}}],"collection":[{"href":"https:\/\/redept.com.br\/blogosfera\/wp-json\/wp\/v2\/posts"}],"about":[{"href":"https:\/\/redept.com.br\/blogosfera\/wp-json\/wp\/v2\/types\/post"}],"author":[{"embeddable":true,"href":"https:\/\/redept.com.br\/blogosfera\/wp-json\/wp\/v2\/users\/2"}],"replies":[{"embeddable":true,"href":"https:\/\/redept.com.br\/blogosfera\/wp-json\/wp\/v2\/comments?post=75027"}],"version-history":[{"count":0,"href":"https:\/\/redept.com.br\/blogosfera\/wp-json\/wp\/v2\/posts\/75027\/revisions"}],"wp:attachment":[{"href":"https:\/\/redept.com.br\/blogosfera\/wp-json\/wp\/v2\/media?parent=75027"}],"wp:term":[{"taxonomy":"category","embeddable":true,"href":"https:\/\/redept.com.br\/blogosfera\/wp-json\/wp\/v2\/categories?post=75027"},{"taxonomy":"post_tag","embeddable":true,"href":"https:\/\/redept.com.br\/blogosfera\/wp-json\/wp\/v2\/tags?post=75027"}],"curies":[{"name":"wp","href":"https:\/\/api.w.org\/{rel}","templated":true}]}}