{"id":75111,"date":"2026-02-20T16:32:09","date_gmt":"2026-02-20T19:32:09","guid":{"rendered":"https:\/\/redept.com.br\/blogosfera\/o-conhecimento-na-era-da-reprodutibilidade-infinita\/"},"modified":"2026-02-20T16:32:09","modified_gmt":"2026-02-20T19:32:09","slug":"o-conhecimento-na-era-da-reprodutibilidade-infinita","status":"publish","type":"post","link":"https:\/\/redept.com.br\/blogosfera\/o-conhecimento-na-era-da-reprodutibilidade-infinita\/","title":{"rendered":"O conhecimento na era da reprodutibilidade infinita"},"content":{"rendered":"<figure><img loading=\"lazy\" loading=\"lazy\" decoding=\"async\" width=\"1500\" height=\"705\"src=\"https:\/\/redept.com.br\/blogosfera\/wp-content\/uploads\/2026\/02\/photo_4956735861722647403_w.jpg\" alt=\"\" srcset=\"https:\/\/estaticos.opara.me\/outraspalavras\/uploads\/2026\/02\/20163116\/photo_4956735861722647403_w-1500x705.jpg 1500w, https:\/\/estaticos.opara.me\/outraspalavras\/uploads\/2026\/02\/20163116\/photo_4956735861722647403_w-300x141.jpg 300w, https:\/\/estaticos.opara.me\/outraspalavras\/uploads\/2026\/02\/20163116\/photo_4956735861722647403_w-768x361.jpg 768w, https:\/\/redept.com.br\/blogosfera\/wp-content\/uploads\/2026\/02\/photo_4956735861722647403_w.jpg 1536w\" sizes=\"auto, (max-width: 1500px) 100vw, 1500px\"><\/figure>\n<div>\n<div>\n<div>\n<div>\n<div>\n<div>\n<div>\n<h4>Boletim Outras Palavras<\/h4>\n<p>Receba por email, diariamente, todas as publica\u00e7\u00f5es do site<\/p>\n<\/p><\/div>\n<div>\n<div>\n<div>\n<div>\n<div><\/div>\n<\/p><\/div>\n<\/p><\/div>\n<div>\n                <button type=\"submit\">Assinar<\/button><br \/>\n                <button disabled type=\"button\"> <\/p>\n<div><\/div>\n<p> <span>Loading&#8230;<\/span> <\/button>\n              <\/div>\n<\/p><\/div>\n<\/p><\/div>\n<div>\n            <button type=\"submit\">Assinar<\/button><br \/>\n            <button disabled type=\"button\"> <\/p>\n<div><\/div>\n<p> <span>Loading&#8230;<\/span> <\/button>\n          <\/div>\n<\/p><\/div>\n<div>\n<div>\n<h4>Agradecemos!<\/h4>\n<p>Voc\u00ea j\u00e1 est\u00e1 inscrito e come\u00e7ar\u00e1 a receber os boletins em breve. Boa leitura!<\/p>\n<\/p><\/div>\n<\/p><\/div>\n<\/p><\/div>\n<\/p><\/div>\n<\/div>\n<\/div>\n<\/div>\n<p>Nos \u00faltimos anos, a divulga\u00e7\u00e3o cient\u00edfica ganhou um grande impulso por meio da tecnologia. Contudo, de forma contradit\u00f3ria, parece que esse processo tamb\u00e9m significou uma esp\u00e9cie de crise nas revistas acad\u00eamicas, afinal n\u00e3o apenas o acesso a essas publica\u00e7\u00f5es como a difus\u00e3o de qualquer texto em qualquer parte do mundo passaram a ser mais f\u00e1ceis. Observa-se, com isso, um processo semelhante ao analisado por Walter Benjamin em rela\u00e7\u00e3o \u00e0 arte, em que esta \u2013 ou, agora, a difus\u00e3o do conhecimento \u2013 veem a reprodutibilidade t\u00e9cnica e a massifica\u00e7\u00e3o enfraquecendo sua autenticidade.<\/p>\n<p>Em outro momento, as publica\u00e7\u00f5es acad\u00eamicas estavam limitadas \u00e0 impress\u00e3o em papel de um n\u00famero reduzido de exemplares. Por conta disso, acabavam por ter uma abrang\u00eancia limitada, circulando apenas nos grandes centros ou chegando a lugares mais remotos apenas no caso de algum pesquisador conseguir carregar exemplares dessa publica\u00e7\u00e3o. Contudo, essa dificuldade tamb\u00e9m perpassava o pr\u00f3prio processo de constru\u00e7\u00e3o das edi\u00e7\u00f5es, se for levado em conta, entre outros fatores, um processo de avalia\u00e7\u00e3o realizado pela circula\u00e7\u00e3o de manuscritos impressos ou mesmo as dificuldades objetivas para a realiza\u00e7\u00e3o de reuni\u00f5es das respectivas equipes editoriais se n\u00e3o fossem da mesma regi\u00e3o.<\/p>\n<p>Cada edi\u00e7\u00e3o de cada revista passava por um processo cuidadoso e demorado, em que os artigos a serem publicados deveriam ser avaliados com todo o rigor necess\u00e1rio, tendo o cuidado de difundir aqueles materiais que de fato poderiam ter um grande impacto para a sua \u00e1rea de conhecimento. O custo de impress\u00e3o exigia esse rigor. Diante de todo esse esfor\u00e7o necess\u00e1rio, havia um n\u00famero reduzido de publica\u00e7\u00f5es e, as que existiam, eram aquelas que conseguiam dispor de uma melhor estrutura, garantida por universidades ou por centros de pesquisa. O financiamento dessas publica\u00e7\u00f5es poderia ser garantido tanto como parte dos recursos de pesquisas dos laborat\u00f3rios ou centros aos quais a publica\u00e7\u00e3o estava vinculada ou pela assinatura de seus leitores.<\/p>\n<div>\n<div><img loading=\"lazy\" loading=\"lazy\" decoding=\"async\"src=\"https:\/\/redept.com.br\/blogosfera\/wp-content\/uploads\/2026\/02\/1Semana-289-410-Descontos-e-parcerias-editoras-2-8.png\" alt=\"\" srcset=\"https:\/\/redept.com.br\/blogosfera\/wp-content\/uploads\/2026\/02\/1Semana-289-410-Descontos-e-parcerias-editoras-2-8.png 680w, https:\/\/estaticos.opara.me\/outraspalavras\/uploads\/2022\/12\/31181013\/1.Semana-28.9-4.10-Descontos-e-parcerias-editoras-2-300x110.png 300w\" sizes=\"auto, (max-width: 680px) 100vw, 680px\" width=\"680\" height=\"250\"><\/div>\n<\/div>\n<p>Estamos falando de um processo que tinha muitos aspectos artesanais e que davam origem a um n\u00famero reduzido de exemplares de uma pequena quantidade de publica\u00e7\u00f5es. Esse processo fazia com que essas publica\u00e7\u00f5es tivessem uma certa aura, na medida em que grandes intelectuais das diversas \u00e1reas do conhecimento contribu\u00edam, fosse escrevendo artigos e ensaios, fosse participando do processo de editora\u00e7\u00e3o da revista. Com isso se atribu\u00eda uma valora\u00e7\u00e3o simb\u00f3lica, em que certas publica\u00e7\u00f5es ou mesmo edi\u00e7\u00f5es de determinadas publica\u00e7\u00f5es se mostravam quase como rel\u00edquias dignas de estarem expostas publicamente em destaque.<\/p>\n<p>Na realidade atual, o processo ocorre de forma totalmente diferenciada. Existe a possibilidade de maior difus\u00e3o, por meio de plataformas digitais que permitem a qualquer pessoa do mundo acessar as edi\u00e7\u00f5es das revistas publicadas. Outro elemento passa pela amplia\u00e7\u00e3o na possibilidade de publica\u00e7\u00e3o aos pesquisadores, em diversos pa\u00edses. Ou seja, h\u00e1 uma possibilidade de democratiza\u00e7\u00e3o da difus\u00e3o do conhecimento e no acesso aos leitores, em especial por meio das publica\u00e7\u00f5es de acesso livre.<\/p>\n<p>Contudo, esses aspectos, que certamente carregam elementos positivos, guardam tamb\u00e9m seu contr\u00e1rio. N\u00e3o importa a relev\u00e2ncia do artigo publicado ou de seu autor para a \u00e1rea do conhecimento. Esse grande autor estar\u00e1 entre centenas ou mesmo milhares de outros textos, se perdendo em meio \u00e0 ampla produ\u00e7\u00e3o de artigos. Os autores, por sua vez, podem publicar quase que livremente, independente da qualidade de sua pesquisa, alcan\u00e7ando n\u00fameros e n\u00e3o necessariamente relev\u00e2ncia cient\u00edfica, sendo impulsionados pela press\u00e3o por produtividade que emana da avalia\u00e7\u00e3o acad\u00eamica.<\/p>\n<p>Um dos elementos que aproxima essa quest\u00e3o da discuss\u00e3o proposta para a arte por Walter Benjamin passa pelo que o fil\u00f3sofo chama de <em>esfera da<\/em> <em>autenticidade<\/em>, que, \u201ccomo um todo, escapa \u00e0 reprodutibilidade, e naturalmente n\u00e3o apenas a t\u00e9cnica\u201d.<sup>1<\/sup> Benjamin afirma:<\/p>\n<p>\u201cA autenticidade de uma coisa \u00e9 a quintess\u00eancia de tudo o que foi transmitido pela tradi\u00e7\u00e3o, a partir de sua origem, desde sua dura\u00e7\u00e3o material at\u00e9 o seu testemunho hist\u00f3rico. Como este depende da materialidade da obra, quando ela se esquiva do homem atrav\u00e9s da reprodu\u00e7\u00e3o, tamb\u00e9m o testemunho se perde\u201d.<sup>2<\/sup><\/p>\n<p>Essa autenticidade somente poderia ser identificada no modelo antigo de publica\u00e7\u00f5es. Os artigos publicados no modelo recente de difus\u00e3o do conhecimento s\u00e3o uma pe\u00e7a digital, disponibilizada em um espa\u00e7o aberto e desprovido de ra\u00edzes. Por mais que possua uma identifica\u00e7\u00e3o, o Digital Object Identifier (DOI), no final das contas torna-se um arquivo virtual, em PDF ou em ePUB, que circula entre e-mails e sites sem que seja poss\u00edvel apontar uma origem material ou mesmo uma identidade acad\u00eamica pr\u00f3pria. Seguindo a analogia a partir de Benjamin, pode-se afirmar<\/p>\n<p>\u201c[\u2026] que a t\u00e9cnica de reprodu\u00e7\u00e3o retira do dom\u00ednio da tradi\u00e7\u00e3o o objeto reproduzido. Na medida em que ela multiplica a reprodu\u00e7\u00e3o, substituiu a exist\u00eancia \u00fanica da obra por uma exist\u00eancia massiva. E, na medida em que essa t\u00e9cnica permite \u00e0 reprodu\u00e7\u00e3o vir ao encontro do espectador, em todas as situa\u00e7\u00f5es, ela atualiza o objeto reproduzido\u201d.<\/p><\/div>\n<\/div>\n<p>Esse processo, associado \u00e0 reprodutibilidade da arte, leva ao que Benjamin chama de <em>destrui\u00e7\u00e3o da aura<\/em>, entendida como \u201cuma teia singular, composta de elementos espaciais e temporais: a apari\u00e7\u00e3o \u00fanica de uma coisa distante, por mais perto que ela esteja\u201d.<sup>4<\/sup> Esses PDFs circulando livremente n\u00e3o possuem elementos espaciais ou temporais, sendo uma c\u00f3pia reproduzida indistintamente sempre que se faz um download. Benjamin chama de \u201cdecl\u00ednio da aura\u201d deriva de circunst\u00e2ncias \u201cestreitamente ligadas \u00e0 crescente difus\u00e3o e intensidade dos movimentos de massas\u201d.<sup>5<\/sup><\/p>\n<p>O desenvolvimento tecnol\u00f3gico relacionado \u00e0 difus\u00e3o cient\u00edfica mostra um grande impacto na vida social. Esse processo torna poss\u00edvel ampliar a circula\u00e7\u00e3o da produ\u00e7\u00e3o do conhecimento, democratizando seu acesso e permitindo uma r\u00e1pida difus\u00e3o das pesquisas conclu\u00eddas ou mesmo em andamento. Essa possibilidade tornou-se vital em situa\u00e7\u00f5es como a da recente pandemia, em que as pessoas tiveram que se isolar o m\u00e1ximo poss\u00edvel, mas era necess\u00e1ria uma ampla e r\u00e1pida difus\u00e3o das pesquisas realizadas de tal forma a desenvolver mecanismos para barrar a prolifera\u00e7\u00e3o da doen\u00e7a.<\/p>\n<p>Contudo, isso tamb\u00e9m significa maior facilidade para a cria\u00e7\u00e3o de peri\u00f3dicos que n\u00e3o necessariamente carregam a preocupa\u00e7\u00e3o com a seriedade acad\u00eamica. Com a facilidade da inform\u00e1tica, n\u00e3o \u00e9 dif\u00edcil conseguir o uso de plataformas como o OJS, obter um ISSN e garantir que todos os artigos tenham o DOI. Essa facilidade leva a uma mercantiliza\u00e7\u00e3o da produ\u00e7\u00e3o acad\u00eamica, em que a necessidade de publicar, principalmente por press\u00e3o de programas de p\u00f3s-gradua\u00e7\u00e3o, faz com que seja poss\u00edvel a prolifera\u00e7\u00e3o de peri\u00f3dicos que, mesmo sendo de qualidade duvidosa, conseguem mostrar uma fei\u00e7\u00e3o atraente para quem deseja publicar.<\/p>\n<p>Estamos, portanto, diante de um processo no qual a reprodutibilidade t\u00e9cnica faz com que a produ\u00e7\u00e3o acad\u00eamica perca sua aura. Por um lado, permitindo a sua democratiza\u00e7\u00e3o, evitando que sejam criados c\u00e2nones quase inating\u00edveis para os pesquisadores, em especial aqueles que atuam em pa\u00edses dominados pelo imperialismo. Por outro lado, contudo, ao se colocar a press\u00e3o por publica\u00e7\u00e3o e produtividade, permite-se a cria\u00e7\u00e3o de ve\u00edculos despreocupados com a difus\u00e3o do conhecimento e que n\u00e3o visam outra coisa que n\u00e3o seu pr\u00f3prio lucro.<\/p>\n<h3><strong>Notas<\/strong><\/h3>\n<hr>\n<p>1 BENJAMIN, Walter. A obra de arte na era de sua reprodutibilidade t\u00e9cnica. In: Magia e t\u00e9cnica, arte e pol\u00edtica: ensaios sobre literatura e hist\u00f3ria da cultura. 8\u00aa ed. S\u00e3o Paulo: Brasiliense, 2012, p. 182.<\/p>\n<p>2 BENJAMIN, Walter. A obra de arte na era de sua reprodutibilidade t\u00e9cnica. In: Magia e t\u00e9cnica, arte e pol\u00edtica: ensaios sobre literatura e hist\u00f3ria da cultura. 8\u00aa ed. S\u00e3o Paulo: Brasiliense, 2012, p. 182.<\/p>\n<p>3 BENJAMIN, Walter. A obra de arte na era de sua reprodutibilidade t\u00e9cnica. In: Magia e t\u00e9cnica, arte e pol\u00edtica: ensaios sobre literatura e hist\u00f3ria da cultura. 8\u00aa ed. S\u00e3o Paulo: Brasiliense, 2012, p. 182-3.<\/p>\n<p>4 BENJAMIN, Walter. A obra de arte na era de sua reprodutibilidade t\u00e9cnica. In: Magia e t\u00e9cnica, arte e pol\u00edtica: ensaios sobre literatura e hist\u00f3ria da cultura. 8\u00aa ed. S\u00e3o Paulo: Brasiliense, 2012, p. 184.<\/p>\n<p>5 BENJAMIN, Walter. A obra de arte na era de sua reprodutibilidade t\u00e9cnica. In: Magia e t\u00e9cnica, arte e pol\u00edtica: ensaios sobre literatura e hist\u00f3ria da cultura. 8\u00aa ed. S\u00e3o Paulo: Brasiliense, 2012, p. 184.<\/p>\n<div>\n<div>\n<p><span><em>Outras Palavras \u00e9 feito por muitas m\u00e3os. Se voc\u00ea valoriza nossa produ\u00e7\u00e3o, seja nosso apoiador e fortale\u00e7a o jornalismo cr\u00edtico: <strong>apoia.se\/outraspalavras<\/strong><\/em><\/span><\/p>\n<\/div>\n<\/div>\n<p>The post O conhecimento na era da reprodutibilidade infinita appeared first on Outras Palavras.<\/p>\n<!-- Begin Yuzo --><div class='yuzo_related_post style-1'  data-version='5.12.89'><!-- without result --><div class='yuzo_clearfixed yuzo__title yuzo__title'><h3>Related Post<\/h3><\/div>\n\t\t\t\t\t\t  <div class=\"relatedthumb \" style=\"width:125px;float:left;overflow:hidden;\">  \n\t\t\t\t\t\t\t  \n\t\t\t\t\t\t\t  <a  href=\"https:\/\/sul21.com.br\/noticias\/economia\/2025\/08\/reuniao-com-secretario-de-tesouro-dos-eua-foi-cancelada-diz-haddad\/\"  >\n\t\t\t\t\t\t\t\t\t  <div class=\"yuzo-img-wrap \" style=\"width: 125px;height:90px;\">\n\t\t\t\t\t\t\t\t\t\t\n\t\t\t\t\t\t\t\t\t\t<div class=\"yuzo-img\" style=\"background:url('https:\/\/agenciabrasil.ebc.com.br\/ebc.png?id=1653994&amp;o=node') 50% 50% no-repeat;width: 125px;height:90px;margin-bottom: 5px;background-size: cover; \"><\/div>\n\t\t\t\t\t\t\t\t\t  <\/div>\n\t\t\t\t\t\t\t\t\t  \n\t\t\t\t\t\t\t\t   <span class=\"yuzo__text--title\" style=\"font-size:13px;\">Reuni\u00e3o com secret\u00e1rio de Tesouro dos EUA foi canc...<\/span>\n\t\t\t\t\t\t\t  \n\t\t\t\t\t\t\t  \n\t\t\t\t\t\t\t  <\/a>\n\n\t\t\t\t\t\t  <\/div>\n\t\t\t\t\t\t  <div class=\"relatedthumb \" style=\"width:125px;float:left;overflow:hidden;\">  \n\t\t\t\t\t\t\t  \n\t\t\t\t\t\t\t  <a  href=\"https:\/\/redept.com.br\/blogosfera\/venezuelas-revolution-still-stands-debunking-trumps-psyop\/\"  >\n\t\t\t\t\t\t\t\t\t  <div class=\"yuzo-img-wrap \" style=\"width: 125px;height:90px;\">\n\t\t\t\t\t\t\t\t\t\t\n\t\t\t\t\t\t\t\t\t\t<div class=\"yuzo-img\" style=\"background:url('https:\/\/redept.org\/blogosfera\/wp-content\/plugins\/yuzo-related-post\/assets\/images\/default.png') 50% 50% no-repeat;width: 125px;height:90px;margin-bottom: 5px;background-size: cover; \"><\/div>\n\t\t\t\t\t\t\t\t\t  <\/div>\n\t\t\t\t\t\t\t\t\t  \n\t\t\t\t\t\t\t\t   <span class=\"yuzo__text--title\" style=\"font-size:13px;\">Venezuela\u2019s Revolution still stands: debunking Tru...<\/span>\n\t\t\t\t\t\t\t  \n\t\t\t\t\t\t\t  \n\t\t\t\t\t\t\t  <\/a>\n\n\t\t\t\t\t\t  <\/div>\n\t\t\t\t\t\t  <div class=\"relatedthumb \" style=\"width:125px;float:left;overflow:hidden;\">  \n\t\t\t\t\t\t\t  \n\t\t\t\t\t\t\t  <a  href=\"https:\/\/redept.com.br\/blogosfera\/historias-de-combate-ao-trabalho-escravo-04-casas-de-familia\/\"  >\n\t\t\t\t\t\t\t\t\t  <div class=\"yuzo-img-wrap \" style=\"width: 125px;height:90px;\">\n\t\t\t\t\t\t\t\t\t\t\n\t\t\t\t\t\t\t\t\t\t<div class=\"yuzo-img\" style=\"background:url('https:\/\/redept.org\/blogosfera\/wp-content\/plugins\/yuzo-related-post\/assets\/images\/default.png') 50% 50% no-repeat;width: 125px;height:90px;margin-bottom: 5px;background-size: cover; \"><\/div>\n\t\t\t\t\t\t\t\t\t  <\/div>\n\t\t\t\t\t\t\t\t\t  \n\t\t\t\t\t\t\t\t   <span class=\"yuzo__text--title\" style=\"font-size:13px;\">Hist\u00f3rias de Combate ao Trabalho Escravo #04: Casa...<\/span>\n\t\t\t\t\t\t\t  \n\t\t\t\t\t\t\t  \n\t\t\t\t\t\t\t  <\/a>\n\n\t\t\t\t\t\t  <\/div>\n\t\t\t\t\t\t  <div class=\"relatedthumb \" style=\"width:125px;float:left;overflow:hidden;\">  \n\t\t\t\t\t\t\t  \n\t\t\t\t\t\t\t  <a  href=\"https:\/\/redept.com.br\/blogosfera\/meis-excluidos-do-simples-nacional-tem-ate-31-de-janeiro-para-regularizar-pendencias\/\"  >\n\t\t\t\t\t\t\t\t\t  <div class=\"yuzo-img-wrap \" style=\"width: 125px;height:90px;\">\n\t\t\t\t\t\t\t\t\t\t\n\t\t\t\t\t\t\t\t\t\t<div class=\"yuzo-img\" style=\"background:url('https:\/\/redept.org\/blogosfera\/wp-content\/plugins\/yuzo-related-post\/assets\/images\/default.png') 50% 50% no-repeat;width: 125px;height:90px;margin-bottom: 5px;background-size: cover; \"><\/div>\n\t\t\t\t\t\t\t\t\t  <\/div>\n\t\t\t\t\t\t\t\t\t  \n\t\t\t\t\t\t\t\t   <span class=\"yuzo__text--title\" style=\"font-size:13px;\">MEIs exclu\u00eddos do Simples Nacional t\u00eam at\u00e9 31 de j...<\/span>\n\t\t\t\t\t\t\t  \n\t\t\t\t\t\t\t  \n\t\t\t\t\t\t\t  <\/a>\n\n\t\t\t\t\t\t  <\/div>\n<\/div> <script>\n\t\t\t\t\t\t  jQuery(document).ready(function( $ ){\n\t\t\t\t\t\t\t\/\/jQuery('.yuzo_related_post').equalizer({ overflow : 'relatedthumb' });\n\t\t\t\t\t\t\tjQuery('.yuzo_related_post .yuzo_wraps').equalizer({ columns : '> div' });\n\t\t\t\t\t\t   })\n\t\t\t\t\t\t  <\/script> <!-- End Yuzo :) -->","protected":false},"excerpt":{"rendered":"<p>Na era digital, a enorme difus\u00e3o das publica\u00e7\u00f5es acad\u00eamicas, embora democratize o acesso, carrega a press\u00e3o por produtividade. Mas, diante deste cen\u00e1rio, qual seria a fronteira entre cria\u00e7\u00e3o e imita\u00e7\u00e3o do saber cient\u00edfico? Reflex\u00f5es a partir de Walter Benjamin<\/p>\n<p>The post <a href=\"https:\/\/outraspalavras.net\/crise-civilizatoria\/o-conhecimento-na-era-da-reprodutibilidade-infinita\/\">O conhecimento na era da reprodutibilidade infinita<\/a> appeared first on <a href=\"https:\/\/outraspalavras.net\/\">Outras Palavras<\/a>.<\/p>\n","protected":false},"author":2,"featured_media":75112,"comment_status":"open","ping_status":"closed","sticky":false,"template":"","format":"standard","meta":{"fifu_image_url":"","fifu_image_alt":"","footnotes":""},"categories":[795,36363,2687,2956,1066,36364],"tags":[],"class_list":["post-75111","post","type-post","status-publish","format-standard","has-post-thumbnail","hentry","category-ciencia","category-conhecimento","category-crise-civilizatoria","category-neoliberalismo","category-universidade","category-walter-bejamin"],"_links":{"self":[{"href":"https:\/\/redept.com.br\/blogosfera\/wp-json\/wp\/v2\/posts\/75111","targetHints":{"allow":["GET"]}}],"collection":[{"href":"https:\/\/redept.com.br\/blogosfera\/wp-json\/wp\/v2\/posts"}],"about":[{"href":"https:\/\/redept.com.br\/blogosfera\/wp-json\/wp\/v2\/types\/post"}],"author":[{"embeddable":true,"href":"https:\/\/redept.com.br\/blogosfera\/wp-json\/wp\/v2\/users\/2"}],"replies":[{"embeddable":true,"href":"https:\/\/redept.com.br\/blogosfera\/wp-json\/wp\/v2\/comments?post=75111"}],"version-history":[{"count":0,"href":"https:\/\/redept.com.br\/blogosfera\/wp-json\/wp\/v2\/posts\/75111\/revisions"}],"wp:featuredmedia":[{"embeddable":true,"href":"https:\/\/redept.com.br\/blogosfera\/wp-json\/wp\/v2\/media\/75112"}],"wp:attachment":[{"href":"https:\/\/redept.com.br\/blogosfera\/wp-json\/wp\/v2\/media?parent=75111"}],"wp:term":[{"taxonomy":"category","embeddable":true,"href":"https:\/\/redept.com.br\/blogosfera\/wp-json\/wp\/v2\/categories?post=75111"},{"taxonomy":"post_tag","embeddable":true,"href":"https:\/\/redept.com.br\/blogosfera\/wp-json\/wp\/v2\/tags?post=75111"}],"curies":[{"name":"wp","href":"https:\/\/api.w.org\/{rel}","templated":true}]}}