{"id":75132,"date":"2026-02-20T15:00:41","date_gmt":"2026-02-20T18:00:41","guid":{"rendered":"https:\/\/redept.com.br\/blogosfera\/zingpo-gandeme-o-trono-africano-que-virou-cinzas-no-brasil\/"},"modified":"2026-02-20T15:00:41","modified_gmt":"2026-02-20T18:00:41","slug":"zingpo-gandeme-o-trono-africano-que-virou-cinzas-no-brasil","status":"publish","type":"post","link":"https:\/\/redept.com.br\/blogosfera\/zingpo-gandeme-o-trono-africano-que-virou-cinzas-no-brasil\/","title":{"rendered":"Zingpo Gandeme: o trono africano que virou cinzas no Brasil"},"content":{"rendered":"<p>Dentre as centenas de objetos africanos conservados no Museu Nacional do Rio de Janeiro, havia uma obra que se destacava pela suntuosidade e pela import\u00e2ncia hist\u00f3rica. Tratava-se de um trono do Reino do Daom\u00e9, esculpido em madeira entre o fim do s\u00e9culo 18 e o in\u00edcio do s\u00e9culo 19.<\/p>\n<p>Chamado \u201cZingpo Gandeme\u201d (\u201cassento do rei\u201d) e inspirado no assento real do soberano africano Kpengala (1774-1789), o trono foi remetido no in\u00edcio do s\u00e9culo 19 para o Brasil, como um presente para Dom Jo\u00e3o VI. Por duzentos anos, o trono esteve entre as pe\u00e7as mais valiosas da cole\u00e7\u00e3o etnogr\u00e1fica do Museu Nacional, at\u00e9 ser incinerado no inc\u00eandio de 2018.<\/p>\n<h3>Daom\u00e9 e o reinado de Adanuzam<\/h3>\n<p>O Reino do Daom\u00e9 existiu no territ\u00f3rio hoje correspondente \u00e0 na\u00e7\u00e3o africana do Benim. Constitu\u00eddo pelo povo Fon, que se estabeleceu na regi\u00e3o entre o Rio N\u00edger e a chamada \u201cCosta dos Escravos\u201d, no litoral do Golfo da Guin\u00e9, o Reino de Daom\u00e9 foi fundado por volta de 1600 e perdurou por mais de tr\u00eas s\u00e9culos como uma na\u00e7\u00e3o independente, at\u00e9 ser colonizado pelos franceses em 1904.<\/p>\n<p>Daom\u00e9 se converteu em uma relevante pot\u00eancia regional da \u00c1frica Ocidental no s\u00e9culo 18, ap\u00f3s estabelecer uma administra\u00e7\u00e3o centralizada, um abrangente sistema tribut\u00e1rio e for\u00e7as armadas organizadas.<\/p>\n<p>A partir do reinado de Tebess\u00fa (1740-1774), os daomeanos intensificaram o com\u00e9rcio com as na\u00e7\u00f5es europeias e passaram a fornecer prisioneiros de guerra e soldados capturados de etnias rivais para os mercadores de escravizados. A pr\u00e1tica perdurou at\u00e9 o s\u00e9culo 19, mas foi particularmente intensa sob o infame reinado de Adanuzam.<\/p>\n<p>Filho de Agongl\u00f4, oitavo rei de Daom\u00e9, Adanuzam tinha um comportamento antissocial que causava preocupa\u00e7\u00e3o ao pai desde a inf\u00e2ncia. Aconselhado pelo Or\u00e1culo de Fa, o rei Agongl\u00f4 decidiu que seu filho mais novo, Guez\u00f4, seria seu sucessor. A desestabiliza\u00e7\u00e3o do reino ap\u00f3s sua morte precoce, entretanto, permitiu que Adanuzam assumisse o trono, a despeito da vontade p\u00f3stuma do pai.<\/p>\n<p>O reinado de Adanuzam seria marcado pela trucul\u00eancia e forte repress\u00e3o do povo daomeano. Administrador in\u00e1bil e ganancioso, o rei promoveu uma s\u00e9rie de guerras desastrosas contra os povos vizinhos. Tamb\u00e9m come\u00e7ou a vender seus pr\u00f3prios s\u00faditos aos mercadores de escravizados.<\/p>\n<p>Para evitar que seu meio-irm\u00e3o Guez\u00f4 ou outros membros da fam\u00edlia real reivindicassem a coroa, decidiu bani-los ou vend\u00ea-los aos mercadores \u2014 incluindo a rainha N\u00e3 Agontim\u00e9, sua madrasta e m\u00e3e de Guez\u00f4, que seria enviada como escravizada para o Brasil.<\/p>\n<p>Adanuzam permaneceu no trono por 22 anos e n\u00e3o mediu esfor\u00e7os para consolidar seu poder e o controle sobre o com\u00e9rcio de cativos. Para eliminar os intermedi\u00e1rios nas transa\u00e7\u00f5es, mandou prender o brasileiro Francisco F\u00e9lix de Sousa, que se tornara o maior traficante de escravizados da cidade daomeana de Uid\u00e1.<\/p>\n<figure aria-describedby=\"caption-attachment-247134\"><img loading=\"lazy\" loading=\"lazy\" decoding=\"async\"src=\"https:\/\/redept.com.br\/blogosfera\/wp-content\/uploads\/2026\/02\/trono.jpg\" alt=\"\" width=\"800\" height=\"593\" srcset=\"https:\/\/redept.com.br\/blogosfera\/wp-content\/uploads\/2026\/02\/trono.jpg 800w, https:\/\/operamundi.uol.com.br\/wp-content\/uploads\/2026\/02\/trono-300x222.jpg 300w, https:\/\/operamundi.uol.com.br\/wp-content\/uploads\/2026\/02\/trono-768x569.jpg 768w, https:\/\/operamundi.uol.com.br\/wp-content\/uploads\/2026\/02\/trono-150x111.jpg 150w, https:\/\/operamundi.uol.com.br\/wp-content\/uploads\/2026\/02\/trono-750x556.jpg 750w\" sizes=\"auto, (max-width: 800px) 100vw, 800px\"><figcaption>Trono de Daom\u00e9 <br \/>Museu Nacional \/ UFRJ<\/figcaption><\/figure>\n<h3>A vinda do trono para o Brasil<\/h3>\n<p>Ap\u00f3s a transfer\u00eancia da corte portuguesa para o Rio de Janeiro e a assinatura de um tratado entre Portugal e Inglaterra limitando o com\u00e9rcio atl\u00e2ntico de escravizados, Adanuzam enviou uma miss\u00e3o diplom\u00e1tica ao Brasil, consistindo na visita de um grupo de embaixadores portando correspond\u00eancias e presentes endere\u00e7ados ao Pr\u00edncipe Regente Dom Jo\u00e3o VI.<\/p>\n<p>A visita, concretizada em 1811, tinha por objetivo assegurar a continuidade do com\u00e9rcio de escravizados entre as duas na\u00e7\u00f5es. No lote de presentes encaminhados ao soberano portugu\u00eas estavam uma bolsa, uma bandeira de guerra, sand\u00e1lias reais, um cetro e, conforme registrado na carta, \u201cuma das cadeiras de minha terra\u201d. \u00c9 poss\u00edvel, portanto, que essa cadeira fosse uma r\u00e9plica do trono real de Adanuzam.<\/p>\n<p>Em 1818, Guez\u00f4 retornou a Daom\u00e9 para reivindicar o trono. Apoiado pelos militares e pela popula\u00e7\u00e3o daomeana, ele conseguiu depor Adanuzam e assumiu o comando do pa\u00eds. Adanuzam foi preso e seus registros documentais foram apagados da hist\u00f3ria de Abomei, capital de Daom\u00e9.<\/p>\n<p>Uma das primeiras provid\u00eancias tomadas por Guez\u00f4 ap\u00f3s ascender ao poder foi despachar um corpo de emiss\u00e1rios para o Brasil, a fim de localizar e resgatar sua m\u00e3e, N\u00e3 Agontim\u00e9. Um desses emiss\u00e1rios era Dossuy\u00e9vo, um daomeano que falava portugu\u00eas. Os emiss\u00e1rios de Guez\u00f4 permaneceram na Bahia por tr\u00eas anos buscando a rainha, mas n\u00e3o obtiveram sucesso.<\/p>\n<p>Alguns historiadores acreditam que foi nessa ocasi\u00e3o que o trono real de Adanuzam teria sido enviado para o Brasil, como um presente de Guez\u00f4 para Dom Jo\u00e3o VI. Como o trono real era imbu\u00eddo de car\u00e1ter sagrado, Guez\u00f4 n\u00e3o poderia destru\u00ed-lo, mas teria enxergado a oportunidade de se livrar da pe\u00e7a, remetendo-a para o outro lado do Oceano Atl\u00e2ntico.<\/p>\n<p>Essa hip\u00f3tese n\u00e3o apenas estaria de acordo com o fen\u00f4meno do apagamento dos vest\u00edgios do reinado de Adanuzam, como \u00e9 refor\u00e7ada por outro fato: no Museu Hist\u00f3rico de Abomei, est\u00e3o conservados todos os tronos dos soberanos daomeanos \u2014 exceto o de Adanuzam.<\/p>\n<p>O paradeiro da rainha N\u00e3 Agontim\u00e9 somente foi identificado mais de um s\u00e9culo depois. Em 1948, o pesquisador franc\u00eas Pierre Verger conseguiu descobrir os nomes dos voduns cultuados no templo de tambor Casa de Minas, localizado em S\u00e3o Lu\u00eds, Maranh\u00e3o, e cruzou as informa\u00e7\u00f5es com os registros da fam\u00edlia real daomeana.<\/p>\n<p>Verger descobriu ent\u00e3o que Maria Jesu\u00edna, escrava que fundou a Casa de Minas em 1840, vondunce de Toi Zomad\u00f4nu, era justamente a rainha N\u00e3 Agontim\u00e9. A tese de Verger foi confirmada por pesquisadores da UNESCO em 1985 e N\u00e3 Agontim\u00e9 foi reconhecida como fundadora do culto da tradi\u00e7\u00e3o Ewe-Fon no Brasil.<\/p>\n<p>O culto dos 45 voduns era matriarcal e foi encerrado em 2015, ap\u00f3s o falecimento de M\u00e3e Deni de T\u00f3i Lepon, que n\u00e3o deixou nenhuma vodunce herdeira. O trono de Adanuzam, por sua vez, foi destru\u00eddo no inc\u00eandio que destruiu o pr\u00e9dio e o acervo do Museu Nacional do Rio de Janeiro em 2 de setembro de 2018, junto com as outras 700 pe\u00e7as da cole\u00e7\u00e3o de etnografia africana da institui\u00e7\u00e3o.<\/p>\n<p>O post Zingpo Gandeme: o trono africano que virou cinzas no Brasil apareceu primeiro em Opera Mundi.<\/p>\n<!-- Begin Yuzo --><div class='yuzo_related_post style-1'  data-version='5.12.89'><!-- without result --><div class='yuzo_clearfixed yuzo__title yuzo__title'><h3>Related Post<\/h3><\/div>\n\t\t\t\t\t\t  <div class=\"relatedthumb \" style=\"width:125px;float:left;overflow:hidden;\">  \n\t\t\t\t\t\t\t  \n\t\t\t\t\t\t\t  <a  href=\"https:\/\/redept.com.br\/blogosfera\/professores-do-sesi-retornam-as-aulas-esta-e-outras-noticias-da-educacao\/\"  >\n\t\t\t\t\t\t\t\t\t  <div class=\"yuzo-img-wrap \" style=\"width: 125px;height:90px;\">\n\t\t\t\t\t\t\t\t\t\t\n\t\t\t\t\t\t\t\t\t\t<div class=\"yuzo-img\" style=\"background:url('https:\/\/redept.com.br\/blogosfera\/wp-content\/uploads\/2025\/04\/greve_sesi-1-150x150.jpeg') 50% 50% no-repeat;width: 125px;height:90px;margin-bottom: 5px;background-size: cover; \"><\/div>\n\t\t\t\t\t\t\t\t\t  <\/div>\n\t\t\t\t\t\t\t\t\t  \n\t\t\t\t\t\t\t\t   <span class=\"yuzo__text--title\" style=\"font-size:13px;\">Professores do Sesi retornam \u00e0s aulas; esta e outr...<\/span>\n\t\t\t\t\t\t\t  \n\t\t\t\t\t\t\t  \n\t\t\t\t\t\t\t  <\/a>\n\n\t\t\t\t\t\t  <\/div>\n\t\t\t\t\t\t  <div class=\"relatedthumb \" style=\"width:125px;float:left;overflow:hidden;\">  \n\t\t\t\t\t\t\t  \n\t\t\t\t\t\t\t  <a  href=\"https:\/\/redept.com.br\/blogosfera\/presidente-do-inss-e-afastado-apos-operacao-da-pf-contra-fraudes-no-orgao\/\"  >\n\t\t\t\t\t\t\t\t\t  <div class=\"yuzo-img-wrap \" style=\"width: 125px;height:90px;\">\n\t\t\t\t\t\t\t\t\t\t\n\t\t\t\t\t\t\t\t\t\t<div class=\"yuzo-img\" style=\"background:url('https:\/\/redept.org\/blogosfera\/wp-content\/plugins\/yuzo-related-post\/assets\/images\/default.png') 50% 50% no-repeat;width: 125px;height:90px;margin-bottom: 5px;background-size: cover; \"><\/div>\n\t\t\t\t\t\t\t\t\t  <\/div>\n\t\t\t\t\t\t\t\t\t  \n\t\t\t\t\t\t\t\t   <span class=\"yuzo__text--title\" style=\"font-size:13px;\">Presidente do INSS \u00e9 afastado ap\u00f3s opera\u00e7\u00e3o da PF ...<\/span>\n\t\t\t\t\t\t\t  \n\t\t\t\t\t\t\t  \n\t\t\t\t\t\t\t  <\/a>\n\n\t\t\t\t\t\t  <\/div>\n\t\t\t\t\t\t  <div class=\"relatedthumb \" style=\"width:125px;float:left;overflow:hidden;\">  \n\t\t\t\t\t\t\t  \n\t\t\t\t\t\t\t  <a  href=\"https:\/\/redept.com.br\/blogosfera\/glauber-braga-vitoria-da-critica-e-do-discernimento\/\"  >\n\t\t\t\t\t\t\t\t\t  <div class=\"yuzo-img-wrap \" style=\"width: 125px;height:90px;\">\n\t\t\t\t\t\t\t\t\t\t\n\t\t\t\t\t\t\t\t\t\t<div class=\"yuzo-img\" style=\"background:url('https:\/\/redept.com.br\/blogosfera\/wp-content\/uploads\/2025\/04\/glauber-braga-foto-vinicius-loures_camara-dos-deputados-150x150.webp') 50% 50% no-repeat;width: 125px;height:90px;margin-bottom: 5px;background-size: cover; \"><\/div>\n\t\t\t\t\t\t\t\t\t  <\/div>\n\t\t\t\t\t\t\t\t\t  \n\t\t\t\t\t\t\t\t   <span class=\"yuzo__text--title\" style=\"font-size:13px;\">Glauber Braga: vit\u00f3ria da cr\u00edtica e do discernimen...<\/span>\n\t\t\t\t\t\t\t  \n\t\t\t\t\t\t\t  \n\t\t\t\t\t\t\t  <\/a>\n\n\t\t\t\t\t\t  <\/div>\n\t\t\t\t\t\t  <div class=\"relatedthumb \" style=\"width:125px;float:left;overflow:hidden;\">  \n\t\t\t\t\t\t\t  \n\t\t\t\t\t\t\t  <a  href=\"https:\/\/redept.com.br\/blogosfera\/acordo-de-tregua-em-gaza-preve-troca-de-mil-prisioneiros-palestinos-por-33-refens-israelenses\/\"  >\n\t\t\t\t\t\t\t\t\t  <div class=\"yuzo-img-wrap \" style=\"width: 125px;height:90px;\">\n\t\t\t\t\t\t\t\t\t\t\n\t\t\t\t\t\t\t\t\t\t<div class=\"yuzo-img\" style=\"background:url('https:\/\/redept.org\/blogosfera\/wp-content\/plugins\/yuzo-related-post\/assets\/images\/default.png') 50% 50% no-repeat;width: 125px;height:90px;margin-bottom: 5px;background-size: cover; \"><\/div>\n\t\t\t\t\t\t\t\t\t  <\/div>\n\t\t\t\t\t\t\t\t\t  \n\t\t\t\t\t\t\t\t   <span class=\"yuzo__text--title\" style=\"font-size:13px;\">Acordo de tr\u00e9gua em Gaza prev\u00ea troca de mil prisio...<\/span>\n\t\t\t\t\t\t\t  \n\t\t\t\t\t\t\t  \n\t\t\t\t\t\t\t  <\/a>\n\n\t\t\t\t\t\t  <\/div>\n<\/div> <script>\n\t\t\t\t\t\t  jQuery(document).ready(function( $ ){\n\t\t\t\t\t\t\t\/\/jQuery('.yuzo_related_post').equalizer({ overflow : 'relatedthumb' });\n\t\t\t\t\t\t\tjQuery('.yuzo_related_post .yuzo_wraps').equalizer({ columns : '> div' });\n\t\t\t\t\t\t   })\n\t\t\t\t\t\t  <\/script> <!-- End Yuzo :) -->","protected":false},"excerpt":{"rendered":"<p>Dentre as centenas de objetos africanos conservados no Museu Nacional do Rio de Janeiro, havia uma obra que se destacava pela suntuosidade e pela import\u00e2ncia hist\u00f3rica. Tratava-se de um trono do Reino do Daom\u00e9, esculpido em madeira entre o fim do s\u00e9culo 18 e o in\u00edcio do s\u00e9culo 19. Chamado \u201cZingpo Gandeme\u201d (\u201cassento do rei\u201d) [\u2026]<\/p>\n<p>O post <a href=\"https:\/\/operamundi.uol.com.br\/pensar-a-historia\/zingpo-gandeme-o-trono-africano-que-virou-cinzas-no-brasil\/\">Zingpo Gandeme: o trono africano que virou cinzas no Brasil<\/a> apareceu primeiro em <a href=\"https:\/\/operamundi.uol.com.br\/\">Opera Mundi<\/a>.<\/p>\n","protected":false},"author":2,"featured_media":75133,"comment_status":"closed","ping_status":"closed","sticky":false,"template":"","format":"standard","meta":{"fifu_image_url":"","fifu_image_alt":"","footnotes":""},"categories":[45,28782,5622,36378],"tags":[],"class_list":["post-75132","post","type-post","status-publish","format-standard","has-post-thumbnail","hentry","category-brasil","category-dom-pedro","category-pensar-a-historia","category-trono"],"_links":{"self":[{"href":"https:\/\/redept.com.br\/blogosfera\/wp-json\/wp\/v2\/posts\/75132","targetHints":{"allow":["GET"]}}],"collection":[{"href":"https:\/\/redept.com.br\/blogosfera\/wp-json\/wp\/v2\/posts"}],"about":[{"href":"https:\/\/redept.com.br\/blogosfera\/wp-json\/wp\/v2\/types\/post"}],"author":[{"embeddable":true,"href":"https:\/\/redept.com.br\/blogosfera\/wp-json\/wp\/v2\/users\/2"}],"replies":[{"embeddable":true,"href":"https:\/\/redept.com.br\/blogosfera\/wp-json\/wp\/v2\/comments?post=75132"}],"version-history":[{"count":0,"href":"https:\/\/redept.com.br\/blogosfera\/wp-json\/wp\/v2\/posts\/75132\/revisions"}],"wp:featuredmedia":[{"embeddable":true,"href":"https:\/\/redept.com.br\/blogosfera\/wp-json\/wp\/v2\/media\/75133"}],"wp:attachment":[{"href":"https:\/\/redept.com.br\/blogosfera\/wp-json\/wp\/v2\/media?parent=75132"}],"wp:term":[{"taxonomy":"category","embeddable":true,"href":"https:\/\/redept.com.br\/blogosfera\/wp-json\/wp\/v2\/categories?post=75132"},{"taxonomy":"post_tag","embeddable":true,"href":"https:\/\/redept.com.br\/blogosfera\/wp-json\/wp\/v2\/tags?post=75132"}],"curies":[{"name":"wp","href":"https:\/\/api.w.org\/{rel}","templated":true}]}}