{"id":75302,"date":"2026-02-23T15:29:58","date_gmt":"2026-02-23T18:29:58","guid":{"rendered":"https:\/\/redept.com.br\/blogosfera\/ha-que-se-cuidar-dos-nucleos\/"},"modified":"2026-02-23T15:29:58","modified_gmt":"2026-02-23T18:29:58","slug":"ha-que-se-cuidar-dos-nucleos","status":"publish","type":"post","link":"https:\/\/redept.com.br\/blogosfera\/ha-que-se-cuidar-dos-nucleos\/","title":{"rendered":"H\u00e1 que se cuidar dos n\u00facleos"},"content":{"rendered":"<p><img fetchpriority=\"high\" width=\"1851\" height=\"644\"src=\"https:\/\/redept.com.br\/blogosfera\/wp-content\/uploads\/2026\/02\/P3-_-UP-_-Wildally-Souza.jpg\" alt=\"Milit\u00e2ncia da Unidade Popular em S\u00e3o Paulo. Foto: Wildally Souza JAV\/SP\" link_thumbnail=\"\" decoding=\"async\" srcset=\"https:\/\/redept.com.br\/blogosfera\/wp-content\/uploads\/2026\/02\/P3-_-UP-_-Wildally-Souza.jpg 1851w, https:\/\/averdade.org.br\/wp-content\/uploads\/2024\/11\/P3-_-UP-_-Wildally-Souza-350x122.jpg 350w, https:\/\/averdade.org.br\/wp-content\/uploads\/2024\/11\/P3-_-UP-_-Wildally-Souza-1024x356.jpg 1024w, https:\/\/averdade.org.br\/wp-content\/uploads\/2024\/11\/P3-_-UP-_-Wildally-Souza-250x87.jpg 250w, https:\/\/averdade.org.br\/wp-content\/uploads\/2024\/11\/P3-_-UP-_-Wildally-Souza-768x267.jpg 768w, https:\/\/averdade.org.br\/wp-content\/uploads\/2024\/11\/P3-_-UP-_-Wildally-Souza-1536x534.jpg 1536w, https:\/\/averdade.org.br\/wp-content\/uploads\/2024\/11\/P3-_-UP-_-Wildally-Souza-150x52.jpg 150w, https:\/\/averdade.org.br\/wp-content\/uploads\/2024\/11\/P3-_-UP-_-Wildally-Souza-300x104.jpg 300w, https:\/\/averdade.org.br\/wp-content\/uploads\/2024\/11\/P3-_-UP-_-Wildally-Souza-696x242.jpg 696w, https:\/\/averdade.org.br\/wp-content\/uploads\/2024\/11\/P3-_-UP-_-Wildally-Souza-1068x372.jpg 1068w\" sizes=\"(max-width: 1851px) 100vw, 1851px\"><\/p>\n<p><strong>Atingindo a marca de quase 12 mil filiados em 2025, a Unidade Popular (UP) reafirma seu papel como o partido dos explorados ao transformar revolta em organiza\u00e7\u00e3o revolucion\u00e1ria.<\/strong><\/p>\n<p><b>Tati Bornato | S\u00e3o Paulo (SP)<\/b><\/p>\n<hr>\n<p><strong>PARTIDO \u2013 <\/strong>A Unidade Popular (UP), o partido dos explorados e oprimidos, tem aumentado o n\u00famero de participantes em suas fileiras, passando de 10 mil filiados, em 2024, para quase 12 mil filiados at\u00e9 junho de 2025. Esse crescimento revela que a classe trabalhadora v\u00ea neste partido uma forma de combater o sistema capitalista e de lutar pelo socialismo.<\/p>\n<p>Ao ingressar na UP, os novos militantes podem se organizar em n\u00facleos de base, espalhados por bairros, vilas, favelas, f\u00e1bricas, escolas, universidades e locais de trabalho. Os n\u00facleos assumem a tarefa da forma\u00e7\u00e3o te\u00f3rica, com estudos individuais e coletivos, e com forma\u00e7\u00e3o pr\u00e1tica, pois s\u00e3o tamb\u00e9m espa\u00e7os de constru\u00e7\u00e3o das lutas territoriais, como reivindica\u00e7\u00f5es por coleta de lixo nos bairros mais afastados dos centros urbanos, ilumina\u00e7\u00e3o adequada nas ruas, ponto de \u00f4nibus pr\u00f3ximo aos postos de sa\u00fade, pressionam \u00f3rg\u00e3os p\u00fablicos para resolverem o problema das enchentes que assolam as casas e assassinam as fam\u00edlias trabalhadoras. As lutas movimentam os militantes a encontrarem novas pessoas, que tamb\u00e9m est\u00e3o revoltados com esse sistema, para se organizarem na UP.<\/p>\n<p>A UP \u00e9 <b><i>\u201cdos pretos, dos favelados, partido pobre, do povo organizado\u201d<\/i><\/b> e n\u00e3o se alia aos grandes ricos. Al\u00e9m da contribui\u00e7\u00e3o individual mensal de cada militante, os n\u00facleos desempenham um papel fundamental na pol\u00edtica de autossustenta\u00e7\u00e3o. Eles desenvolvem atividades de finan\u00e7as, como cursos de forma\u00e7\u00e3o, confec\u00e7\u00e3o de camisetas com estampas de her\u00f3is revolucion\u00e1rios, organiza\u00e7\u00e3o de brech\u00f3s e eventos culturais, incluindo festas tem\u00e1ticas e cine-debates.<\/p>\n<p>Os n\u00facleos tamb\u00e9m s\u00e3o espa\u00e7os de acolhimento em que cada militante pode coletivizar os problemas individuais e obter solu\u00e7\u00f5es e acompanhamento coletivo, colocando em pr\u00e1tica o significado da palavra <b>camarada<\/b>!<\/p>\n<p>Os n\u00facleos v\u00e3o al\u00e9m. Os militantes se somam aos movimentos sociais que constroem a UP e apoiam lutas mais amplas que tamb\u00e9m fazem parte do Programa partid\u00e1rio: redu\u00e7\u00e3o da jornada de trabalho, fim da escala 6\u00d71 e aumento de 100% do sal\u00e1rio m\u00ednimo. Apoiam protestos contra a fome para exigir cestas b\u00e1sicas, denunciam a carestia e os pre\u00e7os abusivos praticados por grandes redes de supermercados. Al\u00e9m disso, apoiam as lutas das mulheres e dos movimentos estudantis.<\/p>\n<p>Lan\u00e7ada recentemente, os n\u00facleos tamb\u00e9m apoiam a luta antirracista por meio da <b>Frente Negra Revolucion\u00e1ria (FNR)<\/b>, que nasce da \u201cperspectiva de combate e de transforma\u00e7\u00e3o da sociedade para p\u00f4r fim aos herdeiros dos senhores de escravos a atual classe rica e dominante brasileira e para organizar os negros que ainda hoje necessitam vender sua for\u00e7a de trabalho para sobreviver e seguem sendo massacrados, f\u00edsica e \u2018espiritualmente\u2019, pelo sistema capitalista, racista e opressor\u201d.<\/p>\n<p>Lutas n\u00e3o faltam. Elas ocorrem por necessidade, e n\u00e3o por escolha. O avan\u00e7o do fascismo no Brasil e no mundo precisa de uma classe trabalhadora organizada e revolucion\u00e1ria. \u00c9 preciso romper as correntes e construir um mundo novo, bom, justo e melhor para todos.<\/p>\n<h4><b>Mulheres trabalhadoras: pilares da revolu\u00e7\u00e3o<\/b><\/h4>\n<p>O trabalho de coordena\u00e7\u00e3o dos n\u00facleos \u00e9 fundamental para o desenvolvimento respons\u00e1vel deles. A presen\u00e7a nas reuni\u00f5es \u00e9 fundamental. Al\u00e9m disso, \u00e9 preciso mobilizar os camaradas a participarem das lutas e das brigadas do jornal <b><i>A Verdade<\/i><\/b>. \u00c9 no fogo da batalha que se forjam os melhores quadros para estarem \u00e0 frente da revolu\u00e7\u00e3o. \u00c9 preciso assegurar a participa\u00e7\u00e3o de todos os militantes, <b>principalmente das mulheres<\/b>, nas reuni\u00f5es.<\/p>\n<p>Organizar as mulheres dentro da UP \u00e9 decisivo. A emancipa\u00e7\u00e3o da mulher est\u00e1 ligada diretamente \u00e0 luta contra o capitalismo, pois a opress\u00e3o de g\u00eanero tamb\u00e9m \u00e9 uma forma de explora\u00e7\u00e3o. Portanto, garantir condi\u00e7\u00f5es materiais para milit\u00e2ncia das companheiras \u00e9 urgente. Nesse sentido, a organiza\u00e7\u00e3o de creches para cuidado coletivo das crian\u00e7as \u00e9 uma contribui\u00e7\u00e3o revolucion\u00e1ria para que camaradas m\u00e3es participem melhor das reuni\u00f5es e lutas. Tamb\u00e9m uma programa\u00e7\u00e3o antecipada das datas e hor\u00e1rios das reuni\u00f5es permite que essas m\u00e3es planejem melhor seu dia para garantir sua presen\u00e7a.<\/p>\n<h4><b>H\u00e1 que se cuidar dos n\u00facleos, camaradas!<\/b><\/h4>\n<p>S\u00f3 \u00e9 poss\u00edvel organizar a classe trabalhadora com n\u00facleos fortes. \u00c9 preciso, portanto, tratar os n\u00facleos com zelo, disciplina e como tarefa revolucion\u00e1ria priorit\u00e1ria.<\/p>\n<p>Cada militante \u00e9 respons\u00e1vel por fortalecer e garantir o bom funcionamento dos n\u00facleos da Unidade Popular. Trata-se de um compromisso di\u00e1rio, sistem\u00e1tico e cont\u00ednuo, valorizando as reuni\u00f5es e compreendendo-as como um local de partida no avan\u00e7o da consci\u00eancia revolucion\u00e1ria. Cada a\u00e7\u00e3o consciente dentro do n\u00facleo contribui para a materializa\u00e7\u00e3o do Poder Popular e do Socialismo.<\/p>\n<p><b>Conhe\u00e7a e se organize no partido dos explorados e oprimidos. Filie-se \u00e0 Unidade Popular!<\/b><\/p>\n<!-- Begin Yuzo --><div class='yuzo_related_post style-1'  data-version='5.12.89'><!-- without result --><div class='yuzo_clearfixed yuzo__title yuzo__title'><h3>Related Post<\/h3><\/div>\n\t\t\t\t\t\t  <div class=\"relatedthumb \" style=\"width:125px;float:left;overflow:hidden;\">  \n\t\t\t\t\t\t\t  \n\t\t\t\t\t\t\t  <a  href=\"https:\/\/redept.com.br\/blogosfera\/com-apoio-de-deputado-bolsonarista-empresario-reconstroi-muro-considerado-ilegal-em-praia-de-pernambuco\/\"  >\n\t\t\t\t\t\t\t\t\t  <div class=\"yuzo-img-wrap \" style=\"width: 125px;height:90px;\">\n\t\t\t\t\t\t\t\t\t\t\n\t\t\t\t\t\t\t\t\t\t<div class=\"yuzo-img\" style=\"background:url('https:\/\/redept.org\/blogosfera\/wp-content\/plugins\/yuzo-related-post\/assets\/images\/default.png') 50% 50% no-repeat;width: 125px;height:90px;margin-bottom: 5px;background-size: cover; \"><\/div>\n\t\t\t\t\t\t\t\t\t  <\/div>\n\t\t\t\t\t\t\t\t\t  \n\t\t\t\t\t\t\t\t   <span class=\"yuzo__text--title\" style=\"font-size:13px;\">Com apoio de deputado bolsonarista, empres\u00e1rio rec...<\/span>\n\t\t\t\t\t\t\t  \n\t\t\t\t\t\t\t  \n\t\t\t\t\t\t\t  <\/a>\n\n\t\t\t\t\t\t  <\/div>\n\t\t\t\t\t\t  <div class=\"relatedthumb \" style=\"width:125px;float:left;overflow:hidden;\">  \n\t\t\t\t\t\t\t  \n\t\t\t\t\t\t\t  <a  href=\"https:\/\/redept.com.br\/blogosfera\/lula-e-presidenta-do-mexico-querem-reunir-empresarios-dos-dois-paises\/\"  >\n\t\t\t\t\t\t\t\t\t  <div class=\"yuzo-img-wrap \" style=\"width: 125px;height:90px;\">\n\t\t\t\t\t\t\t\t\t\t\n\t\t\t\t\t\t\t\t\t\t<div class=\"yuzo-img\" style=\"background:url('https:\/\/redept.org\/blogosfera\/wp-content\/plugins\/yuzo-related-post\/assets\/images\/default.png') 50% 50% no-repeat;width: 125px;height:90px;margin-bottom: 5px;background-size: cover; \"><\/div>\n\t\t\t\t\t\t\t\t\t  <\/div>\n\t\t\t\t\t\t\t\t\t  \n\t\t\t\t\t\t\t\t   <span class=\"yuzo__text--title\" style=\"font-size:13px;\">Lula e presidenta do M\u00e9xico querem reunir empres\u00e1r...<\/span>\n\t\t\t\t\t\t\t  \n\t\t\t\t\t\t\t  \n\t\t\t\t\t\t\t  <\/a>\n\n\t\t\t\t\t\t  <\/div>\n\t\t\t\t\t\t  <div class=\"relatedthumb \" style=\"width:125px;float:left;overflow:hidden;\">  \n\t\t\t\t\t\t\t  \n\t\t\t\t\t\t\t  <a  href=\"https:\/\/redept.com.br\/blogosfera\/eduardo-bolsonaro-nao-pode-ser-deputado-vivendo-nos-eua-diz-marcio-jerry\/\"  >\n\t\t\t\t\t\t\t\t\t  <div class=\"yuzo-img-wrap \" style=\"width: 125px;height:90px;\">\n\t\t\t\t\t\t\t\t\t\t\n\t\t\t\t\t\t\t\t\t\t<div class=\"yuzo-img\" style=\"background:url('https:\/\/redept.com.br\/blogosfera\/wp-content\/uploads\/2025\/09\/marcio-Jerry-150x150.webp') 50% 50% no-repeat;width: 125px;height:90px;margin-bottom: 5px;background-size: cover; \"><\/div>\n\t\t\t\t\t\t\t\t\t  <\/div>\n\t\t\t\t\t\t\t\t\t  \n\t\t\t\t\t\t\t\t   <span class=\"yuzo__text--title\" style=\"font-size:13px;\">\u201cEduardo Bolsonaro n\u00e3o pode ser deputado vivendo n...<\/span>\n\t\t\t\t\t\t\t  \n\t\t\t\t\t\t\t  \n\t\t\t\t\t\t\t  <\/a>\n\n\t\t\t\t\t\t  <\/div>\n\t\t\t\t\t\t  <div class=\"relatedthumb \" style=\"width:125px;float:left;overflow:hidden;\">  \n\t\t\t\t\t\t\t  \n\t\t\t\t\t\t\t  <a  href=\"https:\/\/redept.com.br\/blogosfera\/bad-bunny-em-sao-paulo-guia-para-acompanhar-o-show-no-allianz-parque\/\"  >\n\t\t\t\t\t\t\t\t\t  <div class=\"yuzo-img-wrap \" style=\"width: 125px;height:90px;\">\n\t\t\t\t\t\t\t\t\t\t\n\t\t\t\t\t\t\t\t\t\t<div class=\"yuzo-img\" style=\"background:url('https:\/\/redept.com.br\/blogosfera\/wp-content\/uploads\/2026\/02\/bad-bunny-em-sao-paulo-150x150.jpg') 50% 50% no-repeat;width: 125px;height:90px;margin-bottom: 5px;background-size: cover; \"><\/div>\n\t\t\t\t\t\t\t\t\t  <\/div>\n\t\t\t\t\t\t\t\t\t  \n\t\t\t\t\t\t\t\t   <span class=\"yuzo__text--title\" style=\"font-size:13px;\">Bad Bunny em S\u00e3o Paulo: guia para acompanhar o sho...<\/span>\n\t\t\t\t\t\t\t  \n\t\t\t\t\t\t\t  \n\t\t\t\t\t\t\t  <\/a>\n\n\t\t\t\t\t\t  <\/div>\n<\/div> <script>\n\t\t\t\t\t\t  jQuery(document).ready(function( $ ){\n\t\t\t\t\t\t\t\/\/jQuery('.yuzo_related_post').equalizer({ overflow : 'relatedthumb' });\n\t\t\t\t\t\t\tjQuery('.yuzo_related_post .yuzo_wraps').equalizer({ columns : '> div' });\n\t\t\t\t\t\t   })\n\t\t\t\t\t\t  <\/script> <!-- End Yuzo :) -->","protected":false},"excerpt":{"rendered":"<p><img decoding=\"async\" width=\"1851\" height=\"644\" src=\"https:\/\/averdade.org.br\/wp-content\/uploads\/2024\/11\/P3-_-UP-_-Wildally-Souza.jpg\" alt=\"Milit\u00e2ncia da Unidade Popular em S\u00e3o Paulo. Foto: Wildally Souza JAV\/SP\">Atingindo a marca de quase 12 mil filiados em 2025, a Unidade Popular (UP) reafirma seu papel como o partido dos explorados ao transformar revolta em organiza\u00e7\u00e3o revolucion\u00e1ria. Tati Bornato | S\u00e3o Paulo (SP) PARTIDO \u2013 A Unidade Popular (UP), o partido dos explorados e oprimidos, tem aumentado o n\u00famero de participantes em suas fileiras, [\u2026]<\/p>\n","protected":false},"author":2,"featured_media":75303,"comment_status":"open","ping_status":"closed","sticky":false,"template":"","format":"standard","meta":{"fifu_image_url":"","fifu_image_alt":"","footnotes":""},"categories":[32178,86,60,2544,754,2546],"tags":[],"class_list":["post-75302","post","type-post","status-publish","format-standard","has-post-thumbnail","hentry","category-jav-326","category-jornal-impresso","category-luta-popular","category-nucleos","category-unidade-popular","category-up"],"_links":{"self":[{"href":"https:\/\/redept.com.br\/blogosfera\/wp-json\/wp\/v2\/posts\/75302","targetHints":{"allow":["GET"]}}],"collection":[{"href":"https:\/\/redept.com.br\/blogosfera\/wp-json\/wp\/v2\/posts"}],"about":[{"href":"https:\/\/redept.com.br\/blogosfera\/wp-json\/wp\/v2\/types\/post"}],"author":[{"embeddable":true,"href":"https:\/\/redept.com.br\/blogosfera\/wp-json\/wp\/v2\/users\/2"}],"replies":[{"embeddable":true,"href":"https:\/\/redept.com.br\/blogosfera\/wp-json\/wp\/v2\/comments?post=75302"}],"version-history":[{"count":0,"href":"https:\/\/redept.com.br\/blogosfera\/wp-json\/wp\/v2\/posts\/75302\/revisions"}],"wp:featuredmedia":[{"embeddable":true,"href":"https:\/\/redept.com.br\/blogosfera\/wp-json\/wp\/v2\/media\/75303"}],"wp:attachment":[{"href":"https:\/\/redept.com.br\/blogosfera\/wp-json\/wp\/v2\/media?parent=75302"}],"wp:term":[{"taxonomy":"category","embeddable":true,"href":"https:\/\/redept.com.br\/blogosfera\/wp-json\/wp\/v2\/categories?post=75302"},{"taxonomy":"post_tag","embeddable":true,"href":"https:\/\/redept.com.br\/blogosfera\/wp-json\/wp\/v2\/tags?post=75302"}],"curies":[{"name":"wp","href":"https:\/\/api.w.org\/{rel}","templated":true}]}}