{"id":75386,"date":"2026-02-23T17:30:39","date_gmt":"2026-02-23T20:30:39","guid":{"rendered":"https:\/\/redept.com.br\/blogosfera\/empresas-de-ia-ampliam-investimentos-nas-eleicoes-de-meio-mandato-nos-eua\/"},"modified":"2026-02-23T17:30:39","modified_gmt":"2026-02-23T20:30:39","slug":"empresas-de-ia-ampliam-investimentos-nas-eleicoes-de-meio-mandato-nos-eua","status":"publish","type":"post","link":"https:\/\/redept.com.br\/blogosfera\/empresas-de-ia-ampliam-investimentos-nas-eleicoes-de-meio-mandato-nos-eua\/","title":{"rendered":"Empresas de IA ampliam investimentos nas elei\u00e7\u00f5es de meio mandato nos EUA"},"content":{"rendered":"<p><span>No ano em que as elei\u00e7\u00f5es de meio de mandato norte-americanas acontecem, as empresas de intelig\u00eancia artificial est\u00e3o gastando milh\u00f5es de d\u00f3lares para financiar campanhas e comit\u00eas federais de candidatos comprometidos com os interesses pol\u00edticos do Vale do Sil\u00edcio.<\/span><\/p>\n<p><span>Segundo an\u00e1lise do jornal <em>The New York Times<\/em>, com base em registros da Comiss\u00e3o Eleitoral Federal (FEC, por sua sigla em ingl\u00eas), as empresas do setor doaram pelo menos US$ 83 milh\u00f5es em 2025. Somente a empresa de tecnologia Meta contribui com um valor de cerca de US$ 150 milh\u00f5es.<\/span><\/p>\n<p><span>De acordo com o peri\u00f3dico, pol\u00edticos do Partido Republicano, que apoiam o governo do presidente Donald Trump, se beneficiam com o dinheiro investido mais que os do Partido Democrata, de oposi\u00e7\u00e3o. Eles s\u00e3o vistos como favor\u00e1veis ao setor e contra regulamenta\u00e7\u00f5es severas para a intelig\u00eancia artificial.<\/span><\/p>\n<p><span>No entanto, segundo a apura\u00e7\u00e3o do jornal, alguns pol\u00edticos democratas que representam a regi\u00e3o da Ba\u00eda de S\u00e3o Francisco ou que mant\u00eam la\u00e7os antigos com o setor de tecnologia tamb\u00e9m receberam recursos do setor de IA.<\/span><\/p>\n<p><span>Vale ressaltar que as elei\u00e7\u00f5es de meio de mandato nos Estados Unidos ocorrem no meio do mandato presidencial. Nelas, s\u00e3o renovados todos os assentos da C\u00e2mara dos Representantes e pouco mais de um ter\u00e7o do Senado, al\u00e9m de cargos estaduais e locais, como governadores e representantes estaduais.<\/span><\/p>\n<h3>Principais doadores<\/h3>\n<p><span>O cofundador da OpenAI, Greg Brockman e sua esposa, Anna, est\u00e3o entre\u00a0 os maiores doadores que apoiam os republicanos. Em 12 de setembro de 2025, realizaram quatro doa\u00e7\u00f5es de US$ 12,5 milh\u00f5es cada, sendo duas foram feitas por ele e duas por ela, destinadas aos principais super PACs que apoiam a ind\u00fastria de IA e o presidente Trump.<\/span><\/p>\n<p><span>De acordo com a OpenAI, os Brockmans realizaram doa\u00e7\u00f5es pessoais.No entanto, as contribui\u00e7\u00f5es revertem-se em benef\u00edcio da empresa e est\u00e3o alinhadas estrategicamente \u00e0 pol\u00edtica de apoiar os republicanos e o governo Trump.<\/span><\/p>\n<p><span>Al\u00e9m disso, o jornal ressalta que o valor investido pela ind\u00fastria de IA ainda n\u00e3o foi divulgado completamente, uma vez que os registros federais est\u00e3o dispon\u00edveis apenas at\u00e9 o final de 2025. A estimativa de US$ 150 milh\u00f5es n\u00e3o abrange todos os recursos que o setor de IA est\u00e1 investindo em iniciativas estaduais, que n\u00e3o prestam contas \u00e0 Comiss\u00e3o Eleitoral Federal.<\/span><\/p>\n<figure aria-describedby=\"caption-attachment-247328\"><img loading=\"lazy\" loading=\"lazy\" decoding=\"async\"src=\"https:\/\/redept.com.br\/blogosfera\/wp-content\/uploads\/2026\/02\/clipboard_02-23-2026_01.jpg\" alt=\"Unplash \/ Igor Omilaev\" width=\"800\" height=\"450\" srcset=\"https:\/\/redept.com.br\/blogosfera\/wp-content\/uploads\/2026\/02\/clipboard_02-23-2026_01.jpg 800w, https:\/\/operamundi.uol.com.br\/wp-content\/uploads\/2026\/02\/clipboard_02-23-2026_01-300x169.jpg 300w, https:\/\/operamundi.uol.com.br\/wp-content\/uploads\/2026\/02\/clipboard_02-23-2026_01-768x432.jpg 768w, https:\/\/operamundi.uol.com.br\/wp-content\/uploads\/2026\/02\/clipboard_02-23-2026_01-150x84.jpg 150w, https:\/\/operamundi.uol.com.br\/wp-content\/uploads\/2026\/02\/clipboard_02-23-2026_01-750x422.jpg 750w\" sizes=\"auto, (max-width: 800px) 100vw, 800px\"><figcaption>As elei\u00e7\u00f5es de meio mandato norte-americana ir\u00e1 acontecer em novembro <br \/>Igor Omilaev<\/figcaption><\/figure>\n<h3>Organiza\u00e7\u00f5es sem fins lucrativos<\/h3>\n<p><span>A Anthropic, considerada uma das principais concorrentes da OpenAI defensora de uma maior regulamenta\u00e7\u00e3o de IA, declarou uma contribui\u00e7\u00e3o de US$20 milh\u00f5es para uma organiza\u00e7\u00e3o sem fins lucrativos que est\u00e1 financiando super PACs que apoiam regras para o setor.<\/span><\/p>\n<p><span>O diretor da organiza\u00e7\u00e3o, Brad Carson, afirmou que as doa\u00e7\u00f5es feitas pela ind\u00fastria de IA para iniciativas estaduais visam,\u201dem grande parte, conter a crescente rea\u00e7\u00e3o negativa contra os centros de dados\u201d. Segundo ele, os gastos com a ind\u00fastria de IA em elei\u00e7\u00f5es federais t\u00eam como principal objetivo influenciar a decis\u00e3o sobre se o governo federal deveria ter um maior poder sobre a regulamenta\u00e7\u00e3o da IA, em vez de deixar que os estados a regulamentem por conta pr\u00f3pria.<\/span><\/p>\n<p><span>\u201cTodo mundo sabe que \u00e9 isso que est\u00e1 sendo defendido, por isso as doa\u00e7\u00f5es pol\u00edticas est\u00e3o disparando\u201d, disse Carson.<\/span><\/p>\n<p><span>Segundo o peri\u00f3dico, um dos principais doadores identificados na an\u00e1lise \u00e9 o democrata Evan Goldberg, executivo s\u00eanior de IA da Oracle, a empresa de tecnologia,cujo software est\u00e1 interligado com gigantes da IA como OpenAI e Nvidia. Ele doou cerca de US$ 317 mil para comit\u00eas e candidatos democratas no ano passado.<\/span><\/p>\n<p><span>O executivo da Microsoft, Brad Smith \u00e9 um dos mais ativos do Vale do Sil\u00edcio, liderando o lobby da Microsoft em Washington. Ele tamb\u00e9m est\u00e1 entre os maiores arrecadadores de fundos e doadores do setor em car\u00e1ter pessoal, tendo doado pelo menos US$ 173 mil para apoiar democratas e pelo menos US$ 180 mil\u00a0 para apoiar republicanos.<\/span><\/p>\n<p><span>Neste m\u00eas, a organiza\u00e7\u00e3o Leading the Future anunciou que utilizar\u00e1 seus recursos para ajudar tr\u00eas candidatos ao Congresso, dois democratas e um republicano, em prim\u00e1rias disputadas em Illinois e na Carolina do Norte, o que pode desempenhar papel significativo nas elei\u00e7\u00f5es.<\/span><\/p>\n<p>O post Empresas de IA ampliam investimentos nas elei\u00e7\u00f5es de meio mandato nos EUA apareceu primeiro em Opera Mundi.<\/p>\n<!-- Begin Yuzo --><div class='yuzo_related_post style-1'  data-version='5.12.89'><!-- without result --><div class='yuzo_clearfixed yuzo__title yuzo__title'><h3>Related Post<\/h3><\/div>\n\t\t\t\t\t\t  <div class=\"relatedthumb \" style=\"width:125px;float:left;overflow:hidden;\">  \n\t\t\t\t\t\t\t  \n\t\t\t\t\t\t\t  <a  href=\"https:\/\/redept.com.br\/blogosfera\/comissao-de-direitos-humanos-condena-operacao-policial-que-matou-mais-de-120-no-rj\/\"  >\n\t\t\t\t\t\t\t\t\t  <div class=\"yuzo-img-wrap \" style=\"width: 125px;height:90px;\">\n\t\t\t\t\t\t\t\t\t\t\n\t\t\t\t\t\t\t\t\t\t<div class=\"yuzo-img\" style=\"background:url('https:\/\/redept.org\/blogosfera\/wp-content\/plugins\/yuzo-related-post\/assets\/images\/default.png') 50% 50% no-repeat;width: 125px;height:90px;margin-bottom: 5px;background-size: cover; \"><\/div>\n\t\t\t\t\t\t\t\t\t  <\/div>\n\t\t\t\t\t\t\t\t\t  \n\t\t\t\t\t\t\t\t   <span class=\"yuzo__text--title\" style=\"font-size:13px;\">Comiss\u00e3o de Direitos Humanos condena opera\u00e7\u00e3o poli...<\/span>\n\t\t\t\t\t\t\t  \n\t\t\t\t\t\t\t  \n\t\t\t\t\t\t\t  <\/a>\n\n\t\t\t\t\t\t  <\/div>\n\t\t\t\t\t\t  <div class=\"relatedthumb \" style=\"width:125px;float:left;overflow:hidden;\">  \n\t\t\t\t\t\t\t  \n\t\t\t\t\t\t\t  <a  href=\"https:\/\/redept.com.br\/blogosfera\/pentagono-inicia-expulsao-de-militares-transgeneros-2\/\"  >\n\t\t\t\t\t\t\t\t\t  <div class=\"yuzo-img-wrap \" style=\"width: 125px;height:90px;\">\n\t\t\t\t\t\t\t\t\t\t\n\t\t\t\t\t\t\t\t\t\t<div class=\"yuzo-img\" style=\"background:url('https:\/\/redept.com.br\/blogosfera\/wp-content\/uploads\/2025\/05\/usaf-1-150x150.jpg') 50% 50% no-repeat;width: 125px;height:90px;margin-bottom: 5px;background-size: cover; \"><\/div>\n\t\t\t\t\t\t\t\t\t  <\/div>\n\t\t\t\t\t\t\t\t\t  \n\t\t\t\t\t\t\t\t   <span class=\"yuzo__text--title\" style=\"font-size:13px;\">Pent\u00e1gono inicia expuls\u00e3o de militares transg\u00eanero...<\/span>\n\t\t\t\t\t\t\t  \n\t\t\t\t\t\t\t  \n\t\t\t\t\t\t\t  <\/a>\n\n\t\t\t\t\t\t  <\/div>\n\t\t\t\t\t\t  <div class=\"relatedthumb \" style=\"width:125px;float:left;overflow:hidden;\">  \n\t\t\t\t\t\t\t  \n\t\t\t\t\t\t\t  <a  href=\"https:\/\/redept.com.br\/blogosfera\/13a-conferencia-de-direitos-humanos\/\"  >\n\t\t\t\t\t\t\t\t\t  <div class=\"yuzo-img-wrap \" style=\"width: 125px;height:90px;\">\n\t\t\t\t\t\t\t\t\t\t\n\t\t\t\t\t\t\t\t\t\t<div class=\"yuzo-img\" style=\"background:url('https:\/\/redept.org\/blogosfera\/wp-content\/plugins\/yuzo-related-post\/assets\/images\/default.png') 50% 50% no-repeat;width: 125px;height:90px;margin-bottom: 5px;background-size: cover; \"><\/div>\n\t\t\t\t\t\t\t\t\t  <\/div>\n\t\t\t\t\t\t\t\t\t  \n\t\t\t\t\t\t\t\t   <span class=\"yuzo__text--title\" style=\"font-size:13px;\">13\u00aa CONFER\u00caNCIA DE DIREITOS HUMANOS<\/span>\n\t\t\t\t\t\t\t  \n\t\t\t\t\t\t\t  \n\t\t\t\t\t\t\t  <\/a>\n\n\t\t\t\t\t\t  <\/div>\n\t\t\t\t\t\t  <div class=\"relatedthumb \" style=\"width:125px;float:left;overflow:hidden;\">  \n\t\t\t\t\t\t\t  \n\t\t\t\t\t\t\t  <a  href=\"https:\/\/redept.com.br\/blogosfera\/estado-de-sp-tem-apenas-13-delegacias-da-mulher-funcionando-24h-enquanto-pedidos-de-medidas-protetivas-saltam-67\/\"  >\n\t\t\t\t\t\t\t\t\t  <div class=\"yuzo-img-wrap \" style=\"width: 125px;height:90px;\">\n\t\t\t\t\t\t\t\t\t\t\n\t\t\t\t\t\t\t\t\t\t<div class=\"yuzo-img\" style=\"background:url('https:\/\/redept.org\/blogosfera\/wp-content\/plugins\/yuzo-related-post\/assets\/images\/default.png') 50% 50% no-repeat;width: 125px;height:90px;margin-bottom: 5px;background-size: cover; \"><\/div>\n\t\t\t\t\t\t\t\t\t  <\/div>\n\t\t\t\t\t\t\t\t\t  \n\t\t\t\t\t\t\t\t   <span class=\"yuzo__text--title\" style=\"font-size:13px;\">Estado de SP tem apenas 13% delegacias da mulher f...<\/span>\n\t\t\t\t\t\t\t  \n\t\t\t\t\t\t\t  \n\t\t\t\t\t\t\t  <\/a>\n\n\t\t\t\t\t\t  <\/div>\n<\/div> <script>\n\t\t\t\t\t\t  jQuery(document).ready(function( $ ){\n\t\t\t\t\t\t\t\/\/jQuery('.yuzo_related_post').equalizer({ overflow : 'relatedthumb' });\n\t\t\t\t\t\t\tjQuery('.yuzo_related_post .yuzo_wraps').equalizer({ columns : '> div' });\n\t\t\t\t\t\t   })\n\t\t\t\t\t\t  <\/script> <!-- End Yuzo :) -->","protected":false},"excerpt":{"rendered":"<p>No ano em que as elei\u00e7\u00f5es de meio de mandato norte-americanas acontecem, as empresas de intelig\u00eancia artificial est\u00e3o gastando milh\u00f5es de d\u00f3lares para financiar campanhas e comit\u00eas federais de candidatos comprometidos com os interesses pol\u00edticos do Vale do Sil\u00edcio. Segundo an\u00e1lise do jornal The New York Times, com base em registros da Comiss\u00e3o Eleitoral Federal [\u2026]<\/p>\n<p>O post <a href=\"https:\/\/operamundi.uol.com.br\/estados-unidos\/empresas-de-ia-ampliam-investimentos-nas-eleicoes-de-meio-mandato-nos-eua\/\">Empresas de IA ampliam investimentos nas elei\u00e7\u00f5es de meio mandato nos EUA<\/a> apareceu primeiro em <a href=\"https:\/\/operamundi.uol.com.br\/\">Opera Mundi<\/a>.<\/p>\n","protected":false},"author":2,"featured_media":75387,"comment_status":"closed","ping_status":"closed","sticky":false,"template":"","format":"standard","meta":{"fifu_image_url":"","fifu_image_alt":"","footnotes":""},"categories":[36576,394,6219,27084,1453],"tags":[],"class_list":["post-75386","post","type-post","status-publish","format-standard","has-post-thumbnail","hentry","category-eleicoes-meio-mandato","category-estados-unidos","category-ia","category-openai","category-trump"],"_links":{"self":[{"href":"https:\/\/redept.com.br\/blogosfera\/wp-json\/wp\/v2\/posts\/75386","targetHints":{"allow":["GET"]}}],"collection":[{"href":"https:\/\/redept.com.br\/blogosfera\/wp-json\/wp\/v2\/posts"}],"about":[{"href":"https:\/\/redept.com.br\/blogosfera\/wp-json\/wp\/v2\/types\/post"}],"author":[{"embeddable":true,"href":"https:\/\/redept.com.br\/blogosfera\/wp-json\/wp\/v2\/users\/2"}],"replies":[{"embeddable":true,"href":"https:\/\/redept.com.br\/blogosfera\/wp-json\/wp\/v2\/comments?post=75386"}],"version-history":[{"count":0,"href":"https:\/\/redept.com.br\/blogosfera\/wp-json\/wp\/v2\/posts\/75386\/revisions"}],"wp:featuredmedia":[{"embeddable":true,"href":"https:\/\/redept.com.br\/blogosfera\/wp-json\/wp\/v2\/media\/75387"}],"wp:attachment":[{"href":"https:\/\/redept.com.br\/blogosfera\/wp-json\/wp\/v2\/media?parent=75386"}],"wp:term":[{"taxonomy":"category","embeddable":true,"href":"https:\/\/redept.com.br\/blogosfera\/wp-json\/wp\/v2\/categories?post=75386"},{"taxonomy":"post_tag","embeddable":true,"href":"https:\/\/redept.com.br\/blogosfera\/wp-json\/wp\/v2\/tags?post=75386"}],"curies":[{"name":"wp","href":"https:\/\/api.w.org\/{rel}","templated":true}]}}