{"id":75431,"date":"2026-02-24T11:06:16","date_gmt":"2026-02-24T14:06:16","guid":{"rendered":"https:\/\/redept.com.br\/blogosfera\/volkswagen-e-condenada-na-2a-instancia-por-trabalho-escravo-em-fazenda-na-ditadura\/"},"modified":"2026-02-24T11:06:16","modified_gmt":"2026-02-24T14:06:16","slug":"volkswagen-e-condenada-na-2a-instancia-por-trabalho-escravo-em-fazenda-na-ditadura","status":"publish","type":"post","link":"https:\/\/redept.com.br\/blogosfera\/volkswagen-e-condenada-na-2a-instancia-por-trabalho-escravo-em-fazenda-na-ditadura\/","title":{"rendered":"Volkswagen \u00e9 condenada na 2\u00aa inst\u00e2ncia por trabalho escravo em fazenda na ditadura"},"content":{"rendered":"<p>O Tribunal Regional do Trabalho da 8\u00aa Regi\u00e3o (TRT-8) condenou a Volkswagen do Brasil por trabalho escravo na antiga fazenda Companhia Vale do Rio Cristalino (CVRC), conhecida como \u201cFazenda Volkswagen\u201d, no sul do Par\u00e1.\u00a0<\/p>\n<p>A decis\u00e3o da 4\u00aa Turma do TRT-8 foi un\u00e2nime, com os tr\u00eas desembargadores votando contra o pedido da empresa para anular a a\u00e7\u00e3o e reverter a condena\u00e7\u00e3o proferida na primeira inst\u00e2ncia.\u00a0<\/p>\n<p>\u201cEst\u00e1 provado n\u00e3o se tratar de irregularidades pontuais, mas de um sistema organizado da explora\u00e7\u00e3o humana, caracterizado pela pr\u00e1tica de trabalho escravo contempor\u00e2neo e tr\u00e1fico de pessoas para fins de trabalho em condi\u00e7\u00f5es desumana e aviltantes, condutas que representam a mais abjeta viola\u00e7\u00e3o da dignidade da pessoa humana\u201d, afirmou a desembargadora Maria Zu\u00edla Lima Dutra, relatora da a\u00e7\u00e3o. Ela foi acompanhada em seu voto pela desembargadora Alda Maria de Pinho Couto e pelo desembargador Carlos Zahlouth J\u00fanior.<\/p>\n<p>Entre as d\u00e9cadas de 1970 e 1980, a montadora alem\u00e3 era a principal s\u00f3cia da Companhia Vale do Rio Cristalino (CVRC), empresa respons\u00e1vel pela fazenda de 139 mil hectares comprada com apoio do governo militar. A propriedade, na qual foram investidos cerca de R$ 500 milh\u00f5es (em valores atuais), era dedicada \u00e0 extra\u00e7\u00e3o de madeira e \u00e0 cria\u00e7\u00e3o de gado, e tinha o Brasil e a Europa como principais destinos comerciais.<\/p>\n<p>Em agosto de 2025, a Volkswagen do Brasil foi condenada pela Vara do Trabalho de Reden\u00e7\u00e3o (PA) ao pagamento de uma indeniza\u00e7\u00e3o de R$ 165 milh\u00f5es por danos morais coletivos pelos epis\u00f3dios ocorridos na propriedade, em a\u00e7\u00e3o protocolada pelo MPT (Minist\u00e9rio P\u00fablico do Trabalho).<\/p>\n<p>A Volkswagen havia recorrido da decis\u00e3o de 1\u00aa inst\u00e2ncia e pediu, entre outros pontos, o reconhecimento da incompet\u00eancia absoluta da Justi\u00e7a do Trabalho, questionou a legitimidade do Minist\u00e9rio P\u00fablico do Trabalho para atuar no caso e defendeu a extin\u00e7\u00e3o da a\u00e7\u00e3o por conta do TAC firmado em 2020. Tamb\u00e9m alegou nulidade por cerceamento de defesa e in\u00e9pcia da peti\u00e7\u00e3o inicial. As preliminares, por\u00e9m, foram rejeitadas pelos desembargadores.<\/p>\n<p><em>(texto em atualiza\u00e7\u00e3o)<\/em><\/p>\n<p>The post Volkswagen \u00e9 condenada na 2\u00aa inst\u00e2ncia por trabalho escravo em fazenda na ditadura appeared first on Rep\u00f3rter Brasil.<\/p>\n<!-- Begin Yuzo --><div class='yuzo_related_post style-1'  data-version='5.12.89'><!-- without result --><div class='yuzo_clearfixed yuzo__title yuzo__title'><h3>Related Post<\/h3><\/div>\n\t\t\t\t\t\t  <div class=\"relatedthumb \" style=\"width:125px;float:left;overflow:hidden;\">  \n\t\t\t\t\t\t\t  \n\t\t\t\t\t\t\t  <a  href=\"https:\/\/redept.com.br\/blogosfera\/vice-dos-sonhos-de-flavio-bolsonaro-ciro-nogueira-e-alvo-da-pf-por-suspeita-de-propina-ligada-ao-banco-master\/\"  >\n\t\t\t\t\t\t\t\t\t  <div class=\"yuzo-img-wrap \" style=\"width: 125px;height:90px;\">\n\t\t\t\t\t\t\t\t\t\t\n\t\t\t\t\t\t\t\t\t\t<div class=\"yuzo-img\" style=\"background:url('https:\/\/redept.org\/blogosfera\/wp-content\/plugins\/yuzo-related-post\/assets\/images\/default.png') 50% 50% no-repeat;width: 125px;height:90px;margin-bottom: 5px;background-size: cover; \"><\/div>\n\t\t\t\t\t\t\t\t\t  <\/div>\n\t\t\t\t\t\t\t\t\t  \n\t\t\t\t\t\t\t\t   <span class=\"yuzo__text--title\" style=\"font-size:13px;\">\u201cVice dos sonhos\u201d de Fl\u00e1vio Bolsonaro, Ciro Noguei...<\/span>\n\t\t\t\t\t\t\t  \n\t\t\t\t\t\t\t  \n\t\t\t\t\t\t\t  <\/a>\n\n\t\t\t\t\t\t  <\/div>\n\t\t\t\t\t\t  <div class=\"relatedthumb \" style=\"width:125px;float:left;overflow:hidden;\">  \n\t\t\t\t\t\t\t  \n\t\t\t\t\t\t\t  <a  href=\"https:\/\/redept.com.br\/blogosfera\/especialistas-apoiam-proposta-de-proibicao-de-ultraprocessados-em-cantinas-escolares\/\"  >\n\t\t\t\t\t\t\t\t\t  <div class=\"yuzo-img-wrap \" style=\"width: 125px;height:90px;\">\n\t\t\t\t\t\t\t\t\t\t\n\t\t\t\t\t\t\t\t\t\t<div class=\"yuzo-img\" style=\"background:url('https:\/\/redept.org\/blogosfera\/wp-content\/plugins\/yuzo-related-post\/assets\/images\/default.png') 50% 50% no-repeat;width: 125px;height:90px;margin-bottom: 5px;background-size: cover; \"><\/div>\n\t\t\t\t\t\t\t\t\t  <\/div>\n\t\t\t\t\t\t\t\t\t  \n\t\t\t\t\t\t\t\t   <span class=\"yuzo__text--title\" style=\"font-size:13px;\">Especialistas apoiam proposta de proibi\u00e7\u00e3o de ultr...<\/span>\n\t\t\t\t\t\t\t  \n\t\t\t\t\t\t\t  \n\t\t\t\t\t\t\t  <\/a>\n\n\t\t\t\t\t\t  <\/div>\n\t\t\t\t\t\t  <div class=\"relatedthumb \" style=\"width:125px;float:left;overflow:hidden;\">  \n\t\t\t\t\t\t\t  \n\t\t\t\t\t\t\t  <a  href=\"https:\/\/redept.com.br\/blogosfera\/enfrentamento-do-crime-na-terra-yanomami-revelou-mais-mentiras-da-era-bolsonarista\/\"  >\n\t\t\t\t\t\t\t\t\t  <div class=\"yuzo-img-wrap \" style=\"width: 125px;height:90px;\">\n\t\t\t\t\t\t\t\t\t\t\n\t\t\t\t\t\t\t\t\t\t<div class=\"yuzo-img\" style=\"background:url('https:\/\/redept.org\/blogosfera\/wp-content\/plugins\/yuzo-related-post\/assets\/images\/default.png') 50% 50% no-repeat;width: 125px;height:90px;margin-bottom: 5px;background-size: cover; \"><\/div>\n\t\t\t\t\t\t\t\t\t  <\/div>\n\t\t\t\t\t\t\t\t\t  \n\t\t\t\t\t\t\t\t   <span class=\"yuzo__text--title\" style=\"font-size:13px;\">Enfrentamento do crime na terra Yanomami revelou m...<\/span>\n\t\t\t\t\t\t\t  \n\t\t\t\t\t\t\t  \n\t\t\t\t\t\t\t  <\/a>\n\n\t\t\t\t\t\t  <\/div>\n\t\t\t\t\t\t  <div class=\"relatedthumb \" style=\"width:125px;float:left;overflow:hidden;\">  \n\t\t\t\t\t\t\t  \n\t\t\t\t\t\t\t  <a  href=\"https:\/\/redept.com.br\/blogosfera\/moraes-taxativo-bolsonaro-e-chefe-de-organizacao-criminosa\/\"  >\n\t\t\t\t\t\t\t\t\t  <div class=\"yuzo-img-wrap \" style=\"width: 125px;height:90px;\">\n\t\t\t\t\t\t\t\t\t\t\n\t\t\t\t\t\t\t\t\t\t<div class=\"yuzo-img\" style=\"background:url('https:\/\/redept.org\/blogosfera\/wp-content\/plugins\/yuzo-related-post\/assets\/images\/default.png') 50% 50% no-repeat;width: 125px;height:90px;margin-bottom: 5px;background-size: cover; \"><\/div>\n\t\t\t\t\t\t\t\t\t  <\/div>\n\t\t\t\t\t\t\t\t\t  \n\t\t\t\t\t\t\t\t   <span class=\"yuzo__text--title\" style=\"font-size:13px;\">Moraes, taxativo: Bolsonaro \u00e9 chefe de organiza\u00e7\u00e3o...<\/span>\n\t\t\t\t\t\t\t  \n\t\t\t\t\t\t\t  \n\t\t\t\t\t\t\t  <\/a>\n\n\t\t\t\t\t\t  <\/div>\n<\/div> <script>\n\t\t\t\t\t\t  jQuery(document).ready(function( $ ){\n\t\t\t\t\t\t\t\/\/jQuery('.yuzo_related_post').equalizer({ overflow : 'relatedthumb' });\n\t\t\t\t\t\t\tjQuery('.yuzo_related_post .yuzo_wraps').equalizer({ columns : '> div' });\n\t\t\t\t\t\t   })\n\t\t\t\t\t\t  <\/script> <!-- End Yuzo :) -->","protected":false},"excerpt":{"rendered":"<p>Tribunal Regional do Trabalho da 8\u00aa Regi\u00e3o negou recurso da Volkswagen do Brasil e manteve condena\u00e7\u00e3o da empresa por submeter centenas de trabalhadores a condi\u00e7\u00f5es an\u00e1logas \u00e0 de escravo em fazenda no Sul do Par\u00e1 nas d\u00e9cadas de 1970 e 1980<\/p>\n<p>The post <a href=\"https:\/\/reporterbrasil.org.br\/2026\/02\/volkswagen-condenada-trt-trabalho-escravo-fazenda-gado-ditadura\/\">Volkswagen \u00e9 condenada na 2\u00aa inst\u00e2ncia por trabalho escravo em fazenda na ditadura<\/a> appeared first on <a href=\"https:\/\/reporterbrasil.org.br\/\">Rep\u00f3rter Brasil<\/a>.<\/p>\n","protected":false},"author":2,"featured_media":0,"comment_status":"open","ping_status":"closed","sticky":false,"template":"","format":"standard","meta":{"fifu_image_url":"","fifu_image_alt":"","footnotes":""},"categories":[13690,5879,544,16961,987,5799,1661],"tags":[],"class_list":["post-75431","post","type-post","status-publish","format-standard","hentry","category-_destaque-da-home-1","category-conteudo-original-em-portugues","category-ditadura-militar","category-fazenda-volkswagen","category-pecuaria","category-reportagens","category-volkswagen"],"_links":{"self":[{"href":"https:\/\/redept.com.br\/blogosfera\/wp-json\/wp\/v2\/posts\/75431","targetHints":{"allow":["GET"]}}],"collection":[{"href":"https:\/\/redept.com.br\/blogosfera\/wp-json\/wp\/v2\/posts"}],"about":[{"href":"https:\/\/redept.com.br\/blogosfera\/wp-json\/wp\/v2\/types\/post"}],"author":[{"embeddable":true,"href":"https:\/\/redept.com.br\/blogosfera\/wp-json\/wp\/v2\/users\/2"}],"replies":[{"embeddable":true,"href":"https:\/\/redept.com.br\/blogosfera\/wp-json\/wp\/v2\/comments?post=75431"}],"version-history":[{"count":0,"href":"https:\/\/redept.com.br\/blogosfera\/wp-json\/wp\/v2\/posts\/75431\/revisions"}],"wp:attachment":[{"href":"https:\/\/redept.com.br\/blogosfera\/wp-json\/wp\/v2\/media?parent=75431"}],"wp:term":[{"taxonomy":"category","embeddable":true,"href":"https:\/\/redept.com.br\/blogosfera\/wp-json\/wp\/v2\/categories?post=75431"},{"taxonomy":"post_tag","embeddable":true,"href":"https:\/\/redept.com.br\/blogosfera\/wp-json\/wp\/v2\/tags?post=75431"}],"curies":[{"name":"wp","href":"https:\/\/api.w.org\/{rel}","templated":true}]}}