{"id":75447,"date":"2026-02-24T12:13:22","date_gmt":"2026-02-24T15:13:22","guid":{"rendered":"https:\/\/redept.com.br\/blogosfera\/prisao-de-membro-senior-de-grupo-ultraortodoxo-israelense-pela-interpol-expos-rede-de-abusos-da-seita-lev-tahor\/"},"modified":"2026-02-24T12:13:22","modified_gmt":"2026-02-24T15:13:22","slug":"prisao-de-membro-senior-de-grupo-ultraortodoxo-israelense-pela-interpol-expos-rede-de-abusos-da-seita-lev-tahor","status":"publish","type":"post","link":"https:\/\/redept.com.br\/blogosfera\/prisao-de-membro-senior-de-grupo-ultraortodoxo-israelense-pela-interpol-expos-rede-de-abusos-da-seita-lev-tahor\/","title":{"rendered":"Pris\u00e3o de membro s\u00eanior de grupo ultraortodoxo israelense pela Interpol exp\u00f4s rede de abusos da seita Lev Tahor"},"content":{"rendered":"<p> Yoel Alter foi detido na Guatemala por suspeitas de tr\u00e1fico humano e explora\u00e7\u00e3o infantil, com mais de 160 menores resgatados em opera\u00e7\u00f5es recentes na Am\u00e9rica Central<\/p>\n<p>O post Pris\u00e3o de membro s\u00eanior de grupo ultraortodoxo israelense pela Interpol exp\u00f4s rede de abusos da seita Lev Tahor apareceu primeiro em .<\/p>\n<!-- Begin Yuzo --><div class='yuzo_related_post style-1'  data-version='5.12.89'><!-- without result --><div class='yuzo_clearfixed yuzo__title yuzo__title'><h3>Related Post<\/h3><\/div>\n\t\t\t\t\t\t  <div class=\"relatedthumb \" style=\"width:125px;float:left;overflow:hidden;\">  \n\t\t\t\t\t\t\t  \n\t\t\t\t\t\t\t  <a  href=\"https:\/\/redept.com.br\/blogosfera\/previa-do-pib-indica-crescimento-de-38-na-economia-brasileira-em-2024\/\"  >\n\t\t\t\t\t\t\t\t\t  <div class=\"yuzo-img-wrap \" style=\"width: 125px;height:90px;\">\n\t\t\t\t\t\t\t\t\t\t\n\t\t\t\t\t\t\t\t\t\t<div class=\"yuzo-img\" style=\"background:url('https:\/\/redept.com.br\/blogosfera\/wp-content\/uploads\/2025\/02\/IMG_0011-150x150.webp') 50% 50% no-repeat;width: 125px;height:90px;margin-bottom: 5px;background-size: cover; \"><\/div>\n\t\t\t\t\t\t\t\t\t  <\/div>\n\t\t\t\t\t\t\t\t\t  \n\t\t\t\t\t\t\t\t   <span class=\"yuzo__text--title\" style=\"font-size:13px;\">Pr\u00e9via do PIB indica crescimento de 3,8% na econom...<\/span>\n\t\t\t\t\t\t\t  \n\t\t\t\t\t\t\t  \n\t\t\t\t\t\t\t  <\/a>\n\n\t\t\t\t\t\t  <\/div>\n\t\t\t\t\t\t  <div class=\"relatedthumb \" style=\"width:125px;float:left;overflow:hidden;\">  \n\t\t\t\t\t\t\t  \n\t\t\t\t\t\t\t  <a  href=\"https:\/\/sul21.com.br\/noticias\/internacional\/2025\/10\/ato-em-sao-paulo-pede-libertacao-de-ativistas-de-flotilha-e-medidas-duras-do-brasil\/\"  >\n\t\t\t\t\t\t\t\t\t  <div class=\"yuzo-img-wrap \" style=\"width: 125px;height:90px;\">\n\t\t\t\t\t\t\t\t\t\t\n\t\t\t\t\t\t\t\t\t\t<div class=\"yuzo-img\" style=\"background:url('https:\/\/agenciabrasil.ebc.com.br\/ebc.png?id=1661457&amp;o=node') 50% 50% no-repeat;width: 125px;height:90px;margin-bottom: 5px;background-size: cover; \"><\/div>\n\t\t\t\t\t\t\t\t\t  <\/div>\n\t\t\t\t\t\t\t\t\t  \n\t\t\t\t\t\t\t\t   <span class=\"yuzo__text--title\" style=\"font-size:13px;\">Ato em S\u00e3o Paulo pede liberta\u00e7\u00e3o de ativistas de f...<\/span>\n\t\t\t\t\t\t\t  \n\t\t\t\t\t\t\t  \n\t\t\t\t\t\t\t  <\/a>\n\n\t\t\t\t\t\t  <\/div>\n\t\t\t\t\t\t  <div class=\"relatedthumb \" style=\"width:125px;float:left;overflow:hidden;\">  \n\t\t\t\t\t\t\t  \n\t\t\t\t\t\t\t  <a  href=\"https:\/\/redept.com.br\/blogosfera\/em-telefonema-lula-e-xi-falam-sobre-colaboracao-entre-os-paises-e-defesa-da-onu-em-tempos-turbulentos\/\"  >\n\t\t\t\t\t\t\t\t\t  <div class=\"yuzo-img-wrap \" style=\"width: 125px;height:90px;\">\n\t\t\t\t\t\t\t\t\t\t\n\t\t\t\t\t\t\t\t\t\t<div class=\"yuzo-img\" style=\"background:url('https:\/\/redept.org\/blogosfera\/wp-content\/plugins\/yuzo-related-post\/assets\/images\/default.png') 50% 50% no-repeat;width: 125px;height:90px;margin-bottom: 5px;background-size: cover; \"><\/div>\n\t\t\t\t\t\t\t\t\t  <\/div>\n\t\t\t\t\t\t\t\t\t  \n\t\t\t\t\t\t\t\t   <span class=\"yuzo__text--title\" style=\"font-size:13px;\">Em telefonema, Lula e Xi falam sobre colabora\u00e7\u00e3o e...<\/span>\n\t\t\t\t\t\t\t  \n\t\t\t\t\t\t\t  \n\t\t\t\t\t\t\t  <\/a>\n\n\t\t\t\t\t\t  <\/div>\n\t\t\t\t\t\t  <div class=\"relatedthumb \" style=\"width:125px;float:left;overflow:hidden;\">  \n\t\t\t\t\t\t\t  \n\t\t\t\t\t\t\t  <a  href=\"https:\/\/redept.com.br\/blogosfera\/em-primeiro-dia-de-julgamento-advogado-de-ex-comandante-da-marinha-diz-que-levara-cigarros-onde-bolsonaro-estiver\/\"  >\n\t\t\t\t\t\t\t\t\t  <div class=\"yuzo-img-wrap \" style=\"width: 125px;height:90px;\">\n\t\t\t\t\t\t\t\t\t\t\n\t\t\t\t\t\t\t\t\t\t<div class=\"yuzo-img\" style=\"background:url('https:\/\/redept.org\/blogosfera\/wp-content\/plugins\/yuzo-related-post\/assets\/images\/default.png') 50% 50% no-repeat;width: 125px;height:90px;margin-bottom: 5px;background-size: cover; \"><\/div>\n\t\t\t\t\t\t\t\t\t  <\/div>\n\t\t\t\t\t\t\t\t\t  \n\t\t\t\t\t\t\t\t   <span class=\"yuzo__text--title\" style=\"font-size:13px;\">Em primeiro dia de julgamento, advogado de ex-coma...<\/span>\n\t\t\t\t\t\t\t  \n\t\t\t\t\t\t\t  \n\t\t\t\t\t\t\t  <\/a>\n\n\t\t\t\t\t\t  <\/div>\n<\/div> <script>\n\t\t\t\t\t\t  jQuery(document).ready(function( $ ){\n\t\t\t\t\t\t\t\/\/jQuery('.yuzo_related_post').equalizer({ overflow : 'relatedthumb' });\n\t\t\t\t\t\t\tjQuery('.yuzo_related_post .yuzo_wraps').equalizer({ columns : '> div' });\n\t\t\t\t\t\t   })\n\t\t\t\t\t\t  <\/script> <!-- End Yuzo :) -->","protected":false},"excerpt":{"rendered":"<p> Yoel Alter foi detido na Guatemala por suspeitas de tr\u00e1fico humano e explora\u00e7\u00e3o infantil, com mais de 160 menores resgatados em opera\u00e7\u00f5es recentes na Am\u00e9rica Central<\/p>\n<p>O post <a rel=\"nofollow\" href=\"https:\/\/urbsmagna.com\/prisao-de-membro-senior-de-grupo-ultraortodoxo-israelense-pela-interpol-expos-rede-de-abusos-da-seita-lev-tahor\/\">Pris\u00e3o de membro s\u00eanior de grupo ultraortodoxo israelense pela Interpol exp\u00f4s rede de abusos da seita Lev Tahor<\/a> apareceu primeiro em <a rel=\"nofollow\" href=\"https:\/\/urbsmagna.com\/\"><\/a>.<\/p>\n","protected":false},"author":2,"featured_media":0,"comment_status":"open","ping_status":"closed","sticky":false,"template":"","format":"standard","meta":{"fifu_image_url":"","fifu_image_alt":"","footnotes":""},"categories":[1171,36606,307,326,2240,36607,36608,726,191,5471,36609,202,36610,36611,36612,36613,36614,36615],"tags":[],"class_list":["post-75447","post","type-post","status-publish","format-standard","hentry","category-criancas","category-culto-extremista-israelense","category-direitos-humanos","category-guatemala","category-interpol","category-interpol-lev-tahor","category-lev-tahor-prisao","category-mexico","category-noticias","category-politica-nacional","category-prisao-yoel-alter","category-religiao","category-resgate-criancas-guatemala-lev-tahor","category-seita-lev-tahor-abusos","category-trafico-humano-lev-tahor","category-trafico-infantil-seita-judaica","category-viral-prisao-lev-tahor-2026","category-yoel-alter-guatemala"],"_links":{"self":[{"href":"https:\/\/redept.com.br\/blogosfera\/wp-json\/wp\/v2\/posts\/75447","targetHints":{"allow":["GET"]}}],"collection":[{"href":"https:\/\/redept.com.br\/blogosfera\/wp-json\/wp\/v2\/posts"}],"about":[{"href":"https:\/\/redept.com.br\/blogosfera\/wp-json\/wp\/v2\/types\/post"}],"author":[{"embeddable":true,"href":"https:\/\/redept.com.br\/blogosfera\/wp-json\/wp\/v2\/users\/2"}],"replies":[{"embeddable":true,"href":"https:\/\/redept.com.br\/blogosfera\/wp-json\/wp\/v2\/comments?post=75447"}],"version-history":[{"count":0,"href":"https:\/\/redept.com.br\/blogosfera\/wp-json\/wp\/v2\/posts\/75447\/revisions"}],"wp:attachment":[{"href":"https:\/\/redept.com.br\/blogosfera\/wp-json\/wp\/v2\/media?parent=75447"}],"wp:term":[{"taxonomy":"category","embeddable":true,"href":"https:\/\/redept.com.br\/blogosfera\/wp-json\/wp\/v2\/categories?post=75447"},{"taxonomy":"post_tag","embeddable":true,"href":"https:\/\/redept.com.br\/blogosfera\/wp-json\/wp\/v2\/tags?post=75447"}],"curies":[{"name":"wp","href":"https:\/\/api.w.org\/{rel}","templated":true}]}}