{"id":75859,"date":"2026-02-26T18:09:29","date_gmt":"2026-02-26T21:09:29","guid":{"rendered":"https:\/\/redept.com.br\/blogosfera\/cepat-abre-inscricoes-para-escola-de-formacao-gratuita-em-curitiba-pr-certificada-pela-universidade-estadual-de-maringa\/"},"modified":"2026-02-26T18:09:29","modified_gmt":"2026-02-26T21:09:29","slug":"cepat-abre-inscricoes-para-escola-de-formacao-gratuita-em-curitiba-pr-certificada-pela-universidade-estadual-de-maringa","status":"publish","type":"post","link":"https:\/\/redept.com.br\/blogosfera\/cepat-abre-inscricoes-para-escola-de-formacao-gratuita-em-curitiba-pr-certificada-pela-universidade-estadual-de-maringa\/","title":{"rendered":"Cepat abre inscri\u00e7\u00f5es para escola de forma\u00e7\u00e3o gratuita em Curitiba (PR) certificada pela Universidade Estadual de Maring\u00e1"},"content":{"rendered":"<p>O Centro de Promo\u00e7\u00e3o de Agentes de Transforma\u00e7\u00e3o (Cepat) est\u00e1 com inscri\u00e7\u00f5es abertas para a quarta edi\u00e7\u00e3o da Escola de Forma\u00e7\u00e3o em Educa\u00e7\u00e3o Popular e Ecologia Integral. O objetivo do curso \u00e9 contribuir na capacita\u00e7\u00e3o de lideran\u00e7as inseridas na vida social e eclesial local a partir de princ\u00edpios \u00e9ticos, da ecologia integral e valores democr\u00e1ticos, [\u2026]<\/p>\n<p><a href=\"https:\/\/www.brasildefato.com.br\/2026\/02\/26\/cepat-abre-inscricoes-para-escola-de-formacao-gratuita-em-curitiba-pr-certificada-pela-universidade-estadual-de-maringa\/\" rel=\"nofollow\">Fonte<\/a><\/p>\n<!-- Begin Yuzo --><div class='yuzo_related_post style-1'  data-version='5.12.89'><!-- without result --><div class='yuzo_clearfixed yuzo__title yuzo__title'><h3>Related Post<\/h3><\/div>\n\t\t\t\t\t\t  <div class=\"relatedthumb \" style=\"width:125px;float:left;overflow:hidden;\">  \n\t\t\t\t\t\t\t  \n\t\t\t\t\t\t\t  <a  href=\"https:\/\/redept.com.br\/blogosfera\/canada-china-e-mexico-anunciam-retaliacoes-aos-eua-como-resposta-a-trump\/\"  >\n\t\t\t\t\t\t\t\t\t  <div class=\"yuzo-img-wrap \" style=\"width: 125px;height:90px;\">\n\t\t\t\t\t\t\t\t\t\t\n\t\t\t\t\t\t\t\t\t\t<div class=\"yuzo-img\" style=\"background:url('https:\/\/redept.com.br\/blogosfera\/wp-content\/uploads\/2025\/02\/1737422484678ef6942fe0b_1737422484_3x2_lg-150x150.jpg') 50% 50% no-repeat;width: 125px;height:90px;margin-bottom: 5px;background-size: cover; \"><\/div>\n\t\t\t\t\t\t\t\t\t  <\/div>\n\t\t\t\t\t\t\t\t\t  \n\t\t\t\t\t\t\t\t   <span class=\"yuzo__text--title\" style=\"font-size:13px;\">Canad\u00e1, China e M\u00e9xico anunciam retalia\u00e7\u00f5es aos EU...<\/span>\n\t\t\t\t\t\t\t  \n\t\t\t\t\t\t\t  \n\t\t\t\t\t\t\t  <\/a>\n\n\t\t\t\t\t\t  <\/div>\n\t\t\t\t\t\t  <div class=\"relatedthumb \" style=\"width:125px;float:left;overflow:hidden;\">  \n\t\t\t\t\t\t\t  \n\t\t\t\t\t\t\t  <a  href=\"https:\/\/redept.com.br\/blogosfera\/flavio-dino-bolsonaro-e-a-figura-dominante-na-organizacao-criminosa\/\"  >\n\t\t\t\t\t\t\t\t\t  <div class=\"yuzo-img-wrap \" style=\"width: 125px;height:90px;\">\n\t\t\t\t\t\t\t\t\t\t\n\t\t\t\t\t\t\t\t\t\t<div class=\"yuzo-img\" style=\"background:url('https:\/\/redept.org\/blogosfera\/wp-content\/plugins\/yuzo-related-post\/assets\/images\/default.png') 50% 50% no-repeat;width: 125px;height:90px;margin-bottom: 5px;background-size: cover; \"><\/div>\n\t\t\t\t\t\t\t\t\t  <\/div>\n\t\t\t\t\t\t\t\t\t  \n\t\t\t\t\t\t\t\t   <span class=\"yuzo__text--title\" style=\"font-size:13px;\">Fl\u00e1vio Dino: \u201cBolsonaro \u00e9 a figura dominante na or...<\/span>\n\t\t\t\t\t\t\t  \n\t\t\t\t\t\t\t  \n\t\t\t\t\t\t\t  <\/a>\n\n\t\t\t\t\t\t  <\/div>\n\t\t\t\t\t\t  <div class=\"relatedthumb \" style=\"width:125px;float:left;overflow:hidden;\">  \n\t\t\t\t\t\t\t  \n\t\t\t\t\t\t\t  <a  href=\"https:\/\/redept.com.br\/blogosfera\/internacional-antifascista-brasil-sera-criada-nesta-sexta-feira-7-em-brasilia\/\"  >\n\t\t\t\t\t\t\t\t\t  <div class=\"yuzo-img-wrap \" style=\"width: 125px;height:90px;\">\n\t\t\t\t\t\t\t\t\t\t\n\t\t\t\t\t\t\t\t\t\t<div class=\"yuzo-img\" style=\"background:url('https:\/\/redept.org\/blogosfera\/wp-content\/plugins\/yuzo-related-post\/assets\/images\/default.png') 50% 50% no-repeat;width: 125px;height:90px;margin-bottom: 5px;background-size: cover; \"><\/div>\n\t\t\t\t\t\t\t\t\t  <\/div>\n\t\t\t\t\t\t\t\t\t  \n\t\t\t\t\t\t\t\t   <span class=\"yuzo__text--title\" style=\"font-size:13px;\">Internacional Antifascista Brasil ser\u00e1 criada nest...<\/span>\n\t\t\t\t\t\t\t  \n\t\t\t\t\t\t\t  \n\t\t\t\t\t\t\t  <\/a>\n\n\t\t\t\t\t\t  <\/div>\n\t\t\t\t\t\t  <div class=\"relatedthumb \" style=\"width:125px;float:left;overflow:hidden;\">  \n\t\t\t\t\t\t\t  \n\t\t\t\t\t\t\t  <a  href=\"https:\/\/redept.com.br\/blogosfera\/revolucao-cubana-chega-aos-66-anos-com-resistencia-e-reflexao-sobre-futuro-do-socialismo\/\"  >\n\t\t\t\t\t\t\t\t\t  <div class=\"yuzo-img-wrap \" style=\"width: 125px;height:90px;\">\n\t\t\t\t\t\t\t\t\t\t\n\t\t\t\t\t\t\t\t\t\t<div class=\"yuzo-img\" style=\"background:url('https:\/\/redept.org\/blogosfera\/wp-content\/plugins\/yuzo-related-post\/assets\/images\/default.png') 50% 50% no-repeat;width: 125px;height:90px;margin-bottom: 5px;background-size: cover; \"><\/div>\n\t\t\t\t\t\t\t\t\t  <\/div>\n\t\t\t\t\t\t\t\t\t  \n\t\t\t\t\t\t\t\t   <span class=\"yuzo__text--title\" style=\"font-size:13px;\">Revolu\u00e7\u00e3o Cubana chega aos 66 anos com resist\u00eancia...<\/span>\n\t\t\t\t\t\t\t  \n\t\t\t\t\t\t\t  \n\t\t\t\t\t\t\t  <\/a>\n\n\t\t\t\t\t\t  <\/div>\n<\/div> <script>\n\t\t\t\t\t\t  jQuery(document).ready(function( $ ){\n\t\t\t\t\t\t\t\/\/jQuery('.yuzo_related_post').equalizer({ overflow : 'relatedthumb' });\n\t\t\t\t\t\t\tjQuery('.yuzo_related_post .yuzo_wraps').equalizer({ columns : '> div' });\n\t\t\t\t\t\t   })\n\t\t\t\t\t\t  <\/script> <!-- End Yuzo :) -->","protected":false},"excerpt":{"rendered":"<p>O Centro de Promo\u00e7\u00e3o de Agentes de Transforma\u00e7\u00e3o (Cepat) est\u00e1 com inscri\u00e7\u00f5es abertas para a quarta edi\u00e7\u00e3o da Escola de Forma\u00e7\u00e3o em Educa\u00e7\u00e3o Popular e Ecologia Integral. O objetivo do curso \u00e9 contribuir na capacita\u00e7\u00e3o de lideran\u00e7as inseridas na vida social e eclesial local a partir de princ\u00edpios \u00e9ticos, da ecologia integral e valores democr\u00e1ticos, [&hellip;]<\/p>\n","protected":false},"author":2,"featured_media":0,"comment_status":"open","ping_status":"closed","sticky":false,"template":"","format":"standard","meta":{"fifu_image_url":"","fifu_image_alt":"","footnotes":""},"categories":[307,95,5654,5778,5179,1066],"tags":[],"class_list":["post-75859","post","type-post","status-publish","format-standard","hentry","category-direitos-humanos","category-educacao","category-igreja","category-popular","category-uem","category-universidade"],"_links":{"self":[{"href":"https:\/\/redept.com.br\/blogosfera\/wp-json\/wp\/v2\/posts\/75859","targetHints":{"allow":["GET"]}}],"collection":[{"href":"https:\/\/redept.com.br\/blogosfera\/wp-json\/wp\/v2\/posts"}],"about":[{"href":"https:\/\/redept.com.br\/blogosfera\/wp-json\/wp\/v2\/types\/post"}],"author":[{"embeddable":true,"href":"https:\/\/redept.com.br\/blogosfera\/wp-json\/wp\/v2\/users\/2"}],"replies":[{"embeddable":true,"href":"https:\/\/redept.com.br\/blogosfera\/wp-json\/wp\/v2\/comments?post=75859"}],"version-history":[{"count":0,"href":"https:\/\/redept.com.br\/blogosfera\/wp-json\/wp\/v2\/posts\/75859\/revisions"}],"wp:attachment":[{"href":"https:\/\/redept.com.br\/blogosfera\/wp-json\/wp\/v2\/media?parent=75859"}],"wp:term":[{"taxonomy":"category","embeddable":true,"href":"https:\/\/redept.com.br\/blogosfera\/wp-json\/wp\/v2\/categories?post=75859"},{"taxonomy":"post_tag","embeddable":true,"href":"https:\/\/redept.com.br\/blogosfera\/wp-json\/wp\/v2\/tags?post=75859"}],"curies":[{"name":"wp","href":"https:\/\/api.w.org\/{rel}","templated":true}]}}