{"id":75863,"date":"2026-02-26T18:23:53","date_gmt":"2026-02-26T21:23:53","guid":{"rendered":"https:\/\/redept.com.br\/blogosfera\/governo-zema-cortou-96-dos-recursos-para-o-enfrentamento-as-chuvas-em-2-anos\/"},"modified":"2026-02-26T18:23:53","modified_gmt":"2026-02-26T21:23:53","slug":"governo-zema-cortou-96-dos-recursos-para-o-enfrentamento-as-chuvas-em-2-anos","status":"publish","type":"post","link":"https:\/\/redept.com.br\/blogosfera\/governo-zema-cortou-96-dos-recursos-para-o-enfrentamento-as-chuvas-em-2-anos\/","title":{"rendered":"Governo Zema cortou 96% dos recursos para o enfrentamento \u00e0s chuvas em 2 anos"},"content":{"rendered":"<p><img loading=\"lazy\" width=\"823\" height=\"462\"src=\"https:\/\/redept.com.br\/blogosfera\/wp-content\/uploads\/2026\/02\/zonadamata-Marcio-Pinheiro_MIDR.jpg\" alt=\"\" decoding=\"async\" loading=\"lazy\" srcset=\"https:\/\/redept.com.br\/blogosfera\/wp-content\/uploads\/2026\/02\/zonadamata-Marcio-Pinheiro_MIDR.jpg 823w, https:\/\/vermelho.org.br\/wp-content\/uploads\/2026\/02\/zonadamata-Marcio-Pinheiro_MIDR-300x168.jpg 300w, https:\/\/vermelho.org.br\/wp-content\/uploads\/2026\/02\/zonadamata-Marcio-Pinheiro_MIDR-768x431.jpg 768w\" sizes=\"auto, (max-width: 823px) 100vw, 823px\"><\/p>\n<p>Por tr\u00e1s da cat\u00e1strofe ocasionada pelas fortes chuvas na Zona da Mata de Minas Gerais est\u00e3o fatores que v\u00e3o al\u00e9m das mudan\u00e7as trazidas pela crise clim\u00e1tica e das condi\u00e7\u00f5es geogr\u00e1ficas locais. Entre 2023 e 2025, o governo de Romeu Zema (Novo) cortou em 96% \u2014 de R$ 135 milh\u00f5es para R$ 6 milh\u00f5es \u2014 os investimentos em infraestrutura para lidar com as chuvas.<\/p>\n<p>Os dados foram publicados pelo jornal <em>O Globo<\/em>, tendo como base informa\u00e7\u00f5es contidas no Portal da Transpar\u00eancia de Minas Gerais. Segundo o levantamento, a \u00e1rea de \u201cSuporte \u00e0s a\u00e7\u00f5es de combate e resposta aos danos causados pelas chuvas\u201d contou com verbas de R$ 134,8 milh\u00f5es em 2023.<\/p>\n<p>Fazem parte dessa frente de atua\u00e7\u00e3o a gest\u00e3o de desastres causados pela chuva, assist\u00eancia emergencial aos munic\u00edpios atingidos, mitiga\u00e7\u00e3o de danos pontuais nas rodovias e preven\u00e7\u00e3o de eventos meteorol\u00f3gicos cr\u00edticos.<\/p>\n<p><strong>Saiba mais:<\/strong> <a href=\"https:\/\/vermelho.org.br\/2026\/02\/25\/lula-acelera-socorro-e-reforca-ajuda-a-minas-gerais-apos-calamidade\/\">Lula acelera socorro e refor\u00e7a ajuda a Minas Gerais ap\u00f3s calamidade<\/a><\/p>\n<p>Os valores foram caindo ano a ano, chegando a R$ 5,8 milh\u00f5es em 2025, dos quais 97%, ou R$ 5,6 milh\u00f5es, ficaram focados apenas nas a\u00e7\u00f5es para reduzir danos nas rodovias. Para este ano, estava indicado o valor de R$ 16,1 mil para a infraestrutura de combate aos temporais.<\/p>\n<p>Ao tratar do tema, o governo Zema tentou se esquivar, dizendo que teriam sido empregados R$ 170 milh\u00f5es na preven\u00e7\u00e3o e resposta a desastres desde 2022.<\/p>\n<p><strong>Reflexos<\/strong><\/p>\n<p>O impacto da neglig\u00eancia com as mudan\u00e7as clim\u00e1ticas e seus efeitos pode ser sentido na forma como a regi\u00e3o foi afetada pelas chuvas nos \u00faltimos dias, com grandes desabamentos, deslizamentos, enxurradas e alagamentos. At\u00e9 esta quinta-feira (26), foram registradas 55 mortes na regi\u00e3o da Zona da Mata.<\/p>\n<p>Uma das cidades mais afetadas foi Juiz de Fora, com 49 \u00f3bitos e 11 desaparecidos, al\u00e9m de somar tr\u00eas mil moradores desalojados. N\u00e3o h\u00e1 registro de desabrigados at\u00e9 o momento.<\/p>\n<p>Na vizinha Ub\u00e1, foram confirmadas seis mortes e duas\u00a0pessoas continuam\u00a0desaparecidas. O munic\u00edpio contabiliza 1,2 mil\u00a0desalojados e 500 desabrigados.<\/p>\n<p>No munic\u00edpio de Matias Barbosa, n\u00e3o h\u00e1 registro de mortes nem de desaparecidos. A cidade soma 810 desalojados e, at\u00e9 agora, n\u00e3o h\u00e1 desabrigados.<\/p>\n<p>Ouvido pela Ag\u00eancia Brasil sobre a rela\u00e7\u00e3o entre o aquecimento global e trag\u00e9dias como essa, o ge\u00f3grafo Miguel Felippe, professor do Departamento de Geoci\u00eancias da Universidade Federal de Juiz de Fora (UFJF), explicou que \u201ctoda essa onda negacionista\u00a0relacionada \u00e0s mudan\u00e7as clim\u00e1ticas,\u00a0obviamente, reverbera agora\u00a0em desastres como esses\u201d. Ele ressaltou, ainda, que a preven\u00e7\u00e3o depende da ado\u00e7\u00e3o de uma agenda de pol\u00edticas p\u00fablicas para o meio ambiente, o que muitas vezes \u00e9 negligenciado pelos governos.<\/p>\n<p><strong>Socorro \u00e0 Zona da Mata<\/strong><\/p>\n<p>Em uma das a\u00e7\u00f5es emergenciais anunciadas para enfrentar a cat\u00e1strofe, o governo federal destinou R$ 3,4 milh\u00f5es para Juiz de Fora e Ub\u00e1.<\/p>\n<p>Tamb\u00e9m foi liberado aux\u00edlio financeiro \u00e0s fam\u00edlias desabrigadas, no valor de R$ 800 para cada pessoa, e est\u00e3o sendo distribu\u00eddas cestas b\u00e1sicas. Al\u00e9m disso, o pagamento do Bolsa Fam\u00edlia e do BPC foram agilizados ou antecipados para os benefici\u00e1rios da regi\u00e3o.<\/p>\n<p>Na condi\u00e7\u00e3o de presidente em exerc\u00edcio, Gerald Alckmin declarou, nesta quarta-feira (25), que o Ex\u00e9rcito e o Minist\u00e9rio da Defesa \u201cmobilizaram helic\u00f3ptero e tropa do Ex\u00e9rcito para ajudar o socorro, apoiar o Corpo de Bombeiro, as for\u00e7as do estado e dos munic\u00edpios, al\u00e9m de apoio \u00e0 log\u00edstica tamb\u00e9m. Al\u00e9m disso, o Minist\u00e9rio da Sa\u00fade est\u00e1 com a For\u00e7a Nacional do SUS para dar todo o apoio aos que necessitarem\u201d.<\/p>\n<p>Ainda segundo Alckmin, outras a\u00e7\u00f5es ser\u00e3o adotadas \u201c\u00e0 medida em que as necessidades se confirmem. Uma delas \u00e9 a garantia de novas moradias com linhas especiais do Minha Casa, Minha Vida (MCMV)\u201d.<\/p>\n<p><em>Com ag\u00eancias<\/em><\/p>\n<p>O post <a href=\"https:\/\/vermelho.org.br\/2026\/02\/26\/governo-zema-cortou-96-dos-recursos-para-o-enfrentamento-as-chuvas-em-2-anos\/\">Governo Zema cortou 96% dos recursos para o enfrentamento \u00e0s chuvas em 2 anos<\/a> apareceu primeiro em <a href=\"https:\/\/vermelho.org.br\/\">Vermelho<\/a>.<\/p>\n<!-- Begin Yuzo --><div class='yuzo_related_post style-1'  data-version='5.12.89'><!-- without result --><div class='yuzo_clearfixed yuzo__title yuzo__title'><h3>Related Post<\/h3><\/div>\n\t\t\t\t\t\t  <div class=\"relatedthumb \" style=\"width:125px;float:left;overflow:hidden;\">  \n\t\t\t\t\t\t\t  \n\t\t\t\t\t\t\t  <a  href=\"https:\/\/redept.com.br\/blogosfera\/carcereiro-da-america-bukele-faz-acordo-com-os-eua-para-aceitar-deportados-de-outras-nacionalidades\/\"  >\n\t\t\t\t\t\t\t\t\t  <div class=\"yuzo-img-wrap \" style=\"width: 125px;height:90px;\">\n\t\t\t\t\t\t\t\t\t\t\n\t\t\t\t\t\t\t\t\t\t<div class=\"yuzo-img\" style=\"background:url('https:\/\/redept.org\/blogosfera\/wp-content\/plugins\/yuzo-related-post\/assets\/images\/default.png') 50% 50% no-repeat;width: 125px;height:90px;margin-bottom: 5px;background-size: cover; \"><\/div>\n\t\t\t\t\t\t\t\t\t  <\/div>\n\t\t\t\t\t\t\t\t\t  \n\t\t\t\t\t\t\t\t   <span class=\"yuzo__text--title\" style=\"font-size:13px;\">\u2018Carcereiro da Am\u00e9rica\u2019: Bukele faz ac...<\/span>\n\t\t\t\t\t\t\t  \n\t\t\t\t\t\t\t  \n\t\t\t\t\t\t\t  <\/a>\n\n\t\t\t\t\t\t  <\/div>\n\t\t\t\t\t\t  <div class=\"relatedthumb \" style=\"width:125px;float:left;overflow:hidden;\">  \n\t\t\t\t\t\t\t  \n\t\t\t\t\t\t\t  <a  href=\"https:\/\/redept.com.br\/blogosfera\/academicos-de-niteroi-homenageia-lula-que-assistira-ao-desfile-em-camarote-neste-domingo-15\/\"  >\n\t\t\t\t\t\t\t\t\t  <div class=\"yuzo-img-wrap \" style=\"width: 125px;height:90px;\">\n\t\t\t\t\t\t\t\t\t\t\n\t\t\t\t\t\t\t\t\t\t<div class=\"yuzo-img\" style=\"background:url('https:\/\/redept.org\/blogosfera\/wp-content\/plugins\/yuzo-related-post\/assets\/images\/default.png') 50% 50% no-repeat;width: 125px;height:90px;margin-bottom: 5px;background-size: cover; \"><\/div>\n\t\t\t\t\t\t\t\t\t  <\/div>\n\t\t\t\t\t\t\t\t\t  \n\t\t\t\t\t\t\t\t   <span class=\"yuzo__text--title\" style=\"font-size:13px;\">Acad\u00eamicos de Niter\u00f3i homenageia Lula, que assisti...<\/span>\n\t\t\t\t\t\t\t  \n\t\t\t\t\t\t\t  \n\t\t\t\t\t\t\t  <\/a>\n\n\t\t\t\t\t\t  <\/div>\n\t\t\t\t\t\t  <div class=\"relatedthumb \" style=\"width:125px;float:left;overflow:hidden;\">  \n\t\t\t\t\t\t\t  \n\t\t\t\t\t\t\t  <a  href=\"https:\/\/redept.com.br\/blogosfera\/sem-orcamento-aprovado-governo-so-pode-gastar-com-despesas-obrigatorias\/\"  >\n\t\t\t\t\t\t\t\t\t  <div class=\"yuzo-img-wrap \" style=\"width: 125px;height:90px;\">\n\t\t\t\t\t\t\t\t\t\t\n\t\t\t\t\t\t\t\t\t\t<div class=\"yuzo-img\" style=\"background:url('https:\/\/redept.com.br\/blogosfera\/wp-content\/uploads\/2024\/12\/plenC3A1rio-senado-1-150x150.jpg') 50% 50% no-repeat;width: 125px;height:90px;margin-bottom: 5px;background-size: cover; \"><\/div>\n\t\t\t\t\t\t\t\t\t  <\/div>\n\t\t\t\t\t\t\t\t\t  \n\t\t\t\t\t\t\t\t   <span class=\"yuzo__text--title\" style=\"font-size:13px;\">Sem or\u00e7amento aprovado, governo s\u00f3 pode gastar com...<\/span>\n\t\t\t\t\t\t\t  \n\t\t\t\t\t\t\t  \n\t\t\t\t\t\t\t  <\/a>\n\n\t\t\t\t\t\t  <\/div>\n\t\t\t\t\t\t  <div class=\"relatedthumb \" style=\"width:125px;float:left;overflow:hidden;\">  \n\t\t\t\t\t\t\t  \n\t\t\t\t\t\t\t  <a  href=\"https:\/\/redept.com.br\/blogosfera\/incendios-em-los-angeles-adiam-anuncio-do-oscar-2025-pela-segunda-vez\/\"  >\n\t\t\t\t\t\t\t\t\t  <div class=\"yuzo-img-wrap \" style=\"width: 125px;height:90px;\">\n\t\t\t\t\t\t\t\t\t\t\n\t\t\t\t\t\t\t\t\t\t<div class=\"yuzo-img\" style=\"background:url('https:\/\/redept.com.br\/blogosfera\/wp-content\/uploads\/2025\/01\/anuncio-dos-indicados-ao-oscar-2025-e-adiado-pela-segunda-vez_widelg-150x150.jpg') 50% 50% no-repeat;width: 125px;height:90px;margin-bottom: 5px;background-size: cover; \"><\/div>\n\t\t\t\t\t\t\t\t\t  <\/div>\n\t\t\t\t\t\t\t\t\t  \n\t\t\t\t\t\t\t\t   <span class=\"yuzo__text--title\" style=\"font-size:13px;\">Inc\u00eandios em Los Angeles adiam an\u00fancio do Oscar 20...<\/span>\n\t\t\t\t\t\t\t  \n\t\t\t\t\t\t\t  \n\t\t\t\t\t\t\t  <\/a>\n\n\t\t\t\t\t\t  <\/div>\n<\/div> <script>\n\t\t\t\t\t\t  jQuery(document).ready(function( $ ){\n\t\t\t\t\t\t\t\/\/jQuery('.yuzo_related_post').equalizer({ overflow : 'relatedthumb' });\n\t\t\t\t\t\t\tjQuery('.yuzo_related_post .yuzo_wraps').equalizer({ columns : '> div' });\n\t\t\t\t\t\t   })\n\t\t\t\t\t\t  <\/script> <!-- End Yuzo :) -->","protected":false},"excerpt":{"rendered":"<p>Por tr\u00e1s da cat\u00e1strofe ocasionada pelas fortes chuvas na Zona da Mata de Minas Gerais est\u00e3o fatores que v\u00e3o al\u00e9m das mudan\u00e7as trazidas pela crise clim\u00e1tica e das condi\u00e7\u00f5es geogr\u00e1ficas locais. Entre 2023 e 2025, o governo de Romeu Zema (Novo) cortou em 96% \u2014 de R$ 135 milh\u00f5es para R$ 6 milh\u00f5es \u2014 os [&hellip;]<\/p>\n","protected":false},"author":2,"featured_media":0,"comment_status":"open","ping_status":"closed","sticky":false,"template":"","format":"standard","meta":{"fifu_image_url":"","fifu_image_alt":"","footnotes":""},"categories":[115,36762,154,18,570,3006],"tags":[],"class_list":["post-75863","post","type-post","status-publish","format-standard","hentry","category-chuvas","category-chuvas-em-minas","category-crise-climatica","category-meio-ambiente","category-mudancas-climaticas","category-romeu-zema"],"_links":{"self":[{"href":"https:\/\/redept.com.br\/blogosfera\/wp-json\/wp\/v2\/posts\/75863","targetHints":{"allow":["GET"]}}],"collection":[{"href":"https:\/\/redept.com.br\/blogosfera\/wp-json\/wp\/v2\/posts"}],"about":[{"href":"https:\/\/redept.com.br\/blogosfera\/wp-json\/wp\/v2\/types\/post"}],"author":[{"embeddable":true,"href":"https:\/\/redept.com.br\/blogosfera\/wp-json\/wp\/v2\/users\/2"}],"replies":[{"embeddable":true,"href":"https:\/\/redept.com.br\/blogosfera\/wp-json\/wp\/v2\/comments?post=75863"}],"version-history":[{"count":0,"href":"https:\/\/redept.com.br\/blogosfera\/wp-json\/wp\/v2\/posts\/75863\/revisions"}],"wp:attachment":[{"href":"https:\/\/redept.com.br\/blogosfera\/wp-json\/wp\/v2\/media?parent=75863"}],"wp:term":[{"taxonomy":"category","embeddable":true,"href":"https:\/\/redept.com.br\/blogosfera\/wp-json\/wp\/v2\/categories?post=75863"},{"taxonomy":"post_tag","embeddable":true,"href":"https:\/\/redept.com.br\/blogosfera\/wp-json\/wp\/v2\/tags?post=75863"}],"curies":[{"name":"wp","href":"https:\/\/api.w.org\/{rel}","templated":true}]}}