{"id":75983,"date":"2026-02-27T15:05:55","date_gmt":"2026-02-27T18:05:55","guid":{"rendered":"https:\/\/redept.com.br\/blogosfera\/em-sao-bernardo-tarifa-zero-ganha-folego-apos-debate-na-camara\/"},"modified":"2026-02-27T15:05:55","modified_gmt":"2026-02-27T18:05:55","slug":"em-sao-bernardo-tarifa-zero-ganha-folego-apos-debate-na-camara","status":"publish","type":"post","link":"https:\/\/redept.com.br\/blogosfera\/em-sao-bernardo-tarifa-zero-ganha-folego-apos-debate-na-camara\/","title":{"rendered":"Em S\u00e3o Bernardo, tarifa zero ganha f\u00f4lego ap\u00f3s debate na C\u00e2mara"},"content":{"rendered":"<p>Na \u00faltima quinta-feira (26), a <strong>C\u00e2mara de S\u00e3o Bernardo<\/strong> <strong>do Campo<\/strong>, no <strong>ABC Paulista<\/strong>, recebeu um debate sobre a <strong>tarifa zero<\/strong> e o <strong>Sistema \u00danico de Mobilidade (SUM)<\/strong>, com a presen\u00e7a do especialista em financiamento do transporte p\u00fablico Giancarlo Gama e do pesquisador da UFABC, Thiago Von Zeidler. Saiba mais na <strong><a href=\"https:\/\/tvtnews.com.br\/\">TVT News<\/a><\/strong>.<\/p>\n<p>O encontro, promovido pela vereadora Ana Nice (PT), foi aberto \u00e0 sociedade civil e contou com a participa\u00e7\u00e3o de integrantes dos movimentos estudantil e sindical. Tamb\u00e9m houve espa\u00e7o para questionamentos, permitindo que os participantes aprofundassem a discuss\u00e3o sobre a viabilidade da pol\u00edtica p\u00fablica no munic\u00edpio.<\/p>\n<p>O tema j\u00e1 havia sido mencionado pelo Executivo municipal, que sinalizou a inten\u00e7\u00e3o de implementar a tarifa zero aos finais de semana. A concession\u00e1ria respons\u00e1vel pela gest\u00e3o do transporte na cidade \u00e9 a BR7 Mobilidade. Atualmente, o munic\u00edpio pratica uma das passagens mais caras do Grande ABC, chegando a R$ 5,95 por usu\u00e1rio. Segundo Giancarlo Gama, caso implementada, a tarifa zero pode representar um custo m\u00e9dio de aproximadamente R$ 0,12 por habitante ao dia para o munic\u00edpio.<\/p>\n<blockquote>\n<p>\u201cEm m\u00e9dia, as cidades que implementam a tarifa zero gastam 12 centavos por habitante. O que eu ouvia dos prefeitos que adotaram a pol\u00edtica \u00e9 que foi poss\u00edvel viabiliz\u00e1-la porque houve prioriza\u00e7\u00e3o do transporte p\u00fablico no or\u00e7amento. \u00c9 preciso entender que o gasto com transporte p\u00fablico n\u00e3o \u00e9 despesa, \u00e9 investimento.\u201d<\/p>\n<\/blockquote>\n<p>O Brasil \u00e9 o pa\u00eds com o maior n\u00famero de cidades com tarifa zero no transporte coletivo no mundo, superando 130 munic\u00edpios. Caucaia \u00e9 a cidade mais populosa a adotar a pol\u00edtica de transporte gratuito, com cerca de 380 mil habitantes. S\u00e3o Bernardo do Campo possui mais que o dobro dessa popula\u00e7\u00e3o, ultrapassando 800 mil moradores. Para Thiago Von Zeidler, o porte populacional n\u00e3o \u00e9 fator determinante para a viabilidade do modelo.<\/p>\n<blockquote>\n<p>\u201cCidades pequenas implantaram a tarifa zero porque foram as primeiras a enfrentar o colapso do sistema. Muitas n\u00e3o tinham recursos para manter subs\u00eddios elevados, operavam com poucos \u00f4nibus e modelos mais precarizados. N\u00e3o acredito que a discuss\u00e3o esteja ligada ao porte da cidade, mas ao momento de crise do sistema. A tarifa zero surgiu como uma solu\u00e7\u00e3o vi\u00e1vel.\u201d<\/p>\n<\/blockquote>\n<p>Para a vereadora Ana Nice, o encontro marca o in\u00edcio de uma constru\u00e7\u00e3o coletiva sobre o tema em S\u00e3o Bernardo. Ela destacou que a discuss\u00e3o deve envolver os movimentos interessados na democratiza\u00e7\u00e3o do acesso \u00e0 mobilidade urbana.<\/p>\n<blockquote>\n<p>\u201cEsse debate n\u00e3o se encerra aqui. Temos um caminho longo pela frente. N\u00e3o h\u00e1 como discutir tarifa zero sem falar da reorganiza\u00e7\u00e3o das linhas e da qualidade do transporte p\u00fablico.\u201d<\/p>\n<\/blockquote>\n<p>A parlamentar tamb\u00e9m ressaltou a import\u00e2ncia do di\u00e1logo com os principais agentes pol\u00edticos da cidade.<\/p>\n<blockquote>\n<p>\u201c\u00c9 fundamental que os entes pol\u00edticos tenham disposi\u00e7\u00e3o para encarar esse debate e discutir qual sociedade queremos construir.\u201d<\/p>\n<\/blockquote>\n<p>O encontro contou ainda com contribui\u00e7\u00f5es do p\u00fablico presente, que fez perguntas e apresentou problemas existentes hoje no transporte coletivo, marcando um avan\u00e7o do debate no Legislativo municipal.<\/p>\n<p><strong>Anteriormente, a parlamentar <a href=\"https:\/\/youtube.com\/shorts\/yPbgUFCr6-M?si=epmDHVNTrwrHRUCw\" target=\"_blank\" rel=\"noreferrer noopener nofollow\">Ana Nice conversou com o TVT News<\/a> sobre a pauta. Assista:<\/strong><\/p>\n<figure>\n<div>\n<\/div>\n<\/figure>\n<p><em>Com assessoria<\/em><\/p>\n<\/p>\n<h2>Leia mais not\u00edcias na TVT News<\/h2>\n<ul>\n<li><a href=\"https:\/\/tvtnews.com.br\/lula-minas-gerais-visitar-areas-atingidas-chuva\/\">Lula vai a Minas Gerais visitar \u00e1reas atingidas pelas chuvas<\/a><\/li>\n<li><a href=\"https:\/\/tvtnews.com.br\/imposto-de-renda-26-ultimo-dia-receber-comprovantes\/\">Imposto de Renda 2026: hoje \u00e9 \u00faltimo dia pra receber comprovantes de renda<\/a><\/li>\n<li><a href=\"https:\/\/tvtnews.com.br\/cnu-2025-nova-lista-2a-chamada-vagas-remanescentes\/\">CNU 2025: nova lista abre segunda chamada para vagas remanescentes<\/a><\/li>\n<\/ul>\n<p>The post <a rel=\"nofollow\" href=\"https:\/\/tvtnews.com.br\/sao-bernardo-tarifa-zero-ganha-folego-apos-debate\/\">Em S\u00e3o Bernardo, tarifa zero ganha f\u00f4lego ap\u00f3s debate na C\u00e2mara<\/a> appeared first on <a rel=\"nofollow\" href=\"https:\/\/tvtnews.com.br\/\">TVT News<\/a>.<\/p>\n<!-- Begin Yuzo --><div class='yuzo_related_post style-1'  data-version='5.12.89'><!-- without result --><div class='yuzo_clearfixed yuzo__title yuzo__title'><h3>Related Post<\/h3><\/div>\n\t\t\t\t\t\t  <div class=\"relatedthumb \" style=\"width:125px;float:left;overflow:hidden;\">  \n\t\t\t\t\t\t\t  \n\t\t\t\t\t\t\t  <a  href=\"https:\/\/redept.com.br\/blogosfera\/senador-rogerio-cobra-punicao-a-responsaveis-por-fraudes-a-beneficiarios-do-inss\/\"  >\n\t\t\t\t\t\t\t\t\t  <div class=\"yuzo-img-wrap \" style=\"width: 125px;height:90px;\">\n\t\t\t\t\t\t\t\t\t\t\n\t\t\t\t\t\t\t\t\t\t<div class=\"yuzo-img\" style=\"background:url('https:\/\/redept.org\/blogosfera\/wp-content\/plugins\/yuzo-related-post\/assets\/images\/default.png') 50% 50% no-repeat;width: 125px;height:90px;margin-bottom: 5px;background-size: cover; \"><\/div>\n\t\t\t\t\t\t\t\t\t  <\/div>\n\t\t\t\t\t\t\t\t\t  \n\t\t\t\t\t\t\t\t   <span class=\"yuzo__text--title\" style=\"font-size:13px;\">Senador Rog\u00e9rio cobra puni\u00e7\u00e3o a respons\u00e1veis por f...<\/span>\n\t\t\t\t\t\t\t  \n\t\t\t\t\t\t\t  \n\t\t\t\t\t\t\t  <\/a>\n\n\t\t\t\t\t\t  <\/div>\n\t\t\t\t\t\t  <div class=\"relatedthumb \" style=\"width:125px;float:left;overflow:hidden;\">  \n\t\t\t\t\t\t\t  \n\t\t\t\t\t\t\t  <a  href=\"https:\/\/redept.com.br\/blogosfera\/confira-o-que-abre-e-fecha-no-ano-novo\/\"  >\n\t\t\t\t\t\t\t\t\t  <div class=\"yuzo-img-wrap \" style=\"width: 125px;height:90px;\">\n\t\t\t\t\t\t\t\t\t\t\n\t\t\t\t\t\t\t\t\t\t<div class=\"yuzo-img\" style=\"background:url('https:\/\/redept.org\/blogosfera\/wp-content\/plugins\/yuzo-related-post\/assets\/images\/default.png') 50% 50% no-repeat;width: 125px;height:90px;margin-bottom: 5px;background-size: cover; \"><\/div>\n\t\t\t\t\t\t\t\t\t  <\/div>\n\t\t\t\t\t\t\t\t\t  \n\t\t\t\t\t\t\t\t   <span class=\"yuzo__text--title\" style=\"font-size:13px;\">Confira o que abre e fecha no Ano Novo<\/span>\n\t\t\t\t\t\t\t  \n\t\t\t\t\t\t\t  \n\t\t\t\t\t\t\t  <\/a>\n\n\t\t\t\t\t\t  <\/div>\n\t\t\t\t\t\t  <div class=\"relatedthumb \" style=\"width:125px;float:left;overflow:hidden;\">  \n\t\t\t\t\t\t\t  \n\t\t\t\t\t\t\t  <a  href=\"https:\/\/redept.com.br\/blogosfera\/mst-realiza-marcha-em-defesa-da-reforma-agraria-no-rn\/\"  >\n\t\t\t\t\t\t\t\t\t  <div class=\"yuzo-img-wrap \" style=\"width: 125px;height:90px;\">\n\t\t\t\t\t\t\t\t\t\t\n\t\t\t\t\t\t\t\t\t\t<div class=\"yuzo-img\" style=\"background:url('https:\/\/redept.com.br\/blogosfera\/wp-content\/uploads\/2026\/04\/RN-1-150x150.jpg') 50% 50% no-repeat;width: 125px;height:90px;margin-bottom: 5px;background-size: cover; \"><\/div>\n\t\t\t\t\t\t\t\t\t  <\/div>\n\t\t\t\t\t\t\t\t\t  \n\t\t\t\t\t\t\t\t   <span class=\"yuzo__text--title\" style=\"font-size:13px;\">MST realiza marcha em defesa da Reforma Agr\u00e1ria no...<\/span>\n\t\t\t\t\t\t\t  \n\t\t\t\t\t\t\t  \n\t\t\t\t\t\t\t  <\/a>\n\n\t\t\t\t\t\t  <\/div>\n\t\t\t\t\t\t  <div class=\"relatedthumb \" style=\"width:125px;float:left;overflow:hidden;\">  \n\t\t\t\t\t\t\t  \n\t\t\t\t\t\t\t  <a  href=\"https:\/\/redept.com.br\/blogosfera\/exercito-tera-de-apresentar-fichas-de-envolvidos-na-morte-de-rubens-paiva\/\"  >\n\t\t\t\t\t\t\t\t\t  <div class=\"yuzo-img-wrap \" style=\"width: 125px;height:90px;\">\n\t\t\t\t\t\t\t\t\t\t\n\t\t\t\t\t\t\t\t\t\t<div class=\"yuzo-img\" style=\"background:url('https:\/\/redept.com.br\/blogosfera\/wp-content\/uploads\/2025\/07\/rubens-paiva-150x150.jpg') 50% 50% no-repeat;width: 125px;height:90px;margin-bottom: 5px;background-size: cover; \"><\/div>\n\t\t\t\t\t\t\t\t\t  <\/div>\n\t\t\t\t\t\t\t\t\t  \n\t\t\t\t\t\t\t\t   <span class=\"yuzo__text--title\" style=\"font-size:13px;\">Ex\u00e9rcito ter\u00e1 de apresentar fichas de envolvidos n...<\/span>\n\t\t\t\t\t\t\t  \n\t\t\t\t\t\t\t  \n\t\t\t\t\t\t\t  <\/a>\n\n\t\t\t\t\t\t  <\/div>\n<\/div> <script>\n\t\t\t\t\t\t  jQuery(document).ready(function( $ ){\n\t\t\t\t\t\t\t\/\/jQuery('.yuzo_related_post').equalizer({ overflow : 'relatedthumb' });\n\t\t\t\t\t\t\tjQuery('.yuzo_related_post .yuzo_wraps').equalizer({ columns : '> div' });\n\t\t\t\t\t\t   })\n\t\t\t\t\t\t  <\/script> <!-- End Yuzo :) -->","protected":false},"excerpt":{"rendered":"<p>Na \u00faltima quinta-feira (26), a C\u00e2mara de S\u00e3o Bernardo do Campo, no ABC Paulista, recebeu um debate sobre a tarifa zero e o Sistema \u00danico de Mobilidade (SUM), com a presen\u00e7a do especialista em financiamento do transporte p\u00fablico Giancarlo Gama e do pesquisador da UFABC, Thiago Von Zeidler. Saiba mais na TVT News. O encontro, [&hellip;]<\/p>\n","protected":false},"author":2,"featured_media":0,"comment_status":"open","ping_status":"closed","sticky":false,"template":"","format":"standard","meta":{"fifu_image_url":"","fifu_image_alt":"","footnotes":""},"categories":[473,94,663,2921],"tags":[],"class_list":["post-75983","post","type-post","status-publish","format-standard","hentry","category-destaque-medio","category-geral","category-tarifa-zero","category-transportes"],"_links":{"self":[{"href":"https:\/\/redept.com.br\/blogosfera\/wp-json\/wp\/v2\/posts\/75983","targetHints":{"allow":["GET"]}}],"collection":[{"href":"https:\/\/redept.com.br\/blogosfera\/wp-json\/wp\/v2\/posts"}],"about":[{"href":"https:\/\/redept.com.br\/blogosfera\/wp-json\/wp\/v2\/types\/post"}],"author":[{"embeddable":true,"href":"https:\/\/redept.com.br\/blogosfera\/wp-json\/wp\/v2\/users\/2"}],"replies":[{"embeddable":true,"href":"https:\/\/redept.com.br\/blogosfera\/wp-json\/wp\/v2\/comments?post=75983"}],"version-history":[{"count":0,"href":"https:\/\/redept.com.br\/blogosfera\/wp-json\/wp\/v2\/posts\/75983\/revisions"}],"wp:attachment":[{"href":"https:\/\/redept.com.br\/blogosfera\/wp-json\/wp\/v2\/media?parent=75983"}],"wp:term":[{"taxonomy":"category","embeddable":true,"href":"https:\/\/redept.com.br\/blogosfera\/wp-json\/wp\/v2\/categories?post=75983"},{"taxonomy":"post_tag","embeddable":true,"href":"https:\/\/redept.com.br\/blogosfera\/wp-json\/wp\/v2\/tags?post=75983"}],"curies":[{"name":"wp","href":"https:\/\/api.w.org\/{rel}","templated":true}]}}